{"id":94739,"date":"2023-03-14T09:51:15","date_gmt":"2023-03-14T08:51:15","guid":{"rendered":"https:\/\/www.fondazionepirelli.org\/?p=94739"},"modified":"2023-03-14T09:51:15","modified_gmt":"2023-03-14T08:51:15","slug":"reti-dimpresa-come-e-perche","status":"publish","type":"post","link":"https:\/\/www.fondazionepirelli.org\/it\/cultura-dimpresa\/reti-dimpresa-come-e-perche\/","title":{"rendered":"Reti d\u2019impresa come e perch\u00e9"},"content":{"rendered":"<p><em>Una raccolta di ricerche sul tema, fornisce una sorta di vademecum utile per capire meglio<\/em><\/p><p>Reti d\u2019impresa come strumenti efficienti per individuare prospettive di sviluppo nuove e importanti. E per contrastare con efficacia una congiuntura non certo favorevole alla crescita. Il tema non \u00e8 certo nuovo, ma necessita comunque di continui approfondimenti; oltre che di verifiche oggettive della teoria.<\/p>\n<p>A questo serve la raccolta di ricerche \u201cLe reti d\u2019impresa nell\u2019economia locale\u201d curata da Rosa Lombardi e Michele Onorato recentemente pubblicata dall\u2019Universit\u00e0 Sapienza.<\/p>\n<p>La raccolta prende avvio da una prima indagine dedicata ai profili aziendali (gi\u00e0 consolidati ma anche emergenti), che meglio calzano nel modello d\u2019imprese a rete. Successivamente viene svolto un approfondimento dei sistemi di reti aziendali post-pandemia e quindi degli aspetti relativi all\u2019amministrazione delle reti tra auto-organizzazione e nuove regole cos\u00ec come delle indicazioni da seguire relativamente ai temi fiscali e tributari. A rendere tutto pi\u00f9 interessante, \u00e8 una serie di esempi (casi studio) oltre che un abbondante uso di schemi e sintesi che rendono la raccolta di ricerche curata da Lombardi e Onorato particolarmente fruibile.<\/p>\n<p>Particolare attenzione viene posta al significato del contratto di rete nell\u2019ambito dello sviluppo locale e nazionale. Viene spiegato in un passaggio della raccolta che il contratto di rete \u201cpermette di superare i vincoli dimensionali intrinsechi nella natura delle PMI e di generare un circolo virtuoso che porti le imprese coinvolte a beneficiare dell\u2019apprendimento di nuova conoscenza mediante la condivisione tra le parti di buone pratiche. Inoltre, il contratto di rete si fa apprezzare per essere uno strumento flessibile e adattabile a differenti configurazioni di collaborazione, da scambio di conoscenza e risorse all\u2019esercizio di attivit\u00e0 comune\u201d. Reti d\u2019impresa, quindi, come segnale e strumento d\u2019azione di una particolare cultura d\u2019impresa che pu\u00f2 cambiare, in meglio, i tratti di un territorio.<\/p>\n<p>Attraverso le ricerche raccolte e coordinate da Lombardi e Onorato, viene costruito una sorta di vademecum sull\u2019argomento visto da pi\u00f9 aspetti: uno strumento importante per capire di pi\u00f9 e meglio di una particolare forma d\u2019impresa.<\/p><p><strong>Le reti d\u2019impresa nell\u2019economia locale<\/strong><\/p>\n<p>Rosa Lombardi, Michele Onorato (a cura di)<\/p>\n<p>Sapienza University Press, 2023<\/p>","protected":false},"excerpt":{"rendered":"<p>Una raccolta di ricerche sul tema, fornisce una sorta di vademecum utile per capire meglioReti d\u2019impresa come strumenti efficienti per individuare prospettive di sviluppo nuove e importanti. E per contrastare con efficacia una congiuntura non certo favorevole alla crescita. Il tema non \u00e8 certo nuovo, ma necessita comunque di continui approfondimenti; oltre che di verifiche [&hellip;]<\/p>\n","protected":false},"author":9,"featured_media":0,"comment_status":"open","ping_status":"open","sticky":false,"template":"","format":"standard","meta":{"footnotes":""},"categories":[54,52],"tags":[],"class_list":["post-94739","post","type-post","status-publish","format-standard","hentry","category-approfondimenti","category-cultura-dimpresa"],"acf":[],"yoast_head":"<!-- This site is optimized with the Yoast SEO plugin v25.0 - https:\/\/yoast.com\/wordpress\/plugins\/seo\/ -->\n<title>Reti d\u2019impresa come e perch\u00e9 - Fondazione Pirelli<\/title>\n<meta name=\"robots\" content=\"index, follow, max-snippet:-1, max-image-preview:large, max-video-preview:-1\" \/>\n<link rel=\"canonical\" href=\"https:\/\/www.fondazionepirelli.org\/it\/cultura-dimpresa\/reti-dimpresa-come-e-perche\/\" \/>\n<meta property=\"og:locale\" content=\"it_IT\" \/>\n<meta property=\"og:type\" content=\"article\" \/>\n<meta property=\"og:title\" content=\"Reti d\u2019impresa come e perch\u00e9 - Fondazione Pirelli\" \/>\n<meta property=\"og:description\" content=\"Una raccolta di ricerche sul tema, fornisce una sorta di vademecum utile per capire meglioReti d\u2019impresa come strumenti efficienti per individuare prospettive di sviluppo nuove e importanti. E per contrastare con efficacia una congiuntura non certo favorevole alla crescita. Il tema non \u00e8 certo nuovo, ma necessita comunque di continui approfondimenti; oltre che di verifiche [&hellip;]\" \/>\n<meta property=\"og:url\" content=\"https:\/\/www.fondazionepirelli.org\/it\/cultura-dimpresa\/reti-dimpresa-come-e-perche\/\" \/>\n<meta property=\"og:site_name\" content=\"Fondazione Pirelli\" \/>\n<meta property=\"article:published_time\" content=\"2023-03-14T08:51:15+00:00\" \/>\n<meta name=\"author\" content=\"fondazionepirelli\" \/>\n<meta name=\"twitter:card\" content=\"summary_large_image\" \/>\n<meta name=\"twitter:label1\" content=\"Scritto da\" \/>\n\t<meta name=\"twitter:data1\" content=\"fondazionepirelli\" \/>\n\t<meta name=\"twitter:label2\" content=\"Tempo di lettura stimato\" \/>\n\t<meta name=\"twitter:data2\" content=\"2 minuti\" \/>\n<script type=\"application\/ld+json\" class=\"yoast-schema-graph\">{\"@context\":\"https:\/\/schema.org\",\"@graph\":[{\"@type\":\"WebPage\",\"@id\":\"https:\/\/www.fondazionepirelli.org\/it\/cultura-dimpresa\/reti-dimpresa-come-e-perche\/\",\"url\":\"https:\/\/www.fondazionepirelli.org\/it\/cultura-dimpresa\/reti-dimpresa-come-e-perche\/\",\"name\":\"Reti d\u2019impresa come e perch\u00e9 - Fondazione Pirelli\",\"isPartOf\":{\"@id\":\"https:\/\/www.fondazionepirelli.org\/it\/#website\"},\"datePublished\":\"2023-03-14T08:51:15+00:00\",\"author\":{\"@id\":\"https:\/\/www.fondazionepirelli.org\/it\/#\/schema\/person\/c31fcf5937a0e6afa45497f3f8b6d7a0\"},\"breadcrumb\":{\"@id\":\"https:\/\/www.fondazionepirelli.org\/it\/cultura-dimpresa\/reti-dimpresa-come-e-perche\/#breadcrumb\"},\"inLanguage\":\"it-IT\",\"potentialAction\":[{\"@type\":\"ReadAction\",\"target\":[\"https:\/\/www.fondazionepirelli.org\/it\/cultura-dimpresa\/reti-dimpresa-come-e-perche\/\"]}]},{\"@type\":\"BreadcrumbList\",\"@id\":\"https:\/\/www.fondazionepirelli.org\/it\/cultura-dimpresa\/reti-dimpresa-come-e-perche\/#breadcrumb\",\"itemListElement\":[{\"@type\":\"ListItem\",\"position\":1,\"name\":\"Home\",\"item\":\"https:\/\/www.fondazionepirelli.org\/it\/\"},{\"@type\":\"ListItem\",\"position\":2,\"name\":\"Reti d\u2019impresa come e perch\u00e9\"}]},{\"@type\":\"WebSite\",\"@id\":\"https:\/\/www.fondazionepirelli.org\/it\/#website\",\"url\":\"https:\/\/www.fondazionepirelli.org\/it\/\",\"name\":\"Fondazione Pirelli\",\"description\":\"\",\"potentialAction\":[{\"@type\":\"SearchAction\",\"target\":{\"@type\":\"EntryPoint\",\"urlTemplate\":\"https:\/\/www.fondazionepirelli.org\/it\/?s={search_term_string}\"},\"query-input\":{\"@type\":\"PropertyValueSpecification\",\"valueRequired\":true,\"valueName\":\"search_term_string\"}}],\"inLanguage\":\"it-IT\"},{\"@type\":\"Person\",\"@id\":\"https:\/\/www.fondazionepirelli.org\/it\/#\/schema\/person\/c31fcf5937a0e6afa45497f3f8b6d7a0\",\"name\":\"fondazionepirelli\",\"image\":{\"@type\":\"ImageObject\",\"inLanguage\":\"it-IT\",\"@id\":\"https:\/\/www.fondazionepirelli.org\/it\/#\/schema\/person\/image\/\",\"url\":\"https:\/\/secure.gravatar.com\/avatar\/9cb486421ce1d6eddbf6c4fb66841b4325b786695f7aedf1dde2222428218696?s=96&d=mm&r=g\",\"contentUrl\":\"https:\/\/secure.gravatar.com\/avatar\/9cb486421ce1d6eddbf6c4fb66841b4325b786695f7aedf1dde2222428218696?s=96&d=mm&r=g\",\"caption\":\"fondazionepirelli\"},\"url\":\"https:\/\/www.fondazionepirelli.org\/it\/author\/fondazionepirelli\/\"}]}<\/script>\n<!-- \/ Yoast SEO plugin. -->","yoast_head_json":{"title":"Reti d\u2019impresa come e perch\u00e9 - Fondazione Pirelli","robots":{"index":"index","follow":"follow","max-snippet":"max-snippet:-1","max-image-preview":"max-image-preview:large","max-video-preview":"max-video-preview:-1"},"canonical":"https:\/\/www.fondazionepirelli.org\/it\/cultura-dimpresa\/reti-dimpresa-come-e-perche\/","og_locale":"it_IT","og_type":"article","og_title":"Reti d\u2019impresa come e perch\u00e9 - Fondazione Pirelli","og_description":"Una raccolta di ricerche sul tema, fornisce una sorta di vademecum utile per capire meglioReti d\u2019impresa come strumenti efficienti per individuare prospettive di sviluppo nuove e importanti. E per contrastare con efficacia una congiuntura non certo favorevole alla crescita. Il tema non \u00e8 certo nuovo, ma necessita comunque di continui approfondimenti; oltre che di verifiche [&hellip;]","og_url":"https:\/\/www.fondazionepirelli.org\/it\/cultura-dimpresa\/reti-dimpresa-come-e-perche\/","og_site_name":"Fondazione Pirelli","article_published_time":"2023-03-14T08:51:15+00:00","author":"fondazionepirelli","twitter_card":"summary_large_image","twitter_misc":{"Scritto da":"fondazionepirelli","Tempo di lettura stimato":"2 minuti"},"schema":{"@context":"https:\/\/schema.org","@graph":[{"@type":"WebPage","@id":"https:\/\/www.fondazionepirelli.org\/it\/cultura-dimpresa\/reti-dimpresa-come-e-perche\/","url":"https:\/\/www.fondazionepirelli.org\/it\/cultura-dimpresa\/reti-dimpresa-come-e-perche\/","name":"Reti d\u2019impresa come e perch\u00e9 - Fondazione Pirelli","isPartOf":{"@id":"https:\/\/www.fondazionepirelli.org\/it\/#website"},"datePublished":"2023-03-14T08:51:15+00:00","author":{"@id":"https:\/\/www.fondazionepirelli.org\/it\/#\/schema\/person\/c31fcf5937a0e6afa45497f3f8b6d7a0"},"breadcrumb":{"@id":"https:\/\/www.fondazionepirelli.org\/it\/cultura-dimpresa\/reti-dimpresa-come-e-perche\/#breadcrumb"},"inLanguage":"it-IT","potentialAction":[{"@type":"ReadAction","target":["https:\/\/www.fondazionepirelli.org\/it\/cultura-dimpresa\/reti-dimpresa-come-e-perche\/"]}]},{"@type":"BreadcrumbList","@id":"https:\/\/www.fondazionepirelli.org\/it\/cultura-dimpresa\/reti-dimpresa-come-e-perche\/#breadcrumb","itemListElement":[{"@type":"ListItem","position":1,"name":"Home","item":"https:\/\/www.fondazionepirelli.org\/it\/"},{"@type":"ListItem","position":2,"name":"Reti d\u2019impresa come e perch\u00e9"}]},{"@type":"WebSite","@id":"https:\/\/www.fondazionepirelli.org\/it\/#website","url":"https:\/\/www.fondazionepirelli.org\/it\/","name":"Fondazione Pirelli","description":"","potentialAction":[{"@type":"SearchAction","target":{"@type":"EntryPoint","urlTemplate":"https:\/\/www.fondazionepirelli.org\/it\/?s={search_term_string}"},"query-input":{"@type":"PropertyValueSpecification","valueRequired":true,"valueName":"search_term_string"}}],"inLanguage":"it-IT"},{"@type":"Person","@id":"https:\/\/www.fondazionepirelli.org\/it\/#\/schema\/person\/c31fcf5937a0e6afa45497f3f8b6d7a0","name":"fondazionepirelli","image":{"@type":"ImageObject","inLanguage":"it-IT","@id":"https:\/\/www.fondazionepirelli.org\/it\/#\/schema\/person\/image\/","url":"https:\/\/secure.gravatar.com\/avatar\/9cb486421ce1d6eddbf6c4fb66841b4325b786695f7aedf1dde2222428218696?s=96&d=mm&r=g","contentUrl":"https:\/\/secure.gravatar.com\/avatar\/9cb486421ce1d6eddbf6c4fb66841b4325b786695f7aedf1dde2222428218696?s=96&d=mm&r=g","caption":"fondazionepirelli"},"url":"https:\/\/www.fondazionepirelli.org\/it\/author\/fondazionepirelli\/"}]}},"_links":{"self":[{"href":"https:\/\/www.fondazionepirelli.org\/it\/wp-json\/wp\/v2\/posts\/94739\/"}],"collection":[{"href":"https:\/\/www.fondazionepirelli.org\/it\/wp-json\/wp\/v2\/posts\/"}],"about":[{"href":"https:\/\/www.fondazionepirelli.org\/it\/wp-json\/wp\/v2\/types\/post\/"}],"author":[{"embeddable":true,"href":"https:\/\/www.fondazionepirelli.org\/it\/wp-json\/wp\/v2\/users\/9\/"}],"replies":[{"embeddable":true,"href":"https:\/\/www.fondazionepirelli.org\/it\/wp-json\/wp\/v2\/comments\/?post=94739"}],"version-history":[{"count":1,"href":"https:\/\/www.fondazionepirelli.org\/it\/wp-json\/wp\/v2\/posts\/94739\/revisions\/"}],"predecessor-version":[{"id":94740,"href":"https:\/\/www.fondazionepirelli.org\/it\/wp-json\/wp\/v2\/posts\/94739\/revisions\/94740\/"}],"wp:attachment":[{"href":"https:\/\/www.fondazionepirelli.org\/it\/wp-json\/wp\/v2\/media\/?parent=94739"}],"wp:term":[{"taxonomy":"category","embeddable":true,"href":"https:\/\/www.fondazionepirelli.org\/it\/wp-json\/wp\/v2\/categories\/?post=94739"},{"taxonomy":"post_tag","embeddable":true,"href":"https:\/\/www.fondazionepirelli.org\/it\/wp-json\/wp\/v2\/tags\/?post=94739"}],"curies":[{"name":"wp","href":"https:\/\/api.w.org\/{rel}","templated":true}]}}