{"id":95350,"date":"2023-04-04T08:53:49","date_gmt":"2023-04-04T07:53:49","guid":{"rendered":"https:\/\/www.fondazionepirelli.org\/?p=95350"},"modified":"2023-04-04T08:53:49","modified_gmt":"2023-04-04T07:53:49","slug":"la-fabbrica-degli-attori-va-in-scena-a-milano-per-raccontare-ai-giovani-limpresa-e-il-lavoro","status":"publish","type":"post","link":"https:\/\/www.fondazionepirelli.org\/it\/cultura-dimpresa\/la-fabbrica-degli-attori-va-in-scena-a-milano-per-raccontare-ai-giovani-limpresa-e-il-lavoro\/","title":{"rendered":"La \u201cfabbrica degli attori\u201d va in scena a Milano per raccontare ai giovani l\u2019impresa e il lavoro \u00a0"},"content":{"rendered":"<p><strong>Raccontare l\u2019impresa<\/strong>. I suoi valori, i ritmi, la storia, il futuro. Riconoscerne e farne conoscere le caratteristiche di cardine dell\u2019identit\u00e0 italiana, con l\u2019attitudine a \u201cfare, fare bene e fare del bene\u201d, per continuare cos\u00ec a essere la seconda manifattura europea, subito dopo la Germania. Impresa come lavoro, benessere, innovazione, comunit\u00e0. E racconto come rappresentazione di valori e cardine di un vero e proprio \u201corgoglio industriale\u201d su cui fondare il nostro sviluppo sostenibile.<\/p>\n<p>Servono, per farlo, tutti i linguaggi pi\u00f9 adatti a una capacit\u00e0 narrativa contemporanea. I film e i video, di autori che entrano in fabbriche e laboratori con occhi curiosi. Le opere di scrittura (selezionate, per esempio, da tre anni, dal \u201cPremio per la letteratura d\u2019impresa\u201d organizzato da ItalyPost). Le fotografie (esemplari le rassegne alla Fondazione Mast di Bologna, ispirata da una grande imprenditrice come Isabella Seragnoli). Le opere d\u2019arte contemporanea (come documentano le istallazioni di Gian Maria Tosatti \u201cRitratti\u201d e \u201cNOw\/here\u201d attualmente all\u2019HangarBicocca, \u201cuna luce sull\u2019epoca dell\u2019industria\u201d, secondo \u201cIl Sole24Ore\u201d del 2 aprile, con rimandi a Kounellis, Burri e T\u00e0pies). O, ancora, la musica, come \u201cIl Canto della fabbrica\u201d dell\u2019Orchestra da Camera Italiana diretta da Salvatore Accardo, ispirato dai ritmi dello stabilimento Pirelli di Settimo Torinese progettato da Renzo Piano. E, per stare sull\u2019attualit\u00e0, il <strong>teatro<\/strong>.<\/p>\n<p>Come mostra \u201cL\u2019Umana Impresa\u201d ovvero \u201c<strong>La fabbrica degli attori<\/strong>\u201d in scena ieri sera al <strong>Teatro Franco Parenti<\/strong> di Milano, con la regia di Stefano De Luca: Sala Grande pienissima, applausi ripetuti e insistenti. Ne parleremo meglio tra poco.<\/p>\n<p>Ecco, appunto, il teatro. Gi\u00e0, tempo fa, \u201cL\u2019impresa va in scena\u201d era stato il filo conduttore della Settimana della Cultura d\u2019impresa organizzata da Confindustria e Museimpresa nell\u2019autunno del 2015, con rappresentazioni nei teatri di dieci citt\u00e0 italiane. Un paio d\u2019anni prima, al Piccolo Teatro, la regista Serena Sinigaglia aveva diretto \u201cSettimo, la fabbrica e il lavoro\u201d, uno spettacolo costruito su ore di testimonianze di operai, tecnici e ingeneri dello stabilimento di Pirelli.<\/p>\n<p>Poi, nel tempo, c\u2019\u00e8 stato un numero crescente di altre iniziative, tutte ispirate dall\u2019idea dei legami forti che corrono tra l\u2019intraprendere e il rappresentare, tra la <strong>manifattura industriale<\/strong> e l\u2019abilit\u00e0 artigiana dei creatori di scenari e costumi, tra il laboratorio di ricerca e il laboratorio teatrale, con la diffusa consapevolezza che sia l\u2019impresa sia il teatro vanno vissuti come \u201ccomunit\u00e0\u201d (lo documentano, per esempio, anche gli impegni di famiglie imprenditoriali per promuovere e sostenere teatri, come avevano fatto i Falck, i Borletti e i Pirelli per la nascita del Piccolo Teatro di Milano).<\/p>\n<p>Andr\u00e9e Shammah, animatrice del Teatro Parenti, al rapporto fra teatro e impresa, agli incroci culturali, crede profondamente. E, oltre che considerare appunto \u201cimpresa\u201d l\u2019impegno di chi fa vivere un teatro, e insistere sull\u2019idea del \u201claboratorio\u201d, enuncia altre parole comuni. Come, per esempio, condivisione e contagio: &#8220;cum&#8221; e &#8220;tangere&#8221;. Contagioso, infatti, lo spirito del teatro verso il suo pubblico che ha valore quando \u00e8 partecipe. Contagiosa, la tendenza all&#8217;innovazione e alla partecipazione, anche in fabbrica: senza partecipazione, appunto, non c&#8217;\u00e8 alcuna competitivit\u00e0 e dunque non c&#8217;\u00e8 futuro.<\/p>\n<p>Il gioco delle coincidenze rafforza le relazioni. C\u2019era, un tempo, una fabbrica di bulloni, proprio in via Pier Lombardo, dove adesso sorge il Teatro Parenti. \u201cCi sono, qui, forse, degli spiritelli che ispirano i luoghi e ne influenzano l\u2019anima\u201d, sorride Andr\u00e9e Shammah. Spiritelli industriosi.<\/p>\n<p>Torniamo, allora, a \u201cL\u2019Umana Impresa\u201d. La rappresentazione \u00e8 il risultato di un lungo lavor\u00eco seminariale di un gruppo di <strong>sei giovani attori<\/strong> (Tobia Dal Corso Polzot, Elia Galeotti, Lorenzo Giovannetti, Claudia Grassi, Edoardo Rivoira ed Emilia Tiburzi), guidati da un regista-maestro, <strong>Stefano De Luca<\/strong> e con la drammaturgia di <strong>Veronica Del Vecchio<\/strong> (abile anche a far rivivere testi di Dino Buzzati e Leonardo Sinisgalli).<\/p>\n<p>Tra ricerche d\u2019archivio alla Fondazione Pirelli, testimonianze, incontri nei laboratori di \u201cricerca e sviluppo\u201d ad alta tecnologia industriale, gli attori hanno cercato di costruire una rappresentazione dei 150 anni della storia della Pirelli, partendo dalla figura del fondatore, Giovan Battista Pirelli. E, contemporaneamente, si sono messi alla prova nella costruzione di gruppo, come squadra impegnata in attivit\u00e0 di ricerca e traduzione su un palcoscenico.<\/p>\n<p>Una vera e propria \u201cfabbrica degli attori\u201d, appunto, per parlare di un\u2019iniziativa che, come la manifattura, si muove tra passato e futuro. Un\u2019opera aperta, di <strong>sperimentazione<\/strong>, fondata su otto parole chiave: Materie, Fabbrica, Macchina, Teatro, Strada, Mondi, Natura, Futuro. Ma anche una <strong>indagine formativa<\/strong> sui molteplici significati del vocabolo \u201cimpresa\u201d, sulle logiche che stanno dietro alla cultura industriale e ai processi di produzione nel corso del cambiamento di tempi, tecnologie, metodi, condizioni lavorative, mercati. E una riflessione a pi\u00f9 voci sulla relazione tra consapevolezza storica e sfide contemporanee, sulla forza della memoria come condizione di competitivit\u00e0 aziendale, sulla \u201cmetamorfosi\u201d messa in movimento dai processi produttivi e sociali.<\/p>\n<p>Su mercati globali difficili e selettivi, infatti, l\u2019identit\u00e0 di un prodotto e di un servizio, il racconto della storia e le testimonianze d\u2019innovazione nel corso del tempo sono fattori che rafforzano la capacit\u00e0 di reggere la concorrenza.<\/p>\n<p>Va in scena, insomma, un tema per gran tempo poco considerato dalle rappresentazioni teatrali, quello dei valori dell\u2019intraprendenza e del lavoro, anche per dire alle nuove generazioni che l&#8217;impresa \u00e8 un luogo straordinario in cui poter realizzare i loro progetti e le loro ambizioni.<\/p>\n<p>L\u2019anteprima, a met\u00e0 della scorsa settimana, \u00e8 stata provata davanti a un pubblico particolare, 450 ragazze e ragazzi di 16-18 anni degli istituti tecnici milanesi: \u201cNe sono usciti profondamente affascinati &#8211; dicono i responsabili della Fondazione Pirelli &#8211; grazie alla scoperta di un mondo, quello industriale, che non conoscevano, denso com\u2019\u00e8 di tecnologie digitali, sfide professionali, orizzonti di opportunit\u00e0 personali e professionali\u201d. E, nel caso di Pirelli, anche un universo in cui i prodotti ad alta tecnologia si legano alle competizioni sportive, a cominciare dalla Formula 1 e a una cultura d\u2019avanguardia sulla sostenibilit\u00e0 ambientale e sociale, sulla comunicazione, sulle relazioni tra scienza e societ\u00e0.<\/p>\n<p>L\u2019ambizione, adesso, \u00e8 \u201cfare vedere \u2018L\u2019Umana Impresa\u2019 ad altre scuole, agli studenti universitari del Politecnico e della Bocconi e, dopo Milano, portarlo in altre citt\u00e0&#8221;. Mettere ancora in scena l\u2019intraprendenza. E continuare a costruire \u201cuna storia al futuro\u201d.<\/p>","protected":false},"excerpt":{"rendered":"<p>Raccontare l\u2019impresa. I suoi valori, i ritmi, la storia, il futuro. Riconoscerne e farne conoscere le caratteristiche di cardine dell\u2019identit\u00e0 italiana, con l\u2019attitudine a \u201cfare, fare bene e fare del bene\u201d, per continuare cos\u00ec a essere la seconda manifattura europea, subito dopo la Germania. Impresa come lavoro, benessere, innovazione, comunit\u00e0. E racconto come rappresentazione di [&hellip;]<\/p>\n","protected":false},"author":9,"featured_media":95364,"comment_status":"open","ping_status":"open","sticky":false,"template":"","format":"standard","meta":{"footnotes":""},"categories":[53,52],"tags":[],"class_list":["post-95350","post","type-post","status-publish","format-standard","has-post-thumbnail","hentry","category-blog","category-cultura-dimpresa"],"acf":[],"yoast_head":"<!-- This site is optimized with the Yoast SEO plugin v25.0 - https:\/\/yoast.com\/wordpress\/plugins\/seo\/ -->\n<title>La \u201cfabbrica degli attori\u201d va in scena a Milano per raccontare ai giovani l\u2019impresa e il lavoro \u00a0 - Fondazione Pirelli<\/title>\n<meta name=\"robots\" content=\"index, follow, max-snippet:-1, max-image-preview:large, max-video-preview:-1\" \/>\n<link rel=\"canonical\" href=\"https:\/\/www.fondazionepirelli.org\/it\/cultura-dimpresa\/la-fabbrica-degli-attori-va-in-scena-a-milano-per-raccontare-ai-giovani-limpresa-e-il-lavoro\/\" \/>\n<meta property=\"og:locale\" content=\"it_IT\" \/>\n<meta property=\"og:type\" content=\"article\" \/>\n<meta property=\"og:title\" content=\"La \u201cfabbrica degli attori\u201d va in scena a Milano per raccontare ai giovani l\u2019impresa e il lavoro \u00a0 - Fondazione Pirelli\" \/>\n<meta property=\"og:description\" content=\"Raccontare l\u2019impresa. I suoi valori, i ritmi, la storia, il futuro. Riconoscerne e farne conoscere le caratteristiche di cardine dell\u2019identit\u00e0 italiana, con l\u2019attitudine a \u201cfare, fare bene e fare del bene\u201d, per continuare cos\u00ec a essere la seconda manifattura europea, subito dopo la Germania. Impresa come lavoro, benessere, innovazione, comunit\u00e0. E racconto come rappresentazione di [&hellip;]\" \/>\n<meta property=\"og:url\" content=\"https:\/\/www.fondazionepirelli.org\/it\/cultura-dimpresa\/la-fabbrica-degli-attori-va-in-scena-a-milano-per-raccontare-ai-giovani-limpresa-e-il-lavoro\/\" \/>\n<meta property=\"og:site_name\" content=\"Fondazione Pirelli\" \/>\n<meta property=\"article:published_time\" content=\"2023-04-04T07:53:49+00:00\" \/>\n<meta property=\"og:image\" content=\"https:\/\/wpsite-assets.fondazionepirelli.org\/wp-content\/uploads\/2023\/04\/04085343\/prove-1.jpg\" \/>\n\t<meta property=\"og:image:width\" content=\"640\" \/>\n\t<meta property=\"og:image:height\" content=\"427\" \/>\n\t<meta property=\"og:image:type\" content=\"image\/jpeg\" \/>\n<meta name=\"author\" content=\"fondazionepirelli\" \/>\n<meta name=\"twitter:card\" content=\"summary_large_image\" \/>\n<meta name=\"twitter:label1\" content=\"Scritto da\" \/>\n\t<meta name=\"twitter:data1\" content=\"fondazionepirelli\" \/>\n\t<meta name=\"twitter:label2\" content=\"Tempo di lettura stimato\" \/>\n\t<meta name=\"twitter:data2\" content=\"5 minuti\" \/>\n<script type=\"application\/ld+json\" class=\"yoast-schema-graph\">{\"@context\":\"https:\/\/schema.org\",\"@graph\":[{\"@type\":\"WebPage\",\"@id\":\"https:\/\/www.fondazionepirelli.org\/it\/cultura-dimpresa\/la-fabbrica-degli-attori-va-in-scena-a-milano-per-raccontare-ai-giovani-limpresa-e-il-lavoro\/\",\"url\":\"https:\/\/www.fondazionepirelli.org\/it\/cultura-dimpresa\/la-fabbrica-degli-attori-va-in-scena-a-milano-per-raccontare-ai-giovani-limpresa-e-il-lavoro\/\",\"name\":\"La \u201cfabbrica degli attori\u201d va in scena a Milano per raccontare ai giovani l\u2019impresa e il lavoro \u00a0 - Fondazione Pirelli\",\"isPartOf\":{\"@id\":\"https:\/\/www.fondazionepirelli.org\/it\/#website\"},\"primaryImageOfPage\":{\"@id\":\"https:\/\/www.fondazionepirelli.org\/it\/cultura-dimpresa\/la-fabbrica-degli-attori-va-in-scena-a-milano-per-raccontare-ai-giovani-limpresa-e-il-lavoro\/#primaryimage\"},\"image\":{\"@id\":\"https:\/\/www.fondazionepirelli.org\/it\/cultura-dimpresa\/la-fabbrica-degli-attori-va-in-scena-a-milano-per-raccontare-ai-giovani-limpresa-e-il-lavoro\/#primaryimage\"},\"thumbnailUrl\":\"https:\/\/wpsite-assets.fondazionepirelli.org\/wp-content\/uploads\/2023\/04\/04085343\/prove-1.jpg\",\"datePublished\":\"2023-04-04T07:53:49+00:00\",\"author\":{\"@id\":\"https:\/\/www.fondazionepirelli.org\/it\/#\/schema\/person\/c31fcf5937a0e6afa45497f3f8b6d7a0\"},\"breadcrumb\":{\"@id\":\"https:\/\/www.fondazionepirelli.org\/it\/cultura-dimpresa\/la-fabbrica-degli-attori-va-in-scena-a-milano-per-raccontare-ai-giovani-limpresa-e-il-lavoro\/#breadcrumb\"},\"inLanguage\":\"it-IT\",\"potentialAction\":[{\"@type\":\"ReadAction\",\"target\":[\"https:\/\/www.fondazionepirelli.org\/it\/cultura-dimpresa\/la-fabbrica-degli-attori-va-in-scena-a-milano-per-raccontare-ai-giovani-limpresa-e-il-lavoro\/\"]}]},{\"@type\":\"ImageObject\",\"inLanguage\":\"it-IT\",\"@id\":\"https:\/\/www.fondazionepirelli.org\/it\/cultura-dimpresa\/la-fabbrica-degli-attori-va-in-scena-a-milano-per-raccontare-ai-giovani-limpresa-e-il-lavoro\/#primaryimage\",\"url\":\"https:\/\/wpsite-assets.fondazionepirelli.org\/wp-content\/uploads\/2023\/04\/04085343\/prove-1.jpg\",\"contentUrl\":\"https:\/\/wpsite-assets.fondazionepirelli.org\/wp-content\/uploads\/2023\/04\/04085343\/prove-1.jpg\",\"width\":640,\"height\":427},{\"@type\":\"BreadcrumbList\",\"@id\":\"https:\/\/www.fondazionepirelli.org\/it\/cultura-dimpresa\/la-fabbrica-degli-attori-va-in-scena-a-milano-per-raccontare-ai-giovani-limpresa-e-il-lavoro\/#breadcrumb\",\"itemListElement\":[{\"@type\":\"ListItem\",\"position\":1,\"name\":\"Home\",\"item\":\"https:\/\/www.fondazionepirelli.org\/it\/\"},{\"@type\":\"ListItem\",\"position\":2,\"name\":\"La \u201cfabbrica degli attori\u201d va in scena a Milano per raccontare ai giovani l\u2019impresa e il lavoro \u00a0\"}]},{\"@type\":\"WebSite\",\"@id\":\"https:\/\/www.fondazionepirelli.org\/it\/#website\",\"url\":\"https:\/\/www.fondazionepirelli.org\/it\/\",\"name\":\"Fondazione Pirelli\",\"description\":\"\",\"potentialAction\":[{\"@type\":\"SearchAction\",\"target\":{\"@type\":\"EntryPoint\",\"urlTemplate\":\"https:\/\/www.fondazionepirelli.org\/it\/?s={search_term_string}\"},\"query-input\":{\"@type\":\"PropertyValueSpecification\",\"valueRequired\":true,\"valueName\":\"search_term_string\"}}],\"inLanguage\":\"it-IT\"},{\"@type\":\"Person\",\"@id\":\"https:\/\/www.fondazionepirelli.org\/it\/#\/schema\/person\/c31fcf5937a0e6afa45497f3f8b6d7a0\",\"name\":\"fondazionepirelli\",\"image\":{\"@type\":\"ImageObject\",\"inLanguage\":\"it-IT\",\"@id\":\"https:\/\/www.fondazionepirelli.org\/it\/#\/schema\/person\/image\/\",\"url\":\"https:\/\/secure.gravatar.com\/avatar\/9cb486421ce1d6eddbf6c4fb66841b4325b786695f7aedf1dde2222428218696?s=96&d=mm&r=g\",\"contentUrl\":\"https:\/\/secure.gravatar.com\/avatar\/9cb486421ce1d6eddbf6c4fb66841b4325b786695f7aedf1dde2222428218696?s=96&d=mm&r=g\",\"caption\":\"fondazionepirelli\"},\"url\":\"https:\/\/www.fondazionepirelli.org\/it\/author\/fondazionepirelli\/\"}]}<\/script>\n<!-- \/ Yoast SEO plugin. -->","yoast_head_json":{"title":"La \u201cfabbrica degli attori\u201d va in scena a Milano per raccontare ai giovani l\u2019impresa e il lavoro \u00a0 - Fondazione Pirelli","robots":{"index":"index","follow":"follow","max-snippet":"max-snippet:-1","max-image-preview":"max-image-preview:large","max-video-preview":"max-video-preview:-1"},"canonical":"https:\/\/www.fondazionepirelli.org\/it\/cultura-dimpresa\/la-fabbrica-degli-attori-va-in-scena-a-milano-per-raccontare-ai-giovani-limpresa-e-il-lavoro\/","og_locale":"it_IT","og_type":"article","og_title":"La \u201cfabbrica degli attori\u201d va in scena a Milano per raccontare ai giovani l\u2019impresa e il lavoro \u00a0 - Fondazione Pirelli","og_description":"Raccontare l\u2019impresa. I suoi valori, i ritmi, la storia, il futuro. Riconoscerne e farne conoscere le caratteristiche di cardine dell\u2019identit\u00e0 italiana, con l\u2019attitudine a \u201cfare, fare bene e fare del bene\u201d, per continuare cos\u00ec a essere la seconda manifattura europea, subito dopo la Germania. Impresa come lavoro, benessere, innovazione, comunit\u00e0. E racconto come rappresentazione di [&hellip;]","og_url":"https:\/\/www.fondazionepirelli.org\/it\/cultura-dimpresa\/la-fabbrica-degli-attori-va-in-scena-a-milano-per-raccontare-ai-giovani-limpresa-e-il-lavoro\/","og_site_name":"Fondazione Pirelli","article_published_time":"2023-04-04T07:53:49+00:00","og_image":[{"width":640,"height":427,"url":"https:\/\/wpsite-assets.fondazionepirelli.org\/wp-content\/uploads\/2023\/04\/04085343\/prove-1.jpg","type":"image\/jpeg"}],"author":"fondazionepirelli","twitter_card":"summary_large_image","twitter_misc":{"Scritto da":"fondazionepirelli","Tempo di lettura stimato":"5 minuti"},"schema":{"@context":"https:\/\/schema.org","@graph":[{"@type":"WebPage","@id":"https:\/\/www.fondazionepirelli.org\/it\/cultura-dimpresa\/la-fabbrica-degli-attori-va-in-scena-a-milano-per-raccontare-ai-giovani-limpresa-e-il-lavoro\/","url":"https:\/\/www.fondazionepirelli.org\/it\/cultura-dimpresa\/la-fabbrica-degli-attori-va-in-scena-a-milano-per-raccontare-ai-giovani-limpresa-e-il-lavoro\/","name":"La \u201cfabbrica degli attori\u201d va in scena a Milano per raccontare ai giovani l\u2019impresa e il lavoro \u00a0 - Fondazione Pirelli","isPartOf":{"@id":"https:\/\/www.fondazionepirelli.org\/it\/#website"},"primaryImageOfPage":{"@id":"https:\/\/www.fondazionepirelli.org\/it\/cultura-dimpresa\/la-fabbrica-degli-attori-va-in-scena-a-milano-per-raccontare-ai-giovani-limpresa-e-il-lavoro\/#primaryimage"},"image":{"@id":"https:\/\/www.fondazionepirelli.org\/it\/cultura-dimpresa\/la-fabbrica-degli-attori-va-in-scena-a-milano-per-raccontare-ai-giovani-limpresa-e-il-lavoro\/#primaryimage"},"thumbnailUrl":"https:\/\/wpsite-assets.fondazionepirelli.org\/wp-content\/uploads\/2023\/04\/04085343\/prove-1.jpg","datePublished":"2023-04-04T07:53:49+00:00","author":{"@id":"https:\/\/www.fondazionepirelli.org\/it\/#\/schema\/person\/c31fcf5937a0e6afa45497f3f8b6d7a0"},"breadcrumb":{"@id":"https:\/\/www.fondazionepirelli.org\/it\/cultura-dimpresa\/la-fabbrica-degli-attori-va-in-scena-a-milano-per-raccontare-ai-giovani-limpresa-e-il-lavoro\/#breadcrumb"},"inLanguage":"it-IT","potentialAction":[{"@type":"ReadAction","target":["https:\/\/www.fondazionepirelli.org\/it\/cultura-dimpresa\/la-fabbrica-degli-attori-va-in-scena-a-milano-per-raccontare-ai-giovani-limpresa-e-il-lavoro\/"]}]},{"@type":"ImageObject","inLanguage":"it-IT","@id":"https:\/\/www.fondazionepirelli.org\/it\/cultura-dimpresa\/la-fabbrica-degli-attori-va-in-scena-a-milano-per-raccontare-ai-giovani-limpresa-e-il-lavoro\/#primaryimage","url":"https:\/\/wpsite-assets.fondazionepirelli.org\/wp-content\/uploads\/2023\/04\/04085343\/prove-1.jpg","contentUrl":"https:\/\/wpsite-assets.fondazionepirelli.org\/wp-content\/uploads\/2023\/04\/04085343\/prove-1.jpg","width":640,"height":427},{"@type":"BreadcrumbList","@id":"https:\/\/www.fondazionepirelli.org\/it\/cultura-dimpresa\/la-fabbrica-degli-attori-va-in-scena-a-milano-per-raccontare-ai-giovani-limpresa-e-il-lavoro\/#breadcrumb","itemListElement":[{"@type":"ListItem","position":1,"name":"Home","item":"https:\/\/www.fondazionepirelli.org\/it\/"},{"@type":"ListItem","position":2,"name":"La \u201cfabbrica degli attori\u201d va in scena a Milano per raccontare ai giovani l\u2019impresa e il lavoro \u00a0"}]},{"@type":"WebSite","@id":"https:\/\/www.fondazionepirelli.org\/it\/#website","url":"https:\/\/www.fondazionepirelli.org\/it\/","name":"Fondazione Pirelli","description":"","potentialAction":[{"@type":"SearchAction","target":{"@type":"EntryPoint","urlTemplate":"https:\/\/www.fondazionepirelli.org\/it\/?s={search_term_string}"},"query-input":{"@type":"PropertyValueSpecification","valueRequired":true,"valueName":"search_term_string"}}],"inLanguage":"it-IT"},{"@type":"Person","@id":"https:\/\/www.fondazionepirelli.org\/it\/#\/schema\/person\/c31fcf5937a0e6afa45497f3f8b6d7a0","name":"fondazionepirelli","image":{"@type":"ImageObject","inLanguage":"it-IT","@id":"https:\/\/www.fondazionepirelli.org\/it\/#\/schema\/person\/image\/","url":"https:\/\/secure.gravatar.com\/avatar\/9cb486421ce1d6eddbf6c4fb66841b4325b786695f7aedf1dde2222428218696?s=96&d=mm&r=g","contentUrl":"https:\/\/secure.gravatar.com\/avatar\/9cb486421ce1d6eddbf6c4fb66841b4325b786695f7aedf1dde2222428218696?s=96&d=mm&r=g","caption":"fondazionepirelli"},"url":"https:\/\/www.fondazionepirelli.org\/it\/author\/fondazionepirelli\/"}]}},"_links":{"self":[{"href":"https:\/\/www.fondazionepirelli.org\/it\/wp-json\/wp\/v2\/posts\/95350\/"}],"collection":[{"href":"https:\/\/www.fondazionepirelli.org\/it\/wp-json\/wp\/v2\/posts\/"}],"about":[{"href":"https:\/\/www.fondazionepirelli.org\/it\/wp-json\/wp\/v2\/types\/post\/"}],"author":[{"embeddable":true,"href":"https:\/\/www.fondazionepirelli.org\/it\/wp-json\/wp\/v2\/users\/9\/"}],"replies":[{"embeddable":true,"href":"https:\/\/www.fondazionepirelli.org\/it\/wp-json\/wp\/v2\/comments\/?post=95350"}],"version-history":[{"count":3,"href":"https:\/\/www.fondazionepirelli.org\/it\/wp-json\/wp\/v2\/posts\/95350\/revisions\/"}],"predecessor-version":[{"id":95353,"href":"https:\/\/www.fondazionepirelli.org\/it\/wp-json\/wp\/v2\/posts\/95350\/revisions\/95353\/"}],"wp:featuredmedia":[{"embeddable":true,"href":"https:\/\/www.fondazionepirelli.org\/it\/wp-json\/wp\/v2\/media\/95364\/"}],"wp:attachment":[{"href":"https:\/\/www.fondazionepirelli.org\/it\/wp-json\/wp\/v2\/media\/?parent=95350"}],"wp:term":[{"taxonomy":"category","embeddable":true,"href":"https:\/\/www.fondazionepirelli.org\/it\/wp-json\/wp\/v2\/categories\/?post=95350"},{"taxonomy":"post_tag","embeddable":true,"href":"https:\/\/www.fondazionepirelli.org\/it\/wp-json\/wp\/v2\/tags\/?post=95350"}],"curies":[{"name":"wp","href":"https:\/\/api.w.org\/{rel}","templated":true}]}}