{"id":95358,"date":"2023-04-04T08:54:29","date_gmt":"2023-04-04T07:54:29","guid":{"rendered":"https:\/\/www.fondazionepirelli.org\/?p=95358"},"modified":"2023-04-04T08:54:29","modified_gmt":"2023-04-04T07:54:29","slug":"digitale-futuro","status":"publish","type":"post","link":"https:\/\/www.fondazionepirelli.org\/it\/cultura-dimpresa\/digitale-futuro\/","title":{"rendered":"Digitale futuro"},"content":{"rendered":"<p><em>Il delinearsi di un \u201cnuovo rinascimento\u201d dalle tecnologie pi\u00f9 avanzate e moderne. Anche per l\u2019Italia<\/em><\/p>\n<p><strong>\u00a0<\/strong><\/p>\n<p><strong>\u00a0<\/strong><\/p>\n<p>Digitale contro reale. Virtuale contro concreto. Opposti che non si eliminano ma che, anzi, devono sempre di pi\u00f9 convivere e integrarsi. E ai quali le attivit\u00e0 sociali e produttive devono abituarsi. Digitalizzazione come percorso che deve per forza di cose essere perseguito da tutti. Con attenzione. E misura.<\/p>\n<p>E\u2019 su questo nodo di temi che ragionano Francesco Caio e Pierangelo Soldavini con il loro \u201cDigitalizzazione. Per un nuovo rinascimento italiano\u201d appena dato alle stampe. Un libro che affronta efficacemente e con chiarezza un tema complesso e spesso abusato.<\/p>\n<p>Tutto parte dalla constatazione della realt\u00e0. L\u2019emergenza pandemica, l\u2019inflazione, la guerra in Europa, la crisi energetica, tutto questo ha di fatto ribaltato il mondo come lo conoscevamo e fatto emergere l\u2019esigenza di affrontare una \u201cnuova normalit\u00e0\u201d. Da questa condizione, \u00e8 la tesi dei due autori, \u00e8 nata e si \u00e8 delineata l\u2019importanza degli strumenti digitali, che abilitano relazioni e servizi pi\u00f9 rapidi e flessibili e offrono prodotti personalizzati e su misura. Il problema \u00e8 il \u201cgoverno\u201d di queste nuove tecnologie e quindi del \u201cmondo ibrido\u201d che ne deriva.<\/p>\n<p>Una sfida che, viene sottolineato, deve essere intrapresa con la consapevolezza che chi rimane indietro adesso, rischia di non riuscire pi\u00f9 a colmare le distanze. Sfida ancora pi\u00f9 importante per l\u2019Italia che, obiettivamente, \u00e8 in svantaggio proprio nelle digitalizzazione. Eppure sfida che pu\u00f2 dare vita ad un \u201crinascimento digitale\u201d con tutto quello di positivo che ne pu\u00f2 derivare. Un rinascimento che pu\u00f2 toccare svariati ambiti del vivere civile ed economico del Paese: pubblica amministrazione, telemedicina, <em>cybersecurity<\/em>, cittadinanza digitale, <em>smart<\/em> <em>working<\/em>, turismo, scuola e universit\u00e0\u00a0e molto altro ancora.<\/p>\n<p>Caio e Soldavini esplorano quindi l\u2019argomento partendo dalle \u201cresistenza da sciogliere\u201d, guardando al lungo periodo e non solo all\u2019immediato, approfondendo gli aspetti infrastrutturali cui mettere mano, valutando le numerose applicazioni che possono essere gi\u00e0 efficaci. Percorsi e traguardi che possono essere raggiunti con investimenti (si parla anche del PNRR naturalmente) ma soprattutto con la creazione di una vera cultura digitale, che porti tutti a capire le logiche dei nuovi paradigmi e della trasformazione da attuare. Un progetto ambizioso e urgentissimo, e tuttavia alla nostra portata.<\/p>\n<p>Bella e importante una delle ultime affermazioni contenute nel libro che delinea \u201cuna cultura \u00a0che si trasformi anche in consapevolezza delle conseguenze della tecnologia e delle proprie azioni, che permetta a ciascuno di sapersi tutelare dagli eccessi e dalla pervasivit\u00e0 di una tecnologia che per sua natura \u00e8 totalizzante, in grado di impossessarsi dei molteplici aspetti della vita personale. E che si trasformi in capacit\u00e0 di padroneggiare i rischi di controllo e di manipolazione delle coscienze che sono frutto delle spinte costanti di un uso distorto e improntato al business della tecnologia\u201d.<\/p><p><strong>Digitalizzazione. Per un nuovo rinascimento italiano<\/strong><\/p>\n<p>Francesco Caio, Pierangelo Soldavini<\/p>\n<p>Vita e Pensiero, 2023<\/p>\n","protected":false},"excerpt":{"rendered":"<p>Il delinearsi di un \u201cnuovo rinascimento\u201d dalle tecnologie pi\u00f9 avanzate e moderne. Anche per l\u2019Italia \u00a0 \u00a0 Digitale contro reale. Virtuale contro concreto. Opposti che non si eliminano ma che, anzi, devono sempre di pi\u00f9 convivere e integrarsi. E ai quali le attivit\u00e0 sociali e produttive devono abituarsi. Digitalizzazione come percorso che deve per forza [&hellip;]<\/p>\n","protected":false},"author":9,"featured_media":95359,"comment_status":"open","ping_status":"open","sticky":false,"template":"","format":"standard","meta":{"footnotes":""},"categories":[52,58],"tags":[],"class_list":["post-95358","post","type-post","status-publish","format-standard","has-post-thumbnail","hentry","category-cultura-dimpresa","category-recensioni-libri"],"acf":[],"yoast_head":"<!-- This site is optimized with the Yoast SEO plugin v25.0 - https:\/\/yoast.com\/wordpress\/plugins\/seo\/ -->\n<title>Digitale futuro - Fondazione Pirelli<\/title>\n<meta name=\"robots\" content=\"index, follow, max-snippet:-1, max-image-preview:large, max-video-preview:-1\" \/>\n<link rel=\"canonical\" href=\"https:\/\/www.fondazionepirelli.org\/it\/cultura-dimpresa\/digitale-futuro\/\" \/>\n<meta property=\"og:locale\" content=\"it_IT\" \/>\n<meta property=\"og:type\" content=\"article\" \/>\n<meta property=\"og:title\" content=\"Digitale futuro - Fondazione Pirelli\" \/>\n<meta property=\"og:description\" content=\"Il delinearsi di un \u201cnuovo rinascimento\u201d dalle tecnologie pi\u00f9 avanzate e moderne. Anche per l\u2019Italia \u00a0 \u00a0 Digitale contro reale. Virtuale contro concreto. Opposti che non si eliminano ma che, anzi, devono sempre di pi\u00f9 convivere e integrarsi. E ai quali le attivit\u00e0 sociali e produttive devono abituarsi. Digitalizzazione come percorso che deve per forza [&hellip;]\" \/>\n<meta property=\"og:url\" content=\"https:\/\/www.fondazionepirelli.org\/it\/cultura-dimpresa\/digitale-futuro\/\" \/>\n<meta property=\"og:site_name\" content=\"Fondazione Pirelli\" \/>\n<meta property=\"article:published_time\" content=\"2023-04-04T07:54:29+00:00\" \/>\n<meta property=\"og:image\" content=\"https:\/\/wpsite-assets.fondazionepirelli.org\/wp-content\/uploads\/2023\/04\/04075233\/61-6a9VuJL.jpg\" \/>\n\t<meta property=\"og:image:width\" content=\"1000\" \/>\n\t<meta property=\"og:image:height\" content=\"1501\" \/>\n\t<meta property=\"og:image:type\" content=\"image\/jpeg\" \/>\n<meta name=\"author\" content=\"fondazionepirelli\" \/>\n<meta name=\"twitter:card\" content=\"summary_large_image\" \/>\n<meta name=\"twitter:label1\" content=\"Scritto da\" \/>\n\t<meta name=\"twitter:data1\" content=\"fondazionepirelli\" \/>\n\t<meta name=\"twitter:label2\" content=\"Tempo di lettura stimato\" \/>\n\t<meta name=\"twitter:data2\" content=\"2 minuti\" \/>\n<script type=\"application\/ld+json\" class=\"yoast-schema-graph\">{\"@context\":\"https:\/\/schema.org\",\"@graph\":[{\"@type\":\"WebPage\",\"@id\":\"https:\/\/www.fondazionepirelli.org\/it\/cultura-dimpresa\/digitale-futuro\/\",\"url\":\"https:\/\/www.fondazionepirelli.org\/it\/cultura-dimpresa\/digitale-futuro\/\",\"name\":\"Digitale futuro - Fondazione Pirelli\",\"isPartOf\":{\"@id\":\"https:\/\/www.fondazionepirelli.org\/it\/#website\"},\"primaryImageOfPage\":{\"@id\":\"https:\/\/www.fondazionepirelli.org\/it\/cultura-dimpresa\/digitale-futuro\/#primaryimage\"},\"image\":{\"@id\":\"https:\/\/www.fondazionepirelli.org\/it\/cultura-dimpresa\/digitale-futuro\/#primaryimage\"},\"thumbnailUrl\":\"https:\/\/wpsite-assets.fondazionepirelli.org\/wp-content\/uploads\/2023\/04\/04075233\/61-6a9VuJL.jpg\",\"datePublished\":\"2023-04-04T07:54:29+00:00\",\"author\":{\"@id\":\"https:\/\/www.fondazionepirelli.org\/it\/#\/schema\/person\/c31fcf5937a0e6afa45497f3f8b6d7a0\"},\"breadcrumb\":{\"@id\":\"https:\/\/www.fondazionepirelli.org\/it\/cultura-dimpresa\/digitale-futuro\/#breadcrumb\"},\"inLanguage\":\"it-IT\",\"potentialAction\":[{\"@type\":\"ReadAction\",\"target\":[\"https:\/\/www.fondazionepirelli.org\/it\/cultura-dimpresa\/digitale-futuro\/\"]}]},{\"@type\":\"ImageObject\",\"inLanguage\":\"it-IT\",\"@id\":\"https:\/\/www.fondazionepirelli.org\/it\/cultura-dimpresa\/digitale-futuro\/#primaryimage\",\"url\":\"https:\/\/wpsite-assets.fondazionepirelli.org\/wp-content\/uploads\/2023\/04\/04075233\/61-6a9VuJL.jpg\",\"contentUrl\":\"https:\/\/wpsite-assets.fondazionepirelli.org\/wp-content\/uploads\/2023\/04\/04075233\/61-6a9VuJL.jpg\",\"width\":1000,\"height\":1501},{\"@type\":\"BreadcrumbList\",\"@id\":\"https:\/\/www.fondazionepirelli.org\/it\/cultura-dimpresa\/digitale-futuro\/#breadcrumb\",\"itemListElement\":[{\"@type\":\"ListItem\",\"position\":1,\"name\":\"Home\",\"item\":\"https:\/\/www.fondazionepirelli.org\/it\/\"},{\"@type\":\"ListItem\",\"position\":2,\"name\":\"Digitale futuro\"}]},{\"@type\":\"WebSite\",\"@id\":\"https:\/\/www.fondazionepirelli.org\/it\/#website\",\"url\":\"https:\/\/www.fondazionepirelli.org\/it\/\",\"name\":\"Fondazione Pirelli\",\"description\":\"\",\"potentialAction\":[{\"@type\":\"SearchAction\",\"target\":{\"@type\":\"EntryPoint\",\"urlTemplate\":\"https:\/\/www.fondazionepirelli.org\/it\/?s={search_term_string}\"},\"query-input\":{\"@type\":\"PropertyValueSpecification\",\"valueRequired\":true,\"valueName\":\"search_term_string\"}}],\"inLanguage\":\"it-IT\"},{\"@type\":\"Person\",\"@id\":\"https:\/\/www.fondazionepirelli.org\/it\/#\/schema\/person\/c31fcf5937a0e6afa45497f3f8b6d7a0\",\"name\":\"fondazionepirelli\",\"image\":{\"@type\":\"ImageObject\",\"inLanguage\":\"it-IT\",\"@id\":\"https:\/\/www.fondazionepirelli.org\/it\/#\/schema\/person\/image\/\",\"url\":\"https:\/\/secure.gravatar.com\/avatar\/9cb486421ce1d6eddbf6c4fb66841b4325b786695f7aedf1dde2222428218696?s=96&d=mm&r=g\",\"contentUrl\":\"https:\/\/secure.gravatar.com\/avatar\/9cb486421ce1d6eddbf6c4fb66841b4325b786695f7aedf1dde2222428218696?s=96&d=mm&r=g\",\"caption\":\"fondazionepirelli\"},\"url\":\"https:\/\/www.fondazionepirelli.org\/it\/author\/fondazionepirelli\/\"}]}<\/script>\n<!-- \/ Yoast SEO plugin. -->","yoast_head_json":{"title":"Digitale futuro - Fondazione Pirelli","robots":{"index":"index","follow":"follow","max-snippet":"max-snippet:-1","max-image-preview":"max-image-preview:large","max-video-preview":"max-video-preview:-1"},"canonical":"https:\/\/www.fondazionepirelli.org\/it\/cultura-dimpresa\/digitale-futuro\/","og_locale":"it_IT","og_type":"article","og_title":"Digitale futuro - Fondazione Pirelli","og_description":"Il delinearsi di un \u201cnuovo rinascimento\u201d dalle tecnologie pi\u00f9 avanzate e moderne. Anche per l\u2019Italia \u00a0 \u00a0 Digitale contro reale. Virtuale contro concreto. Opposti che non si eliminano ma che, anzi, devono sempre di pi\u00f9 convivere e integrarsi. E ai quali le attivit\u00e0 sociali e produttive devono abituarsi. Digitalizzazione come percorso che deve per forza [&hellip;]","og_url":"https:\/\/www.fondazionepirelli.org\/it\/cultura-dimpresa\/digitale-futuro\/","og_site_name":"Fondazione Pirelli","article_published_time":"2023-04-04T07:54:29+00:00","og_image":[{"width":1000,"height":1501,"url":"https:\/\/wpsite-assets.fondazionepirelli.org\/wp-content\/uploads\/2023\/04\/04075233\/61-6a9VuJL.jpg","type":"image\/jpeg"}],"author":"fondazionepirelli","twitter_card":"summary_large_image","twitter_misc":{"Scritto da":"fondazionepirelli","Tempo di lettura stimato":"2 minuti"},"schema":{"@context":"https:\/\/schema.org","@graph":[{"@type":"WebPage","@id":"https:\/\/www.fondazionepirelli.org\/it\/cultura-dimpresa\/digitale-futuro\/","url":"https:\/\/www.fondazionepirelli.org\/it\/cultura-dimpresa\/digitale-futuro\/","name":"Digitale futuro - Fondazione Pirelli","isPartOf":{"@id":"https:\/\/www.fondazionepirelli.org\/it\/#website"},"primaryImageOfPage":{"@id":"https:\/\/www.fondazionepirelli.org\/it\/cultura-dimpresa\/digitale-futuro\/#primaryimage"},"image":{"@id":"https:\/\/www.fondazionepirelli.org\/it\/cultura-dimpresa\/digitale-futuro\/#primaryimage"},"thumbnailUrl":"https:\/\/wpsite-assets.fondazionepirelli.org\/wp-content\/uploads\/2023\/04\/04075233\/61-6a9VuJL.jpg","datePublished":"2023-04-04T07:54:29+00:00","author":{"@id":"https:\/\/www.fondazionepirelli.org\/it\/#\/schema\/person\/c31fcf5937a0e6afa45497f3f8b6d7a0"},"breadcrumb":{"@id":"https:\/\/www.fondazionepirelli.org\/it\/cultura-dimpresa\/digitale-futuro\/#breadcrumb"},"inLanguage":"it-IT","potentialAction":[{"@type":"ReadAction","target":["https:\/\/www.fondazionepirelli.org\/it\/cultura-dimpresa\/digitale-futuro\/"]}]},{"@type":"ImageObject","inLanguage":"it-IT","@id":"https:\/\/www.fondazionepirelli.org\/it\/cultura-dimpresa\/digitale-futuro\/#primaryimage","url":"https:\/\/wpsite-assets.fondazionepirelli.org\/wp-content\/uploads\/2023\/04\/04075233\/61-6a9VuJL.jpg","contentUrl":"https:\/\/wpsite-assets.fondazionepirelli.org\/wp-content\/uploads\/2023\/04\/04075233\/61-6a9VuJL.jpg","width":1000,"height":1501},{"@type":"BreadcrumbList","@id":"https:\/\/www.fondazionepirelli.org\/it\/cultura-dimpresa\/digitale-futuro\/#breadcrumb","itemListElement":[{"@type":"ListItem","position":1,"name":"Home","item":"https:\/\/www.fondazionepirelli.org\/it\/"},{"@type":"ListItem","position":2,"name":"Digitale futuro"}]},{"@type":"WebSite","@id":"https:\/\/www.fondazionepirelli.org\/it\/#website","url":"https:\/\/www.fondazionepirelli.org\/it\/","name":"Fondazione Pirelli","description":"","potentialAction":[{"@type":"SearchAction","target":{"@type":"EntryPoint","urlTemplate":"https:\/\/www.fondazionepirelli.org\/it\/?s={search_term_string}"},"query-input":{"@type":"PropertyValueSpecification","valueRequired":true,"valueName":"search_term_string"}}],"inLanguage":"it-IT"},{"@type":"Person","@id":"https:\/\/www.fondazionepirelli.org\/it\/#\/schema\/person\/c31fcf5937a0e6afa45497f3f8b6d7a0","name":"fondazionepirelli","image":{"@type":"ImageObject","inLanguage":"it-IT","@id":"https:\/\/www.fondazionepirelli.org\/it\/#\/schema\/person\/image\/","url":"https:\/\/secure.gravatar.com\/avatar\/9cb486421ce1d6eddbf6c4fb66841b4325b786695f7aedf1dde2222428218696?s=96&d=mm&r=g","contentUrl":"https:\/\/secure.gravatar.com\/avatar\/9cb486421ce1d6eddbf6c4fb66841b4325b786695f7aedf1dde2222428218696?s=96&d=mm&r=g","caption":"fondazionepirelli"},"url":"https:\/\/www.fondazionepirelli.org\/it\/author\/fondazionepirelli\/"}]}},"_links":{"self":[{"href":"https:\/\/www.fondazionepirelli.org\/it\/wp-json\/wp\/v2\/posts\/95358\/"}],"collection":[{"href":"https:\/\/www.fondazionepirelli.org\/it\/wp-json\/wp\/v2\/posts\/"}],"about":[{"href":"https:\/\/www.fondazionepirelli.org\/it\/wp-json\/wp\/v2\/types\/post\/"}],"author":[{"embeddable":true,"href":"https:\/\/www.fondazionepirelli.org\/it\/wp-json\/wp\/v2\/users\/9\/"}],"replies":[{"embeddable":true,"href":"https:\/\/www.fondazionepirelli.org\/it\/wp-json\/wp\/v2\/comments\/?post=95358"}],"version-history":[{"count":1,"href":"https:\/\/www.fondazionepirelli.org\/it\/wp-json\/wp\/v2\/posts\/95358\/revisions\/"}],"predecessor-version":[{"id":95361,"href":"https:\/\/www.fondazionepirelli.org\/it\/wp-json\/wp\/v2\/posts\/95358\/revisions\/95361\/"}],"wp:featuredmedia":[{"embeddable":true,"href":"https:\/\/www.fondazionepirelli.org\/it\/wp-json\/wp\/v2\/media\/95359\/"}],"wp:attachment":[{"href":"https:\/\/www.fondazionepirelli.org\/it\/wp-json\/wp\/v2\/media\/?parent=95358"}],"wp:term":[{"taxonomy":"category","embeddable":true,"href":"https:\/\/www.fondazionepirelli.org\/it\/wp-json\/wp\/v2\/categories\/?post=95358"},{"taxonomy":"post_tag","embeddable":true,"href":"https:\/\/www.fondazionepirelli.org\/it\/wp-json\/wp\/v2\/tags\/?post=95358"}],"curies":[{"name":"wp","href":"https:\/\/api.w.org\/{rel}","templated":true}]}}