{"id":95482,"date":"2023-04-12T13:01:25","date_gmt":"2023-04-12T12:01:25","guid":{"rendered":"https:\/\/www.fondazionepirelli.org\/?p=95482"},"modified":"2023-04-12T13:01:25","modified_gmt":"2023-04-12T12:01:25","slug":"modernita-da-cambiare","status":"publish","type":"post","link":"https:\/\/www.fondazionepirelli.org\/it\/cultura-dimpresa\/modernita-da-cambiare\/","title":{"rendered":"Modernit\u00e0 da cambiare"},"content":{"rendered":"<p><em>Un libro appena pubblicato propone una lettura e una prospettiva diverse della realt\u00e0<\/em><\/p><p>Cambio di passo per restare al passo. Necessit\u00e0 per tutti, anche per imprenditori e <em>manager <\/em>che vogliano dare per davvero un\u2019orizzonte nuovo alle proprie imprese. E necessit\u00e0 per tutti, quella di cambiare occhiali con cui guardare al mondo. Per questo serve leggere, e con attenzione, \u201cOccidenti e Modernit\u00e0. Vedere un mondo nuovo\u201d, scritto da Andrea Graziosi (che insegna storia contemporanea all\u2019Universit\u00e0 di Napoli).<\/p>\n<p>Il libro di Graziosi prende le mosse da una doppia constatazione: da un lato gli effetti della pandemia di Covid-19, dall\u2019altro quelli della guerra Russia-Ucraina. E ne trae le conseguenze. Partendo dal considerare la necessit\u00e0 di rivedere le nostre idee, le nostre categorie, la nostra interpretazione del passato oltre che del presente. Covid e invasione russa dell\u2019Ucraina, secondo Graziosi, hanno illuminato di colpo l\u2019evoluzione e la crisi delle societ\u00e0 occidentali e, facendo ci\u00f2, hanno reso evidente quanto le categorie con cui siamo cresciuti e abbiamo interpretato il Novecento, e, le nostre stesse vite, siano ormai logore.<\/p>\n<p>L\u2019autore considera, cio\u00e8, quanto sia da cambiare ci\u00f2 che viene indicato come \u201cModerno\u201d cio\u00e8 il \u201cprodotto in continua evoluzione del veloce cambiamento avviatosi in Europa centroccidentale circa quattro secoli fa, un cambiamento strettamente legato allo sviluppo scientifico, tecnico ed economico\u201d.<\/p>\n<p>Il libro \u00e8 diviso in due parti ben distinte. Nelle prime cento pagine circa, \u00e8 presente l\u2019analisi attenta del \u201cModerno\u201d e della sua evoluzione dal secondo conflitto mondiale ad oggi: la fine del mondo contadino, l\u2019individualizzazione, il crollo delle nascite e lo straordinario balzo in avanti nell\u2019attesa di vita, ma anche la diminuzione della vitalit\u00e0 dei sistemi sociali e il coagularsi di nuove istanze reazionarie, e poi la ricomposizione faticosa di collettivit\u00e0 plurali dal punto di vista etnico e del colore. Nella seconda parte, invece, Graziosi ragiona su \u201cproblemi e possibilit\u00e0\u201d di evoluzione del \u201cModerno\u201d che abbiamo vissuto fino a poco tempo fa. Qui l\u2019attenzione \u00e8 posta su cosa si possa fare per salvare, innovandolo, un tipo di Occidente e di modernit\u00e0 che \u00e8 in crisi ma che \u00e8 riuscito, pur con tutti i suoi difetti, ad aumentare libert\u00e0 e dignit\u00e0 umane pi\u00f9 di ogni altro sistema conosciuto; tutto con un\u2019attenzione particolare al progetto, realizzato ma in evoluzione, di Europa unita.<\/p>\n<p>\u201cOccidenti e Modernit\u00e0\u201d , \u00e8 certamente da leggere con attenzione e, magari, da rileggere alla luce degli avvenimenti da qui in avanti.<\/p><p><strong>Occidenti e Modernit\u00e0. Vedere un mondo nuovo<\/strong><\/p>\n<p><em>Andrea Graziosi<\/em><\/p>\n<p><em>il Mulino, 2023<\/em><\/p>","protected":false},"excerpt":{"rendered":"<p>Un libro appena pubblicato propone una lettura e una prospettiva diverse della realt\u00e0Cambio di passo per restare al passo. Necessit\u00e0 per tutti, anche per imprenditori e manager che vogliano dare per davvero un\u2019orizzonte nuovo alle proprie imprese. E necessit\u00e0 per tutti, quella di cambiare occhiali con cui guardare al mondo. Per questo serve leggere, e [&hellip;]<\/p>\n","protected":false},"author":9,"featured_media":95483,"comment_status":"open","ping_status":"open","sticky":false,"template":"","format":"standard","meta":{"footnotes":""},"categories":[52,58],"tags":[],"class_list":["post-95482","post","type-post","status-publish","format-standard","has-post-thumbnail","hentry","category-cultura-dimpresa","category-recensioni-libri"],"acf":[],"yoast_head":"<!-- This site is optimized with the Yoast SEO plugin v25.0 - https:\/\/yoast.com\/wordpress\/plugins\/seo\/ -->\n<title>Modernit\u00e0 da cambiare - Fondazione Pirelli<\/title>\n<meta name=\"robots\" content=\"index, follow, max-snippet:-1, max-image-preview:large, max-video-preview:-1\" \/>\n<link rel=\"canonical\" href=\"https:\/\/www.fondazionepirelli.org\/it\/cultura-dimpresa\/modernita-da-cambiare\/\" \/>\n<meta property=\"og:locale\" content=\"it_IT\" \/>\n<meta property=\"og:type\" content=\"article\" \/>\n<meta property=\"og:title\" content=\"Modernit\u00e0 da cambiare - Fondazione Pirelli\" \/>\n<meta property=\"og:description\" content=\"Un libro appena pubblicato propone una lettura e una prospettiva diverse della realt\u00e0Cambio di passo per restare al passo. Necessit\u00e0 per tutti, anche per imprenditori e manager che vogliano dare per davvero un\u2019orizzonte nuovo alle proprie imprese. E necessit\u00e0 per tutti, quella di cambiare occhiali con cui guardare al mondo. Per questo serve leggere, e [&hellip;]\" \/>\n<meta property=\"og:url\" content=\"https:\/\/127.0.0.1\/it\/cultura-dimpresa\/modernita-da-cambiare\/\" \/>\n<meta property=\"og:site_name\" content=\"Fondazione Pirelli\" \/>\n<meta property=\"article:published_time\" content=\"2023-04-12T12:01:25+00:00\" \/>\n<meta property=\"og:image\" content=\"https:\/\/wpsite-assets.fondazionepirelli.org\/wp-content\/uploads\/2023\/04\/11074624\/DA8812B0-F534-4808-9AB0-FD1A327C2AD6.jpeg\" \/>\n\t<meta property=\"og:image:width\" content=\"1000\" \/>\n\t<meta property=\"og:image:height\" content=\"1577\" \/>\n\t<meta property=\"og:image:type\" content=\"image\/jpeg\" \/>\n<meta name=\"author\" content=\"fondazionepirelli\" \/>\n<meta name=\"twitter:card\" content=\"summary_large_image\" \/>\n<meta name=\"twitter:label1\" content=\"Scritto da\" \/>\n\t<meta name=\"twitter:data1\" content=\"fondazionepirelli\" \/>\n\t<meta name=\"twitter:label2\" content=\"Tempo di lettura stimato\" \/>\n\t<meta name=\"twitter:data2\" content=\"2 minuti\" \/>\n<script type=\"application\/ld+json\" class=\"yoast-schema-graph\">{\"@context\":\"https:\/\/schema.org\",\"@graph\":[{\"@type\":\"WebPage\",\"@id\":\"https:\/\/127.0.0.1\/it\/cultura-dimpresa\/modernita-da-cambiare\/\",\"url\":\"https:\/\/127.0.0.1\/it\/cultura-dimpresa\/modernita-da-cambiare\/\",\"name\":\"Modernit\u00e0 da cambiare - Fondazione Pirelli\",\"isPartOf\":{\"@id\":\"https:\/\/www.fondazionepirelli.org\/it\/#website\"},\"primaryImageOfPage\":{\"@id\":\"https:\/\/127.0.0.1\/it\/cultura-dimpresa\/modernita-da-cambiare\/#primaryimage\"},\"image\":{\"@id\":\"https:\/\/127.0.0.1\/it\/cultura-dimpresa\/modernita-da-cambiare\/#primaryimage\"},\"thumbnailUrl\":\"https:\/\/wpsite-assets.fondazionepirelli.org\/wp-content\/uploads\/2023\/04\/11074624\/DA8812B0-F534-4808-9AB0-FD1A327C2AD6.jpeg\",\"datePublished\":\"2023-04-12T12:01:25+00:00\",\"author\":{\"@id\":\"https:\/\/www.fondazionepirelli.org\/it\/#\/schema\/person\/c31fcf5937a0e6afa45497f3f8b6d7a0\"},\"breadcrumb\":{\"@id\":\"https:\/\/127.0.0.1\/it\/cultura-dimpresa\/modernita-da-cambiare\/#breadcrumb\"},\"inLanguage\":\"it-IT\",\"potentialAction\":[{\"@type\":\"ReadAction\",\"target\":[\"https:\/\/127.0.0.1\/it\/cultura-dimpresa\/modernita-da-cambiare\/\"]}]},{\"@type\":\"ImageObject\",\"inLanguage\":\"it-IT\",\"@id\":\"https:\/\/127.0.0.1\/it\/cultura-dimpresa\/modernita-da-cambiare\/#primaryimage\",\"url\":\"https:\/\/wpsite-assets.fondazionepirelli.org\/wp-content\/uploads\/2023\/04\/11074624\/DA8812B0-F534-4808-9AB0-FD1A327C2AD6.jpeg\",\"contentUrl\":\"https:\/\/wpsite-assets.fondazionepirelli.org\/wp-content\/uploads\/2023\/04\/11074624\/DA8812B0-F534-4808-9AB0-FD1A327C2AD6.jpeg\",\"width\":1000,\"height\":1577},{\"@type\":\"BreadcrumbList\",\"@id\":\"https:\/\/127.0.0.1\/it\/cultura-dimpresa\/modernita-da-cambiare\/#breadcrumb\",\"itemListElement\":[{\"@type\":\"ListItem\",\"position\":1,\"name\":\"Home\",\"item\":\"https:\/\/www.fondazionepirelli.org\/it\/\"},{\"@type\":\"ListItem\",\"position\":2,\"name\":\"Modernit\u00e0 da cambiare\"}]},{\"@type\":\"WebSite\",\"@id\":\"https:\/\/www.fondazionepirelli.org\/it\/#website\",\"url\":\"https:\/\/www.fondazionepirelli.org\/it\/\",\"name\":\"Fondazione Pirelli\",\"description\":\"\",\"potentialAction\":[{\"@type\":\"SearchAction\",\"target\":{\"@type\":\"EntryPoint\",\"urlTemplate\":\"https:\/\/www.fondazionepirelli.org\/it\/?s={search_term_string}\"},\"query-input\":{\"@type\":\"PropertyValueSpecification\",\"valueRequired\":true,\"valueName\":\"search_term_string\"}}],\"inLanguage\":\"it-IT\"},{\"@type\":\"Person\",\"@id\":\"https:\/\/www.fondazionepirelli.org\/it\/#\/schema\/person\/c31fcf5937a0e6afa45497f3f8b6d7a0\",\"name\":\"fondazionepirelli\",\"image\":{\"@type\":\"ImageObject\",\"inLanguage\":\"it-IT\",\"@id\":\"https:\/\/www.fondazionepirelli.org\/it\/#\/schema\/person\/image\/\",\"url\":\"https:\/\/secure.gravatar.com\/avatar\/9cb486421ce1d6eddbf6c4fb66841b4325b786695f7aedf1dde2222428218696?s=96&d=mm&r=g\",\"contentUrl\":\"https:\/\/secure.gravatar.com\/avatar\/9cb486421ce1d6eddbf6c4fb66841b4325b786695f7aedf1dde2222428218696?s=96&d=mm&r=g\",\"caption\":\"fondazionepirelli\"},\"url\":\"https:\/\/www.fondazionepirelli.org\/it\/author\/fondazionepirelli\/\"}]}<\/script>\n<!-- \/ Yoast SEO plugin. -->","yoast_head_json":{"title":"Modernit\u00e0 da cambiare - Fondazione Pirelli","robots":{"index":"index","follow":"follow","max-snippet":"max-snippet:-1","max-image-preview":"max-image-preview:large","max-video-preview":"max-video-preview:-1"},"canonical":"https:\/\/www.fondazionepirelli.org\/it\/cultura-dimpresa\/modernita-da-cambiare\/","og_locale":"it_IT","og_type":"article","og_title":"Modernit\u00e0 da cambiare - Fondazione Pirelli","og_description":"Un libro appena pubblicato propone una lettura e una prospettiva diverse della realt\u00e0Cambio di passo per restare al passo. Necessit\u00e0 per tutti, anche per imprenditori e manager che vogliano dare per davvero un\u2019orizzonte nuovo alle proprie imprese. E necessit\u00e0 per tutti, quella di cambiare occhiali con cui guardare al mondo. Per questo serve leggere, e [&hellip;]","og_url":"https:\/\/127.0.0.1\/it\/cultura-dimpresa\/modernita-da-cambiare\/","og_site_name":"Fondazione Pirelli","article_published_time":"2023-04-12T12:01:25+00:00","og_image":[{"width":1000,"height":1577,"url":"https:\/\/wpsite-assets.fondazionepirelli.org\/wp-content\/uploads\/2023\/04\/11074624\/DA8812B0-F534-4808-9AB0-FD1A327C2AD6.jpeg","type":"image\/jpeg"}],"author":"fondazionepirelli","twitter_card":"summary_large_image","twitter_misc":{"Scritto da":"fondazionepirelli","Tempo di lettura stimato":"2 minuti"},"schema":{"@context":"https:\/\/schema.org","@graph":[{"@type":"WebPage","@id":"https:\/\/127.0.0.1\/it\/cultura-dimpresa\/modernita-da-cambiare\/","url":"https:\/\/127.0.0.1\/it\/cultura-dimpresa\/modernita-da-cambiare\/","name":"Modernit\u00e0 da cambiare - Fondazione Pirelli","isPartOf":{"@id":"https:\/\/www.fondazionepirelli.org\/it\/#website"},"primaryImageOfPage":{"@id":"https:\/\/127.0.0.1\/it\/cultura-dimpresa\/modernita-da-cambiare\/#primaryimage"},"image":{"@id":"https:\/\/127.0.0.1\/it\/cultura-dimpresa\/modernita-da-cambiare\/#primaryimage"},"thumbnailUrl":"https:\/\/wpsite-assets.fondazionepirelli.org\/wp-content\/uploads\/2023\/04\/11074624\/DA8812B0-F534-4808-9AB0-FD1A327C2AD6.jpeg","datePublished":"2023-04-12T12:01:25+00:00","author":{"@id":"https:\/\/www.fondazionepirelli.org\/it\/#\/schema\/person\/c31fcf5937a0e6afa45497f3f8b6d7a0"},"breadcrumb":{"@id":"https:\/\/127.0.0.1\/it\/cultura-dimpresa\/modernita-da-cambiare\/#breadcrumb"},"inLanguage":"it-IT","potentialAction":[{"@type":"ReadAction","target":["https:\/\/127.0.0.1\/it\/cultura-dimpresa\/modernita-da-cambiare\/"]}]},{"@type":"ImageObject","inLanguage":"it-IT","@id":"https:\/\/127.0.0.1\/it\/cultura-dimpresa\/modernita-da-cambiare\/#primaryimage","url":"https:\/\/wpsite-assets.fondazionepirelli.org\/wp-content\/uploads\/2023\/04\/11074624\/DA8812B0-F534-4808-9AB0-FD1A327C2AD6.jpeg","contentUrl":"https:\/\/wpsite-assets.fondazionepirelli.org\/wp-content\/uploads\/2023\/04\/11074624\/DA8812B0-F534-4808-9AB0-FD1A327C2AD6.jpeg","width":1000,"height":1577},{"@type":"BreadcrumbList","@id":"https:\/\/127.0.0.1\/it\/cultura-dimpresa\/modernita-da-cambiare\/#breadcrumb","itemListElement":[{"@type":"ListItem","position":1,"name":"Home","item":"https:\/\/www.fondazionepirelli.org\/it\/"},{"@type":"ListItem","position":2,"name":"Modernit\u00e0 da cambiare"}]},{"@type":"WebSite","@id":"https:\/\/www.fondazionepirelli.org\/it\/#website","url":"https:\/\/www.fondazionepirelli.org\/it\/","name":"Fondazione Pirelli","description":"","potentialAction":[{"@type":"SearchAction","target":{"@type":"EntryPoint","urlTemplate":"https:\/\/www.fondazionepirelli.org\/it\/?s={search_term_string}"},"query-input":{"@type":"PropertyValueSpecification","valueRequired":true,"valueName":"search_term_string"}}],"inLanguage":"it-IT"},{"@type":"Person","@id":"https:\/\/www.fondazionepirelli.org\/it\/#\/schema\/person\/c31fcf5937a0e6afa45497f3f8b6d7a0","name":"fondazionepirelli","image":{"@type":"ImageObject","inLanguage":"it-IT","@id":"https:\/\/www.fondazionepirelli.org\/it\/#\/schema\/person\/image\/","url":"https:\/\/secure.gravatar.com\/avatar\/9cb486421ce1d6eddbf6c4fb66841b4325b786695f7aedf1dde2222428218696?s=96&d=mm&r=g","contentUrl":"https:\/\/secure.gravatar.com\/avatar\/9cb486421ce1d6eddbf6c4fb66841b4325b786695f7aedf1dde2222428218696?s=96&d=mm&r=g","caption":"fondazionepirelli"},"url":"https:\/\/www.fondazionepirelli.org\/it\/author\/fondazionepirelli\/"}]}},"_links":{"self":[{"href":"https:\/\/www.fondazionepirelli.org\/it\/wp-json\/wp\/v2\/posts\/95482\/"}],"collection":[{"href":"https:\/\/www.fondazionepirelli.org\/it\/wp-json\/wp\/v2\/posts\/"}],"about":[{"href":"https:\/\/www.fondazionepirelli.org\/it\/wp-json\/wp\/v2\/types\/post\/"}],"author":[{"embeddable":true,"href":"https:\/\/www.fondazionepirelli.org\/it\/wp-json\/wp\/v2\/users\/9\/"}],"replies":[{"embeddable":true,"href":"https:\/\/www.fondazionepirelli.org\/it\/wp-json\/wp\/v2\/comments\/?post=95482"}],"version-history":[{"count":3,"href":"https:\/\/www.fondazionepirelli.org\/it\/wp-json\/wp\/v2\/posts\/95482\/revisions\/"}],"predecessor-version":[{"id":95518,"href":"https:\/\/www.fondazionepirelli.org\/it\/wp-json\/wp\/v2\/posts\/95482\/revisions\/95518\/"}],"wp:featuredmedia":[{"embeddable":true,"href":"https:\/\/www.fondazionepirelli.org\/it\/wp-json\/wp\/v2\/media\/95483\/"}],"wp:attachment":[{"href":"https:\/\/www.fondazionepirelli.org\/it\/wp-json\/wp\/v2\/media\/?parent=95482"}],"wp:term":[{"taxonomy":"category","embeddable":true,"href":"https:\/\/www.fondazionepirelli.org\/it\/wp-json\/wp\/v2\/categories\/?post=95482"},{"taxonomy":"post_tag","embeddable":true,"href":"https:\/\/www.fondazionepirelli.org\/it\/wp-json\/wp\/v2\/tags\/?post=95482"}],"curies":[{"name":"wp","href":"https:\/\/api.w.org\/{rel}","templated":true}]}}