{"id":95492,"date":"2023-04-11T15:52:39","date_gmt":"2023-04-11T14:52:39","guid":{"rendered":"https:\/\/www.fondazionepirelli.org\/?p=95492"},"modified":"2023-04-12T08:15:20","modified_gmt":"2023-04-12T07:15:20","slug":"viaggio-e-modernita-tra-cinema-e-storia-si-e-conclusa-lxi-edizione-del-corso-di-aggiornamento-per-docenti","status":"publish","type":"post","link":"https:\/\/www.fondazionepirelli.org\/it\/education\/viaggio-e-modernita-tra-cinema-e-storia-si-e-conclusa-lxi-edizione-del-corso-di-aggiornamento-per-docenti\/","title":{"rendered":"Viaggio e modernit\u00e0, tra Cinema e Storia.<br> Si \u00e8 conclusa l&#8217;XI edizione del Corso di aggiornamento per docenti"},"content":{"rendered":"<p>Si \u00e8 concluso il 3 aprile \u201c<strong>Cinema &amp; Storia \u2013 Viaggio e modernit\u00e0<\/strong>\u201d, il corso di formazione gratuito per docenti\u00a0delle scuole secondarie, promosso da\u00a0<strong>Fondazione Pirelli e Fondazione ISEC<\/strong>, in collaborazione con il\u00a0<strong>Cinema Beltrade <\/strong>di Milano.<\/p>\n<p>Sei gli appuntamenti online che hanno coinvolto pi\u00f9 di 200 docenti da tutta Italia sulla tematica del viaggio indagato tra metafora e realt\u00e0: cinque lezioni condotte da docenti universitari e affiancate da una selezione di film resi disponibili in streaming e commentati da esperti del settore, e un laboratorio didattico sui linguaggi cinematografici.<\/p>\n<p>Il corso \u00e8 stato avviato dalla lezione del professor <strong>Gian Luca Podest\u00e0<\/strong>, docente di Storia Economica presso l\u2019<strong>Universit\u00e0 degli Studi di Parma<\/strong>, che ha analizzato l\u2019espansione coloniale italiana in Africa, tentativo di consacrare la giovane nazione tra le grandi potenze, e i suoi rapporti con gli ideali di unificazione del Risorgimento.<br \/>\nIl legame con l\u2019Africa \u00e8 stato esaminato anche nel film <strong><em>Safari<\/em><\/strong> di Ulrich Seidl (2016), una spietata ricerca antropologica che registra voci e riflessioni di ricchi turisti austriaci e tedeschi durante le battute di caccia nelle riserve al confine fra Namibia e Sudafrica. Tra economia, vita e morte, il film ricerca il senso dell\u2019attivit\u00e0 venatoria.<\/p>\n<p>Tra la prima e la seconda lezione \u00e8 stato proposto un appuntamento curato da<strong>\u00a0Monica Naldi<\/strong>, tra i responsabili del<strong>\u00a0Cinema Beltrade,<\/strong>\u00a0che con il laboratorio\u00a0<strong><em>In viaggio con Pigmalione \u2013 il potere delle immagini in movimento<\/em><\/strong>\u00a0ha condotto i docenti verso un utilizzo pi\u00f9 consapevole del testo filmico a fini didattici, a partire dalla scelta dei titoli fino alle modalit\u00e0 di approfondimento con gli studenti in classe.<\/p>\n<p>La seconda lezione \u00e8 stata tenuta dalla professoressa <strong>Patrizia Battilani<\/strong>, docente di Storia dell\u2019Economia e del Turismo presso l\u2019<strong>Universit\u00e0 di Bologna<\/strong>, che ha offerto uno sguardo sulle profonde trasformazioni che i cambiamenti tecnologici e di costume degli ultimi due secoli hanno prodotto sul settore del turismo culturale. Un racconto che dal Grand Tour giunge fino ai voli Low Cost di oggi.<br \/>\nUn\u2019attualit\u00e0 caratterizzata da un\u2019esistenza frenetica, fatta di spostamenti infiniti, e da un lavoro che non tiene pi\u00f9 conto dei ritmi umani \u00e8 il ritratto simbolico che emerge dal film <strong><em>Generazione Low Cost<\/em><\/strong> di Julie Lecoustre e Emmanuel Marre (2022) e dalla sua protagonista, Cassandra, alle prese con gli affetti, le inquietudini e le speranze del suo tempo.<\/p>\n<p>Il professor <strong>Sandro Rinauro<\/strong>, del dipartimento di Geografia Politica ed Economica all\u2019<strong>Universit\u00e0 degli Studi di Milano<\/strong>, ha approfondito, durante la terza lezione del corso, le migrazioni interne degli italiani dagli anni Trenta del Novecento fino all\u2019intenso periodo della ricostruzione e del boom economico. Non \u00e8 mancato uno sguardo alla contemporaneit\u00e0 e ai cambiamenti della geografia migratoria delle partenze e delle destinazioni.<br \/>\nIl film <strong><em>Europa<\/em><\/strong> di Haider Rashid (2021) ha condotto i corsisti attraverso un racconto straordinario e fortemente immersivo, una strenua lotta per la libert\u00e0 e la vita. Kamal \u00e8 un giovane iracheno che seguendo la \u201crotta balcanica\u201d cerca di entrare in Europa a piedi, in fuga dalla polizia bulgara e dai \u201cCacciatori di Migranti\u201d.<\/p>\n<p>Il <strong>Direttore della Fondazione Pirelli<\/strong> <strong>Antonio Calabr\u00f2<\/strong> ha condotto una lezione sul viaggio degli imprenditori, inteso non solo come occasione per apprendere nuove prospettive ma come viaggio delle idee, delle conoscenze, delle informazioni e dei capitali. Una lunga storia che giunge alla necessit\u00e0 odierna di \u201cripensare la globalizzazione\u201d e definire criteri pi\u00f9 equilibrati.<br \/>\nAd affiancare questa quarta lezione \u00e8 stato il film <strong><em>Erasmus a Gaza<\/em><\/strong> di Matteo Delb\u00f2 e Chiara Avesani (2021). \u00c8 il percorso di formazione e di crescita umana verso l\u2019impresa di costruire il proprio futuro professionale di Riccardo, giovane studente di medicina, nella Striscia di Gaza.<\/p>\n<p>Con l\u2019ultima lezione del corso, condotta dalla professoressa <strong>Raimonda Riccini<\/strong>, docente di Storia del Design all\u2019<strong>Universit\u00e0 IUAV di Venezia<\/strong>, gli insegnanti si sono confrontati con il movimento, nel tempo e nello spazio, degli oggetti quotidiani: bussole moderne che ci orientano nel sistema dei consumi come nella dimensione del ricordo e degli affetti.<br \/>\n\u201cCosa accadrebbe se un artista famoso offrisse a un rifugiato di diventare una sua opera per ottenere la libert\u00e0 di movimento?\u201d. Questo quesito della regista Kaouther Ben Hania \u00e8 stato il punto di partenza per il film <strong><em>L\u2019uomo che vendette la sua pelle<\/em><\/strong> (2020). Sam Ali, un giovane siriano, viene cos\u00ec trasformato in merce, in oggetto artistico, tramite un visto Schengen tatuato sulla schiena. Una profonda riflessione sul concetto di libert\u00e0.<\/p><p><strong>\u00a0<\/strong><\/p>\n<p><strong>\u00a0<\/strong><\/p>\n<p><strong>\u00a0<\/strong><\/p>\n<p><strong>\u00a0<\/strong><\/p>\n","protected":false},"excerpt":{"rendered":"<p>Si \u00e8 concluso il 3 aprile \u201cCinema &amp; Storia \u2013 Viaggio e modernit\u00e0\u201d, il corso di formazione gratuito per docenti\u00a0delle scuole secondarie, promosso da\u00a0Fondazione Pirelli e Fondazione ISEC, in collaborazione con il\u00a0Cinema Beltrade di Milano. Sei gli appuntamenti online che hanno coinvolto pi\u00f9 di 200 docenti da tutta Italia sulla tematica del viaggio indagato tra [&hellip;]<\/p>\n","protected":false},"author":9,"featured_media":95494,"comment_status":"open","ping_status":"open","sticky":false,"template":"","format":"standard","meta":{"footnotes":""},"categories":[59,121],"tags":[217,109],"class_list":["post-95492","post","type-post","status-publish","format-standard","has-post-thumbnail","hentry","category-education","category-per-gli-insegnanti","tag-cinema-e-storia","tag-comunicare-limpresa"],"acf":[],"yoast_head":"<!-- This site is optimized with the Yoast SEO plugin v25.0 - https:\/\/yoast.com\/wordpress\/plugins\/seo\/ -->\n<title>Viaggio e modernit\u00e0, tra Cinema e Storia. Si \u00e8 conclusa l&#039;XI edizione del Corso di aggiornamento per docenti - Fondazione Pirelli<\/title>\n<meta name=\"robots\" content=\"index, follow, max-snippet:-1, max-image-preview:large, max-video-preview:-1\" \/>\n<link rel=\"canonical\" href=\"https:\/\/www.fondazionepirelli.org\/it\/education\/viaggio-e-modernita-tra-cinema-e-storia-si-e-conclusa-lxi-edizione-del-corso-di-aggiornamento-per-docenti\/\" \/>\n<meta property=\"og:locale\" content=\"it_IT\" \/>\n<meta property=\"og:type\" content=\"article\" \/>\n<meta property=\"og:title\" content=\"Viaggio e modernit\u00e0, tra Cinema e Storia. Si \u00e8 conclusa l&#039;XI edizione del Corso di aggiornamento per docenti - Fondazione Pirelli\" \/>\n<meta property=\"og:description\" content=\"Si \u00e8 concluso il 3 aprile \u201cCinema &amp; Storia \u2013 Viaggio e modernit\u00e0\u201d, il corso di formazione gratuito per docenti\u00a0delle scuole secondarie, promosso da\u00a0Fondazione Pirelli e Fondazione ISEC, in collaborazione con il\u00a0Cinema Beltrade di Milano. Sei gli appuntamenti online che hanno coinvolto pi\u00f9 di 200 docenti da tutta Italia sulla tematica del viaggio indagato tra [&hellip;]\" \/>\n<meta property=\"og:url\" content=\"https:\/\/www.fondazionepirelli.org\/it\/education\/viaggio-e-modernita-tra-cinema-e-storia-si-e-conclusa-lxi-edizione-del-corso-di-aggiornamento-per-docenti\/\" \/>\n<meta property=\"og:site_name\" content=\"Fondazione Pirelli\" \/>\n<meta property=\"article:published_time\" content=\"2023-04-11T14:52:39+00:00\" \/>\n<meta property=\"article:modified_time\" content=\"2023-04-12T07:15:20+00:00\" \/>\n<meta property=\"og:image\" content=\"https:\/\/wpsite-assets.fondazionepirelli.org\/wp-content\/uploads\/2023\/04\/11155204\/RivistaPirelli_1949_00006_067-e1681224732501.jpg\" \/>\n\t<meta property=\"og:image:width\" content=\"500\" \/>\n\t<meta property=\"og:image:height\" content=\"675\" \/>\n\t<meta property=\"og:image:type\" content=\"image\/jpeg\" \/>\n<meta name=\"author\" content=\"fondazionepirelli\" \/>\n<meta name=\"twitter:card\" content=\"summary_large_image\" \/>\n<meta name=\"twitter:label1\" content=\"Scritto da\" \/>\n\t<meta name=\"twitter:data1\" content=\"fondazionepirelli\" \/>\n\t<meta name=\"twitter:label2\" content=\"Tempo di lettura stimato\" \/>\n\t<meta name=\"twitter:data2\" content=\"4 minuti\" \/>\n<script type=\"application\/ld+json\" class=\"yoast-schema-graph\">{\"@context\":\"https:\/\/schema.org\",\"@graph\":[{\"@type\":\"WebPage\",\"@id\":\"https:\/\/www.fondazionepirelli.org\/it\/education\/viaggio-e-modernita-tra-cinema-e-storia-si-e-conclusa-lxi-edizione-del-corso-di-aggiornamento-per-docenti\/\",\"url\":\"https:\/\/www.fondazionepirelli.org\/it\/education\/viaggio-e-modernita-tra-cinema-e-storia-si-e-conclusa-lxi-edizione-del-corso-di-aggiornamento-per-docenti\/\",\"name\":\"Viaggio e modernit\u00e0, tra Cinema e Storia. Si \u00e8 conclusa l'XI edizione del Corso di aggiornamento per docenti - Fondazione Pirelli\",\"isPartOf\":{\"@id\":\"https:\/\/www.fondazionepirelli.org\/it\/#website\"},\"primaryImageOfPage\":{\"@id\":\"https:\/\/www.fondazionepirelli.org\/it\/education\/viaggio-e-modernita-tra-cinema-e-storia-si-e-conclusa-lxi-edizione-del-corso-di-aggiornamento-per-docenti\/#primaryimage\"},\"image\":{\"@id\":\"https:\/\/www.fondazionepirelli.org\/it\/education\/viaggio-e-modernita-tra-cinema-e-storia-si-e-conclusa-lxi-edizione-del-corso-di-aggiornamento-per-docenti\/#primaryimage\"},\"thumbnailUrl\":\"https:\/\/wpsite-assets.fondazionepirelli.org\/wp-content\/uploads\/2023\/04\/11155204\/RivistaPirelli_1949_00006_067-e1681224732501.jpg\",\"datePublished\":\"2023-04-11T14:52:39+00:00\",\"dateModified\":\"2023-04-12T07:15:20+00:00\",\"author\":{\"@id\":\"https:\/\/www.fondazionepirelli.org\/it\/#\/schema\/person\/c31fcf5937a0e6afa45497f3f8b6d7a0\"},\"breadcrumb\":{\"@id\":\"https:\/\/www.fondazionepirelli.org\/it\/education\/viaggio-e-modernita-tra-cinema-e-storia-si-e-conclusa-lxi-edizione-del-corso-di-aggiornamento-per-docenti\/#breadcrumb\"},\"inLanguage\":\"it-IT\",\"potentialAction\":[{\"@type\":\"ReadAction\",\"target\":[\"https:\/\/www.fondazionepirelli.org\/it\/education\/viaggio-e-modernita-tra-cinema-e-storia-si-e-conclusa-lxi-edizione-del-corso-di-aggiornamento-per-docenti\/\"]}]},{\"@type\":\"ImageObject\",\"inLanguage\":\"it-IT\",\"@id\":\"https:\/\/www.fondazionepirelli.org\/it\/education\/viaggio-e-modernita-tra-cinema-e-storia-si-e-conclusa-lxi-edizione-del-corso-di-aggiornamento-per-docenti\/#primaryimage\",\"url\":\"https:\/\/wpsite-assets.fondazionepirelli.org\/wp-content\/uploads\/2023\/04\/11155204\/RivistaPirelli_1949_00006_067-e1681224732501.jpg\",\"contentUrl\":\"https:\/\/wpsite-assets.fondazionepirelli.org\/wp-content\/uploads\/2023\/04\/11155204\/RivistaPirelli_1949_00006_067-e1681224732501.jpg\",\"width\":500,\"height\":675},{\"@type\":\"BreadcrumbList\",\"@id\":\"https:\/\/www.fondazionepirelli.org\/it\/education\/viaggio-e-modernita-tra-cinema-e-storia-si-e-conclusa-lxi-edizione-del-corso-di-aggiornamento-per-docenti\/#breadcrumb\",\"itemListElement\":[{\"@type\":\"ListItem\",\"position\":1,\"name\":\"Home\",\"item\":\"https:\/\/www.fondazionepirelli.org\/it\/\"},{\"@type\":\"ListItem\",\"position\":2,\"name\":\"Viaggio e modernit\u00e0, tra Cinema e Storia. Si \u00e8 conclusa l&#8217;XI edizione del Corso di aggiornamento per docenti\"}]},{\"@type\":\"WebSite\",\"@id\":\"https:\/\/www.fondazionepirelli.org\/it\/#website\",\"url\":\"https:\/\/www.fondazionepirelli.org\/it\/\",\"name\":\"Fondazione Pirelli\",\"description\":\"\",\"potentialAction\":[{\"@type\":\"SearchAction\",\"target\":{\"@type\":\"EntryPoint\",\"urlTemplate\":\"https:\/\/www.fondazionepirelli.org\/it\/?s={search_term_string}\"},\"query-input\":{\"@type\":\"PropertyValueSpecification\",\"valueRequired\":true,\"valueName\":\"search_term_string\"}}],\"inLanguage\":\"it-IT\"},{\"@type\":\"Person\",\"@id\":\"https:\/\/www.fondazionepirelli.org\/it\/#\/schema\/person\/c31fcf5937a0e6afa45497f3f8b6d7a0\",\"name\":\"fondazionepirelli\",\"image\":{\"@type\":\"ImageObject\",\"inLanguage\":\"it-IT\",\"@id\":\"https:\/\/www.fondazionepirelli.org\/it\/#\/schema\/person\/image\/\",\"url\":\"https:\/\/secure.gravatar.com\/avatar\/9cb486421ce1d6eddbf6c4fb66841b4325b786695f7aedf1dde2222428218696?s=96&d=mm&r=g\",\"contentUrl\":\"https:\/\/secure.gravatar.com\/avatar\/9cb486421ce1d6eddbf6c4fb66841b4325b786695f7aedf1dde2222428218696?s=96&d=mm&r=g\",\"caption\":\"fondazionepirelli\"},\"url\":\"https:\/\/www.fondazionepirelli.org\/it\/author\/fondazionepirelli\/\"}]}<\/script>\n<!-- \/ Yoast SEO plugin. -->","yoast_head_json":{"title":"Viaggio e modernit\u00e0, tra Cinema e Storia. Si \u00e8 conclusa l'XI edizione del Corso di aggiornamento per docenti - Fondazione Pirelli","robots":{"index":"index","follow":"follow","max-snippet":"max-snippet:-1","max-image-preview":"max-image-preview:large","max-video-preview":"max-video-preview:-1"},"canonical":"https:\/\/www.fondazionepirelli.org\/it\/education\/viaggio-e-modernita-tra-cinema-e-storia-si-e-conclusa-lxi-edizione-del-corso-di-aggiornamento-per-docenti\/","og_locale":"it_IT","og_type":"article","og_title":"Viaggio e modernit\u00e0, tra Cinema e Storia. Si \u00e8 conclusa l'XI edizione del Corso di aggiornamento per docenti - Fondazione Pirelli","og_description":"Si \u00e8 concluso il 3 aprile \u201cCinema &amp; Storia \u2013 Viaggio e modernit\u00e0\u201d, il corso di formazione gratuito per docenti\u00a0delle scuole secondarie, promosso da\u00a0Fondazione Pirelli e Fondazione ISEC, in collaborazione con il\u00a0Cinema Beltrade di Milano. Sei gli appuntamenti online che hanno coinvolto pi\u00f9 di 200 docenti da tutta Italia sulla tematica del viaggio indagato tra [&hellip;]","og_url":"https:\/\/www.fondazionepirelli.org\/it\/education\/viaggio-e-modernita-tra-cinema-e-storia-si-e-conclusa-lxi-edizione-del-corso-di-aggiornamento-per-docenti\/","og_site_name":"Fondazione Pirelli","article_published_time":"2023-04-11T14:52:39+00:00","article_modified_time":"2023-04-12T07:15:20+00:00","og_image":[{"width":500,"height":675,"url":"https:\/\/wpsite-assets.fondazionepirelli.org\/wp-content\/uploads\/2023\/04\/11155204\/RivistaPirelli_1949_00006_067-e1681224732501.jpg","type":"image\/jpeg"}],"author":"fondazionepirelli","twitter_card":"summary_large_image","twitter_misc":{"Scritto da":"fondazionepirelli","Tempo di lettura stimato":"4 minuti"},"schema":{"@context":"https:\/\/schema.org","@graph":[{"@type":"WebPage","@id":"https:\/\/www.fondazionepirelli.org\/it\/education\/viaggio-e-modernita-tra-cinema-e-storia-si-e-conclusa-lxi-edizione-del-corso-di-aggiornamento-per-docenti\/","url":"https:\/\/www.fondazionepirelli.org\/it\/education\/viaggio-e-modernita-tra-cinema-e-storia-si-e-conclusa-lxi-edizione-del-corso-di-aggiornamento-per-docenti\/","name":"Viaggio e modernit\u00e0, tra Cinema e Storia. Si \u00e8 conclusa l'XI edizione del Corso di aggiornamento per docenti - Fondazione Pirelli","isPartOf":{"@id":"https:\/\/www.fondazionepirelli.org\/it\/#website"},"primaryImageOfPage":{"@id":"https:\/\/www.fondazionepirelli.org\/it\/education\/viaggio-e-modernita-tra-cinema-e-storia-si-e-conclusa-lxi-edizione-del-corso-di-aggiornamento-per-docenti\/#primaryimage"},"image":{"@id":"https:\/\/www.fondazionepirelli.org\/it\/education\/viaggio-e-modernita-tra-cinema-e-storia-si-e-conclusa-lxi-edizione-del-corso-di-aggiornamento-per-docenti\/#primaryimage"},"thumbnailUrl":"https:\/\/wpsite-assets.fondazionepirelli.org\/wp-content\/uploads\/2023\/04\/11155204\/RivistaPirelli_1949_00006_067-e1681224732501.jpg","datePublished":"2023-04-11T14:52:39+00:00","dateModified":"2023-04-12T07:15:20+00:00","author":{"@id":"https:\/\/www.fondazionepirelli.org\/it\/#\/schema\/person\/c31fcf5937a0e6afa45497f3f8b6d7a0"},"breadcrumb":{"@id":"https:\/\/www.fondazionepirelli.org\/it\/education\/viaggio-e-modernita-tra-cinema-e-storia-si-e-conclusa-lxi-edizione-del-corso-di-aggiornamento-per-docenti\/#breadcrumb"},"inLanguage":"it-IT","potentialAction":[{"@type":"ReadAction","target":["https:\/\/www.fondazionepirelli.org\/it\/education\/viaggio-e-modernita-tra-cinema-e-storia-si-e-conclusa-lxi-edizione-del-corso-di-aggiornamento-per-docenti\/"]}]},{"@type":"ImageObject","inLanguage":"it-IT","@id":"https:\/\/www.fondazionepirelli.org\/it\/education\/viaggio-e-modernita-tra-cinema-e-storia-si-e-conclusa-lxi-edizione-del-corso-di-aggiornamento-per-docenti\/#primaryimage","url":"https:\/\/wpsite-assets.fondazionepirelli.org\/wp-content\/uploads\/2023\/04\/11155204\/RivistaPirelli_1949_00006_067-e1681224732501.jpg","contentUrl":"https:\/\/wpsite-assets.fondazionepirelli.org\/wp-content\/uploads\/2023\/04\/11155204\/RivistaPirelli_1949_00006_067-e1681224732501.jpg","width":500,"height":675},{"@type":"BreadcrumbList","@id":"https:\/\/www.fondazionepirelli.org\/it\/education\/viaggio-e-modernita-tra-cinema-e-storia-si-e-conclusa-lxi-edizione-del-corso-di-aggiornamento-per-docenti\/#breadcrumb","itemListElement":[{"@type":"ListItem","position":1,"name":"Home","item":"https:\/\/www.fondazionepirelli.org\/it\/"},{"@type":"ListItem","position":2,"name":"Viaggio e modernit\u00e0, tra Cinema e Storia. Si \u00e8 conclusa l&#8217;XI edizione del Corso di aggiornamento per docenti"}]},{"@type":"WebSite","@id":"https:\/\/www.fondazionepirelli.org\/it\/#website","url":"https:\/\/www.fondazionepirelli.org\/it\/","name":"Fondazione Pirelli","description":"","potentialAction":[{"@type":"SearchAction","target":{"@type":"EntryPoint","urlTemplate":"https:\/\/www.fondazionepirelli.org\/it\/?s={search_term_string}"},"query-input":{"@type":"PropertyValueSpecification","valueRequired":true,"valueName":"search_term_string"}}],"inLanguage":"it-IT"},{"@type":"Person","@id":"https:\/\/www.fondazionepirelli.org\/it\/#\/schema\/person\/c31fcf5937a0e6afa45497f3f8b6d7a0","name":"fondazionepirelli","image":{"@type":"ImageObject","inLanguage":"it-IT","@id":"https:\/\/www.fondazionepirelli.org\/it\/#\/schema\/person\/image\/","url":"https:\/\/secure.gravatar.com\/avatar\/9cb486421ce1d6eddbf6c4fb66841b4325b786695f7aedf1dde2222428218696?s=96&d=mm&r=g","contentUrl":"https:\/\/secure.gravatar.com\/avatar\/9cb486421ce1d6eddbf6c4fb66841b4325b786695f7aedf1dde2222428218696?s=96&d=mm&r=g","caption":"fondazionepirelli"},"url":"https:\/\/www.fondazionepirelli.org\/it\/author\/fondazionepirelli\/"}]}},"_links":{"self":[{"href":"https:\/\/www.fondazionepirelli.org\/it\/wp-json\/wp\/v2\/posts\/95492\/"}],"collection":[{"href":"https:\/\/www.fondazionepirelli.org\/it\/wp-json\/wp\/v2\/posts\/"}],"about":[{"href":"https:\/\/www.fondazionepirelli.org\/it\/wp-json\/wp\/v2\/types\/post\/"}],"author":[{"embeddable":true,"href":"https:\/\/www.fondazionepirelli.org\/it\/wp-json\/wp\/v2\/users\/9\/"}],"replies":[{"embeddable":true,"href":"https:\/\/www.fondazionepirelli.org\/it\/wp-json\/wp\/v2\/comments\/?post=95492"}],"version-history":[{"count":6,"href":"https:\/\/www.fondazionepirelli.org\/it\/wp-json\/wp\/v2\/posts\/95492\/revisions\/"}],"predecessor-version":[{"id":95510,"href":"https:\/\/www.fondazionepirelli.org\/it\/wp-json\/wp\/v2\/posts\/95492\/revisions\/95510\/"}],"wp:featuredmedia":[{"embeddable":true,"href":"https:\/\/www.fondazionepirelli.org\/it\/wp-json\/wp\/v2\/media\/95494\/"}],"wp:attachment":[{"href":"https:\/\/www.fondazionepirelli.org\/it\/wp-json\/wp\/v2\/media\/?parent=95492"}],"wp:term":[{"taxonomy":"category","embeddable":true,"href":"https:\/\/www.fondazionepirelli.org\/it\/wp-json\/wp\/v2\/categories\/?post=95492"},{"taxonomy":"post_tag","embeddable":true,"href":"https:\/\/www.fondazionepirelli.org\/it\/wp-json\/wp\/v2\/tags\/?post=95492"}],"curies":[{"name":"wp","href":"https:\/\/api.w.org\/{rel}","templated":true}]}}