{"id":95573,"date":"2023-04-19T11:38:00","date_gmt":"2023-04-19T10:38:00","guid":{"rendered":"https:\/\/www.fondazionepirelli.org\/?p=95573"},"modified":"2023-04-19T11:38:00","modified_gmt":"2023-04-19T10:38:00","slug":"responsabilita-sociale-e-sostenibilita-dimpresa","status":"publish","type":"post","link":"https:\/\/www.fondazionepirelli.org\/it\/cultura-dimpresa\/responsabilita-sociale-e-sostenibilita-dimpresa\/","title":{"rendered":"Responsabilit\u00e0 sociale e sostenibilit\u00e0 d\u2019impresa"},"content":{"rendered":"<p><em>Una tesi discussa a Padova affronta in modo chiaro due temi controversi e dibattuti<\/em><\/p><p>Sviluppo attento all\u2019ambiente e ruolo delle imprese nel territorio e nel sistema sociale in cui agiscono. Binomio importante (sempre di pi\u00f9) e ormai noto (ma forse non abbastanza esplorato). Come tutte le grandi idee dell\u2019oggi: nei discorsi di tutti ma, spesso, in modo superficiale. Per capire, servono sintesi efficaci come quella che ha composto Lorenzo Visentini con il suo lavoro di laurea discusso presso l\u2019Universit\u00e0 di Padova Dipartimento di Filosofia, Sociologia, Pedagogia e Psicologia Applicata.<\/p>\n<p>\u201cL\u2019evoluzione della sostenibilit\u00e0 nei processi economici\u201d \u2013 questo il titolo della ricerca \u2013 \u00e8 una onesta sintesi dei temi dello sviluppo sostenibile e della responsabilit\u00e0 sociale d\u2019impresa oltre che delle loro relazioni.<\/p>\n<p>L\u2019idea alla base del lavoro \u00e8 che \u201cil tema della sostenibilit\u00e0, non solo nella sua accezione ambientale, \u00e8 un argomento che tende ad essere sempre pi\u00f9 al centro sia della vita quotidiana delle persone, sia di aziende e imprese. Queste ultime in particolare tendono ad essere maggiormente coinvolte nel dibattito sull\u2019argomento, specie da quando essere sostenibili \u00e8 diventato non pi\u00f9 un obiettivo, ma un punto di partenza per potersi dire competitivi sul mercato\u201d. Per affrontare i ragionamenti sulla compatibilit\u00e0 ambientale e sociale delle imprese insieme a quelli della loro responsabilit\u00e0, Visentini parte dapprima dal concetto di sviluppo sostenibile e, in un capitolo successivo, da quello di responsabilit\u00e0 sociale d\u2019impresa per poi arrivare all\u2019esame dal punto di vista dei cambiamenti in atto nel mondo del lavoro. Ne emerge una quadro nel quale sono disegnati i tratti di argomenti che suscitano forti dibattiti, spesso controversi, ma sempre stimolanti e fonti di ricchezza.<\/p>\n<p>La messa a punto di temi complessi e controversi che Visentini riesce a proporre a chi legge, rappresenta un buon vademecum sullo stato dell\u2019arte di questi ambiti di dibattito che toccano anche la gestione e la cultura d\u2019impresa.<\/p><p><a href=\"https:\/\/wpsite-assets.fondazionepirelli.org\/wp-content\/uploads\/2023\/04\/18143608\/Visentini_Lorenzo.pdf-2023-04-16-08_59_40.pdf\"><strong>L\u2019evoluzione della sostenibilit\u00e0 nei processi economici<\/strong><\/a><\/p>\n<p>Lorenzo Visentini<\/p>\n<p>Tesi, Universit\u00e0 degli studi di Padova, Dipartimento di Filosofia, Sociologia, Pedagogia e Psicologia Applicata Corso di Laurea Magistrale in Scienze della formazione continua, 2023<\/p>","protected":false},"excerpt":{"rendered":"<p>Una tesi discussa a Padova affronta in modo chiaro due temi controversi e dibattutiSviluppo attento all\u2019ambiente e ruolo delle imprese nel territorio e nel sistema sociale in cui agiscono. Binomio importante (sempre di pi\u00f9) e ormai noto (ma forse non abbastanza esplorato). Come tutte le grandi idee dell\u2019oggi: nei discorsi di tutti ma, spesso, in [&hellip;]<\/p>\n","protected":false},"author":9,"featured_media":0,"comment_status":"open","ping_status":"open","sticky":false,"template":"","format":"standard","meta":{"footnotes":""},"categories":[54,52],"tags":[],"class_list":["post-95573","post","type-post","status-publish","format-standard","hentry","category-approfondimenti","category-cultura-dimpresa"],"acf":[],"yoast_head":"<!-- This site is optimized with the Yoast SEO plugin v25.0 - https:\/\/yoast.com\/wordpress\/plugins\/seo\/ -->\n<title>Responsabilit\u00e0 sociale e sostenibilit\u00e0 d\u2019impresa - Fondazione Pirelli<\/title>\n<meta name=\"robots\" content=\"index, follow, max-snippet:-1, max-image-preview:large, max-video-preview:-1\" \/>\n<link rel=\"canonical\" href=\"https:\/\/www.fondazionepirelli.org\/it\/cultura-dimpresa\/responsabilita-sociale-e-sostenibilita-dimpresa\/\" \/>\n<meta property=\"og:locale\" content=\"it_IT\" \/>\n<meta property=\"og:type\" content=\"article\" \/>\n<meta property=\"og:title\" content=\"Responsabilit\u00e0 sociale e sostenibilit\u00e0 d\u2019impresa - Fondazione Pirelli\" \/>\n<meta property=\"og:description\" content=\"Una tesi discussa a Padova affronta in modo chiaro due temi controversi e dibattutiSviluppo attento all\u2019ambiente e ruolo delle imprese nel territorio e nel sistema sociale in cui agiscono. Binomio importante (sempre di pi\u00f9) e ormai noto (ma forse non abbastanza esplorato). Come tutte le grandi idee dell\u2019oggi: nei discorsi di tutti ma, spesso, in [&hellip;]\" \/>\n<meta property=\"og:url\" content=\"https:\/\/www.fondazionepirelli.org\/it\/cultura-dimpresa\/responsabilita-sociale-e-sostenibilita-dimpresa\/\" \/>\n<meta property=\"og:site_name\" content=\"Fondazione Pirelli\" \/>\n<meta property=\"article:published_time\" content=\"2023-04-19T10:38:00+00:00\" \/>\n<meta name=\"author\" content=\"fondazionepirelli\" \/>\n<meta name=\"twitter:card\" content=\"summary_large_image\" \/>\n<meta name=\"twitter:label1\" content=\"Scritto da\" \/>\n\t<meta name=\"twitter:data1\" content=\"fondazionepirelli\" \/>\n\t<meta name=\"twitter:label2\" content=\"Tempo di lettura stimato\" \/>\n\t<meta name=\"twitter:data2\" content=\"2 minuti\" \/>\n<script type=\"application\/ld+json\" class=\"yoast-schema-graph\">{\"@context\":\"https:\/\/schema.org\",\"@graph\":[{\"@type\":\"WebPage\",\"@id\":\"https:\/\/www.fondazionepirelli.org\/it\/cultura-dimpresa\/responsabilita-sociale-e-sostenibilita-dimpresa\/\",\"url\":\"https:\/\/www.fondazionepirelli.org\/it\/cultura-dimpresa\/responsabilita-sociale-e-sostenibilita-dimpresa\/\",\"name\":\"Responsabilit\u00e0 sociale e sostenibilit\u00e0 d\u2019impresa - Fondazione Pirelli\",\"isPartOf\":{\"@id\":\"https:\/\/www.fondazionepirelli.org\/it\/#website\"},\"datePublished\":\"2023-04-19T10:38:00+00:00\",\"author\":{\"@id\":\"https:\/\/www.fondazionepirelli.org\/it\/#\/schema\/person\/c31fcf5937a0e6afa45497f3f8b6d7a0\"},\"breadcrumb\":{\"@id\":\"https:\/\/www.fondazionepirelli.org\/it\/cultura-dimpresa\/responsabilita-sociale-e-sostenibilita-dimpresa\/#breadcrumb\"},\"inLanguage\":\"it-IT\",\"potentialAction\":[{\"@type\":\"ReadAction\",\"target\":[\"https:\/\/www.fondazionepirelli.org\/it\/cultura-dimpresa\/responsabilita-sociale-e-sostenibilita-dimpresa\/\"]}]},{\"@type\":\"BreadcrumbList\",\"@id\":\"https:\/\/www.fondazionepirelli.org\/it\/cultura-dimpresa\/responsabilita-sociale-e-sostenibilita-dimpresa\/#breadcrumb\",\"itemListElement\":[{\"@type\":\"ListItem\",\"position\":1,\"name\":\"Home\",\"item\":\"https:\/\/www.fondazionepirelli.org\/it\/\"},{\"@type\":\"ListItem\",\"position\":2,\"name\":\"Responsabilit\u00e0 sociale e sostenibilit\u00e0 d\u2019impresa\"}]},{\"@type\":\"WebSite\",\"@id\":\"https:\/\/www.fondazionepirelli.org\/it\/#website\",\"url\":\"https:\/\/www.fondazionepirelli.org\/it\/\",\"name\":\"Fondazione Pirelli\",\"description\":\"\",\"potentialAction\":[{\"@type\":\"SearchAction\",\"target\":{\"@type\":\"EntryPoint\",\"urlTemplate\":\"https:\/\/www.fondazionepirelli.org\/it\/?s={search_term_string}\"},\"query-input\":{\"@type\":\"PropertyValueSpecification\",\"valueRequired\":true,\"valueName\":\"search_term_string\"}}],\"inLanguage\":\"it-IT\"},{\"@type\":\"Person\",\"@id\":\"https:\/\/www.fondazionepirelli.org\/it\/#\/schema\/person\/c31fcf5937a0e6afa45497f3f8b6d7a0\",\"name\":\"fondazionepirelli\",\"image\":{\"@type\":\"ImageObject\",\"inLanguage\":\"it-IT\",\"@id\":\"https:\/\/www.fondazionepirelli.org\/it\/#\/schema\/person\/image\/\",\"url\":\"https:\/\/secure.gravatar.com\/avatar\/9cb486421ce1d6eddbf6c4fb66841b4325b786695f7aedf1dde2222428218696?s=96&d=mm&r=g\",\"contentUrl\":\"https:\/\/secure.gravatar.com\/avatar\/9cb486421ce1d6eddbf6c4fb66841b4325b786695f7aedf1dde2222428218696?s=96&d=mm&r=g\",\"caption\":\"fondazionepirelli\"},\"url\":\"https:\/\/www.fondazionepirelli.org\/it\/author\/fondazionepirelli\/\"}]}<\/script>\n<!-- \/ Yoast SEO plugin. -->","yoast_head_json":{"title":"Responsabilit\u00e0 sociale e sostenibilit\u00e0 d\u2019impresa - Fondazione Pirelli","robots":{"index":"index","follow":"follow","max-snippet":"max-snippet:-1","max-image-preview":"max-image-preview:large","max-video-preview":"max-video-preview:-1"},"canonical":"https:\/\/www.fondazionepirelli.org\/it\/cultura-dimpresa\/responsabilita-sociale-e-sostenibilita-dimpresa\/","og_locale":"it_IT","og_type":"article","og_title":"Responsabilit\u00e0 sociale e sostenibilit\u00e0 d\u2019impresa - Fondazione Pirelli","og_description":"Una tesi discussa a Padova affronta in modo chiaro due temi controversi e dibattutiSviluppo attento all\u2019ambiente e ruolo delle imprese nel territorio e nel sistema sociale in cui agiscono. Binomio importante (sempre di pi\u00f9) e ormai noto (ma forse non abbastanza esplorato). Come tutte le grandi idee dell\u2019oggi: nei discorsi di tutti ma, spesso, in [&hellip;]","og_url":"https:\/\/www.fondazionepirelli.org\/it\/cultura-dimpresa\/responsabilita-sociale-e-sostenibilita-dimpresa\/","og_site_name":"Fondazione Pirelli","article_published_time":"2023-04-19T10:38:00+00:00","author":"fondazionepirelli","twitter_card":"summary_large_image","twitter_misc":{"Scritto da":"fondazionepirelli","Tempo di lettura stimato":"2 minuti"},"schema":{"@context":"https:\/\/schema.org","@graph":[{"@type":"WebPage","@id":"https:\/\/www.fondazionepirelli.org\/it\/cultura-dimpresa\/responsabilita-sociale-e-sostenibilita-dimpresa\/","url":"https:\/\/www.fondazionepirelli.org\/it\/cultura-dimpresa\/responsabilita-sociale-e-sostenibilita-dimpresa\/","name":"Responsabilit\u00e0 sociale e sostenibilit\u00e0 d\u2019impresa - Fondazione Pirelli","isPartOf":{"@id":"https:\/\/www.fondazionepirelli.org\/it\/#website"},"datePublished":"2023-04-19T10:38:00+00:00","author":{"@id":"https:\/\/www.fondazionepirelli.org\/it\/#\/schema\/person\/c31fcf5937a0e6afa45497f3f8b6d7a0"},"breadcrumb":{"@id":"https:\/\/www.fondazionepirelli.org\/it\/cultura-dimpresa\/responsabilita-sociale-e-sostenibilita-dimpresa\/#breadcrumb"},"inLanguage":"it-IT","potentialAction":[{"@type":"ReadAction","target":["https:\/\/www.fondazionepirelli.org\/it\/cultura-dimpresa\/responsabilita-sociale-e-sostenibilita-dimpresa\/"]}]},{"@type":"BreadcrumbList","@id":"https:\/\/www.fondazionepirelli.org\/it\/cultura-dimpresa\/responsabilita-sociale-e-sostenibilita-dimpresa\/#breadcrumb","itemListElement":[{"@type":"ListItem","position":1,"name":"Home","item":"https:\/\/www.fondazionepirelli.org\/it\/"},{"@type":"ListItem","position":2,"name":"Responsabilit\u00e0 sociale e sostenibilit\u00e0 d\u2019impresa"}]},{"@type":"WebSite","@id":"https:\/\/www.fondazionepirelli.org\/it\/#website","url":"https:\/\/www.fondazionepirelli.org\/it\/","name":"Fondazione Pirelli","description":"","potentialAction":[{"@type":"SearchAction","target":{"@type":"EntryPoint","urlTemplate":"https:\/\/www.fondazionepirelli.org\/it\/?s={search_term_string}"},"query-input":{"@type":"PropertyValueSpecification","valueRequired":true,"valueName":"search_term_string"}}],"inLanguage":"it-IT"},{"@type":"Person","@id":"https:\/\/www.fondazionepirelli.org\/it\/#\/schema\/person\/c31fcf5937a0e6afa45497f3f8b6d7a0","name":"fondazionepirelli","image":{"@type":"ImageObject","inLanguage":"it-IT","@id":"https:\/\/www.fondazionepirelli.org\/it\/#\/schema\/person\/image\/","url":"https:\/\/secure.gravatar.com\/avatar\/9cb486421ce1d6eddbf6c4fb66841b4325b786695f7aedf1dde2222428218696?s=96&d=mm&r=g","contentUrl":"https:\/\/secure.gravatar.com\/avatar\/9cb486421ce1d6eddbf6c4fb66841b4325b786695f7aedf1dde2222428218696?s=96&d=mm&r=g","caption":"fondazionepirelli"},"url":"https:\/\/www.fondazionepirelli.org\/it\/author\/fondazionepirelli\/"}]}},"_links":{"self":[{"href":"https:\/\/www.fondazionepirelli.org\/it\/wp-json\/wp\/v2\/posts\/95573\/"}],"collection":[{"href":"https:\/\/www.fondazionepirelli.org\/it\/wp-json\/wp\/v2\/posts\/"}],"about":[{"href":"https:\/\/www.fondazionepirelli.org\/it\/wp-json\/wp\/v2\/types\/post\/"}],"author":[{"embeddable":true,"href":"https:\/\/www.fondazionepirelli.org\/it\/wp-json\/wp\/v2\/users\/9\/"}],"replies":[{"embeddable":true,"href":"https:\/\/www.fondazionepirelli.org\/it\/wp-json\/wp\/v2\/comments\/?post=95573"}],"version-history":[{"count":2,"href":"https:\/\/www.fondazionepirelli.org\/it\/wp-json\/wp\/v2\/posts\/95573\/revisions\/"}],"predecessor-version":[{"id":95577,"href":"https:\/\/www.fondazionepirelli.org\/it\/wp-json\/wp\/v2\/posts\/95573\/revisions\/95577\/"}],"wp:attachment":[{"href":"https:\/\/www.fondazionepirelli.org\/it\/wp-json\/wp\/v2\/media\/?parent=95573"}],"wp:term":[{"taxonomy":"category","embeddable":true,"href":"https:\/\/www.fondazionepirelli.org\/it\/wp-json\/wp\/v2\/categories\/?post=95573"},{"taxonomy":"post_tag","embeddable":true,"href":"https:\/\/www.fondazionepirelli.org\/it\/wp-json\/wp\/v2\/tags\/?post=95573"}],"curies":[{"name":"wp","href":"https:\/\/api.w.org\/{rel}","templated":true}]}}