{"id":95578,"date":"2023-04-19T11:37:47","date_gmt":"2023-04-19T10:37:47","guid":{"rendered":"https:\/\/www.fondazionepirelli.org\/?p=95578"},"modified":"2023-04-21T13:15:57","modified_gmt":"2023-04-21T12:15:57","slug":"milano-tra-successi-della-design-week-e-timori-per-i-nuovi-disagi-sociali","status":"publish","type":"post","link":"https:\/\/www.fondazionepirelli.org\/it\/cultura-dimpresa\/milano-tra-successi-della-design-week-e-timori-per-i-nuovi-disagi-sociali\/","title":{"rendered":"Milano tra successi della Design Week e timori per i nuovi disagi sociali"},"content":{"rendered":"<p>Eccola, la <strong>Design Week di<\/strong> <strong>Milano<\/strong>, per la 61\u00b0 volta al suo tradizionale appuntamento di met\u00e0 aprile, di anno in anno pi\u00f9 affollata, dinamica, ricca di incontri e di affari. Eccola in scena, come il pi\u00f9 importante appuntamento mondiale dell\u2019arredamento, tra esposizioni al Salone del Mobile in Fiera ed eventi del Fuorisalone che coinvolgono oramai venti quartieri, dai \u201cdistretti\u201d centrali di Brera e Tortona alle vivaci periferie ai margini di Lambrate.<\/p>\n<p>Eccole, la sintesi originali tra \u201c<strong>cultura del progetto<\/strong>\u201d e \u201c<strong>cultura del prodotto<\/strong>\u201d, grazie a un dialogo che via via si intensifica e si qualifica tra antichi e nuovi protagonisti internazionali del design e imprese costruttrici che proprio in Lombardia e soprattutto a <strong>Milano<\/strong> e in <strong>Brianza<\/strong> vantano eccellenze produttive non solo nell\u2019arredo, ma anche nella metalmeccanica: i mobili \u201calto di gamma\u201d che colpiscono i pubblici pi\u00f9 sofisticati di New York e Shanghai e le cerniere d\u2019acciaio che ne consentono un perfetto e durevole funzionamento.<\/p>\n<p>\u201cMilano pigliatutto\u201d, sintetizza \u201cla Repubblica\u201d (18 aprile), documentando come \u201ceventi, esposizioni, personaggi, show room e aree coinvolte in citt\u00e0 non sono mai state cos\u00ec numerose\u201d come in questa Settimana del Design. Ecco, appunto, i numeri: <strong>1.200 eventi<\/strong>, 1.962 espositori, 327mila visitatori attesi, il 65% dei quali stranieri, con una robusta presenza americana e cinese (erano 262mila lo scorso anno), un indotto generato sul territorio di 223,2 milioni di euro, il 37% in pi\u00f9 della scorsa edizione (secondo stime della Confcommercio).<\/p>\n<p>Milano attrattiva di<strong> talenti e business<\/strong>, dunque. Milano punto di riferimento di un settore tra i pi\u00f9 competitivi del made in Italy. Ma anche Milano che, proprio nel vortice delle grandi manifestazioni, dall\u2019arredamento alla moda, mostra non tanto al grande pubblico internazionale quanto soprattutto ai suoi abitanti alcune crepe che, dietro \u201cle mille luci\u201d, rivelano disagi e tensioni che fanno temere, nel medio-lungo periodo, una crisi del suo attuale modo di stare alla ribalta dell\u2019economia e della societ\u00e0. Come sottolinea, in efficace sintesi, proprio il \u201cCorriere della Sera\u201d, in un editoriale di Dario Di Vico sul Salone del Mobile (17 aprile): \u201cMentre si celebrano le virt\u00f9 dell\u2019attrattivit\u00e0, si fa largo il fantasma di una citt\u00e0 che smarrisce la sua inclusivit\u00e0\u201d.<\/p>\n<p>Cerchiamo allora di capire meglio, nella consapevolezza che \u201cil corso delle cose \u00e8 sinuoso\u201d (Maurice Merleau-Ponty) e che \u00e8 caratteristica tipica delle metropoli pi\u00f9 dinamiche crescere tra contrasti e contraddizioni, fratture e conflitti, rispetto ai quali tocca sia alla politica e alla pubblica amministrazione sia alla sensibilit\u00e0 sociale della societ\u00e0 civile proporre e attuare riforme e rimedi che ne smussino incisivamente spigoli e ruvidit\u00e0.<\/p>\n<p>Guardiamo alcuni numeri, dunque, per ragionare con consapevolezza dei fenomeni. L\u2019industria italiana\u00a0 dell\u2019arredo, con le sue 16mila imprese e oltre 125mila addetti, ha avuto nel \u201922 un fatturato di 28,1 miliardi di euro, con una crescita dell\u201911% sull\u2019anno precedente. E le previsioni della Direzione Studi e Ricerche di Intesa Sanpaolo parlano di una crescita del settore, tra il 2019 (pre Covid, dunque) e il 2025 del 42,4%. Un progresso straordinario, di una realt\u00e0 che vale il 3,4% della manifattura italiana ma connota fortemente l\u2019immagine dell\u2019Italia all\u2019estero e contribuisce a rafforzare la percezione di qualit\u00e0 e affidabili di tutto il made in Italy.<\/p>\n<p>Il<strong> 60%<\/strong> delle imprese italiane \u00e8 concentrato soprattutto in<strong> Lombardia<\/strong> e poi in Piemonte, Veneto ed Emilia Romagna. Ma ci sono importanti presenze anche nel Sud, in Campania e in Puglia (il \u201cdistretto del salotto\u201d ad Altamura, per esempio). E attorno all\u2019industria girano oltre 20mila professionisti nel mondo della progettazione e dei servizi, con una forte spinta alla creativit\u00e0 sui prodotti, i materiali, le tante evoluzioni di una \u201cqualit\u00e0 del vivere italiano\u201d che trova riscontri positivi sempre pi\u00f9 netti in tutto il mondo.<\/p>\n<p>La conferma sta nelle pagine del Report \u201c<strong>Design Economy<\/strong>\u201d curato da Fondazione Symbola, Deloitte Private e PoliDesign (con il supporto dell\u2019Adi, l\u2019Associazione del Design Industriale che promuove \u201cIl Compasso d\u2019Oro\u201d, il massimo riconoscimento del settore) e che mostra come l\u2019Italia sia prima in Europa per numero di aziende, fatturato e addetti, superando anche il principale concorrente, la Germania (\u201cIl Sole24Ore\u201d, 15 aprile).<\/p>\n<p>Un primato europeo importante, costruito nel tempo e oggi fondato anche sulla sostenibilit\u00e0 ambientale e sociale delle imprese produttrici, nei distretti e nelle filiere, come leva fondamentale di competitivit\u00e0. Commenta Ermete Realacci, presidente di Symbola: \u201cL\u2019identificazione di un prodotto sostenibile come prodotto di qualit\u00e0 migliore \u00e8 una molla formidabile dell\u2019economia italiana. La transizione \u00e8 una grande opportunit\u00e0. Ma bisogna guardarla capendo i punti di forza del Paese. E proprio il design \u00e8 uno di questi\u201d.<\/p>\n<p><strong>Milano<\/strong>, che di questi processi \u00e8 capitale, ne vive i vantaggi e ne alimenta lo sviluppo. Come una vera e propria <strong><em>global city<\/em><\/strong> forte della straordinaria capacit\u00e0 di ibridare cultura e manifattura, progettualit\u00e0 e qualit\u00e0 dei prodotti, tecnologie avanzate e senso della bellezza, ricerca scientifica e conoscenze umanistiche, consapevolezza della storia industriale e sguardo verso il futuro.<\/p>\n<p>Milano solida. Milano attrattiva. Milano talentuosa e dinamica.<\/p>\n<p>Ma anche, com\u2019\u00e8 nella sua tradizione, Milano ancora inclusiva?<\/p>\n<p>Ecco il punto della riflessione critica che oramai da tempo occupa parte rilevante delle riflessioni di chi ha a cuore proprio il destino di Milano e dei suoi equilibri economici e sociali e che vede, con fondato allarme, l\u2019esplodere del costo della vita, a cominciare da quello che riguarda la casa.<\/p>\n<p>Il boom dei valori immobiliari, sia per gli acquisti che per gli affitti, rischia di allontanare dalla citt\u00e0 i ceti medi, le giovani coppie di professionisti e creativi, gli studenti e i professori delle dieci universit\u00e0 che fanno da motore della \u201ceconomia della conoscenza\u201d e da collante sociale.<\/p>\n<p>E sono appunto i cosiddetti \u201c<strong>grandi eventi<\/strong>\u201d a incidere in modo distorto sul mercato delle abitazioni.<\/p>\n<p>Un dato, per riflettere: le ricerche di alloggi su Airbnb tra luglio e dicembre 2022 sono cresciute del duemila per cento e in occasione del Salone del mobile il \u201cprezzo di tendenza\u201d di 181 euro a notte \u00e8 raddoppiato o addirittura triplicato nei \u201cdistretti del design\u201d, superando quota 500 euro (\u201cCorriere della Sera\u201d). In queste condizioni, cresce il fenomeno degli \u201caffitti brevi\u201d e altamente redditizi, si paralizza il mercato degli affitti regolari di lungo periodo. Milano diventa uno spazio urbano da <em>city users <\/em>saltuari e perde cittadini. Modifica le tradizioni di accoglienza. Si svuota dei valori di comunit\u00e0. Nel tempo, rischia il deperimento sociale, il degrado civile.<\/p>\n<p>Il fenomeno \u00e8 oramai da tempo al centro del discorso pubblico milanese. Trova ascolto attento nelle stanze della pubblica amministrazione guidata dal sindaco Beppe Sala ma anche negli altri<\/p>\n<p>Comuni dell\u2019area metropolitana. Suscita riflessioni sui limiti da imporre per gli \u201caffitti brevi\u201d (Parigi ha preso da tempo misure nette di contenimento) e sulla necessit\u00e0 di politiche e scelte urbanistiche per il <em>social housing<\/em>. Con un obiettivo strategico chiaro: rivitalizzare nei tempi nuovi la tradizione milanese del legame forte tra produttivit\u00e0 e inclusivit\u00e0, competitivit\u00e0 economica internazionale e solidariet\u00e0 sociale.<\/p>\n<p>Milano, insomma, sostiene Dario Di Vico, \u201cpu\u00f2 riprendere in mano il suo destino, pu\u00f2 pensare di gestire la sua evoluzione di citt\u00e0 globale guardando in faccia ai problemi vecchi e a quelli nuovi che la modernit\u00e0 diseguale inevitabilmente crea, pu\u00f2 riannodare i fili che si sono spezzati e rammendare i legami sociali laddove si sono scuciti. L\u2019errore che non deve commettere chi pu\u00f2 contribuire fattivamente a questo processo \u00e8 girarsi dall\u2019altra parte e pensare cinicamente che sia da preferire il pilota automatico\u201d.<\/p><p><em>(foto Getty Images)<\/em><\/p>","protected":false},"excerpt":{"rendered":"<p>Eccola, la Design Week di Milano, per la 61\u00b0 volta al suo tradizionale appuntamento di met\u00e0 aprile, di anno in anno pi\u00f9 affollata, dinamica, ricca di incontri e di affari. Eccola in scena, come il pi\u00f9 importante appuntamento mondiale dell\u2019arredamento, tra esposizioni al Salone del Mobile in Fiera ed eventi del Fuorisalone che coinvolgono oramai [&hellip;]<\/p>\n","protected":false},"author":9,"featured_media":95583,"comment_status":"open","ping_status":"open","sticky":false,"template":"","format":"standard","meta":{"footnotes":""},"categories":[53,52],"tags":[],"class_list":["post-95578","post","type-post","status-publish","format-standard","has-post-thumbnail","hentry","category-blog","category-cultura-dimpresa"],"acf":[],"yoast_head":"<!-- This site is optimized with the Yoast SEO plugin v25.0 - https:\/\/yoast.com\/wordpress\/plugins\/seo\/ -->\n<title>Milano tra successi della Design Week e timori per i nuovi disagi sociali - Fondazione Pirelli<\/title>\n<meta name=\"robots\" content=\"index, follow, max-snippet:-1, max-image-preview:large, max-video-preview:-1\" \/>\n<link rel=\"canonical\" href=\"https:\/\/www.fondazionepirelli.org\/it\/cultura-dimpresa\/milano-tra-successi-della-design-week-e-timori-per-i-nuovi-disagi-sociali\/\" \/>\n<meta property=\"og:locale\" content=\"it_IT\" \/>\n<meta property=\"og:type\" content=\"article\" \/>\n<meta property=\"og:title\" content=\"Milano tra successi della Design Week e timori per i nuovi disagi sociali - Fondazione Pirelli\" \/>\n<meta property=\"og:description\" content=\"Eccola, la Design Week di Milano, per la 61\u00b0 volta al suo tradizionale appuntamento di met\u00e0 aprile, di anno in anno pi\u00f9 affollata, dinamica, ricca di incontri e di affari. Eccola in scena, come il pi\u00f9 importante appuntamento mondiale dell\u2019arredamento, tra esposizioni al Salone del Mobile in Fiera ed eventi del Fuorisalone che coinvolgono oramai [&hellip;]\" \/>\n<meta property=\"og:url\" content=\"https:\/\/127.0.0.1\/it\/cultura-dimpresa\/milano-tra-successi-della-design-week-e-timori-per-i-nuovi-disagi-sociali\/\" \/>\n<meta property=\"og:site_name\" content=\"Fondazione Pirelli\" \/>\n<meta property=\"article:published_time\" content=\"2023-04-19T10:37:47+00:00\" \/>\n<meta property=\"article:modified_time\" content=\"2023-04-21T12:15:57+00:00\" \/>\n<meta property=\"og:image\" content=\"https:\/\/wpsite-assets.fondazionepirelli.org\/wp-content\/uploads\/2023\/04\/19113727\/GettyImages-1448604992.jpg\" \/>\n\t<meta property=\"og:image:width\" content=\"4256\" \/>\n\t<meta property=\"og:image:height\" content=\"2832\" \/>\n\t<meta property=\"og:image:type\" content=\"image\/jpeg\" \/>\n<meta name=\"author\" content=\"fondazionepirelli\" \/>\n<meta name=\"twitter:card\" content=\"summary_large_image\" \/>\n<meta name=\"twitter:label1\" content=\"Scritto da\" \/>\n\t<meta name=\"twitter:data1\" content=\"fondazionepirelli\" \/>\n\t<meta name=\"twitter:label2\" content=\"Tempo di lettura stimato\" \/>\n\t<meta name=\"twitter:data2\" content=\"6 minuti\" \/>\n<script type=\"application\/ld+json\" class=\"yoast-schema-graph\">{\"@context\":\"https:\/\/schema.org\",\"@graph\":[{\"@type\":\"WebPage\",\"@id\":\"https:\/\/127.0.0.1\/it\/cultura-dimpresa\/milano-tra-successi-della-design-week-e-timori-per-i-nuovi-disagi-sociali\/\",\"url\":\"https:\/\/127.0.0.1\/it\/cultura-dimpresa\/milano-tra-successi-della-design-week-e-timori-per-i-nuovi-disagi-sociali\/\",\"name\":\"Milano tra successi della Design Week e timori per i nuovi disagi sociali - Fondazione Pirelli\",\"isPartOf\":{\"@id\":\"https:\/\/www.fondazionepirelli.org\/it\/#website\"},\"primaryImageOfPage\":{\"@id\":\"https:\/\/127.0.0.1\/it\/cultura-dimpresa\/milano-tra-successi-della-design-week-e-timori-per-i-nuovi-disagi-sociali\/#primaryimage\"},\"image\":{\"@id\":\"https:\/\/127.0.0.1\/it\/cultura-dimpresa\/milano-tra-successi-della-design-week-e-timori-per-i-nuovi-disagi-sociali\/#primaryimage\"},\"thumbnailUrl\":\"https:\/\/wpsite-assets.fondazionepirelli.org\/wp-content\/uploads\/2023\/04\/19113727\/GettyImages-1448604992.jpg\",\"datePublished\":\"2023-04-19T10:37:47+00:00\",\"dateModified\":\"2023-04-21T12:15:57+00:00\",\"author\":{\"@id\":\"https:\/\/www.fondazionepirelli.org\/it\/#\/schema\/person\/c31fcf5937a0e6afa45497f3f8b6d7a0\"},\"breadcrumb\":{\"@id\":\"https:\/\/127.0.0.1\/it\/cultura-dimpresa\/milano-tra-successi-della-design-week-e-timori-per-i-nuovi-disagi-sociali\/#breadcrumb\"},\"inLanguage\":\"it-IT\",\"potentialAction\":[{\"@type\":\"ReadAction\",\"target\":[\"https:\/\/127.0.0.1\/it\/cultura-dimpresa\/milano-tra-successi-della-design-week-e-timori-per-i-nuovi-disagi-sociali\/\"]}]},{\"@type\":\"ImageObject\",\"inLanguage\":\"it-IT\",\"@id\":\"https:\/\/127.0.0.1\/it\/cultura-dimpresa\/milano-tra-successi-della-design-week-e-timori-per-i-nuovi-disagi-sociali\/#primaryimage\",\"url\":\"https:\/\/wpsite-assets.fondazionepirelli.org\/wp-content\/uploads\/2023\/04\/19113727\/GettyImages-1448604992.jpg\",\"contentUrl\":\"https:\/\/wpsite-assets.fondazionepirelli.org\/wp-content\/uploads\/2023\/04\/19113727\/GettyImages-1448604992.jpg\",\"width\":4256,\"height\":2832,\"caption\":\"Milan Italy: state universities\"},{\"@type\":\"BreadcrumbList\",\"@id\":\"https:\/\/127.0.0.1\/it\/cultura-dimpresa\/milano-tra-successi-della-design-week-e-timori-per-i-nuovi-disagi-sociali\/#breadcrumb\",\"itemListElement\":[{\"@type\":\"ListItem\",\"position\":1,\"name\":\"Home\",\"item\":\"https:\/\/www.fondazionepirelli.org\/it\/\"},{\"@type\":\"ListItem\",\"position\":2,\"name\":\"Milano tra successi della Design Week e timori per i nuovi disagi sociali\"}]},{\"@type\":\"WebSite\",\"@id\":\"https:\/\/www.fondazionepirelli.org\/it\/#website\",\"url\":\"https:\/\/www.fondazionepirelli.org\/it\/\",\"name\":\"Fondazione Pirelli\",\"description\":\"\",\"potentialAction\":[{\"@type\":\"SearchAction\",\"target\":{\"@type\":\"EntryPoint\",\"urlTemplate\":\"https:\/\/www.fondazionepirelli.org\/it\/?s={search_term_string}\"},\"query-input\":{\"@type\":\"PropertyValueSpecification\",\"valueRequired\":true,\"valueName\":\"search_term_string\"}}],\"inLanguage\":\"it-IT\"},{\"@type\":\"Person\",\"@id\":\"https:\/\/www.fondazionepirelli.org\/it\/#\/schema\/person\/c31fcf5937a0e6afa45497f3f8b6d7a0\",\"name\":\"fondazionepirelli\",\"image\":{\"@type\":\"ImageObject\",\"inLanguage\":\"it-IT\",\"@id\":\"https:\/\/www.fondazionepirelli.org\/it\/#\/schema\/person\/image\/\",\"url\":\"https:\/\/secure.gravatar.com\/avatar\/9cb486421ce1d6eddbf6c4fb66841b4325b786695f7aedf1dde2222428218696?s=96&d=mm&r=g\",\"contentUrl\":\"https:\/\/secure.gravatar.com\/avatar\/9cb486421ce1d6eddbf6c4fb66841b4325b786695f7aedf1dde2222428218696?s=96&d=mm&r=g\",\"caption\":\"fondazionepirelli\"},\"url\":\"https:\/\/www.fondazionepirelli.org\/it\/author\/fondazionepirelli\/\"}]}<\/script>\n<!-- \/ Yoast SEO plugin. -->","yoast_head_json":{"title":"Milano tra successi della Design Week e timori per i nuovi disagi sociali - Fondazione Pirelli","robots":{"index":"index","follow":"follow","max-snippet":"max-snippet:-1","max-image-preview":"max-image-preview:large","max-video-preview":"max-video-preview:-1"},"canonical":"https:\/\/www.fondazionepirelli.org\/it\/cultura-dimpresa\/milano-tra-successi-della-design-week-e-timori-per-i-nuovi-disagi-sociali\/","og_locale":"it_IT","og_type":"article","og_title":"Milano tra successi della Design Week e timori per i nuovi disagi sociali - Fondazione Pirelli","og_description":"Eccola, la Design Week di Milano, per la 61\u00b0 volta al suo tradizionale appuntamento di met\u00e0 aprile, di anno in anno pi\u00f9 affollata, dinamica, ricca di incontri e di affari. Eccola in scena, come il pi\u00f9 importante appuntamento mondiale dell\u2019arredamento, tra esposizioni al Salone del Mobile in Fiera ed eventi del Fuorisalone che coinvolgono oramai [&hellip;]","og_url":"https:\/\/127.0.0.1\/it\/cultura-dimpresa\/milano-tra-successi-della-design-week-e-timori-per-i-nuovi-disagi-sociali\/","og_site_name":"Fondazione Pirelli","article_published_time":"2023-04-19T10:37:47+00:00","article_modified_time":"2023-04-21T12:15:57+00:00","og_image":[{"width":4256,"height":2832,"url":"https:\/\/wpsite-assets.fondazionepirelli.org\/wp-content\/uploads\/2023\/04\/19113727\/GettyImages-1448604992.jpg","type":"image\/jpeg"}],"author":"fondazionepirelli","twitter_card":"summary_large_image","twitter_misc":{"Scritto da":"fondazionepirelli","Tempo di lettura stimato":"6 minuti"},"schema":{"@context":"https:\/\/schema.org","@graph":[{"@type":"WebPage","@id":"https:\/\/127.0.0.1\/it\/cultura-dimpresa\/milano-tra-successi-della-design-week-e-timori-per-i-nuovi-disagi-sociali\/","url":"https:\/\/127.0.0.1\/it\/cultura-dimpresa\/milano-tra-successi-della-design-week-e-timori-per-i-nuovi-disagi-sociali\/","name":"Milano tra successi della Design Week e timori per i nuovi disagi sociali - Fondazione Pirelli","isPartOf":{"@id":"https:\/\/www.fondazionepirelli.org\/it\/#website"},"primaryImageOfPage":{"@id":"https:\/\/127.0.0.1\/it\/cultura-dimpresa\/milano-tra-successi-della-design-week-e-timori-per-i-nuovi-disagi-sociali\/#primaryimage"},"image":{"@id":"https:\/\/127.0.0.1\/it\/cultura-dimpresa\/milano-tra-successi-della-design-week-e-timori-per-i-nuovi-disagi-sociali\/#primaryimage"},"thumbnailUrl":"https:\/\/wpsite-assets.fondazionepirelli.org\/wp-content\/uploads\/2023\/04\/19113727\/GettyImages-1448604992.jpg","datePublished":"2023-04-19T10:37:47+00:00","dateModified":"2023-04-21T12:15:57+00:00","author":{"@id":"https:\/\/www.fondazionepirelli.org\/it\/#\/schema\/person\/c31fcf5937a0e6afa45497f3f8b6d7a0"},"breadcrumb":{"@id":"https:\/\/127.0.0.1\/it\/cultura-dimpresa\/milano-tra-successi-della-design-week-e-timori-per-i-nuovi-disagi-sociali\/#breadcrumb"},"inLanguage":"it-IT","potentialAction":[{"@type":"ReadAction","target":["https:\/\/127.0.0.1\/it\/cultura-dimpresa\/milano-tra-successi-della-design-week-e-timori-per-i-nuovi-disagi-sociali\/"]}]},{"@type":"ImageObject","inLanguage":"it-IT","@id":"https:\/\/127.0.0.1\/it\/cultura-dimpresa\/milano-tra-successi-della-design-week-e-timori-per-i-nuovi-disagi-sociali\/#primaryimage","url":"https:\/\/wpsite-assets.fondazionepirelli.org\/wp-content\/uploads\/2023\/04\/19113727\/GettyImages-1448604992.jpg","contentUrl":"https:\/\/wpsite-assets.fondazionepirelli.org\/wp-content\/uploads\/2023\/04\/19113727\/GettyImages-1448604992.jpg","width":4256,"height":2832,"caption":"Milan Italy: state universities"},{"@type":"BreadcrumbList","@id":"https:\/\/127.0.0.1\/it\/cultura-dimpresa\/milano-tra-successi-della-design-week-e-timori-per-i-nuovi-disagi-sociali\/#breadcrumb","itemListElement":[{"@type":"ListItem","position":1,"name":"Home","item":"https:\/\/www.fondazionepirelli.org\/it\/"},{"@type":"ListItem","position":2,"name":"Milano tra successi della Design Week e timori per i nuovi disagi sociali"}]},{"@type":"WebSite","@id":"https:\/\/www.fondazionepirelli.org\/it\/#website","url":"https:\/\/www.fondazionepirelli.org\/it\/","name":"Fondazione Pirelli","description":"","potentialAction":[{"@type":"SearchAction","target":{"@type":"EntryPoint","urlTemplate":"https:\/\/www.fondazionepirelli.org\/it\/?s={search_term_string}"},"query-input":{"@type":"PropertyValueSpecification","valueRequired":true,"valueName":"search_term_string"}}],"inLanguage":"it-IT"},{"@type":"Person","@id":"https:\/\/www.fondazionepirelli.org\/it\/#\/schema\/person\/c31fcf5937a0e6afa45497f3f8b6d7a0","name":"fondazionepirelli","image":{"@type":"ImageObject","inLanguage":"it-IT","@id":"https:\/\/www.fondazionepirelli.org\/it\/#\/schema\/person\/image\/","url":"https:\/\/secure.gravatar.com\/avatar\/9cb486421ce1d6eddbf6c4fb66841b4325b786695f7aedf1dde2222428218696?s=96&d=mm&r=g","contentUrl":"https:\/\/secure.gravatar.com\/avatar\/9cb486421ce1d6eddbf6c4fb66841b4325b786695f7aedf1dde2222428218696?s=96&d=mm&r=g","caption":"fondazionepirelli"},"url":"https:\/\/www.fondazionepirelli.org\/it\/author\/fondazionepirelli\/"}]}},"_links":{"self":[{"href":"https:\/\/www.fondazionepirelli.org\/it\/wp-json\/wp\/v2\/posts\/95578\/"}],"collection":[{"href":"https:\/\/www.fondazionepirelli.org\/it\/wp-json\/wp\/v2\/posts\/"}],"about":[{"href":"https:\/\/www.fondazionepirelli.org\/it\/wp-json\/wp\/v2\/types\/post\/"}],"author":[{"embeddable":true,"href":"https:\/\/www.fondazionepirelli.org\/it\/wp-json\/wp\/v2\/users\/9\/"}],"replies":[{"embeddable":true,"href":"https:\/\/www.fondazionepirelli.org\/it\/wp-json\/wp\/v2\/comments\/?post=95578"}],"version-history":[{"count":5,"href":"https:\/\/www.fondazionepirelli.org\/it\/wp-json\/wp\/v2\/posts\/95578\/revisions\/"}],"predecessor-version":[{"id":95607,"href":"https:\/\/www.fondazionepirelli.org\/it\/wp-json\/wp\/v2\/posts\/95578\/revisions\/95607\/"}],"wp:featuredmedia":[{"embeddable":true,"href":"https:\/\/www.fondazionepirelli.org\/it\/wp-json\/wp\/v2\/media\/95583\/"}],"wp:attachment":[{"href":"https:\/\/www.fondazionepirelli.org\/it\/wp-json\/wp\/v2\/media\/?parent=95578"}],"wp:term":[{"taxonomy":"category","embeddable":true,"href":"https:\/\/www.fondazionepirelli.org\/it\/wp-json\/wp\/v2\/categories\/?post=95578"},{"taxonomy":"post_tag","embeddable":true,"href":"https:\/\/www.fondazionepirelli.org\/it\/wp-json\/wp\/v2\/tags\/?post=95578"}],"curies":[{"name":"wp","href":"https:\/\/api.w.org\/{rel}","templated":true}]}}