{"id":95640,"date":"2023-05-02T09:03:15","date_gmt":"2023-05-02T08:03:15","guid":{"rendered":"https:\/\/www.fondazionepirelli.org\/?p=95640"},"modified":"2023-05-02T09:20:11","modified_gmt":"2023-05-02T08:20:11","slug":"tutto-inizio-con-la-ricerca-del-cautchouc-pirelli-in-brasile","status":"publish","type":"post","link":"https:\/\/www.fondazionepirelli.org\/it\/iniziative\/storie-dal-mondo-pirelli\/tutto-inizio-con-la-ricerca-del-cautchouc-pirelli-in-brasile\/","title":{"rendered":"Tutto inizi\u00f2 con la ricerca del cautchouc. Pirelli in Brasile"},"content":{"rendered":"<p>\u201cCarissimo pap\u00e0\u2026\u201d. La storia di Pirelli in Brasile inizia oltre cento anni fa con<strong> Alberto Pirelli<\/strong>, inviato dal padre Giovanni Battista in<strong> Sud America<\/strong> per documentare le condizioni delle piantagioni di <em>cautchouc<\/em>. Viaggi di esplorazione che il giovane Pirelli racconta con trasporto al padre in lettere dattiloscritte &#8211; conservate nel nostro Archivio Storico &#8211; che sono resoconti dettagliati di persone e ambienti naturali, accompagnati da fotografie per descrivere le condizioni di produzione e le possibilit\u00e0 di sviluppo per l\u2019azienda. \u00c8 il caso della bellissima lettera che Alberto scrive il 13 novembre 1912 e che contiene tutta la passione per l\u2019impresa, unita a uno spirito di osservazione non comune.<\/p>\n<p>La presenza della Pirelli in Brasile si concretizza nel <strong>1929<\/strong> con l\u2019acquisto della \u201c<strong>Companhia Nacional de Artefactos de Cobre\u201d,<\/strong> azienda per la produzione di conduttori elettrici che costituisce il primo nucleo produttivo brasiliano. Da l\u00ec in avanti la storia della P lunga nel Paese sudamericano \u00e8 fatta di sviluppi tecnologici ed estro comunicativo. Un incontro tra la cultura d\u2019impresa <strong>Pirelli e la <em>cultura Brasileira. <\/em><\/strong><\/p>\n<p>Per capire meglio, occorre per\u00f2 tornare davvero agli inizi. Dal 1929 in poco pi\u00f9 di un decennio, Pirelli \u201craddoppia\u201d. Nel <strong>1941<\/strong> nasce infatti la <strong>Pirelli S.A. Companhia Industrial<\/strong>, che ai cavi aggiunge la produzione di pneumatici. Presidente della societ\u00e0 \u00e8 Giorgio Pirelli, il terzogenito di Giovanni Battista. In poco tempo, allo stabilimento di Santo Andr\u00e8, alle porte di San Paolo, si aggiungono quelli\u00a0<strong>Campinas<\/strong>, <strong>Gravata\u00ed<\/strong>, vicino a Porto Alegre, e poi ancora quello di\u00a0Sumar\u00e9. Qui, tra l\u2019altro, viene costruita la prima pista sudamericana per le prove pneumatici. Ultimo, in ordine di tempo, \u00e8 lo stabilimento di\u00a0<strong>Feira de Santana<\/strong> che, attivo dal 1986, \u00e8 caratterizzato da una particolare attenzione alla compatibilit\u00e0 ambientale della produzione.<\/p>\n<p>Come si diceva, la presenza di Pirelli in Brasile \u00e8 segnata, pressoch\u00e9 da sempre, da un felice connubio tra cultura Pirelli e cultura brasiliana. E tra le migliori manifestazioni di questo legame \u2013 che si ritrovano nel nostro archivio &#8211; c\u2019\u00e8 <strong><a href=\"https:\/\/www.fondazionepirelli.org\/archivio-storico\/pubblicazioni-e-riviste\/IT-PIRELLI-BIB0001-0003311\"><em>Noticias Pirelli<\/em><\/a><\/strong>, la rivista aziendale che inizia a uscire nel 1956, pochi anni dopo l\u2019italiana <em>Fatti e Notizie. <\/em>\u00c8 nelle pagine di <em>Noticias <\/em>che scorre tutta la vita dell\u2019azienda in Brasile: dalle visite in fabbrica per rispondere alla domanda \u201cOnde trabalha papai?\u201d, alle feste di Natale oppure di Pasqua. Cos\u00ec come i resoconti delle numerose attivit\u00e0 pi\u00f9 spiccatamente culturali che trasformano la fabbrica in uno scenario ideale per rappresentazioni di teatro, mostre, dibattiti letterari: negli stabilimenti Pirelli passa cos\u00ec buona parte della cultura brasiliana del momento. Ugualmente, attraverso <em>Noticias <\/em>viene dato conto delle innumerevoli manifestazioni sportive animate dal CAP \u2013 Club Atl\u00e9tico Pirelli.<\/p>\n<p>Esplorazione e tecnologie, dunque. Senza dimenticare il contributo che il Brasile ha dato anche nell\u2019ambito della comunicazione. <em>Power is Nothing Without Control <\/em>ha segnato la storia della comunicazione Pirelli ma, in generale, della comunicazione a tutto tondo. E l\u2019immagine del calciatore brasiliano <strong><a href=\"https:\/\/www.fondazionepirelli.org\/archivio-storico\/audiovisivi\/detail\/IT-PIRELLI-AV0001-000027\/ronaldo-redeemer.html?jsonVal={%22jsonVal%22:{%22query%22:%22ronaldo%22,%22startDate%22:%22%22,%22endDate%22:%22%22,%22fieldDate%22:%22dataNormal%22,%22_perPage%22:20}}&amp;attachmentMisc=undefined\">Ronaldo<\/a><\/strong> Lu\u00eds Naz\u00e1rio de Lima \u201cIl fenomeno\u201d, in una sequenza mozzafiato di goal che termina svelando il suo segreto \u2013 il battistrada Pirelli sotto i piedi -, \u00e8 il cuore dell\u2019edizione 1998 della campagna pubblicitaria ideata dall\u2019agenzia Young &amp; Rubicam che aveva gi\u00e0 visto come protagonisti altri atleti a partire dal pluricampione olimpico Carl Lewis.<\/p>\n<p>Pirelli in Brasile, come espressione di un legame forte tra due paesi. Non per nulla nel 2016 proprio la Pirelli, in occasione di una visita di Stato, ha illuminato con il tricolore il Cristo Redentore del Corcovado.<\/p>\n<p>Un segno visibile dell\u2019attenzione forte dell\u2019azienda per questo paese, un\u2019attenzione fatta di continui investimenti per rendere sempre pi\u00f9 competitiva la produzione di pneumatici. La presenza di Pirelli in Brasile oggi conta gli stabilimenti di Campinas e Feira de Santana, per la produzione di pneumatici per autovettura e di Gravata\u00ed, specializzata in pneumatici per motociclette. Il viaggio della gomma continua, anche oltre Oceano.<\/p>\n","protected":false},"excerpt":{"rendered":"<p>\u201cCarissimo pap\u00e0\u2026\u201d. La storia di Pirelli in Brasile inizia oltre cento anni fa con Alberto Pirelli, inviato dal padre Giovanni Battista in Sud America per documentare le condizioni delle piantagioni di cautchouc. Viaggi di esplorazione che il giovane Pirelli racconta con trasporto al padre in lettere dattiloscritte &#8211; conservate nel nostro Archivio Storico &#8211; che [&hellip;]<\/p>\n","protected":false},"author":9,"featured_media":95671,"comment_status":"open","ping_status":"open","sticky":false,"template":"","format":"standard","meta":{"footnotes":""},"categories":[62],"tags":[118,125],"class_list":["post-95640","post","type-post","status-publish","format-standard","has-post-thumbnail","hentry","category-storie-dal-mondo-pirelli","tag-storia-aziendale","tag-storie-di-prodotto"],"acf":[],"yoast_head":"<!-- This site is optimized with the Yoast SEO plugin v25.0 - https:\/\/yoast.com\/wordpress\/plugins\/seo\/ -->\n<title>Tutto inizi\u00f2 con la ricerca del cautchouc. Pirelli in Brasile - Fondazione Pirelli<\/title>\n<meta name=\"robots\" content=\"index, follow, max-snippet:-1, max-image-preview:large, max-video-preview:-1\" \/>\n<link rel=\"canonical\" href=\"https:\/\/www.fondazionepirelli.org\/it\/iniziative\/storie-dal-mondo-pirelli\/tutto-inizio-con-la-ricerca-del-cautchouc-pirelli-in-brasile\/\" \/>\n<meta property=\"og:locale\" content=\"it_IT\" \/>\n<meta property=\"og:type\" content=\"article\" \/>\n<meta property=\"og:title\" content=\"Tutto inizi\u00f2 con la ricerca del cautchouc. Pirelli in Brasile - Fondazione Pirelli\" \/>\n<meta property=\"og:description\" content=\"\u201cCarissimo pap\u00e0\u2026\u201d. La storia di Pirelli in Brasile inizia oltre cento anni fa con Alberto Pirelli, inviato dal padre Giovanni Battista in Sud America per documentare le condizioni delle piantagioni di cautchouc. Viaggi di esplorazione che il giovane Pirelli racconta con trasporto al padre in lettere dattiloscritte &#8211; conservate nel nostro Archivio Storico &#8211; che [&hellip;]\" \/>\n<meta property=\"og:url\" content=\"https:\/\/www.fondazionepirelli.org\/it\/iniziative\/storie-dal-mondo-pirelli\/tutto-inizio-con-la-ricerca-del-cautchouc-pirelli-in-brasile\/\" \/>\n<meta property=\"og:site_name\" content=\"Fondazione Pirelli\" \/>\n<meta property=\"article:published_time\" content=\"2023-05-02T08:03:15+00:00\" \/>\n<meta property=\"article:modified_time\" content=\"2023-05-02T08:20:11+00:00\" \/>\n<meta property=\"og:image\" content=\"https:\/\/wpsite-assets.fondazionepirelli.org\/wp-content\/uploads\/2023\/05\/02085227\/1968_Tovaglia_pagina_pubblicitaria_bandiera_Brasile_jpg-e1683014521569.jpg\" \/>\n\t<meta property=\"og:image:width\" content=\"5001\" \/>\n\t<meta property=\"og:image:height\" content=\"3924\" \/>\n\t<meta property=\"og:image:type\" content=\"image\/jpeg\" \/>\n<meta name=\"author\" content=\"fondazionepirelli\" \/>\n<meta name=\"twitter:card\" content=\"summary_large_image\" \/>\n<meta name=\"twitter:label1\" content=\"Scritto da\" \/>\n\t<meta name=\"twitter:data1\" content=\"fondazionepirelli\" \/>\n\t<meta name=\"twitter:label2\" content=\"Tempo di lettura stimato\" \/>\n\t<meta name=\"twitter:data2\" content=\"3 minuti\" \/>\n<script type=\"application\/ld+json\" class=\"yoast-schema-graph\">{\"@context\":\"https:\/\/schema.org\",\"@graph\":[{\"@type\":\"WebPage\",\"@id\":\"https:\/\/www.fondazionepirelli.org\/it\/iniziative\/storie-dal-mondo-pirelli\/tutto-inizio-con-la-ricerca-del-cautchouc-pirelli-in-brasile\/\",\"url\":\"https:\/\/www.fondazionepirelli.org\/it\/iniziative\/storie-dal-mondo-pirelli\/tutto-inizio-con-la-ricerca-del-cautchouc-pirelli-in-brasile\/\",\"name\":\"Tutto inizi\u00f2 con la ricerca del cautchouc. Pirelli in Brasile - Fondazione Pirelli\",\"isPartOf\":{\"@id\":\"https:\/\/www.fondazionepirelli.org\/it\/#website\"},\"primaryImageOfPage\":{\"@id\":\"https:\/\/www.fondazionepirelli.org\/it\/iniziative\/storie-dal-mondo-pirelli\/tutto-inizio-con-la-ricerca-del-cautchouc-pirelli-in-brasile\/#primaryimage\"},\"image\":{\"@id\":\"https:\/\/www.fondazionepirelli.org\/it\/iniziative\/storie-dal-mondo-pirelli\/tutto-inizio-con-la-ricerca-del-cautchouc-pirelli-in-brasile\/#primaryimage\"},\"thumbnailUrl\":\"https:\/\/wpsite-assets.fondazionepirelli.org\/wp-content\/uploads\/2023\/05\/02085227\/1968_Tovaglia_pagina_pubblicitaria_bandiera_Brasile_jpg-e1683014521569.jpg\",\"datePublished\":\"2023-05-02T08:03:15+00:00\",\"dateModified\":\"2023-05-02T08:20:11+00:00\",\"author\":{\"@id\":\"https:\/\/www.fondazionepirelli.org\/it\/#\/schema\/person\/c31fcf5937a0e6afa45497f3f8b6d7a0\"},\"breadcrumb\":{\"@id\":\"https:\/\/www.fondazionepirelli.org\/it\/iniziative\/storie-dal-mondo-pirelli\/tutto-inizio-con-la-ricerca-del-cautchouc-pirelli-in-brasile\/#breadcrumb\"},\"inLanguage\":\"it-IT\",\"potentialAction\":[{\"@type\":\"ReadAction\",\"target\":[\"https:\/\/www.fondazionepirelli.org\/it\/iniziative\/storie-dal-mondo-pirelli\/tutto-inizio-con-la-ricerca-del-cautchouc-pirelli-in-brasile\/\"]}]},{\"@type\":\"ImageObject\",\"inLanguage\":\"it-IT\",\"@id\":\"https:\/\/www.fondazionepirelli.org\/it\/iniziative\/storie-dal-mondo-pirelli\/tutto-inizio-con-la-ricerca-del-cautchouc-pirelli-in-brasile\/#primaryimage\",\"url\":\"https:\/\/wpsite-assets.fondazionepirelli.org\/wp-content\/uploads\/2023\/05\/02085227\/1968_Tovaglia_pagina_pubblicitaria_bandiera_Brasile_jpg-e1683014521569.jpg\",\"contentUrl\":\"https:\/\/wpsite-assets.fondazionepirelli.org\/wp-content\/uploads\/2023\/05\/02085227\/1968_Tovaglia_pagina_pubblicitaria_bandiera_Brasile_jpg-e1683014521569.jpg\",\"width\":5001,\"height\":3924},{\"@type\":\"BreadcrumbList\",\"@id\":\"https:\/\/www.fondazionepirelli.org\/it\/iniziative\/storie-dal-mondo-pirelli\/tutto-inizio-con-la-ricerca-del-cautchouc-pirelli-in-brasile\/#breadcrumb\",\"itemListElement\":[{\"@type\":\"ListItem\",\"position\":1,\"name\":\"Home\",\"item\":\"https:\/\/www.fondazionepirelli.org\/it\/\"},{\"@type\":\"ListItem\",\"position\":2,\"name\":\"Tutto inizi\u00f2 con la ricerca del cautchouc. Pirelli in Brasile\"}]},{\"@type\":\"WebSite\",\"@id\":\"https:\/\/www.fondazionepirelli.org\/it\/#website\",\"url\":\"https:\/\/www.fondazionepirelli.org\/it\/\",\"name\":\"Fondazione Pirelli\",\"description\":\"\",\"potentialAction\":[{\"@type\":\"SearchAction\",\"target\":{\"@type\":\"EntryPoint\",\"urlTemplate\":\"https:\/\/www.fondazionepirelli.org\/it\/?s={search_term_string}\"},\"query-input\":{\"@type\":\"PropertyValueSpecification\",\"valueRequired\":true,\"valueName\":\"search_term_string\"}}],\"inLanguage\":\"it-IT\"},{\"@type\":\"Person\",\"@id\":\"https:\/\/www.fondazionepirelli.org\/it\/#\/schema\/person\/c31fcf5937a0e6afa45497f3f8b6d7a0\",\"name\":\"fondazionepirelli\",\"image\":{\"@type\":\"ImageObject\",\"inLanguage\":\"it-IT\",\"@id\":\"https:\/\/www.fondazionepirelli.org\/it\/#\/schema\/person\/image\/\",\"url\":\"https:\/\/secure.gravatar.com\/avatar\/9cb486421ce1d6eddbf6c4fb66841b4325b786695f7aedf1dde2222428218696?s=96&d=mm&r=g\",\"contentUrl\":\"https:\/\/secure.gravatar.com\/avatar\/9cb486421ce1d6eddbf6c4fb66841b4325b786695f7aedf1dde2222428218696?s=96&d=mm&r=g\",\"caption\":\"fondazionepirelli\"},\"url\":\"https:\/\/www.fondazionepirelli.org\/it\/author\/fondazionepirelli\/\"}]}<\/script>\n<!-- \/ Yoast SEO plugin. -->","yoast_head_json":{"title":"Tutto inizi\u00f2 con la ricerca del cautchouc. Pirelli in Brasile - Fondazione Pirelli","robots":{"index":"index","follow":"follow","max-snippet":"max-snippet:-1","max-image-preview":"max-image-preview:large","max-video-preview":"max-video-preview:-1"},"canonical":"https:\/\/www.fondazionepirelli.org\/it\/iniziative\/storie-dal-mondo-pirelli\/tutto-inizio-con-la-ricerca-del-cautchouc-pirelli-in-brasile\/","og_locale":"it_IT","og_type":"article","og_title":"Tutto inizi\u00f2 con la ricerca del cautchouc. Pirelli in Brasile - Fondazione Pirelli","og_description":"\u201cCarissimo pap\u00e0\u2026\u201d. La storia di Pirelli in Brasile inizia oltre cento anni fa con Alberto Pirelli, inviato dal padre Giovanni Battista in Sud America per documentare le condizioni delle piantagioni di cautchouc. Viaggi di esplorazione che il giovane Pirelli racconta con trasporto al padre in lettere dattiloscritte &#8211; conservate nel nostro Archivio Storico &#8211; che [&hellip;]","og_url":"https:\/\/www.fondazionepirelli.org\/it\/iniziative\/storie-dal-mondo-pirelli\/tutto-inizio-con-la-ricerca-del-cautchouc-pirelli-in-brasile\/","og_site_name":"Fondazione Pirelli","article_published_time":"2023-05-02T08:03:15+00:00","article_modified_time":"2023-05-02T08:20:11+00:00","og_image":[{"width":5001,"height":3924,"url":"https:\/\/wpsite-assets.fondazionepirelli.org\/wp-content\/uploads\/2023\/05\/02085227\/1968_Tovaglia_pagina_pubblicitaria_bandiera_Brasile_jpg-e1683014521569.jpg","type":"image\/jpeg"}],"author":"fondazionepirelli","twitter_card":"summary_large_image","twitter_misc":{"Scritto da":"fondazionepirelli","Tempo di lettura stimato":"3 minuti"},"schema":{"@context":"https:\/\/schema.org","@graph":[{"@type":"WebPage","@id":"https:\/\/www.fondazionepirelli.org\/it\/iniziative\/storie-dal-mondo-pirelli\/tutto-inizio-con-la-ricerca-del-cautchouc-pirelli-in-brasile\/","url":"https:\/\/www.fondazionepirelli.org\/it\/iniziative\/storie-dal-mondo-pirelli\/tutto-inizio-con-la-ricerca-del-cautchouc-pirelli-in-brasile\/","name":"Tutto inizi\u00f2 con la ricerca del cautchouc. Pirelli in Brasile - Fondazione Pirelli","isPartOf":{"@id":"https:\/\/www.fondazionepirelli.org\/it\/#website"},"primaryImageOfPage":{"@id":"https:\/\/www.fondazionepirelli.org\/it\/iniziative\/storie-dal-mondo-pirelli\/tutto-inizio-con-la-ricerca-del-cautchouc-pirelli-in-brasile\/#primaryimage"},"image":{"@id":"https:\/\/www.fondazionepirelli.org\/it\/iniziative\/storie-dal-mondo-pirelli\/tutto-inizio-con-la-ricerca-del-cautchouc-pirelli-in-brasile\/#primaryimage"},"thumbnailUrl":"https:\/\/wpsite-assets.fondazionepirelli.org\/wp-content\/uploads\/2023\/05\/02085227\/1968_Tovaglia_pagina_pubblicitaria_bandiera_Brasile_jpg-e1683014521569.jpg","datePublished":"2023-05-02T08:03:15+00:00","dateModified":"2023-05-02T08:20:11+00:00","author":{"@id":"https:\/\/www.fondazionepirelli.org\/it\/#\/schema\/person\/c31fcf5937a0e6afa45497f3f8b6d7a0"},"breadcrumb":{"@id":"https:\/\/www.fondazionepirelli.org\/it\/iniziative\/storie-dal-mondo-pirelli\/tutto-inizio-con-la-ricerca-del-cautchouc-pirelli-in-brasile\/#breadcrumb"},"inLanguage":"it-IT","potentialAction":[{"@type":"ReadAction","target":["https:\/\/www.fondazionepirelli.org\/it\/iniziative\/storie-dal-mondo-pirelli\/tutto-inizio-con-la-ricerca-del-cautchouc-pirelli-in-brasile\/"]}]},{"@type":"ImageObject","inLanguage":"it-IT","@id":"https:\/\/www.fondazionepirelli.org\/it\/iniziative\/storie-dal-mondo-pirelli\/tutto-inizio-con-la-ricerca-del-cautchouc-pirelli-in-brasile\/#primaryimage","url":"https:\/\/wpsite-assets.fondazionepirelli.org\/wp-content\/uploads\/2023\/05\/02085227\/1968_Tovaglia_pagina_pubblicitaria_bandiera_Brasile_jpg-e1683014521569.jpg","contentUrl":"https:\/\/wpsite-assets.fondazionepirelli.org\/wp-content\/uploads\/2023\/05\/02085227\/1968_Tovaglia_pagina_pubblicitaria_bandiera_Brasile_jpg-e1683014521569.jpg","width":5001,"height":3924},{"@type":"BreadcrumbList","@id":"https:\/\/www.fondazionepirelli.org\/it\/iniziative\/storie-dal-mondo-pirelli\/tutto-inizio-con-la-ricerca-del-cautchouc-pirelli-in-brasile\/#breadcrumb","itemListElement":[{"@type":"ListItem","position":1,"name":"Home","item":"https:\/\/www.fondazionepirelli.org\/it\/"},{"@type":"ListItem","position":2,"name":"Tutto inizi\u00f2 con la ricerca del cautchouc. Pirelli in Brasile"}]},{"@type":"WebSite","@id":"https:\/\/www.fondazionepirelli.org\/it\/#website","url":"https:\/\/www.fondazionepirelli.org\/it\/","name":"Fondazione Pirelli","description":"","potentialAction":[{"@type":"SearchAction","target":{"@type":"EntryPoint","urlTemplate":"https:\/\/www.fondazionepirelli.org\/it\/?s={search_term_string}"},"query-input":{"@type":"PropertyValueSpecification","valueRequired":true,"valueName":"search_term_string"}}],"inLanguage":"it-IT"},{"@type":"Person","@id":"https:\/\/www.fondazionepirelli.org\/it\/#\/schema\/person\/c31fcf5937a0e6afa45497f3f8b6d7a0","name":"fondazionepirelli","image":{"@type":"ImageObject","inLanguage":"it-IT","@id":"https:\/\/www.fondazionepirelli.org\/it\/#\/schema\/person\/image\/","url":"https:\/\/secure.gravatar.com\/avatar\/9cb486421ce1d6eddbf6c4fb66841b4325b786695f7aedf1dde2222428218696?s=96&d=mm&r=g","contentUrl":"https:\/\/secure.gravatar.com\/avatar\/9cb486421ce1d6eddbf6c4fb66841b4325b786695f7aedf1dde2222428218696?s=96&d=mm&r=g","caption":"fondazionepirelli"},"url":"https:\/\/www.fondazionepirelli.org\/it\/author\/fondazionepirelli\/"}]}},"_links":{"self":[{"href":"https:\/\/www.fondazionepirelli.org\/it\/wp-json\/wp\/v2\/posts\/95640\/"}],"collection":[{"href":"https:\/\/www.fondazionepirelli.org\/it\/wp-json\/wp\/v2\/posts\/"}],"about":[{"href":"https:\/\/www.fondazionepirelli.org\/it\/wp-json\/wp\/v2\/types\/post\/"}],"author":[{"embeddable":true,"href":"https:\/\/www.fondazionepirelli.org\/it\/wp-json\/wp\/v2\/users\/9\/"}],"replies":[{"embeddable":true,"href":"https:\/\/www.fondazionepirelli.org\/it\/wp-json\/wp\/v2\/comments\/?post=95640"}],"version-history":[{"count":5,"href":"https:\/\/www.fondazionepirelli.org\/it\/wp-json\/wp\/v2\/posts\/95640\/revisions\/"}],"predecessor-version":[{"id":95684,"href":"https:\/\/www.fondazionepirelli.org\/it\/wp-json\/wp\/v2\/posts\/95640\/revisions\/95684\/"}],"wp:featuredmedia":[{"embeddable":true,"href":"https:\/\/www.fondazionepirelli.org\/it\/wp-json\/wp\/v2\/media\/95671\/"}],"wp:attachment":[{"href":"https:\/\/www.fondazionepirelli.org\/it\/wp-json\/wp\/v2\/media\/?parent=95640"}],"wp:term":[{"taxonomy":"category","embeddable":true,"href":"https:\/\/www.fondazionepirelli.org\/it\/wp-json\/wp\/v2\/categories\/?post=95640"},{"taxonomy":"post_tag","embeddable":true,"href":"https:\/\/www.fondazionepirelli.org\/it\/wp-json\/wp\/v2\/tags\/?post=95640"}],"curies":[{"name":"wp","href":"https:\/\/api.w.org\/{rel}","templated":true}]}}