{"id":95822,"date":"2023-05-16T13:26:30","date_gmt":"2023-05-16T12:26:30","guid":{"rendered":"https:\/\/www.fondazionepirelli.org\/?p=95822"},"modified":"2023-05-16T14:34:38","modified_gmt":"2023-05-16T13:34:38","slug":"quale-modernita","status":"publish","type":"post","link":"https:\/\/www.fondazionepirelli.org\/it\/cultura-dimpresa\/quale-modernita\/","title":{"rendered":"Quale modernit\u00e0?"},"content":{"rendered":"<p><em>L\u2019ultima fatica letteraria di Giuseppe Lupo ripercorre il Novecento delle fabbriche e pone la necessit\u00e0 di un racconto diverso del passato<\/em><\/p><p>Modernit\u00e0 e tradizione. Progresso e povert\u00e0. Sviluppo e declino. Paradiso e inferno. Potrebbero essere molti altri i binomi di opposti &#8211; che cambiano di volta in volta ed a seconda della posizione di guarda -, in grado di caratterizzare le letture del presente e il cammino dal passato (senza dimenticare, naturalmente, la prospettiva, anch\u2019essa differente, del futuro). Analisi complessa, quella della modernit\u00e0. Analisi che, comunque, deve essere condotta da chi voglia essere consapevole davvero dell\u2019epoca in cui vive. Ed \u00e8 per tutto questo che serve leggere \u201cLa modernit\u00e0 malintesa. Una controstoria dell&#8217;industria italiana\u201d, ultima fatica letteraria di Giuseppe Lupo.<\/p>\n<p>Lupo ripercorre il Novecento \u2013 il secolo della modernit\u00e0, appunto -, che ha impresso una svolta epocale all\u2019economia e alla politica, ha inciso nel tessuto culturale e sociale del nostro paese (e non solo), infrangendo equilibri secolari, mandando in frantumi la linea di continuit\u00e0 tra passato e futuro. Fino al salto decisivo: il tramonto della civilt\u00e0 contadina e l\u2019avvento dell\u2019industrializzazione. Una corsa verso il futuro, quella del secolo scorso, che Lupo analizza attraverso i racconti che ne sono stati fatti. E dando voce ad alcune delle figure pi\u00f9 rappresentative di questi racconti: da Vittorini a Testori, da Fortini a Mastronardi, da Calvino a Pasolini (solo per citarne alcune tra le tante). E senza dimenticare quel controverso rapporto tra umanesimo e scienza nella narrativa di fabbrica e nei periodici aziendali del secondo dopoguerra. Tutto per arrivare all\u2019oggi caratterizzato dal \u201crealismo liquido\u201d, dal proletariato che non esiste pi\u00f9 nelle forme di una volta, dalle molte fragilit\u00e0 del lavoro e dalle prospettive incerte e confuse. E tutto per arrivare a chiedersi se non sia meglio cambiare decisamente visuale e arrivare ad una controlettura della modernit\u00e0 che sia originale, alternativa, progettuale, e che aspiri a modificare il mondo, a, si spiega nel libro, \u201crecidere il cordone ombelicale con il secolo terribile e maestoso di cui ci sentiamo ancora figli\u201d.<br \/>\nE\u2019 denso e bello il libro scritto da Giuseppe Lupo: pagine da leggere con grande attenzione, non sempre facili ma certo affascinanti e utili.<\/p><p><strong>La modernit\u00e0 malintesa. Una controstoria dell&#8217;industria italiana<\/strong><br \/>\nGiuseppe Lupo<br \/>\nMarsilio Editori, 2023<\/p>\n","protected":false},"excerpt":{"rendered":"<p>L\u2019ultima fatica letteraria di Giuseppe Lupo ripercorre il Novecento delle fabbriche e pone la necessit\u00e0 di un racconto diverso del passatoModernit\u00e0 e tradizione. Progresso e povert\u00e0. Sviluppo e declino. Paradiso e inferno. Potrebbero essere molti altri i binomi di opposti &#8211; che cambiano di volta in volta ed a seconda della posizione di guarda -, [&hellip;]<\/p>\n","protected":false},"author":9,"featured_media":95824,"comment_status":"open","ping_status":"open","sticky":false,"template":"","format":"standard","meta":{"footnotes":""},"categories":[52,58],"tags":[],"class_list":["post-95822","post","type-post","status-publish","format-standard","has-post-thumbnail","hentry","category-cultura-dimpresa","category-recensioni-libri"],"acf":[],"yoast_head":"<!-- This site is optimized with the Yoast SEO plugin v25.0 - https:\/\/yoast.com\/wordpress\/plugins\/seo\/ -->\n<title>Quale modernit\u00e0? - Fondazione Pirelli<\/title>\n<meta name=\"robots\" content=\"index, follow, max-snippet:-1, max-image-preview:large, max-video-preview:-1\" \/>\n<link rel=\"canonical\" href=\"https:\/\/www.fondazionepirelli.org\/it\/cultura-dimpresa\/quale-modernita\/\" \/>\n<meta property=\"og:locale\" content=\"it_IT\" \/>\n<meta property=\"og:type\" content=\"article\" \/>\n<meta property=\"og:title\" content=\"Quale modernit\u00e0? - Fondazione Pirelli\" \/>\n<meta property=\"og:description\" content=\"L\u2019ultima fatica letteraria di Giuseppe Lupo ripercorre il Novecento delle fabbriche e pone la necessit\u00e0 di un racconto diverso del passatoModernit\u00e0 e tradizione. Progresso e povert\u00e0. Sviluppo e declino. Paradiso e inferno. Potrebbero essere molti altri i binomi di opposti &#8211; che cambiano di volta in volta ed a seconda della posizione di guarda -, [&hellip;]\" \/>\n<meta property=\"og:url\" content=\"https:\/\/www.fondazionepirelli.org\/it\/cultura-dimpresa\/quale-modernita\/\" \/>\n<meta property=\"og:site_name\" content=\"Fondazione Pirelli\" \/>\n<meta property=\"article:published_time\" content=\"2023-05-16T12:26:30+00:00\" \/>\n<meta property=\"article:modified_time\" content=\"2023-05-16T13:34:38+00:00\" \/>\n<meta property=\"og:image\" content=\"https:\/\/wpsite-assets.fondazionepirelli.org\/wp-content\/uploads\/2023\/05\/16075625\/28D56ED6-30BA-49C0-ABE9-F5FC237A11C2.jpeg\" \/>\n\t<meta property=\"og:image:width\" content=\"411\" \/>\n\t<meta property=\"og:image:height\" content=\"595\" \/>\n\t<meta property=\"og:image:type\" content=\"image\/jpeg\" \/>\n<meta name=\"author\" content=\"fondazionepirelli\" \/>\n<meta name=\"twitter:card\" content=\"summary_large_image\" \/>\n<meta name=\"twitter:label1\" content=\"Scritto da\" \/>\n\t<meta name=\"twitter:data1\" content=\"fondazionepirelli\" \/>\n\t<meta name=\"twitter:label2\" content=\"Tempo di lettura stimato\" \/>\n\t<meta name=\"twitter:data2\" content=\"2 minuti\" \/>\n<script type=\"application\/ld+json\" class=\"yoast-schema-graph\">{\"@context\":\"https:\/\/schema.org\",\"@graph\":[{\"@type\":\"WebPage\",\"@id\":\"https:\/\/www.fondazionepirelli.org\/it\/cultura-dimpresa\/quale-modernita\/\",\"url\":\"https:\/\/www.fondazionepirelli.org\/it\/cultura-dimpresa\/quale-modernita\/\",\"name\":\"Quale modernit\u00e0? - Fondazione Pirelli\",\"isPartOf\":{\"@id\":\"https:\/\/www.fondazionepirelli.org\/it\/#website\"},\"primaryImageOfPage\":{\"@id\":\"https:\/\/www.fondazionepirelli.org\/it\/cultura-dimpresa\/quale-modernita\/#primaryimage\"},\"image\":{\"@id\":\"https:\/\/www.fondazionepirelli.org\/it\/cultura-dimpresa\/quale-modernita\/#primaryimage\"},\"thumbnailUrl\":\"https:\/\/wpsite-assets.fondazionepirelli.org\/wp-content\/uploads\/2023\/05\/16075625\/28D56ED6-30BA-49C0-ABE9-F5FC237A11C2.jpeg\",\"datePublished\":\"2023-05-16T12:26:30+00:00\",\"dateModified\":\"2023-05-16T13:34:38+00:00\",\"author\":{\"@id\":\"https:\/\/www.fondazionepirelli.org\/it\/#\/schema\/person\/c31fcf5937a0e6afa45497f3f8b6d7a0\"},\"breadcrumb\":{\"@id\":\"https:\/\/www.fondazionepirelli.org\/it\/cultura-dimpresa\/quale-modernita\/#breadcrumb\"},\"inLanguage\":\"it-IT\",\"potentialAction\":[{\"@type\":\"ReadAction\",\"target\":[\"https:\/\/www.fondazionepirelli.org\/it\/cultura-dimpresa\/quale-modernita\/\"]}]},{\"@type\":\"ImageObject\",\"inLanguage\":\"it-IT\",\"@id\":\"https:\/\/www.fondazionepirelli.org\/it\/cultura-dimpresa\/quale-modernita\/#primaryimage\",\"url\":\"https:\/\/wpsite-assets.fondazionepirelli.org\/wp-content\/uploads\/2023\/05\/16075625\/28D56ED6-30BA-49C0-ABE9-F5FC237A11C2.jpeg\",\"contentUrl\":\"https:\/\/wpsite-assets.fondazionepirelli.org\/wp-content\/uploads\/2023\/05\/16075625\/28D56ED6-30BA-49C0-ABE9-F5FC237A11C2.jpeg\",\"width\":411,\"height\":595},{\"@type\":\"BreadcrumbList\",\"@id\":\"https:\/\/www.fondazionepirelli.org\/it\/cultura-dimpresa\/quale-modernita\/#breadcrumb\",\"itemListElement\":[{\"@type\":\"ListItem\",\"position\":1,\"name\":\"Home\",\"item\":\"https:\/\/www.fondazionepirelli.org\/it\/\"},{\"@type\":\"ListItem\",\"position\":2,\"name\":\"Quale modernit\u00e0?\"}]},{\"@type\":\"WebSite\",\"@id\":\"https:\/\/www.fondazionepirelli.org\/it\/#website\",\"url\":\"https:\/\/www.fondazionepirelli.org\/it\/\",\"name\":\"Fondazione Pirelli\",\"description\":\"\",\"potentialAction\":[{\"@type\":\"SearchAction\",\"target\":{\"@type\":\"EntryPoint\",\"urlTemplate\":\"https:\/\/www.fondazionepirelli.org\/it\/?s={search_term_string}\"},\"query-input\":{\"@type\":\"PropertyValueSpecification\",\"valueRequired\":true,\"valueName\":\"search_term_string\"}}],\"inLanguage\":\"it-IT\"},{\"@type\":\"Person\",\"@id\":\"https:\/\/www.fondazionepirelli.org\/it\/#\/schema\/person\/c31fcf5937a0e6afa45497f3f8b6d7a0\",\"name\":\"fondazionepirelli\",\"image\":{\"@type\":\"ImageObject\",\"inLanguage\":\"it-IT\",\"@id\":\"https:\/\/www.fondazionepirelli.org\/it\/#\/schema\/person\/image\/\",\"url\":\"https:\/\/secure.gravatar.com\/avatar\/9cb486421ce1d6eddbf6c4fb66841b4325b786695f7aedf1dde2222428218696?s=96&d=mm&r=g\",\"contentUrl\":\"https:\/\/secure.gravatar.com\/avatar\/9cb486421ce1d6eddbf6c4fb66841b4325b786695f7aedf1dde2222428218696?s=96&d=mm&r=g\",\"caption\":\"fondazionepirelli\"},\"url\":\"https:\/\/www.fondazionepirelli.org\/it\/author\/fondazionepirelli\/\"}]}<\/script>\n<!-- \/ Yoast SEO plugin. -->","yoast_head_json":{"title":"Quale modernit\u00e0? - Fondazione Pirelli","robots":{"index":"index","follow":"follow","max-snippet":"max-snippet:-1","max-image-preview":"max-image-preview:large","max-video-preview":"max-video-preview:-1"},"canonical":"https:\/\/www.fondazionepirelli.org\/it\/cultura-dimpresa\/quale-modernita\/","og_locale":"it_IT","og_type":"article","og_title":"Quale modernit\u00e0? - Fondazione Pirelli","og_description":"L\u2019ultima fatica letteraria di Giuseppe Lupo ripercorre il Novecento delle fabbriche e pone la necessit\u00e0 di un racconto diverso del passatoModernit\u00e0 e tradizione. Progresso e povert\u00e0. Sviluppo e declino. Paradiso e inferno. Potrebbero essere molti altri i binomi di opposti &#8211; che cambiano di volta in volta ed a seconda della posizione di guarda -, [&hellip;]","og_url":"https:\/\/www.fondazionepirelli.org\/it\/cultura-dimpresa\/quale-modernita\/","og_site_name":"Fondazione Pirelli","article_published_time":"2023-05-16T12:26:30+00:00","article_modified_time":"2023-05-16T13:34:38+00:00","og_image":[{"width":411,"height":595,"url":"https:\/\/wpsite-assets.fondazionepirelli.org\/wp-content\/uploads\/2023\/05\/16075625\/28D56ED6-30BA-49C0-ABE9-F5FC237A11C2.jpeg","type":"image\/jpeg"}],"author":"fondazionepirelli","twitter_card":"summary_large_image","twitter_misc":{"Scritto da":"fondazionepirelli","Tempo di lettura stimato":"2 minuti"},"schema":{"@context":"https:\/\/schema.org","@graph":[{"@type":"WebPage","@id":"https:\/\/www.fondazionepirelli.org\/it\/cultura-dimpresa\/quale-modernita\/","url":"https:\/\/www.fondazionepirelli.org\/it\/cultura-dimpresa\/quale-modernita\/","name":"Quale modernit\u00e0? - Fondazione Pirelli","isPartOf":{"@id":"https:\/\/www.fondazionepirelli.org\/it\/#website"},"primaryImageOfPage":{"@id":"https:\/\/www.fondazionepirelli.org\/it\/cultura-dimpresa\/quale-modernita\/#primaryimage"},"image":{"@id":"https:\/\/www.fondazionepirelli.org\/it\/cultura-dimpresa\/quale-modernita\/#primaryimage"},"thumbnailUrl":"https:\/\/wpsite-assets.fondazionepirelli.org\/wp-content\/uploads\/2023\/05\/16075625\/28D56ED6-30BA-49C0-ABE9-F5FC237A11C2.jpeg","datePublished":"2023-05-16T12:26:30+00:00","dateModified":"2023-05-16T13:34:38+00:00","author":{"@id":"https:\/\/www.fondazionepirelli.org\/it\/#\/schema\/person\/c31fcf5937a0e6afa45497f3f8b6d7a0"},"breadcrumb":{"@id":"https:\/\/www.fondazionepirelli.org\/it\/cultura-dimpresa\/quale-modernita\/#breadcrumb"},"inLanguage":"it-IT","potentialAction":[{"@type":"ReadAction","target":["https:\/\/www.fondazionepirelli.org\/it\/cultura-dimpresa\/quale-modernita\/"]}]},{"@type":"ImageObject","inLanguage":"it-IT","@id":"https:\/\/www.fondazionepirelli.org\/it\/cultura-dimpresa\/quale-modernita\/#primaryimage","url":"https:\/\/wpsite-assets.fondazionepirelli.org\/wp-content\/uploads\/2023\/05\/16075625\/28D56ED6-30BA-49C0-ABE9-F5FC237A11C2.jpeg","contentUrl":"https:\/\/wpsite-assets.fondazionepirelli.org\/wp-content\/uploads\/2023\/05\/16075625\/28D56ED6-30BA-49C0-ABE9-F5FC237A11C2.jpeg","width":411,"height":595},{"@type":"BreadcrumbList","@id":"https:\/\/www.fondazionepirelli.org\/it\/cultura-dimpresa\/quale-modernita\/#breadcrumb","itemListElement":[{"@type":"ListItem","position":1,"name":"Home","item":"https:\/\/www.fondazionepirelli.org\/it\/"},{"@type":"ListItem","position":2,"name":"Quale modernit\u00e0?"}]},{"@type":"WebSite","@id":"https:\/\/www.fondazionepirelli.org\/it\/#website","url":"https:\/\/www.fondazionepirelli.org\/it\/","name":"Fondazione Pirelli","description":"","potentialAction":[{"@type":"SearchAction","target":{"@type":"EntryPoint","urlTemplate":"https:\/\/www.fondazionepirelli.org\/it\/?s={search_term_string}"},"query-input":{"@type":"PropertyValueSpecification","valueRequired":true,"valueName":"search_term_string"}}],"inLanguage":"it-IT"},{"@type":"Person","@id":"https:\/\/www.fondazionepirelli.org\/it\/#\/schema\/person\/c31fcf5937a0e6afa45497f3f8b6d7a0","name":"fondazionepirelli","image":{"@type":"ImageObject","inLanguage":"it-IT","@id":"https:\/\/www.fondazionepirelli.org\/it\/#\/schema\/person\/image\/","url":"https:\/\/secure.gravatar.com\/avatar\/9cb486421ce1d6eddbf6c4fb66841b4325b786695f7aedf1dde2222428218696?s=96&d=mm&r=g","contentUrl":"https:\/\/secure.gravatar.com\/avatar\/9cb486421ce1d6eddbf6c4fb66841b4325b786695f7aedf1dde2222428218696?s=96&d=mm&r=g","caption":"fondazionepirelli"},"url":"https:\/\/www.fondazionepirelli.org\/it\/author\/fondazionepirelli\/"}]}},"_links":{"self":[{"href":"https:\/\/www.fondazionepirelli.org\/it\/wp-json\/wp\/v2\/posts\/95822\/"}],"collection":[{"href":"https:\/\/www.fondazionepirelli.org\/it\/wp-json\/wp\/v2\/posts\/"}],"about":[{"href":"https:\/\/www.fondazionepirelli.org\/it\/wp-json\/wp\/v2\/types\/post\/"}],"author":[{"embeddable":true,"href":"https:\/\/www.fondazionepirelli.org\/it\/wp-json\/wp\/v2\/users\/9\/"}],"replies":[{"embeddable":true,"href":"https:\/\/www.fondazionepirelli.org\/it\/wp-json\/wp\/v2\/comments\/?post=95822"}],"version-history":[{"count":3,"href":"https:\/\/www.fondazionepirelli.org\/it\/wp-json\/wp\/v2\/posts\/95822\/revisions\/"}],"predecessor-version":[{"id":95844,"href":"https:\/\/www.fondazionepirelli.org\/it\/wp-json\/wp\/v2\/posts\/95822\/revisions\/95844\/"}],"wp:featuredmedia":[{"embeddable":true,"href":"https:\/\/www.fondazionepirelli.org\/it\/wp-json\/wp\/v2\/media\/95824\/"}],"wp:attachment":[{"href":"https:\/\/www.fondazionepirelli.org\/it\/wp-json\/wp\/v2\/media\/?parent=95822"}],"wp:term":[{"taxonomy":"category","embeddable":true,"href":"https:\/\/www.fondazionepirelli.org\/it\/wp-json\/wp\/v2\/categories\/?post=95822"},{"taxonomy":"post_tag","embeddable":true,"href":"https:\/\/www.fondazionepirelli.org\/it\/wp-json\/wp\/v2\/tags\/?post=95822"}],"curies":[{"name":"wp","href":"https:\/\/api.w.org\/{rel}","templated":true}]}}