{"id":95831,"date":"2023-05-16T13:26:10","date_gmt":"2023-05-16T12:26:10","guid":{"rendered":"https:\/\/www.fondazionepirelli.org\/?p=95831"},"modified":"2023-05-16T13:58:02","modified_gmt":"2023-05-16T12:58:02","slug":"il-valore-dei-musei-dimpresa-custodire-memoria-di-creativita-e-lavoro-per-fare-crescere-leconomia","status":"publish","type":"post","link":"https:\/\/www.fondazionepirelli.org\/it\/cultura-dimpresa\/il-valore-dei-musei-dimpresa-custodire-memoria-di-creativita-e-lavoro-per-fare-crescere-leconomia\/","title":{"rendered":"Il valore dei musei d\u2019impresa: custodire memoria di creativit\u00e0 e lavoro per fare crescere l\u2019economia"},"content":{"rendered":"<p>I musei sono l\u2019ossatura solida d\u2019una comunit\u00e0, per testimoniarne la storia e dunque rendere possibile costruirne il futuro. E i musei e gli archivi d\u2019impresa documentano la vitalit\u00e0 dell\u2019intraprendenza, dell\u2019intelligenza creativa, del lavoro e dell\u2019innovazione d\u2019una comunit\u00e0 attiva, produttiva, socialmente <strong>inclusiva<\/strong>. In quest\u2019intreccio fertile tra memoria e innovazione, appunto, stanno le radici delle capacit\u00e0 di sviluppo dell\u2019economia italiana, d\u2019una manifattura di qualit\u00e0 e d\u2019un sistema di servizi ad alta tecnologia apprezzati sui mercati internazionali.<\/p>\n<p>Sono queste le considerazioni di fondo che ispirano l\u2019assemblea di <strong>Museimpresa<\/strong>, in programma a Milano il <strong>24 maggio<\/strong> nella sede della Fondazione Aem. E che, proprio quest\u2019anno, fanno leva sulle parole chiave della Giornata Internazionale dei musei, in calendario il 18 maggio, secondo le indicazioni dell\u2019Icom (l\u2019International Council of Museum, fondato nel 1946 per sostenere la conservazione e valorizzazione dei patrimoni culturali): \u201c<strong>Sostenibilit\u00e0 e benessere<\/strong>\u201d. Sulla sostenibilit\u00e0, ambientale e sociale, proprio le imprese italiane sono testimoni privilegiate sui mercati globali, facendone da tempo un asset della propria competitivit\u00e0. E lavoro e, appunto, diffusione e benessere, sono gli effetti positivi della vocazione industriale dell\u2019Italia, secondo grande paese manifatturiero europeo, dopo la Germania.<\/p>\n<p>Per capire meglio, si pu\u00f2 partire dalla pi\u00f9 recente definizione che l\u2019Icom d\u00e0 dei musei e che anche Museimpresa ha fatto propria: \u201cIl museo \u00e8 un\u2019istituzione permanente senza scopo di lucro e al servizio della societ\u00e0, che effettua ricerche, colleziona, conserva, interpreta ed espone il patrimonio materiale e immateriale\u201d.\u00a0Aperti al pubblico, accessibili e inclusivi, \u201ci musei promuovono la diversit\u00e0 e la sostenibilit\u00e0. Operano e comunicano eticamente e professionalmente e con la partecipazione delle comunit\u00e0, offrendo esperienze diversificate per l\u2019educazione, il piacere, la riflessione e la condivisione di conoscenze\u201d.<\/p>\n<p>Museo luogo vivo, strumento di approfondimento della storia e dell\u2019esperienza umana. E veicolo di conoscenza diffusa. Uno spazio aperto, dialettico, democratico. E museo d\u2019impresa come spazio in cui dare valore e prospettive alle culture materiali, secondo la lezione della scuola francese delle Annales, svincolando il racconto storico dalle sole dimensioni politiche e belliche. Le culture del lavoro, del cibo, degli scambi, della vita quotidiana, dell\u2019attitudine al \u201cfare, fare bene e fare del bene\u201d. D\u2019una tradizione diffusa nei territori italiani al \u201csaper fare\u201d che, proprio grazie anche all\u2019impegno di Museimpresa, si va sempre pi\u00f9 accompagnando al \u201cfar sapere\u201d, rafforzando creativit\u00e0 e produttivit\u00e0.<\/p>\n<p>C\u2019\u00e8 infatti una grande spinta alla <strong>crescita<\/strong>, scrivendo \u201cuna storia al futuro\u201d. E <strong>musei e archivi<\/strong> si rivelano come veri e propri asset di competitivit\u00e0. Non solo per l\u2019impresa protagonista. Ma anche per gli <strong><em>stakeholders<\/em><\/strong>. Con un intreccio tra consapevolezza dei valori del passato e capacit\u00e0 di costruire paradigmi di quello sviluppo che abbiamo gi\u00e0 definito come sostenibile.<\/p>\n<p>Creazione e innovazione, con la forza di un vero e proprio \u201corgoglio industriale\u201d, sono appunto le caratteristiche fondamentali della nostra cultura d\u2019impresa. E dunque memoria e racconto di un lungo, accidentato e complesso percorso attraverso le mutazioni di tecnologie produttive e prodotti, consumi e costumi. Perch\u00e9 l\u2019impresa, come comunit\u00e0 di persone, \u00e8 un attore sociale fondamentale della Storia. E il suo segno distintivo sta in una strategia ampia, che lega la \u201ccultura politecnica\u201d (sintesi originale di saperi umanistici e conoscenze scientifiche) ai processi produttivi, i linguaggi della comunicazione e del marketing ai prodotti. Con attenzione alle relazioni tra manifattura, servizi, creativit\u00e0 e ricerca scientifica, tra evoluzione della tecnologia e racconto degli artisti, scrittori e poeti, architetti, registi e fotografi, grafici pubblicitari e designer. Una civilt\u00e0 delle immagini e delle parole, delle persone e delle macchine.<\/p>\n<p>Alla base di questa attivit\u00e0 di Museimpresa (nata pi\u00f9 di vent\u2019anni fa per iniziativa di Assolombarda e Confindustria e adesso forte di oltre 130 iscritti e sostenitori istituzionali) c\u2019\u00e8, appunto, la convinzione, oramai consolidata, che le aziende siano luoghi fisici e mentali dove il passato e il futuro s\u2019incontrano e determinano sviluppo economico e sociale.<\/p>\n<p>Negli archivi delle nostre imprese, infatti, \u00e8 custodito e raccontato il patrimonio della <strong>sapienza manifatturiera<\/strong> e della qualit\u00e0 dei servizi, cardini d\u2019una diffusa cultura economica, sociale e civile: documenti, fotografie, film, pubblicit\u00e0, disegni tecnici, ma anche contratti e libretti di lavoro che raccontano la dimensione soprattutto umana del lavorare, con le diverse relazioni industriali, le testimonianze di rapporti e conflitti, l\u2019evoluzione dei legami tra imprenditori, dirigenti, tecnici e maestranze operaie. Un capitale sociale che caratterizza ogni impresa e ne definisce la storia e l\u2019identit\u00e0. Il ritratto mobile d\u2019una straordinaria umanit\u00e0.<\/p>","protected":false},"excerpt":{"rendered":"<p>I musei sono l\u2019ossatura solida d\u2019una comunit\u00e0, per testimoniarne la storia e dunque rendere possibile costruirne il futuro. E i musei e gli archivi d\u2019impresa documentano la vitalit\u00e0 dell\u2019intraprendenza, dell\u2019intelligenza creativa, del lavoro e dell\u2019innovazione d\u2019una comunit\u00e0 attiva, produttiva, socialmente inclusiva. In quest\u2019intreccio fertile tra memoria e innovazione, appunto, stanno le radici delle capacit\u00e0 di [&hellip;]<\/p>\n","protected":false},"author":9,"featured_media":95840,"comment_status":"open","ping_status":"open","sticky":false,"template":"","format":"standard","meta":{"footnotes":""},"categories":[53,52],"tags":[],"class_list":["post-95831","post","type-post","status-publish","format-standard","has-post-thumbnail","hentry","category-blog","category-cultura-dimpresa"],"acf":[],"yoast_head":"<!-- This site is optimized with the Yoast SEO plugin v25.0 - https:\/\/yoast.com\/wordpress\/plugins\/seo\/ -->\n<title>Il valore dei musei d\u2019impresa: custodire memoria di creativit\u00e0 e lavoro per fare crescere l\u2019economia - Fondazione Pirelli<\/title>\n<meta name=\"robots\" content=\"index, follow, max-snippet:-1, max-image-preview:large, max-video-preview:-1\" \/>\n<link rel=\"canonical\" href=\"https:\/\/www.fondazionepirelli.org\/it\/cultura-dimpresa\/il-valore-dei-musei-dimpresa-custodire-memoria-di-creativita-e-lavoro-per-fare-crescere-leconomia\/\" \/>\n<meta property=\"og:locale\" content=\"it_IT\" \/>\n<meta property=\"og:type\" content=\"article\" \/>\n<meta property=\"og:title\" content=\"Il valore dei musei d\u2019impresa: custodire memoria di creativit\u00e0 e lavoro per fare crescere l\u2019economia - Fondazione Pirelli\" \/>\n<meta property=\"og:description\" content=\"I musei sono l\u2019ossatura solida d\u2019una comunit\u00e0, per testimoniarne la storia e dunque rendere possibile costruirne il futuro. E i musei e gli archivi d\u2019impresa documentano la vitalit\u00e0 dell\u2019intraprendenza, dell\u2019intelligenza creativa, del lavoro e dell\u2019innovazione d\u2019una comunit\u00e0 attiva, produttiva, socialmente inclusiva. In quest\u2019intreccio fertile tra memoria e innovazione, appunto, stanno le radici delle capacit\u00e0 di [&hellip;]\" \/>\n<meta property=\"og:url\" content=\"https:\/\/www.fondazionepirelli.org\/it\/cultura-dimpresa\/il-valore-dei-musei-dimpresa-custodire-memoria-di-creativita-e-lavoro-per-fare-crescere-leconomia\/\" \/>\n<meta property=\"og:site_name\" content=\"Fondazione Pirelli\" \/>\n<meta property=\"article:published_time\" content=\"2023-05-16T12:26:10+00:00\" \/>\n<meta property=\"article:modified_time\" content=\"2023-05-16T12:58:02+00:00\" \/>\n<meta property=\"og:image\" content=\"https:\/\/wpsite-assets.fondazionepirelli.org\/wp-content\/uploads\/2023\/05\/16135642\/IPP2797-1.jpg\" \/>\n\t<meta property=\"og:image:width\" content=\"4800\" \/>\n\t<meta property=\"og:image:height\" content=\"3203\" \/>\n\t<meta property=\"og:image:type\" content=\"image\/jpeg\" \/>\n<meta name=\"author\" content=\"fondazionepirelli\" \/>\n<meta name=\"twitter:card\" content=\"summary_large_image\" \/>\n<meta name=\"twitter:label1\" content=\"Scritto da\" \/>\n\t<meta name=\"twitter:data1\" content=\"fondazionepirelli\" \/>\n\t<meta name=\"twitter:label2\" content=\"Tempo di lettura stimato\" \/>\n\t<meta name=\"twitter:data2\" content=\"4 minuti\" \/>\n<script type=\"application\/ld+json\" class=\"yoast-schema-graph\">{\"@context\":\"https:\/\/schema.org\",\"@graph\":[{\"@type\":\"WebPage\",\"@id\":\"https:\/\/www.fondazionepirelli.org\/it\/cultura-dimpresa\/il-valore-dei-musei-dimpresa-custodire-memoria-di-creativita-e-lavoro-per-fare-crescere-leconomia\/\",\"url\":\"https:\/\/www.fondazionepirelli.org\/it\/cultura-dimpresa\/il-valore-dei-musei-dimpresa-custodire-memoria-di-creativita-e-lavoro-per-fare-crescere-leconomia\/\",\"name\":\"Il valore dei musei d\u2019impresa: custodire memoria di creativit\u00e0 e lavoro per fare crescere l\u2019economia - Fondazione Pirelli\",\"isPartOf\":{\"@id\":\"https:\/\/www.fondazionepirelli.org\/it\/#website\"},\"primaryImageOfPage\":{\"@id\":\"https:\/\/www.fondazionepirelli.org\/it\/cultura-dimpresa\/il-valore-dei-musei-dimpresa-custodire-memoria-di-creativita-e-lavoro-per-fare-crescere-leconomia\/#primaryimage\"},\"image\":{\"@id\":\"https:\/\/www.fondazionepirelli.org\/it\/cultura-dimpresa\/il-valore-dei-musei-dimpresa-custodire-memoria-di-creativita-e-lavoro-per-fare-crescere-leconomia\/#primaryimage\"},\"thumbnailUrl\":\"https:\/\/wpsite-assets.fondazionepirelli.org\/wp-content\/uploads\/2023\/05\/16135642\/IPP2797-1.jpg\",\"datePublished\":\"2023-05-16T12:26:10+00:00\",\"dateModified\":\"2023-05-16T12:58:02+00:00\",\"author\":{\"@id\":\"https:\/\/www.fondazionepirelli.org\/it\/#\/schema\/person\/c31fcf5937a0e6afa45497f3f8b6d7a0\"},\"breadcrumb\":{\"@id\":\"https:\/\/www.fondazionepirelli.org\/it\/cultura-dimpresa\/il-valore-dei-musei-dimpresa-custodire-memoria-di-creativita-e-lavoro-per-fare-crescere-leconomia\/#breadcrumb\"},\"inLanguage\":\"it-IT\",\"potentialAction\":[{\"@type\":\"ReadAction\",\"target\":[\"https:\/\/www.fondazionepirelli.org\/it\/cultura-dimpresa\/il-valore-dei-musei-dimpresa-custodire-memoria-di-creativita-e-lavoro-per-fare-crescere-leconomia\/\"]}]},{\"@type\":\"ImageObject\",\"inLanguage\":\"it-IT\",\"@id\":\"https:\/\/www.fondazionepirelli.org\/it\/cultura-dimpresa\/il-valore-dei-musei-dimpresa-custodire-memoria-di-creativita-e-lavoro-per-fare-crescere-leconomia\/#primaryimage\",\"url\":\"https:\/\/wpsite-assets.fondazionepirelli.org\/wp-content\/uploads\/2023\/05\/16135642\/IPP2797-1.jpg\",\"contentUrl\":\"https:\/\/wpsite-assets.fondazionepirelli.org\/wp-content\/uploads\/2023\/05\/16135642\/IPP2797-1.jpg\",\"width\":4800,\"height\":3203},{\"@type\":\"BreadcrumbList\",\"@id\":\"https:\/\/www.fondazionepirelli.org\/it\/cultura-dimpresa\/il-valore-dei-musei-dimpresa-custodire-memoria-di-creativita-e-lavoro-per-fare-crescere-leconomia\/#breadcrumb\",\"itemListElement\":[{\"@type\":\"ListItem\",\"position\":1,\"name\":\"Home\",\"item\":\"https:\/\/www.fondazionepirelli.org\/it\/\"},{\"@type\":\"ListItem\",\"position\":2,\"name\":\"Il valore dei musei d\u2019impresa: custodire memoria di creativit\u00e0 e lavoro per fare crescere l\u2019economia\"}]},{\"@type\":\"WebSite\",\"@id\":\"https:\/\/www.fondazionepirelli.org\/it\/#website\",\"url\":\"https:\/\/www.fondazionepirelli.org\/it\/\",\"name\":\"Fondazione Pirelli\",\"description\":\"\",\"potentialAction\":[{\"@type\":\"SearchAction\",\"target\":{\"@type\":\"EntryPoint\",\"urlTemplate\":\"https:\/\/www.fondazionepirelli.org\/it\/?s={search_term_string}\"},\"query-input\":{\"@type\":\"PropertyValueSpecification\",\"valueRequired\":true,\"valueName\":\"search_term_string\"}}],\"inLanguage\":\"it-IT\"},{\"@type\":\"Person\",\"@id\":\"https:\/\/www.fondazionepirelli.org\/it\/#\/schema\/person\/c31fcf5937a0e6afa45497f3f8b6d7a0\",\"name\":\"fondazionepirelli\",\"image\":{\"@type\":\"ImageObject\",\"inLanguage\":\"it-IT\",\"@id\":\"https:\/\/www.fondazionepirelli.org\/it\/#\/schema\/person\/image\/\",\"url\":\"https:\/\/secure.gravatar.com\/avatar\/9cb486421ce1d6eddbf6c4fb66841b4325b786695f7aedf1dde2222428218696?s=96&d=mm&r=g\",\"contentUrl\":\"https:\/\/secure.gravatar.com\/avatar\/9cb486421ce1d6eddbf6c4fb66841b4325b786695f7aedf1dde2222428218696?s=96&d=mm&r=g\",\"caption\":\"fondazionepirelli\"},\"url\":\"https:\/\/www.fondazionepirelli.org\/it\/author\/fondazionepirelli\/\"}]}<\/script>\n<!-- \/ Yoast SEO plugin. -->","yoast_head_json":{"title":"Il valore dei musei d\u2019impresa: custodire memoria di creativit\u00e0 e lavoro per fare crescere l\u2019economia - Fondazione Pirelli","robots":{"index":"index","follow":"follow","max-snippet":"max-snippet:-1","max-image-preview":"max-image-preview:large","max-video-preview":"max-video-preview:-1"},"canonical":"https:\/\/www.fondazionepirelli.org\/it\/cultura-dimpresa\/il-valore-dei-musei-dimpresa-custodire-memoria-di-creativita-e-lavoro-per-fare-crescere-leconomia\/","og_locale":"it_IT","og_type":"article","og_title":"Il valore dei musei d\u2019impresa: custodire memoria di creativit\u00e0 e lavoro per fare crescere l\u2019economia - Fondazione Pirelli","og_description":"I musei sono l\u2019ossatura solida d\u2019una comunit\u00e0, per testimoniarne la storia e dunque rendere possibile costruirne il futuro. E i musei e gli archivi d\u2019impresa documentano la vitalit\u00e0 dell\u2019intraprendenza, dell\u2019intelligenza creativa, del lavoro e dell\u2019innovazione d\u2019una comunit\u00e0 attiva, produttiva, socialmente inclusiva. In quest\u2019intreccio fertile tra memoria e innovazione, appunto, stanno le radici delle capacit\u00e0 di [&hellip;]","og_url":"https:\/\/www.fondazionepirelli.org\/it\/cultura-dimpresa\/il-valore-dei-musei-dimpresa-custodire-memoria-di-creativita-e-lavoro-per-fare-crescere-leconomia\/","og_site_name":"Fondazione Pirelli","article_published_time":"2023-05-16T12:26:10+00:00","article_modified_time":"2023-05-16T12:58:02+00:00","og_image":[{"width":4800,"height":3203,"url":"https:\/\/wpsite-assets.fondazionepirelli.org\/wp-content\/uploads\/2023\/05\/16135642\/IPP2797-1.jpg","type":"image\/jpeg"}],"author":"fondazionepirelli","twitter_card":"summary_large_image","twitter_misc":{"Scritto da":"fondazionepirelli","Tempo di lettura stimato":"4 minuti"},"schema":{"@context":"https:\/\/schema.org","@graph":[{"@type":"WebPage","@id":"https:\/\/www.fondazionepirelli.org\/it\/cultura-dimpresa\/il-valore-dei-musei-dimpresa-custodire-memoria-di-creativita-e-lavoro-per-fare-crescere-leconomia\/","url":"https:\/\/www.fondazionepirelli.org\/it\/cultura-dimpresa\/il-valore-dei-musei-dimpresa-custodire-memoria-di-creativita-e-lavoro-per-fare-crescere-leconomia\/","name":"Il valore dei musei d\u2019impresa: custodire memoria di creativit\u00e0 e lavoro per fare crescere l\u2019economia - Fondazione Pirelli","isPartOf":{"@id":"https:\/\/www.fondazionepirelli.org\/it\/#website"},"primaryImageOfPage":{"@id":"https:\/\/www.fondazionepirelli.org\/it\/cultura-dimpresa\/il-valore-dei-musei-dimpresa-custodire-memoria-di-creativita-e-lavoro-per-fare-crescere-leconomia\/#primaryimage"},"image":{"@id":"https:\/\/www.fondazionepirelli.org\/it\/cultura-dimpresa\/il-valore-dei-musei-dimpresa-custodire-memoria-di-creativita-e-lavoro-per-fare-crescere-leconomia\/#primaryimage"},"thumbnailUrl":"https:\/\/wpsite-assets.fondazionepirelli.org\/wp-content\/uploads\/2023\/05\/16135642\/IPP2797-1.jpg","datePublished":"2023-05-16T12:26:10+00:00","dateModified":"2023-05-16T12:58:02+00:00","author":{"@id":"https:\/\/www.fondazionepirelli.org\/it\/#\/schema\/person\/c31fcf5937a0e6afa45497f3f8b6d7a0"},"breadcrumb":{"@id":"https:\/\/www.fondazionepirelli.org\/it\/cultura-dimpresa\/il-valore-dei-musei-dimpresa-custodire-memoria-di-creativita-e-lavoro-per-fare-crescere-leconomia\/#breadcrumb"},"inLanguage":"it-IT","potentialAction":[{"@type":"ReadAction","target":["https:\/\/www.fondazionepirelli.org\/it\/cultura-dimpresa\/il-valore-dei-musei-dimpresa-custodire-memoria-di-creativita-e-lavoro-per-fare-crescere-leconomia\/"]}]},{"@type":"ImageObject","inLanguage":"it-IT","@id":"https:\/\/www.fondazionepirelli.org\/it\/cultura-dimpresa\/il-valore-dei-musei-dimpresa-custodire-memoria-di-creativita-e-lavoro-per-fare-crescere-leconomia\/#primaryimage","url":"https:\/\/wpsite-assets.fondazionepirelli.org\/wp-content\/uploads\/2023\/05\/16135642\/IPP2797-1.jpg","contentUrl":"https:\/\/wpsite-assets.fondazionepirelli.org\/wp-content\/uploads\/2023\/05\/16135642\/IPP2797-1.jpg","width":4800,"height":3203},{"@type":"BreadcrumbList","@id":"https:\/\/www.fondazionepirelli.org\/it\/cultura-dimpresa\/il-valore-dei-musei-dimpresa-custodire-memoria-di-creativita-e-lavoro-per-fare-crescere-leconomia\/#breadcrumb","itemListElement":[{"@type":"ListItem","position":1,"name":"Home","item":"https:\/\/www.fondazionepirelli.org\/it\/"},{"@type":"ListItem","position":2,"name":"Il valore dei musei d\u2019impresa: custodire memoria di creativit\u00e0 e lavoro per fare crescere l\u2019economia"}]},{"@type":"WebSite","@id":"https:\/\/www.fondazionepirelli.org\/it\/#website","url":"https:\/\/www.fondazionepirelli.org\/it\/","name":"Fondazione Pirelli","description":"","potentialAction":[{"@type":"SearchAction","target":{"@type":"EntryPoint","urlTemplate":"https:\/\/www.fondazionepirelli.org\/it\/?s={search_term_string}"},"query-input":{"@type":"PropertyValueSpecification","valueRequired":true,"valueName":"search_term_string"}}],"inLanguage":"it-IT"},{"@type":"Person","@id":"https:\/\/www.fondazionepirelli.org\/it\/#\/schema\/person\/c31fcf5937a0e6afa45497f3f8b6d7a0","name":"fondazionepirelli","image":{"@type":"ImageObject","inLanguage":"it-IT","@id":"https:\/\/www.fondazionepirelli.org\/it\/#\/schema\/person\/image\/","url":"https:\/\/secure.gravatar.com\/avatar\/9cb486421ce1d6eddbf6c4fb66841b4325b786695f7aedf1dde2222428218696?s=96&d=mm&r=g","contentUrl":"https:\/\/secure.gravatar.com\/avatar\/9cb486421ce1d6eddbf6c4fb66841b4325b786695f7aedf1dde2222428218696?s=96&d=mm&r=g","caption":"fondazionepirelli"},"url":"https:\/\/www.fondazionepirelli.org\/it\/author\/fondazionepirelli\/"}]}},"_links":{"self":[{"href":"https:\/\/www.fondazionepirelli.org\/it\/wp-json\/wp\/v2\/posts\/95831\/"}],"collection":[{"href":"https:\/\/www.fondazionepirelli.org\/it\/wp-json\/wp\/v2\/posts\/"}],"about":[{"href":"https:\/\/www.fondazionepirelli.org\/it\/wp-json\/wp\/v2\/types\/post\/"}],"author":[{"embeddable":true,"href":"https:\/\/www.fondazionepirelli.org\/it\/wp-json\/wp\/v2\/users\/9\/"}],"replies":[{"embeddable":true,"href":"https:\/\/www.fondazionepirelli.org\/it\/wp-json\/wp\/v2\/comments\/?post=95831"}],"version-history":[{"count":7,"href":"https:\/\/www.fondazionepirelli.org\/it\/wp-json\/wp\/v2\/posts\/95831\/revisions\/"}],"predecessor-version":[{"id":95843,"href":"https:\/\/www.fondazionepirelli.org\/it\/wp-json\/wp\/v2\/posts\/95831\/revisions\/95843\/"}],"wp:featuredmedia":[{"embeddable":true,"href":"https:\/\/www.fondazionepirelli.org\/it\/wp-json\/wp\/v2\/media\/95840\/"}],"wp:attachment":[{"href":"https:\/\/www.fondazionepirelli.org\/it\/wp-json\/wp\/v2\/media\/?parent=95831"}],"wp:term":[{"taxonomy":"category","embeddable":true,"href":"https:\/\/www.fondazionepirelli.org\/it\/wp-json\/wp\/v2\/categories\/?post=95831"},{"taxonomy":"post_tag","embeddable":true,"href":"https:\/\/www.fondazionepirelli.org\/it\/wp-json\/wp\/v2\/tags\/?post=95831"}],"curies":[{"name":"wp","href":"https:\/\/api.w.org\/{rel}","templated":true}]}}