{"id":95870,"date":"2023-05-23T09:02:41","date_gmt":"2023-05-23T08:02:41","guid":{"rendered":"https:\/\/www.fondazionepirelli.org\/?p=95870"},"modified":"2023-05-23T14:18:13","modified_gmt":"2023-05-23T13:18:13","slug":"imprese-sociali-a-tutto-tondo-2","status":"publish","type":"post","link":"https:\/\/www.fondazionepirelli.org\/it\/cultura-dimpresa\/imprese-sociali-a-tutto-tondo-2\/","title":{"rendered":"Michele Ferrero, mito e realt\u00e0"},"content":{"rendered":"<p><em>Appena pubblicato un libro che ripercorre la vicenda di uno degli imprenditori pi\u00f9 importanti del Novecento\u00a0<\/em><\/p><p>La vita di un imprenditore (d\u2019eccezione) raccontata attraverso il racconto di chi lo ha conosciuto. Pochi numeri. Altrettanto poche analisi economiche e gestionali. Moltissime testimonianze. E il metodo con cui Salvatore Giannella ha provato a raccontare la vita di Michele Ferrero, cio\u00e8 di chi quasi dal nulla ha creato un colosso dell\u2019industria dolciaria, che, con i suoi prodotti, ha segnato intere generazioni e costruito un modello di consumo. \u201cMichele Ferrero. Condividere valori per creare valore\u201d \u00e8 un libro che dice tutto gi\u00e0 dal titolo: si parla di un imprenditore attraverso i suoi principi di vita e di lavoro. E si racconta l\u2019evoluzione di una delle aziende pi\u00f9 importanti al mondo, almeno nel settore in cui agisce (ma non solo). Giannella ha davvero scritto una sorta di reportage percorrendo la vita di Ferrero attraverso una serie importante di testimonianze tratte dalle interviste di decine di persone che hanno vissuto fianco a fianco con \u201cil signor Michele\u201d. Un metodo faticoso ma fruttuoso, che Giannella spiega rifacendosi a quel grande giornalista (e scrittore) che \u00e8 stato Dino Buzzati e che spiegava: \u201cLa prima, sicura regola del mestiere di cronista per far scendere i grandi uomini e le grandi donne dal loro piedistallo cos\u00ec da farli apparire comuni mortali, quali infatti sono, consiste nell\u2019andare sul posto del personaggio da raccontare, raccogliere la massima quantit\u00e0 possibile di testimonianze, di citazioni e di note, tampinare una quantit\u00e0 di persone, rendersi invisi per l\u2019insistenza, sgobbare: insomma, scavare\u201d. Tutto per arrivare a capire, e quindi raccontare, vita e metodo di un mito. Perch\u00e9 proprio questo \u00e8 stato ed \u00e8 Michele Ferrero. Il risultato dello \u201cscavare\u201d di Giannella \u00e8 un libro di poco meno di trecento pagine leggibilissime, dalle quali si cerca di far emergere i tratti di un personaggio dalle intuizioni geniali, con una visione internazionale e la capacit\u00e0 di ascoltare gli altri. Un mito per davvero \u2013 comunque -, fatto anche da un\u2019attenzione certosina alla qualit\u00e0 dei prodotti, alle esigenze dei consumatori, al benessere dei dipendenti. Riservato quasi fino all\u2019eccesso, Michele Ferrero e la sua particolare cultura d\u2019impresa si delineano per alcuni tratti peculiari: l\u2019innovazione nei metodi di produzione, l\u2019attenzione ai valori umani e quindi alla responsabilit\u00e0 sociale dell\u2019azione imprenditoriale.Un libro tutto da leggere quello di Giannella, ricordando che i miti sono irripetibili ma possono insegnare molto a tutti.<\/p>\n<p><strong>Michele Ferrero. Condividere valori per creare valore<\/strong><br \/>\nSalvatore Giannella<br \/>\nSalani Editore, 2023<\/p>\n","protected":false},"excerpt":{"rendered":"<p>Appena pubblicato un libro che ripercorre la vicenda di uno degli imprenditori pi\u00f9 importanti del Novecento\u00a0La vita di un imprenditore (d\u2019eccezione) raccontata attraverso il racconto di chi lo ha conosciuto. Pochi numeri. Altrettanto poche analisi economiche e gestionali. Moltissime testimonianze. E il metodo con cui Salvatore Giannella ha provato a raccontare la vita di Michele [&hellip;]<\/p>\n","protected":false},"author":9,"featured_media":95872,"comment_status":"open","ping_status":"open","sticky":false,"template":"","format":"standard","meta":{"footnotes":""},"categories":[52,58],"tags":[],"class_list":["post-95870","post","type-post","status-publish","format-standard","has-post-thumbnail","hentry","category-cultura-dimpresa","category-recensioni-libri"],"acf":[],"yoast_head":"<!-- This site is optimized with the Yoast SEO plugin v25.0 - https:\/\/yoast.com\/wordpress\/plugins\/seo\/ -->\n<title>Michele Ferrero, mito e realt\u00e0 - Fondazione Pirelli<\/title>\n<meta name=\"robots\" content=\"index, follow, max-snippet:-1, max-image-preview:large, max-video-preview:-1\" \/>\n<link rel=\"canonical\" href=\"https:\/\/www.fondazionepirelli.org\/it\/cultura-dimpresa\/imprese-sociali-a-tutto-tondo-2\/\" \/>\n<meta property=\"og:locale\" content=\"it_IT\" \/>\n<meta property=\"og:type\" content=\"article\" \/>\n<meta property=\"og:title\" content=\"Michele Ferrero, mito e realt\u00e0 - Fondazione Pirelli\" \/>\n<meta property=\"og:description\" content=\"Appena pubblicato un libro che ripercorre la vicenda di uno degli imprenditori pi\u00f9 importanti del Novecento\u00a0La vita di un imprenditore (d\u2019eccezione) raccontata attraverso il racconto di chi lo ha conosciuto. Pochi numeri. Altrettanto poche analisi economiche e gestionali. Moltissime testimonianze. E il metodo con cui Salvatore Giannella ha provato a raccontare la vita di Michele [&hellip;]\" \/>\n<meta property=\"og:url\" content=\"https:\/\/www.fondazionepirelli.org\/it\/cultura-dimpresa\/imprese-sociali-a-tutto-tondo-2\/\" \/>\n<meta property=\"og:site_name\" content=\"Fondazione Pirelli\" \/>\n<meta property=\"article:published_time\" content=\"2023-05-23T08:02:41+00:00\" \/>\n<meta property=\"article:modified_time\" content=\"2023-05-23T13:18:13+00:00\" \/>\n<meta property=\"og:image\" content=\"https:\/\/wpsite-assets.fondazionepirelli.org\/wp-content\/uploads\/2023\/05\/22135646\/Giannella_Michele-Ferrero_cover-e1684760215711.jpg\" \/>\n\t<meta property=\"og:image:width\" content=\"500\" \/>\n\t<meta property=\"og:image:height\" content=\"768\" \/>\n\t<meta property=\"og:image:type\" content=\"image\/jpeg\" \/>\n<meta name=\"author\" content=\"fondazionepirelli\" \/>\n<meta name=\"twitter:card\" content=\"summary_large_image\" \/>\n<meta name=\"twitter:label1\" content=\"Scritto da\" \/>\n\t<meta name=\"twitter:data1\" content=\"fondazionepirelli\" \/>\n\t<meta name=\"twitter:label2\" content=\"Tempo di lettura stimato\" \/>\n\t<meta name=\"twitter:data2\" content=\"2 minuti\" \/>\n<script type=\"application\/ld+json\" class=\"yoast-schema-graph\">{\"@context\":\"https:\/\/schema.org\",\"@graph\":[{\"@type\":\"WebPage\",\"@id\":\"https:\/\/www.fondazionepirelli.org\/it\/cultura-dimpresa\/imprese-sociali-a-tutto-tondo-2\/\",\"url\":\"https:\/\/www.fondazionepirelli.org\/it\/cultura-dimpresa\/imprese-sociali-a-tutto-tondo-2\/\",\"name\":\"Michele Ferrero, mito e realt\u00e0 - Fondazione Pirelli\",\"isPartOf\":{\"@id\":\"https:\/\/www.fondazionepirelli.org\/it\/#website\"},\"primaryImageOfPage\":{\"@id\":\"https:\/\/www.fondazionepirelli.org\/it\/cultura-dimpresa\/imprese-sociali-a-tutto-tondo-2\/#primaryimage\"},\"image\":{\"@id\":\"https:\/\/www.fondazionepirelli.org\/it\/cultura-dimpresa\/imprese-sociali-a-tutto-tondo-2\/#primaryimage\"},\"thumbnailUrl\":\"https:\/\/wpsite-assets.fondazionepirelli.org\/wp-content\/uploads\/2023\/05\/22135646\/Giannella_Michele-Ferrero_cover-e1684760215711.jpg\",\"datePublished\":\"2023-05-23T08:02:41+00:00\",\"dateModified\":\"2023-05-23T13:18:13+00:00\",\"author\":{\"@id\":\"https:\/\/www.fondazionepirelli.org\/it\/#\/schema\/person\/c31fcf5937a0e6afa45497f3f8b6d7a0\"},\"breadcrumb\":{\"@id\":\"https:\/\/www.fondazionepirelli.org\/it\/cultura-dimpresa\/imprese-sociali-a-tutto-tondo-2\/#breadcrumb\"},\"inLanguage\":\"it-IT\",\"potentialAction\":[{\"@type\":\"ReadAction\",\"target\":[\"https:\/\/www.fondazionepirelli.org\/it\/cultura-dimpresa\/imprese-sociali-a-tutto-tondo-2\/\"]}]},{\"@type\":\"ImageObject\",\"inLanguage\":\"it-IT\",\"@id\":\"https:\/\/www.fondazionepirelli.org\/it\/cultura-dimpresa\/imprese-sociali-a-tutto-tondo-2\/#primaryimage\",\"url\":\"https:\/\/wpsite-assets.fondazionepirelli.org\/wp-content\/uploads\/2023\/05\/22135646\/Giannella_Michele-Ferrero_cover-e1684760215711.jpg\",\"contentUrl\":\"https:\/\/wpsite-assets.fondazionepirelli.org\/wp-content\/uploads\/2023\/05\/22135646\/Giannella_Michele-Ferrero_cover-e1684760215711.jpg\",\"width\":500,\"height\":768},{\"@type\":\"BreadcrumbList\",\"@id\":\"https:\/\/www.fondazionepirelli.org\/it\/cultura-dimpresa\/imprese-sociali-a-tutto-tondo-2\/#breadcrumb\",\"itemListElement\":[{\"@type\":\"ListItem\",\"position\":1,\"name\":\"Home\",\"item\":\"https:\/\/www.fondazionepirelli.org\/it\/\"},{\"@type\":\"ListItem\",\"position\":2,\"name\":\"Michele Ferrero, mito e realt\u00e0\"}]},{\"@type\":\"WebSite\",\"@id\":\"https:\/\/www.fondazionepirelli.org\/it\/#website\",\"url\":\"https:\/\/www.fondazionepirelli.org\/it\/\",\"name\":\"Fondazione Pirelli\",\"description\":\"\",\"potentialAction\":[{\"@type\":\"SearchAction\",\"target\":{\"@type\":\"EntryPoint\",\"urlTemplate\":\"https:\/\/www.fondazionepirelli.org\/it\/?s={search_term_string}\"},\"query-input\":{\"@type\":\"PropertyValueSpecification\",\"valueRequired\":true,\"valueName\":\"search_term_string\"}}],\"inLanguage\":\"it-IT\"},{\"@type\":\"Person\",\"@id\":\"https:\/\/www.fondazionepirelli.org\/it\/#\/schema\/person\/c31fcf5937a0e6afa45497f3f8b6d7a0\",\"name\":\"fondazionepirelli\",\"image\":{\"@type\":\"ImageObject\",\"inLanguage\":\"it-IT\",\"@id\":\"https:\/\/www.fondazionepirelli.org\/it\/#\/schema\/person\/image\/\",\"url\":\"https:\/\/secure.gravatar.com\/avatar\/9cb486421ce1d6eddbf6c4fb66841b4325b786695f7aedf1dde2222428218696?s=96&d=mm&r=g\",\"contentUrl\":\"https:\/\/secure.gravatar.com\/avatar\/9cb486421ce1d6eddbf6c4fb66841b4325b786695f7aedf1dde2222428218696?s=96&d=mm&r=g\",\"caption\":\"fondazionepirelli\"},\"url\":\"https:\/\/www.fondazionepirelli.org\/it\/author\/fondazionepirelli\/\"}]}<\/script>\n<!-- \/ Yoast SEO plugin. -->","yoast_head_json":{"title":"Michele Ferrero, mito e realt\u00e0 - Fondazione Pirelli","robots":{"index":"index","follow":"follow","max-snippet":"max-snippet:-1","max-image-preview":"max-image-preview:large","max-video-preview":"max-video-preview:-1"},"canonical":"https:\/\/www.fondazionepirelli.org\/it\/cultura-dimpresa\/imprese-sociali-a-tutto-tondo-2\/","og_locale":"it_IT","og_type":"article","og_title":"Michele Ferrero, mito e realt\u00e0 - Fondazione Pirelli","og_description":"Appena pubblicato un libro che ripercorre la vicenda di uno degli imprenditori pi\u00f9 importanti del Novecento\u00a0La vita di un imprenditore (d\u2019eccezione) raccontata attraverso il racconto di chi lo ha conosciuto. Pochi numeri. Altrettanto poche analisi economiche e gestionali. Moltissime testimonianze. E il metodo con cui Salvatore Giannella ha provato a raccontare la vita di Michele [&hellip;]","og_url":"https:\/\/www.fondazionepirelli.org\/it\/cultura-dimpresa\/imprese-sociali-a-tutto-tondo-2\/","og_site_name":"Fondazione Pirelli","article_published_time":"2023-05-23T08:02:41+00:00","article_modified_time":"2023-05-23T13:18:13+00:00","og_image":[{"width":500,"height":768,"url":"https:\/\/wpsite-assets.fondazionepirelli.org\/wp-content\/uploads\/2023\/05\/22135646\/Giannella_Michele-Ferrero_cover-e1684760215711.jpg","type":"image\/jpeg"}],"author":"fondazionepirelli","twitter_card":"summary_large_image","twitter_misc":{"Scritto da":"fondazionepirelli","Tempo di lettura stimato":"2 minuti"},"schema":{"@context":"https:\/\/schema.org","@graph":[{"@type":"WebPage","@id":"https:\/\/www.fondazionepirelli.org\/it\/cultura-dimpresa\/imprese-sociali-a-tutto-tondo-2\/","url":"https:\/\/www.fondazionepirelli.org\/it\/cultura-dimpresa\/imprese-sociali-a-tutto-tondo-2\/","name":"Michele Ferrero, mito e realt\u00e0 - Fondazione Pirelli","isPartOf":{"@id":"https:\/\/www.fondazionepirelli.org\/it\/#website"},"primaryImageOfPage":{"@id":"https:\/\/www.fondazionepirelli.org\/it\/cultura-dimpresa\/imprese-sociali-a-tutto-tondo-2\/#primaryimage"},"image":{"@id":"https:\/\/www.fondazionepirelli.org\/it\/cultura-dimpresa\/imprese-sociali-a-tutto-tondo-2\/#primaryimage"},"thumbnailUrl":"https:\/\/wpsite-assets.fondazionepirelli.org\/wp-content\/uploads\/2023\/05\/22135646\/Giannella_Michele-Ferrero_cover-e1684760215711.jpg","datePublished":"2023-05-23T08:02:41+00:00","dateModified":"2023-05-23T13:18:13+00:00","author":{"@id":"https:\/\/www.fondazionepirelli.org\/it\/#\/schema\/person\/c31fcf5937a0e6afa45497f3f8b6d7a0"},"breadcrumb":{"@id":"https:\/\/www.fondazionepirelli.org\/it\/cultura-dimpresa\/imprese-sociali-a-tutto-tondo-2\/#breadcrumb"},"inLanguage":"it-IT","potentialAction":[{"@type":"ReadAction","target":["https:\/\/www.fondazionepirelli.org\/it\/cultura-dimpresa\/imprese-sociali-a-tutto-tondo-2\/"]}]},{"@type":"ImageObject","inLanguage":"it-IT","@id":"https:\/\/www.fondazionepirelli.org\/it\/cultura-dimpresa\/imprese-sociali-a-tutto-tondo-2\/#primaryimage","url":"https:\/\/wpsite-assets.fondazionepirelli.org\/wp-content\/uploads\/2023\/05\/22135646\/Giannella_Michele-Ferrero_cover-e1684760215711.jpg","contentUrl":"https:\/\/wpsite-assets.fondazionepirelli.org\/wp-content\/uploads\/2023\/05\/22135646\/Giannella_Michele-Ferrero_cover-e1684760215711.jpg","width":500,"height":768},{"@type":"BreadcrumbList","@id":"https:\/\/www.fondazionepirelli.org\/it\/cultura-dimpresa\/imprese-sociali-a-tutto-tondo-2\/#breadcrumb","itemListElement":[{"@type":"ListItem","position":1,"name":"Home","item":"https:\/\/www.fondazionepirelli.org\/it\/"},{"@type":"ListItem","position":2,"name":"Michele Ferrero, mito e realt\u00e0"}]},{"@type":"WebSite","@id":"https:\/\/www.fondazionepirelli.org\/it\/#website","url":"https:\/\/www.fondazionepirelli.org\/it\/","name":"Fondazione Pirelli","description":"","potentialAction":[{"@type":"SearchAction","target":{"@type":"EntryPoint","urlTemplate":"https:\/\/www.fondazionepirelli.org\/it\/?s={search_term_string}"},"query-input":{"@type":"PropertyValueSpecification","valueRequired":true,"valueName":"search_term_string"}}],"inLanguage":"it-IT"},{"@type":"Person","@id":"https:\/\/www.fondazionepirelli.org\/it\/#\/schema\/person\/c31fcf5937a0e6afa45497f3f8b6d7a0","name":"fondazionepirelli","image":{"@type":"ImageObject","inLanguage":"it-IT","@id":"https:\/\/www.fondazionepirelli.org\/it\/#\/schema\/person\/image\/","url":"https:\/\/secure.gravatar.com\/avatar\/9cb486421ce1d6eddbf6c4fb66841b4325b786695f7aedf1dde2222428218696?s=96&d=mm&r=g","contentUrl":"https:\/\/secure.gravatar.com\/avatar\/9cb486421ce1d6eddbf6c4fb66841b4325b786695f7aedf1dde2222428218696?s=96&d=mm&r=g","caption":"fondazionepirelli"},"url":"https:\/\/www.fondazionepirelli.org\/it\/author\/fondazionepirelli\/"}]}},"_links":{"self":[{"href":"https:\/\/www.fondazionepirelli.org\/it\/wp-json\/wp\/v2\/posts\/95870\/"}],"collection":[{"href":"https:\/\/www.fondazionepirelli.org\/it\/wp-json\/wp\/v2\/posts\/"}],"about":[{"href":"https:\/\/www.fondazionepirelli.org\/it\/wp-json\/wp\/v2\/types\/post\/"}],"author":[{"embeddable":true,"href":"https:\/\/www.fondazionepirelli.org\/it\/wp-json\/wp\/v2\/users\/9\/"}],"replies":[{"embeddable":true,"href":"https:\/\/www.fondazionepirelli.org\/it\/wp-json\/wp\/v2\/comments\/?post=95870"}],"version-history":[{"count":5,"href":"https:\/\/www.fondazionepirelli.org\/it\/wp-json\/wp\/v2\/posts\/95870\/revisions\/"}],"predecessor-version":[{"id":95889,"href":"https:\/\/www.fondazionepirelli.org\/it\/wp-json\/wp\/v2\/posts\/95870\/revisions\/95889\/"}],"wp:featuredmedia":[{"embeddable":true,"href":"https:\/\/www.fondazionepirelli.org\/it\/wp-json\/wp\/v2\/media\/95872\/"}],"wp:attachment":[{"href":"https:\/\/www.fondazionepirelli.org\/it\/wp-json\/wp\/v2\/media\/?parent=95870"}],"wp:term":[{"taxonomy":"category","embeddable":true,"href":"https:\/\/www.fondazionepirelli.org\/it\/wp-json\/wp\/v2\/categories\/?post=95870"},{"taxonomy":"post_tag","embeddable":true,"href":"https:\/\/www.fondazionepirelli.org\/it\/wp-json\/wp\/v2\/tags\/?post=95870"}],"curies":[{"name":"wp","href":"https:\/\/api.w.org\/{rel}","templated":true}]}}