{"id":95975,"date":"2023-06-06T09:38:40","date_gmt":"2023-06-06T08:38:40","guid":{"rendered":"https:\/\/www.fondazionepirelli.org\/?p=95975"},"modified":"2023-06-06T09:38:40","modified_gmt":"2023-06-06T08:38:40","slug":"guardare-in-alto-sempre","status":"publish","type":"post","link":"https:\/\/www.fondazionepirelli.org\/it\/cultura-dimpresa\/guardare-in-alto-sempre\/","title":{"rendered":"Guardare in alto, sempre"},"content":{"rendered":"<p><em>Condensato in un libro il dialogo tra un filosofo e un tecnologo su cultura e tecnica<\/em><\/p><p>Cultura politecnica. Cultura omnicomprensiva del produrre e progredire con attenzione e rispetto. Delle persone e dell\u2019ambiente. Cultura per tutti. Che porta a guardare in alto e non solo indietro e in basso. E\u2019 sempre difficile \u2013 ma affascinante -, il ragionamento attorno alle nuove tecnologie, al progresso, all\u2019uomo nelle sue diverse espressioni, alle modalit\u00e0 per sciogliere i nodi del presente e tessere una buona stoffa per il futuro. Eppure, \u00e8 un ragionamento da condurre. E c\u2019\u00e8 chi riesce meglio di altri nel compito.<\/p>\n<p>E\u2019 il caso di Maurizio Ferraris e Guido Saracco (filosofo il primo, ingegnere chimico il secondo), che hanno provato con il loro \u201cTecnosofia. Tecnologia e umanesimo per una scienza nuova\u201d, a tracciare una strada inconsueta per arrivare in poco meno di duecento pagine ad una sintesi tentata da molti e raggiunta da pochissimi.<\/p>\n<p>Il libro \u00e8, tutto sommato, riassunto nelle due affermazioni poste subito in copertina: \u201cIl farmaco pi\u00f9 potente a disposizione della scimmia nuda \u00e8 la tecnica, e la tecnica pi\u00f9 potente \u00e8 il capitale. L\u2019alleanza tra tecnologia e umanesimo pu\u00f2 potenziare questo capitale a beneficio di tutti, trasformandolo in un patrimonio dell\u2019umanit\u00e0\u201d. Capitale, dunque. Che i due autori declinano in varie forme, partendo dalle rispettive esperienze di studio e di vita: la filosofia da una parte e la tecnica dall\u2019altra. Il risultato \u00e8 un percorso verso l\u2019alto, caratterizzato da una serie di tappe. Preso atto che si deve fare i conti con un \u201cascensore da riparare\u201d per far progredite l\u2019umanit\u00e0, gli autori si concentrano sul capitale visto come miglior strumento per quanto occorre intraprendere. Uno strumento del tutto particolare: tecnologico certamente, ma anche semantico (attento cio\u00e8 al contenuto e al significato), sintattico (quindi attento alla struttura e ai meccanismi per mezzo dei quali agisce), e poi ancora umano (e cio\u00e8 basato sulla straordinariet\u00e0 dell\u2019essere umano in tutte le sue varie manifestazioni). Un capitale attento anche agli aspetti ecologici del suo agire oltre che a quelli scientifici e tecnologici; e non dimentico dei tratti propri dell\u2019umanit\u00e0 per arrivare a realizzare due principi di fondo: \u201cDa ognuno secondo la sua capacit\u00e0. A ognuno secondo i suoi bisogni\u201d.<\/p>\n<p>Quanto pi\u00f9 la tecnologia e l\u2019umanesimo sapranno interagire \u2013 \u00e8 il messaggio che Ferraris e Saracco lanciano ai chi legge -, tanto pi\u00f9 l\u2019umanit\u00e0 proceder\u00e0 positivamente lungo la strada del progresso.<\/p>\n<p>Il libro di Maurizio Ferraris e Guido Saracco \u00e8 una visione positiva delle capacit\u00e0 della tecnologia vista come qualcosa che appartiene all\u2019umanit\u00e0 dalle sue origini, e che contiene la capacit\u00e0 di conservare e moltiplicare il valore dei beni materiali e culturali a beneficio delle generazioni future. A patto che questa tecnologia venga adoperata con attenzione e saggezza.<\/p>\n<p>\u201cTecnosofia\u201d non \u00e8 certamente una lettura facilissima, ma \u00e8 una lettura da affrontare. Da parte di tutti. Una lettura da compiere senza preconcetti e scevra da luoghi comuni. Bellissimo uno dei passaggi finali del libro: \u201cIl progresso non \u00e8 la ricerca di un bene che nel mondo non si d\u00e0 mai pienamente, ma \u00e8 una fuga senza fine dal male; e al gioco facile di guardare in basso bisogna sostituire quello pi\u00f9 difficile di manutenere e migliorare l\u2019alto\u201d.<\/p><p><strong>Tecnosofia. Tecnologia e umanesimo per una scienza nuova<\/strong><\/p>\n<p>Maurizio Ferraris, Guido Saracco<\/p>\n<p>Laterza, 2023<\/p>\n","protected":false},"excerpt":{"rendered":"<p>Condensato in un libro il dialogo tra un filosofo e un tecnologo su cultura e tecnicaCultura politecnica. Cultura omnicomprensiva del produrre e progredire con attenzione e rispetto. Delle persone e dell\u2019ambiente. Cultura per tutti. Che porta a guardare in alto e non solo indietro e in basso. E\u2019 sempre difficile \u2013 ma affascinante -, il [&hellip;]<\/p>\n","protected":false},"author":9,"featured_media":95977,"comment_status":"open","ping_status":"open","sticky":false,"template":"","format":"standard","meta":{"footnotes":""},"categories":[52,58],"tags":[],"class_list":["post-95975","post","type-post","status-publish","format-standard","has-post-thumbnail","hentry","category-cultura-dimpresa","category-recensioni-libri"],"acf":[],"yoast_head":"<!-- This site is optimized with the Yoast SEO plugin v25.0 - https:\/\/yoast.com\/wordpress\/plugins\/seo\/ -->\n<title>Guardare in alto, sempre - Fondazione Pirelli<\/title>\n<meta name=\"robots\" content=\"index, follow, max-snippet:-1, max-image-preview:large, max-video-preview:-1\" \/>\n<link rel=\"canonical\" href=\"https:\/\/www.fondazionepirelli.org\/it\/cultura-dimpresa\/guardare-in-alto-sempre\/\" \/>\n<meta property=\"og:locale\" content=\"it_IT\" \/>\n<meta property=\"og:type\" content=\"article\" \/>\n<meta property=\"og:title\" content=\"Guardare in alto, sempre - Fondazione Pirelli\" \/>\n<meta property=\"og:description\" content=\"Condensato in un libro il dialogo tra un filosofo e un tecnologo su cultura e tecnicaCultura politecnica. Cultura omnicomprensiva del produrre e progredire con attenzione e rispetto. Delle persone e dell\u2019ambiente. Cultura per tutti. Che porta a guardare in alto e non solo indietro e in basso. E\u2019 sempre difficile \u2013 ma affascinante -, il [&hellip;]\" \/>\n<meta property=\"og:url\" content=\"https:\/\/www.fondazionepirelli.org\/it\/cultura-dimpresa\/guardare-in-alto-sempre\/\" \/>\n<meta property=\"og:site_name\" content=\"Fondazione Pirelli\" \/>\n<meta property=\"article:published_time\" content=\"2023-06-06T08:38:40+00:00\" \/>\n<meta property=\"og:image\" content=\"https:\/\/wpsite-assets.fondazionepirelli.org\/wp-content\/uploads\/2023\/06\/05084025\/6197NhBUpL-e1685950833560.jpg\" \/>\n\t<meta property=\"og:image:width\" content=\"500\" \/>\n\t<meta property=\"og:image:height\" content=\"750\" \/>\n\t<meta property=\"og:image:type\" content=\"image\/jpeg\" \/>\n<meta name=\"author\" content=\"fondazionepirelli\" \/>\n<meta name=\"twitter:card\" content=\"summary_large_image\" \/>\n<meta name=\"twitter:label1\" content=\"Scritto da\" \/>\n\t<meta name=\"twitter:data1\" content=\"fondazionepirelli\" \/>\n\t<meta name=\"twitter:label2\" content=\"Tempo di lettura stimato\" \/>\n\t<meta name=\"twitter:data2\" content=\"3 minuti\" \/>\n<script type=\"application\/ld+json\" class=\"yoast-schema-graph\">{\"@context\":\"https:\/\/schema.org\",\"@graph\":[{\"@type\":\"WebPage\",\"@id\":\"https:\/\/www.fondazionepirelli.org\/it\/cultura-dimpresa\/guardare-in-alto-sempre\/\",\"url\":\"https:\/\/www.fondazionepirelli.org\/it\/cultura-dimpresa\/guardare-in-alto-sempre\/\",\"name\":\"Guardare in alto, sempre - Fondazione Pirelli\",\"isPartOf\":{\"@id\":\"https:\/\/www.fondazionepirelli.org\/it\/#website\"},\"primaryImageOfPage\":{\"@id\":\"https:\/\/www.fondazionepirelli.org\/it\/cultura-dimpresa\/guardare-in-alto-sempre\/#primaryimage\"},\"image\":{\"@id\":\"https:\/\/www.fondazionepirelli.org\/it\/cultura-dimpresa\/guardare-in-alto-sempre\/#primaryimage\"},\"thumbnailUrl\":\"https:\/\/wpsite-assets.fondazionepirelli.org\/wp-content\/uploads\/2023\/06\/05084025\/6197NhBUpL-e1685950833560.jpg\",\"datePublished\":\"2023-06-06T08:38:40+00:00\",\"author\":{\"@id\":\"https:\/\/www.fondazionepirelli.org\/it\/#\/schema\/person\/c31fcf5937a0e6afa45497f3f8b6d7a0\"},\"breadcrumb\":{\"@id\":\"https:\/\/www.fondazionepirelli.org\/it\/cultura-dimpresa\/guardare-in-alto-sempre\/#breadcrumb\"},\"inLanguage\":\"it-IT\",\"potentialAction\":[{\"@type\":\"ReadAction\",\"target\":[\"https:\/\/www.fondazionepirelli.org\/it\/cultura-dimpresa\/guardare-in-alto-sempre\/\"]}]},{\"@type\":\"ImageObject\",\"inLanguage\":\"it-IT\",\"@id\":\"https:\/\/www.fondazionepirelli.org\/it\/cultura-dimpresa\/guardare-in-alto-sempre\/#primaryimage\",\"url\":\"https:\/\/wpsite-assets.fondazionepirelli.org\/wp-content\/uploads\/2023\/06\/05084025\/6197NhBUpL-e1685950833560.jpg\",\"contentUrl\":\"https:\/\/wpsite-assets.fondazionepirelli.org\/wp-content\/uploads\/2023\/06\/05084025\/6197NhBUpL-e1685950833560.jpg\",\"width\":500,\"height\":750},{\"@type\":\"BreadcrumbList\",\"@id\":\"https:\/\/www.fondazionepirelli.org\/it\/cultura-dimpresa\/guardare-in-alto-sempre\/#breadcrumb\",\"itemListElement\":[{\"@type\":\"ListItem\",\"position\":1,\"name\":\"Home\",\"item\":\"https:\/\/www.fondazionepirelli.org\/it\/\"},{\"@type\":\"ListItem\",\"position\":2,\"name\":\"Guardare in alto, sempre\"}]},{\"@type\":\"WebSite\",\"@id\":\"https:\/\/www.fondazionepirelli.org\/it\/#website\",\"url\":\"https:\/\/www.fondazionepirelli.org\/it\/\",\"name\":\"Fondazione Pirelli\",\"description\":\"\",\"potentialAction\":[{\"@type\":\"SearchAction\",\"target\":{\"@type\":\"EntryPoint\",\"urlTemplate\":\"https:\/\/www.fondazionepirelli.org\/it\/?s={search_term_string}\"},\"query-input\":{\"@type\":\"PropertyValueSpecification\",\"valueRequired\":true,\"valueName\":\"search_term_string\"}}],\"inLanguage\":\"it-IT\"},{\"@type\":\"Person\",\"@id\":\"https:\/\/www.fondazionepirelli.org\/it\/#\/schema\/person\/c31fcf5937a0e6afa45497f3f8b6d7a0\",\"name\":\"fondazionepirelli\",\"image\":{\"@type\":\"ImageObject\",\"inLanguage\":\"it-IT\",\"@id\":\"https:\/\/www.fondazionepirelli.org\/it\/#\/schema\/person\/image\/\",\"url\":\"https:\/\/secure.gravatar.com\/avatar\/9cb486421ce1d6eddbf6c4fb66841b4325b786695f7aedf1dde2222428218696?s=96&d=mm&r=g\",\"contentUrl\":\"https:\/\/secure.gravatar.com\/avatar\/9cb486421ce1d6eddbf6c4fb66841b4325b786695f7aedf1dde2222428218696?s=96&d=mm&r=g\",\"caption\":\"fondazionepirelli\"},\"url\":\"https:\/\/www.fondazionepirelli.org\/it\/author\/fondazionepirelli\/\"}]}<\/script>\n<!-- \/ Yoast SEO plugin. -->","yoast_head_json":{"title":"Guardare in alto, sempre - Fondazione Pirelli","robots":{"index":"index","follow":"follow","max-snippet":"max-snippet:-1","max-image-preview":"max-image-preview:large","max-video-preview":"max-video-preview:-1"},"canonical":"https:\/\/www.fondazionepirelli.org\/it\/cultura-dimpresa\/guardare-in-alto-sempre\/","og_locale":"it_IT","og_type":"article","og_title":"Guardare in alto, sempre - Fondazione Pirelli","og_description":"Condensato in un libro il dialogo tra un filosofo e un tecnologo su cultura e tecnicaCultura politecnica. Cultura omnicomprensiva del produrre e progredire con attenzione e rispetto. Delle persone e dell\u2019ambiente. Cultura per tutti. Che porta a guardare in alto e non solo indietro e in basso. E\u2019 sempre difficile \u2013 ma affascinante -, il [&hellip;]","og_url":"https:\/\/www.fondazionepirelli.org\/it\/cultura-dimpresa\/guardare-in-alto-sempre\/","og_site_name":"Fondazione Pirelli","article_published_time":"2023-06-06T08:38:40+00:00","og_image":[{"width":500,"height":750,"url":"https:\/\/wpsite-assets.fondazionepirelli.org\/wp-content\/uploads\/2023\/06\/05084025\/6197NhBUpL-e1685950833560.jpg","type":"image\/jpeg"}],"author":"fondazionepirelli","twitter_card":"summary_large_image","twitter_misc":{"Scritto da":"fondazionepirelli","Tempo di lettura stimato":"3 minuti"},"schema":{"@context":"https:\/\/schema.org","@graph":[{"@type":"WebPage","@id":"https:\/\/www.fondazionepirelli.org\/it\/cultura-dimpresa\/guardare-in-alto-sempre\/","url":"https:\/\/www.fondazionepirelli.org\/it\/cultura-dimpresa\/guardare-in-alto-sempre\/","name":"Guardare in alto, sempre - Fondazione Pirelli","isPartOf":{"@id":"https:\/\/www.fondazionepirelli.org\/it\/#website"},"primaryImageOfPage":{"@id":"https:\/\/www.fondazionepirelli.org\/it\/cultura-dimpresa\/guardare-in-alto-sempre\/#primaryimage"},"image":{"@id":"https:\/\/www.fondazionepirelli.org\/it\/cultura-dimpresa\/guardare-in-alto-sempre\/#primaryimage"},"thumbnailUrl":"https:\/\/wpsite-assets.fondazionepirelli.org\/wp-content\/uploads\/2023\/06\/05084025\/6197NhBUpL-e1685950833560.jpg","datePublished":"2023-06-06T08:38:40+00:00","author":{"@id":"https:\/\/www.fondazionepirelli.org\/it\/#\/schema\/person\/c31fcf5937a0e6afa45497f3f8b6d7a0"},"breadcrumb":{"@id":"https:\/\/www.fondazionepirelli.org\/it\/cultura-dimpresa\/guardare-in-alto-sempre\/#breadcrumb"},"inLanguage":"it-IT","potentialAction":[{"@type":"ReadAction","target":["https:\/\/www.fondazionepirelli.org\/it\/cultura-dimpresa\/guardare-in-alto-sempre\/"]}]},{"@type":"ImageObject","inLanguage":"it-IT","@id":"https:\/\/www.fondazionepirelli.org\/it\/cultura-dimpresa\/guardare-in-alto-sempre\/#primaryimage","url":"https:\/\/wpsite-assets.fondazionepirelli.org\/wp-content\/uploads\/2023\/06\/05084025\/6197NhBUpL-e1685950833560.jpg","contentUrl":"https:\/\/wpsite-assets.fondazionepirelli.org\/wp-content\/uploads\/2023\/06\/05084025\/6197NhBUpL-e1685950833560.jpg","width":500,"height":750},{"@type":"BreadcrumbList","@id":"https:\/\/www.fondazionepirelli.org\/it\/cultura-dimpresa\/guardare-in-alto-sempre\/#breadcrumb","itemListElement":[{"@type":"ListItem","position":1,"name":"Home","item":"https:\/\/www.fondazionepirelli.org\/it\/"},{"@type":"ListItem","position":2,"name":"Guardare in alto, sempre"}]},{"@type":"WebSite","@id":"https:\/\/www.fondazionepirelli.org\/it\/#website","url":"https:\/\/www.fondazionepirelli.org\/it\/","name":"Fondazione Pirelli","description":"","potentialAction":[{"@type":"SearchAction","target":{"@type":"EntryPoint","urlTemplate":"https:\/\/www.fondazionepirelli.org\/it\/?s={search_term_string}"},"query-input":{"@type":"PropertyValueSpecification","valueRequired":true,"valueName":"search_term_string"}}],"inLanguage":"it-IT"},{"@type":"Person","@id":"https:\/\/www.fondazionepirelli.org\/it\/#\/schema\/person\/c31fcf5937a0e6afa45497f3f8b6d7a0","name":"fondazionepirelli","image":{"@type":"ImageObject","inLanguage":"it-IT","@id":"https:\/\/www.fondazionepirelli.org\/it\/#\/schema\/person\/image\/","url":"https:\/\/secure.gravatar.com\/avatar\/9cb486421ce1d6eddbf6c4fb66841b4325b786695f7aedf1dde2222428218696?s=96&d=mm&r=g","contentUrl":"https:\/\/secure.gravatar.com\/avatar\/9cb486421ce1d6eddbf6c4fb66841b4325b786695f7aedf1dde2222428218696?s=96&d=mm&r=g","caption":"fondazionepirelli"},"url":"https:\/\/www.fondazionepirelli.org\/it\/author\/fondazionepirelli\/"}]}},"_links":{"self":[{"href":"https:\/\/www.fondazionepirelli.org\/it\/wp-json\/wp\/v2\/posts\/95975\/"}],"collection":[{"href":"https:\/\/www.fondazionepirelli.org\/it\/wp-json\/wp\/v2\/posts\/"}],"about":[{"href":"https:\/\/www.fondazionepirelli.org\/it\/wp-json\/wp\/v2\/types\/post\/"}],"author":[{"embeddable":true,"href":"https:\/\/www.fondazionepirelli.org\/it\/wp-json\/wp\/v2\/users\/9\/"}],"replies":[{"embeddable":true,"href":"https:\/\/www.fondazionepirelli.org\/it\/wp-json\/wp\/v2\/comments\/?post=95975"}],"version-history":[{"count":1,"href":"https:\/\/www.fondazionepirelli.org\/it\/wp-json\/wp\/v2\/posts\/95975\/revisions\/"}],"predecessor-version":[{"id":95976,"href":"https:\/\/www.fondazionepirelli.org\/it\/wp-json\/wp\/v2\/posts\/95975\/revisions\/95976\/"}],"wp:featuredmedia":[{"embeddable":true,"href":"https:\/\/www.fondazionepirelli.org\/it\/wp-json\/wp\/v2\/media\/95977\/"}],"wp:attachment":[{"href":"https:\/\/www.fondazionepirelli.org\/it\/wp-json\/wp\/v2\/media\/?parent=95975"}],"wp:term":[{"taxonomy":"category","embeddable":true,"href":"https:\/\/www.fondazionepirelli.org\/it\/wp-json\/wp\/v2\/categories\/?post=95975"},{"taxonomy":"post_tag","embeddable":true,"href":"https:\/\/www.fondazionepirelli.org\/it\/wp-json\/wp\/v2\/tags\/?post=95975"}],"curies":[{"name":"wp","href":"https:\/\/api.w.org\/{rel}","templated":true}]}}