{"id":96042,"date":"2023-06-13T09:56:22","date_gmt":"2023-06-13T08:56:22","guid":{"rendered":"https:\/\/www.fondazionepirelli.org\/?p=96042"},"modified":"2023-06-13T09:56:22","modified_gmt":"2023-06-13T08:56:22","slug":"labbondanza-lascia-il-posto-allabbastanza","status":"publish","type":"post","link":"https:\/\/www.fondazionepirelli.org\/it\/cultura-dimpresa\/labbondanza-lascia-il-posto-allabbastanza\/","title":{"rendered":"L\u2019abbondanza lascia il posto all\u2019abbastanza"},"content":{"rendered":"<p><em>La raccolta di saggi 2023 del Centro Einaudi fornisce una prospettiva possibile per i sistemi sociali ed economici mondiali<\/em><\/p><p>Illusi dall\u2019abbondanza, i sistemi sociali ed economici occidentali si sono ritrovati a dover fare i conti con un\u2019economia e delle prospettive ben diverse da quelle di solo qualche anno fa. E\u2019 qualcosa che ha investito bene o male tutti: semplici cittadini, imprese, istituzioni, organizzazioni sociali ed economiche. Qualcosa che va compreso a fondo. Anche solo per non farsi illusioni. Partendo da una constatazione: il grado di complessit\u00e0 ha raggiunto livelli altissimi. Leggere la consueta raccolta di analisi condotta dal Centro di ricerca e documentazione Luigi Einaudi di Torino (con il sostegno di Intesa Sanpaolo), serve allora per affrontare questa complessit\u00e0 con un bagaglio di conoscenze utili ad iniziare a capire.<\/p>\n<p>\u201cDall\u2019illusione dell\u2019abbondanza all\u2019economia dell\u2019 abbastanza\u201d &#8211; \u00e8 questo il titolo della raccolta di saggi predisposta dal Centro quest\u2019anno -, dice tutto dal titolo e si dipana in quattro tappe e una conclusione. Il lavoro di Mario Deaglio, che ha curato il volume insieme ad una squadra di economisti raccolti attorno al Centro Einaudi, prende le mosse da una serie di considerazioni. Prima di tutto che il sistema degli scambi e degli equilibri internazionali che si era esteso a tutto il mondo prima della crisi finanziaria del 2008-2009 \u00e8 ormai cosa affidata alla storia. Poi che la successiva tempesta economico-sociale, geopolitica, climatica che stiamo ancora attraversando ci ha proiettati in un mondo che possiamo chiamare \u201cpostglobale\u201d, caratterizzato dal parziale abbandono delle regole del libero mercato, dall\u2019incentivazione al ritorno in patria delle industrie nazionali e dalla necessit\u00e0 \u2013 e contemporanea difficolt\u00e0 \u2013 a tradurre in piani concreti i progetti \u201cverdi\u201d. Infine che quanto accaduto dall\u2019inizio della guerra Russia-Ucraina e a seguito delle tensioni Cina-USA, sta ulteriormente complicando uno scenario gi\u00e0 abbastanza serio.<\/p>\n<p>Il libro quindi inizia con una analisi del \u201ccrepuscolo della globalizzazione\u201d per poi passare a porre attenzione sui punti deboli di Stati Uniti ed Europa per arrivare ad approfondire le molte guerre che di fatto &#8211; seppur con formule diverse &#8211; ripropongono il confronto della \u201cguerra fredda\u201d. Nelle conclusioni viene quindi posta una domanda. La frattura globale che si sta aprendo porter\u00e0 a un\u2019atmosfera mondiale di grande ostilit\u00e0? Provocher\u00e0 un rallentamento strutturale della crescita o sar\u00e0 solo un sussulto temporaneo? Fedele allo spirito di seriet\u00e0 degli studi condotti dal Centro Einaudi, il libro non fornisce una risposta univoca ma una serie di scenari accomunati per\u00f2 da una constatazione: dobbiamo \u00a0dimenticarci i tempi spensierati, e in parte irresponsabili, in cui eravamo convinti di vivere una condizione di facile abbondanza, cercando invece di costruire, ad iniziare dall\u2019ambiente, una \u201cet\u00e0 dell\u2019abbastanza\u201d, nella quale si possa vivere ragionevolmente bene. Una prospettiva che il lavoro curato da Deaglio non d\u00e0 come impossibile.<\/p><p><strong>Dall\u2019illusione dell\u2019abbondanza all\u2019economia dell\u2019 abbastanza<\/strong><\/p>\n<p>Mario Deaglio (a cura di)<\/p>\n<p>Guerini e associati, 2023<\/p>","protected":false},"excerpt":{"rendered":"<p>La raccolta di saggi 2023 del Centro Einaudi fornisce una prospettiva possibile per i sistemi sociali ed economici mondialiIllusi dall\u2019abbondanza, i sistemi sociali ed economici occidentali si sono ritrovati a dover fare i conti con un\u2019economia e delle prospettive ben diverse da quelle di solo qualche anno fa. E\u2019 qualcosa che ha investito bene o [&hellip;]<\/p>\n","protected":false},"author":9,"featured_media":96046,"comment_status":"open","ping_status":"open","sticky":false,"template":"","format":"standard","meta":{"footnotes":""},"categories":[52,58],"tags":[],"class_list":["post-96042","post","type-post","status-publish","format-standard","has-post-thumbnail","hentry","category-cultura-dimpresa","category-recensioni-libri"],"acf":[],"yoast_head":"<!-- This site is optimized with the Yoast SEO plugin v25.0 - https:\/\/yoast.com\/wordpress\/plugins\/seo\/ -->\n<title>L\u2019abbondanza lascia il posto all\u2019abbastanza - Fondazione Pirelli<\/title>\n<meta name=\"robots\" content=\"index, follow, max-snippet:-1, max-image-preview:large, max-video-preview:-1\" \/>\n<link rel=\"canonical\" href=\"https:\/\/www.fondazionepirelli.org\/it\/cultura-dimpresa\/labbondanza-lascia-il-posto-allabbastanza\/\" \/>\n<meta property=\"og:locale\" content=\"it_IT\" \/>\n<meta property=\"og:type\" content=\"article\" \/>\n<meta property=\"og:title\" content=\"L\u2019abbondanza lascia il posto all\u2019abbastanza - Fondazione Pirelli\" \/>\n<meta property=\"og:description\" content=\"La raccolta di saggi 2023 del Centro Einaudi fornisce una prospettiva possibile per i sistemi sociali ed economici mondialiIllusi dall\u2019abbondanza, i sistemi sociali ed economici occidentali si sono ritrovati a dover fare i conti con un\u2019economia e delle prospettive ben diverse da quelle di solo qualche anno fa. E\u2019 qualcosa che ha investito bene o [&hellip;]\" \/>\n<meta property=\"og:url\" content=\"https:\/\/127.0.0.1\/it\/cultura-dimpresa\/labbondanza-lascia-il-posto-allabbastanza\/\" \/>\n<meta property=\"og:site_name\" content=\"Fondazione Pirelli\" \/>\n<meta property=\"article:published_time\" content=\"2023-06-13T08:56:22+00:00\" \/>\n<meta property=\"og:image\" content=\"https:\/\/wpsite-assets.fondazionepirelli.org\/wp-content\/uploads\/2023\/06\/12120058\/Front-Cover-DALL%E2%80%99ILLUSIONE-DELL%E2%80%99ABBONDANZA...-Einaudi-e1686567665857.jpg\" \/>\n\t<meta property=\"og:image:width\" content=\"500\" \/>\n\t<meta property=\"og:image:height\" content=\"777\" \/>\n\t<meta property=\"og:image:type\" content=\"image\/jpeg\" \/>\n<meta name=\"author\" content=\"fondazionepirelli\" \/>\n<meta name=\"twitter:card\" content=\"summary_large_image\" \/>\n<meta name=\"twitter:label1\" content=\"Scritto da\" \/>\n\t<meta name=\"twitter:data1\" content=\"fondazionepirelli\" \/>\n\t<meta name=\"twitter:label2\" content=\"Tempo di lettura stimato\" \/>\n\t<meta name=\"twitter:data2\" content=\"2 minuti\" \/>\n<script type=\"application\/ld+json\" class=\"yoast-schema-graph\">{\"@context\":\"https:\/\/schema.org\",\"@graph\":[{\"@type\":\"WebPage\",\"@id\":\"https:\/\/127.0.0.1\/it\/cultura-dimpresa\/labbondanza-lascia-il-posto-allabbastanza\/\",\"url\":\"https:\/\/127.0.0.1\/it\/cultura-dimpresa\/labbondanza-lascia-il-posto-allabbastanza\/\",\"name\":\"L\u2019abbondanza lascia il posto all\u2019abbastanza - Fondazione Pirelli\",\"isPartOf\":{\"@id\":\"https:\/\/www.fondazionepirelli.org\/it\/#website\"},\"primaryImageOfPage\":{\"@id\":\"https:\/\/127.0.0.1\/it\/cultura-dimpresa\/labbondanza-lascia-il-posto-allabbastanza\/#primaryimage\"},\"image\":{\"@id\":\"https:\/\/127.0.0.1\/it\/cultura-dimpresa\/labbondanza-lascia-il-posto-allabbastanza\/#primaryimage\"},\"thumbnailUrl\":\"https:\/\/wpsite-assets.fondazionepirelli.org\/wp-content\/uploads\/2023\/06\/12120058\/Front-Cover-DALL%E2%80%99ILLUSIONE-DELL%E2%80%99ABBONDANZA...-Einaudi-e1686567665857.jpg\",\"datePublished\":\"2023-06-13T08:56:22+00:00\",\"author\":{\"@id\":\"https:\/\/www.fondazionepirelli.org\/it\/#\/schema\/person\/c31fcf5937a0e6afa45497f3f8b6d7a0\"},\"breadcrumb\":{\"@id\":\"https:\/\/127.0.0.1\/it\/cultura-dimpresa\/labbondanza-lascia-il-posto-allabbastanza\/#breadcrumb\"},\"inLanguage\":\"it-IT\",\"potentialAction\":[{\"@type\":\"ReadAction\",\"target\":[\"https:\/\/127.0.0.1\/it\/cultura-dimpresa\/labbondanza-lascia-il-posto-allabbastanza\/\"]}]},{\"@type\":\"ImageObject\",\"inLanguage\":\"it-IT\",\"@id\":\"https:\/\/127.0.0.1\/it\/cultura-dimpresa\/labbondanza-lascia-il-posto-allabbastanza\/#primaryimage\",\"url\":\"https:\/\/wpsite-assets.fondazionepirelli.org\/wp-content\/uploads\/2023\/06\/12120058\/Front-Cover-DALL%E2%80%99ILLUSIONE-DELL%E2%80%99ABBONDANZA...-Einaudi-e1686567665857.jpg\",\"contentUrl\":\"https:\/\/wpsite-assets.fondazionepirelli.org\/wp-content\/uploads\/2023\/06\/12120058\/Front-Cover-DALL%E2%80%99ILLUSIONE-DELL%E2%80%99ABBONDANZA...-Einaudi-e1686567665857.jpg\",\"width\":500,\"height\":777},{\"@type\":\"BreadcrumbList\",\"@id\":\"https:\/\/127.0.0.1\/it\/cultura-dimpresa\/labbondanza-lascia-il-posto-allabbastanza\/#breadcrumb\",\"itemListElement\":[{\"@type\":\"ListItem\",\"position\":1,\"name\":\"Home\",\"item\":\"https:\/\/www.fondazionepirelli.org\/it\/\"},{\"@type\":\"ListItem\",\"position\":2,\"name\":\"L\u2019abbondanza lascia il posto all\u2019abbastanza\"}]},{\"@type\":\"WebSite\",\"@id\":\"https:\/\/www.fondazionepirelli.org\/it\/#website\",\"url\":\"https:\/\/www.fondazionepirelli.org\/it\/\",\"name\":\"Fondazione Pirelli\",\"description\":\"\",\"potentialAction\":[{\"@type\":\"SearchAction\",\"target\":{\"@type\":\"EntryPoint\",\"urlTemplate\":\"https:\/\/www.fondazionepirelli.org\/it\/?s={search_term_string}\"},\"query-input\":{\"@type\":\"PropertyValueSpecification\",\"valueRequired\":true,\"valueName\":\"search_term_string\"}}],\"inLanguage\":\"it-IT\"},{\"@type\":\"Person\",\"@id\":\"https:\/\/www.fondazionepirelli.org\/it\/#\/schema\/person\/c31fcf5937a0e6afa45497f3f8b6d7a0\",\"name\":\"fondazionepirelli\",\"image\":{\"@type\":\"ImageObject\",\"inLanguage\":\"it-IT\",\"@id\":\"https:\/\/www.fondazionepirelli.org\/it\/#\/schema\/person\/image\/\",\"url\":\"https:\/\/secure.gravatar.com\/avatar\/9cb486421ce1d6eddbf6c4fb66841b4325b786695f7aedf1dde2222428218696?s=96&d=mm&r=g\",\"contentUrl\":\"https:\/\/secure.gravatar.com\/avatar\/9cb486421ce1d6eddbf6c4fb66841b4325b786695f7aedf1dde2222428218696?s=96&d=mm&r=g\",\"caption\":\"fondazionepirelli\"},\"url\":\"https:\/\/www.fondazionepirelli.org\/it\/author\/fondazionepirelli\/\"}]}<\/script>\n<!-- \/ Yoast SEO plugin. -->","yoast_head_json":{"title":"L\u2019abbondanza lascia il posto all\u2019abbastanza - Fondazione Pirelli","robots":{"index":"index","follow":"follow","max-snippet":"max-snippet:-1","max-image-preview":"max-image-preview:large","max-video-preview":"max-video-preview:-1"},"canonical":"https:\/\/www.fondazionepirelli.org\/it\/cultura-dimpresa\/labbondanza-lascia-il-posto-allabbastanza\/","og_locale":"it_IT","og_type":"article","og_title":"L\u2019abbondanza lascia il posto all\u2019abbastanza - Fondazione Pirelli","og_description":"La raccolta di saggi 2023 del Centro Einaudi fornisce una prospettiva possibile per i sistemi sociali ed economici mondialiIllusi dall\u2019abbondanza, i sistemi sociali ed economici occidentali si sono ritrovati a dover fare i conti con un\u2019economia e delle prospettive ben diverse da quelle di solo qualche anno fa. E\u2019 qualcosa che ha investito bene o [&hellip;]","og_url":"https:\/\/127.0.0.1\/it\/cultura-dimpresa\/labbondanza-lascia-il-posto-allabbastanza\/","og_site_name":"Fondazione Pirelli","article_published_time":"2023-06-13T08:56:22+00:00","og_image":[{"width":500,"height":777,"url":"https:\/\/wpsite-assets.fondazionepirelli.org\/wp-content\/uploads\/2023\/06\/12120058\/Front-Cover-DALL%E2%80%99ILLUSIONE-DELL%E2%80%99ABBONDANZA...-Einaudi-e1686567665857.jpg","type":"image\/jpeg"}],"author":"fondazionepirelli","twitter_card":"summary_large_image","twitter_misc":{"Scritto da":"fondazionepirelli","Tempo di lettura stimato":"2 minuti"},"schema":{"@context":"https:\/\/schema.org","@graph":[{"@type":"WebPage","@id":"https:\/\/127.0.0.1\/it\/cultura-dimpresa\/labbondanza-lascia-il-posto-allabbastanza\/","url":"https:\/\/127.0.0.1\/it\/cultura-dimpresa\/labbondanza-lascia-il-posto-allabbastanza\/","name":"L\u2019abbondanza lascia il posto all\u2019abbastanza - Fondazione Pirelli","isPartOf":{"@id":"https:\/\/www.fondazionepirelli.org\/it\/#website"},"primaryImageOfPage":{"@id":"https:\/\/127.0.0.1\/it\/cultura-dimpresa\/labbondanza-lascia-il-posto-allabbastanza\/#primaryimage"},"image":{"@id":"https:\/\/127.0.0.1\/it\/cultura-dimpresa\/labbondanza-lascia-il-posto-allabbastanza\/#primaryimage"},"thumbnailUrl":"https:\/\/wpsite-assets.fondazionepirelli.org\/wp-content\/uploads\/2023\/06\/12120058\/Front-Cover-DALL%E2%80%99ILLUSIONE-DELL%E2%80%99ABBONDANZA...-Einaudi-e1686567665857.jpg","datePublished":"2023-06-13T08:56:22+00:00","author":{"@id":"https:\/\/www.fondazionepirelli.org\/it\/#\/schema\/person\/c31fcf5937a0e6afa45497f3f8b6d7a0"},"breadcrumb":{"@id":"https:\/\/127.0.0.1\/it\/cultura-dimpresa\/labbondanza-lascia-il-posto-allabbastanza\/#breadcrumb"},"inLanguage":"it-IT","potentialAction":[{"@type":"ReadAction","target":["https:\/\/127.0.0.1\/it\/cultura-dimpresa\/labbondanza-lascia-il-posto-allabbastanza\/"]}]},{"@type":"ImageObject","inLanguage":"it-IT","@id":"https:\/\/127.0.0.1\/it\/cultura-dimpresa\/labbondanza-lascia-il-posto-allabbastanza\/#primaryimage","url":"https:\/\/wpsite-assets.fondazionepirelli.org\/wp-content\/uploads\/2023\/06\/12120058\/Front-Cover-DALL%E2%80%99ILLUSIONE-DELL%E2%80%99ABBONDANZA...-Einaudi-e1686567665857.jpg","contentUrl":"https:\/\/wpsite-assets.fondazionepirelli.org\/wp-content\/uploads\/2023\/06\/12120058\/Front-Cover-DALL%E2%80%99ILLUSIONE-DELL%E2%80%99ABBONDANZA...-Einaudi-e1686567665857.jpg","width":500,"height":777},{"@type":"BreadcrumbList","@id":"https:\/\/127.0.0.1\/it\/cultura-dimpresa\/labbondanza-lascia-il-posto-allabbastanza\/#breadcrumb","itemListElement":[{"@type":"ListItem","position":1,"name":"Home","item":"https:\/\/www.fondazionepirelli.org\/it\/"},{"@type":"ListItem","position":2,"name":"L\u2019abbondanza lascia il posto all\u2019abbastanza"}]},{"@type":"WebSite","@id":"https:\/\/www.fondazionepirelli.org\/it\/#website","url":"https:\/\/www.fondazionepirelli.org\/it\/","name":"Fondazione Pirelli","description":"","potentialAction":[{"@type":"SearchAction","target":{"@type":"EntryPoint","urlTemplate":"https:\/\/www.fondazionepirelli.org\/it\/?s={search_term_string}"},"query-input":{"@type":"PropertyValueSpecification","valueRequired":true,"valueName":"search_term_string"}}],"inLanguage":"it-IT"},{"@type":"Person","@id":"https:\/\/www.fondazionepirelli.org\/it\/#\/schema\/person\/c31fcf5937a0e6afa45497f3f8b6d7a0","name":"fondazionepirelli","image":{"@type":"ImageObject","inLanguage":"it-IT","@id":"https:\/\/www.fondazionepirelli.org\/it\/#\/schema\/person\/image\/","url":"https:\/\/secure.gravatar.com\/avatar\/9cb486421ce1d6eddbf6c4fb66841b4325b786695f7aedf1dde2222428218696?s=96&d=mm&r=g","contentUrl":"https:\/\/secure.gravatar.com\/avatar\/9cb486421ce1d6eddbf6c4fb66841b4325b786695f7aedf1dde2222428218696?s=96&d=mm&r=g","caption":"fondazionepirelli"},"url":"https:\/\/www.fondazionepirelli.org\/it\/author\/fondazionepirelli\/"}]}},"_links":{"self":[{"href":"https:\/\/www.fondazionepirelli.org\/it\/wp-json\/wp\/v2\/posts\/96042\/"}],"collection":[{"href":"https:\/\/www.fondazionepirelli.org\/it\/wp-json\/wp\/v2\/posts\/"}],"about":[{"href":"https:\/\/www.fondazionepirelli.org\/it\/wp-json\/wp\/v2\/types\/post\/"}],"author":[{"embeddable":true,"href":"https:\/\/www.fondazionepirelli.org\/it\/wp-json\/wp\/v2\/users\/9\/"}],"replies":[{"embeddable":true,"href":"https:\/\/www.fondazionepirelli.org\/it\/wp-json\/wp\/v2\/comments\/?post=96042"}],"version-history":[{"count":1,"href":"https:\/\/www.fondazionepirelli.org\/it\/wp-json\/wp\/v2\/posts\/96042\/revisions\/"}],"predecessor-version":[{"id":96043,"href":"https:\/\/www.fondazionepirelli.org\/it\/wp-json\/wp\/v2\/posts\/96042\/revisions\/96043\/"}],"wp:featuredmedia":[{"embeddable":true,"href":"https:\/\/www.fondazionepirelli.org\/it\/wp-json\/wp\/v2\/media\/96046\/"}],"wp:attachment":[{"href":"https:\/\/www.fondazionepirelli.org\/it\/wp-json\/wp\/v2\/media\/?parent=96042"}],"wp:term":[{"taxonomy":"category","embeddable":true,"href":"https:\/\/www.fondazionepirelli.org\/it\/wp-json\/wp\/v2\/categories\/?post=96042"},{"taxonomy":"post_tag","embeddable":true,"href":"https:\/\/www.fondazionepirelli.org\/it\/wp-json\/wp\/v2\/tags\/?post=96042"}],"curies":[{"name":"wp","href":"https:\/\/api.w.org\/{rel}","templated":true}]}}