{"id":96300,"date":"2023-06-20T10:33:29","date_gmt":"2023-06-20T09:33:29","guid":{"rendered":"https:\/\/www.fondazionepirelli.org\/?p=96300"},"modified":"2023-06-23T10:30:12","modified_gmt":"2023-06-23T09:30:12","slug":"symbola-leffetto-positivo-delle-imprese-coesive-sono-sostenibili-esportano-e-crescono-di-piu-e-meglio","status":"publish","type":"post","link":"https:\/\/www.fondazionepirelli.org\/it\/cultura-dimpresa\/symbola-leffetto-positivo-delle-imprese-coesive-sono-sostenibili-esportano-e-crescono-di-piu-e-meglio\/","title":{"rendered":"Symbola, l\u2019effetto positivo delle \u201cimprese coesive\u201d: sono sostenibili, esportano e crescono di pi\u00f9 e meglio"},"content":{"rendered":"<p>\u201c<strong>Felicit\u00e0 d\u2019Italia<\/strong>\u201d, scrive Piero Bevilacqua, professore di Storia contemporanea all\u2019universit\u00e0 di Roma, in un libro, appena pubblicato da Laterza, raccontando di \u201cpaesaggio, arte, musica, cibo\u201d e cio\u00e8 di quelle caratteristiche originali che segnano la nostra societ\u00e0 e dunque anche l\u2019economia e le capacit\u00e0 di crescita culturale e civile. Agricoltura e biodiversit\u00e0, dunque. Alimentazione (il successo della \u201cdieta mediterranea\u201d diventata paradigma internazionale \u00e8 una conferma). Bellezza diffusa delle citt\u00e0 e dei borghi. Creativit\u00e0 (le pagine che il libro dedica alla canzone napoletana sono quanto mai affascinanti). E una <strong>tradizione civile<\/strong> e cooperativa che ha inciso sui modelli di crescita e sviluppo.<\/p>\n<p>Un ritratto positivo ben documentato. Non ignaro, naturalmente, di ombre, difficolt\u00e0, contraddizioni. Ma segnato, comunque, da uno spirito di collaborazione, da un impegno riformista e da uno sguardo attento ai cambiamenti che migliorano la qualit\u00e0 della vita, personale e collettiva.<\/p>\n<p><strong>Cooperazione<\/strong> come valore, dunque. Senza dimenticare l\u2019attenzione ricorrente, nella saggistica capace di valorizzare un buon \u201cracconto d\u2019Italia\u201d, alle origini della parola \u201ccompetizione\u201d, dal latino <em>cum <\/em>e <em>petere<\/em>: andare insieme verso la realizzazione di un desiderio, di un progetto comune.<\/p>\n<p>Sono riflessioni che tornano in mente leggendo appunto le pagine di Bevilacqua ma anche i risultati del recente Meeting internazionale sulla Fraternit\u00e0 promosso a Roma, il 10 giugno, dalla Fondazione Fratelli Tutti per riflettere sul messaggio dell\u2019Enciclica \u201cLaudato Si\u2019\u201d di Papa Francesco e sulla qualit\u00e0 e la sostenibilit\u00e0 ambientale e sociale dello sviluppo (con la partecipazione di trenta premi Nobel e, per l\u2019Italia, di esponenti del mondo economico, culturale e del \u201cterzo settore\u201d): \u201cLa fraternit\u00e0 si conferma come fondamento per una economia circolare e collaborativa, a misura d\u2019uomo, attenta a sanare squilibri e ingiustizie evidenziate dalla stagione pi\u00f9 frenetica e rapace della globalizzazione\u201d, commenta Ermete Realacci, presidente della Fondazione Symbola e coordinatore del gruppo di lavoro italiano.<\/p>\n<p>L\u2019Europa e l\u2019Italia, appunto, con le culture diffuse che tengono insieme competitivit\u00e0 e solidariet\u00e0, intraprendenza individuale e sistemi di welfare, produttivit\u00e0 e inclusione sociale, hanno un ruolo e una responsabilit\u00e0 fondamentali, nel \u201ccambio di paradigma\u201d economico sempre pi\u00f9 necessario.<\/p>\n<p>Questi temi risuonano anche nel Rapporto annuale di \u201cCoesione e su Competizione\u201d, promosso da Fondazione Symbola, Unioncamere e Intesa Sanpaolo\u00a0 e che sar\u00e0 discusso al Seminario estivo di Symbola in programma nello fine settimana a Mantova, con un\u2019attenzione concentrata su \u201cla forza del Territorio nella Transizione Verde\u201d.<\/p>\n<p>Cosa dice il Rapporto, guardando all\u2019economia? \u201cLa coesione nelle imprese migliora il legame e il radicamento nelle comunit\u00e0 e nei territori, accresce il senso di appartenenza e la soddisfazione di vita dei dipendenti (nel 2020 le erogazioni di welfare sulla base di contrattazione sindacale sono cresciute del 19,5%), il coinvolgimento e il dialogo con i clienti, rafforza le relazioni di filiera e distrettuali (le imprese ricadenti nei distretti secondo il monitor di Intesa Sanpaolo negli ultimi anni hanno visto crescere la produttivit\u00e0 pi\u00f9 delle imprese non distrettuali), generando effetti positivi sulla competitivit\u00e0\u201d.<\/p>\n<p>Sono \u201c<strong>coesive<\/strong>\u201d, appunto, le imprese che \u201channo aperto la ricerca oltre il perimetro aziendale, collaborando con universit\u00e0, artisti, designer per accelerare l\u2019innovazione o scoprire nuove applicazioni di materiali e prodotti. Imprese che insieme al terzo settore hanno rafforzato le proprie comunit\u00e0, migliorando la conoscenza dei territori in cui operano e ingaggiando la societ\u00e0 civile in progetti sociali o ambientali. Storie di imprese che hanno approfondito dialogo e ascolto con i propri clienti al punto da arrivare a co-produrre con loro, intercettando tendenze e bisogni della comunit\u00e0, che diventa testimonial consapevole e portavoce dei valori dell\u2019azienda\u201d. E ancora: \u201cImprese che hanno trovato nella banca il partner ideale per riorganizzare e rafforzare la propria filiera, migliorando le proprie performance, quelle dei fornitori e dell\u2019ente di credito. Imprese che hanno aumentato il valore dell\u2019azienda coinvolgendo i lavoratori negli obiettivi di business, o che hanno creato per loro un ambiente migliore dove convivono sviluppo professionale e bilanciamento con la vita privata, coltivando i propri talenti e acquisendone nuovi grazie alla cura e all\u2019attenzione del personale\u201d.<\/p>\n<p>Imprese, insomma, \u201calleate con le istituzioni per potenziare i servizi locali ed essere pi\u00f9 attrattive nell\u2019ingaggiare professionisti, o per rendere pi\u00f9 facile il loro insediamento nel territorio, co-investendo insieme in progettualit\u00e0 di interesse per la comunit\u00e0. Imprese diventate pi\u00f9 competitive alleandosi con altre imprese, che siano della filiera o addirittura competitor, per dare vita e ecosistemi di qualit\u00e0, sostenibili e pi\u00f9 resilienti oppure per scambiare materie prime e conoscenze aumentando insieme il fatturato\u201d.<\/p>\n<p>Le imprese coesive crescono a confronto con gli anni precedenti: la quota 2022 \u00e8 pari al 43%, superiore a quella del 2020 (37%, anno certamente \u201canomalo\u201d condizionato pesantemente dall\u2019esplosione della pandemia) e a quella del 2018 (32%). La coesione &#8211; rileva ancora il Rapporto &#8211; cresce non solo come quota di imprese coinvolte, ma anche per il numero di relazioni medie delle imprese, anch\u2019esso in aumento: in sostanza crescono le imprese coesive nonostante si \u201calzi l\u2019asticella\u201d del livello medio delle relazioni.<\/p>\n<p>I vantaggi, per le imprese coesive, sono evidenti. Sulla crescita dimensionale (per il 2023 sono il 55,3% quelle che stimano aumenti di fatturato rispetto al 2022, contro il 42,3% delle altre), per l\u2019occupazione (34,1% di indicazioni di incremento nel 2023 rispetto al 24,8% delle altre imprese) e per le esportazioni (42,7% contro 32,5%). E questi andamenti distintivi si confermano anche per le previsioni 2024.<\/p>\n<p>Il Rapporto Symbola conferma la propensione al \u201cgreen\u201d delle imprese coesive, tra le quali quasi due su tre hanno investito o investiranno in sostenibilit\u00e0 ambientale (62,1%, mentre per le altre imprese il valore \u00e8 33,2%) e che nel 16,9% (altre imprese: 8,8%) hanno messo in atto attivit\u00e0 di rendicontazione di sostenibilit\u00e0 (bilancio sociale, di sostenibilit\u00e0, rating ESG, ecc.).<\/p>\n<p>Anche dal punto di vista della transizione digitale, le imprese coesive nel 46,9% dei casi hanno adottato o stanno adottando tecnologie digitali nel periodo 2022-2024 (la quota \u00e8 del 24,4% nelle altre imprese) e in tre casi su quattro hanno introdotto o stanno introducendo nello stesso periodo innovazioni (nelle altre imprese non si arriva alla met\u00e0 del totale).<\/p>\n<p>Le imprese coesive \u201ccredono pi\u00f9 delle altre nel nostro Paese: se guardiamo al <em>backshoring,<\/em> misurato attraverso la crescita della quota di fornitori italiani locali o extraregionali, nei prossimi tre anni riguarder\u00e0 il 26,4% delle imprese coesive rispetto al 19,5% delle altre. E l\u2019alta qualit\u00e0 dei prodotti \u00e8 ancor pi\u00f9 che per le altre imprese il principale criterio di selezione dei fornitori (83,8% contro 76,9%)\u201d.<\/p>\n<p>Con i suoi numeri e le sue storie &#8211; sostiene Realacci &#8211; \u201cquesto Rapporto conferma, come afferma il Manifesto di Assisi, che \u2018non c\u2019\u00e8 nulla di sbagliato in Italia che non possa essere corretto con quanto di giusto c\u2019\u00e8 in Italia\u2019 e che la coesione \u00e8 essenziale per costruire un\u2019economia e una societ\u00e0 pi\u00f9 a misura d\u2019uomo e per questo pi\u00f9 capace di futuro\u201d.<\/p><p><em>(Foto Getty images)<\/em><\/p>","protected":false},"excerpt":{"rendered":"<p>\u201cFelicit\u00e0 d\u2019Italia\u201d, scrive Piero Bevilacqua, professore di Storia contemporanea all\u2019universit\u00e0 di Roma, in un libro, appena pubblicato da Laterza, raccontando di \u201cpaesaggio, arte, musica, cibo\u201d e cio\u00e8 di quelle caratteristiche originali che segnano la nostra societ\u00e0 e dunque anche l\u2019economia e le capacit\u00e0 di crescita culturale e civile. Agricoltura e biodiversit\u00e0, dunque. Alimentazione (il successo [&hellip;]<\/p>\n","protected":false},"author":9,"featured_media":96312,"comment_status":"open","ping_status":"open","sticky":false,"template":"","format":"standard","meta":{"footnotes":""},"categories":[53,52],"tags":[],"class_list":["post-96300","post","type-post","status-publish","format-standard","has-post-thumbnail","hentry","category-blog","category-cultura-dimpresa"],"acf":[],"yoast_head":"<!-- This site is optimized with the Yoast SEO plugin v25.0 - https:\/\/yoast.com\/wordpress\/plugins\/seo\/ -->\n<title>Symbola, l\u2019effetto positivo delle \u201cimprese coesive\u201d: sono sostenibili, esportano e crescono di pi\u00f9 e meglio - Fondazione Pirelli<\/title>\n<meta name=\"robots\" content=\"index, follow, max-snippet:-1, max-image-preview:large, max-video-preview:-1\" \/>\n<link rel=\"canonical\" href=\"https:\/\/www.fondazionepirelli.org\/it\/cultura-dimpresa\/symbola-leffetto-positivo-delle-imprese-coesive-sono-sostenibili-esportano-e-crescono-di-piu-e-meglio\/\" \/>\n<meta property=\"og:locale\" content=\"it_IT\" \/>\n<meta property=\"og:type\" content=\"article\" \/>\n<meta property=\"og:title\" content=\"Symbola, l\u2019effetto positivo delle \u201cimprese coesive\u201d: sono sostenibili, esportano e crescono di pi\u00f9 e meglio - Fondazione Pirelli\" \/>\n<meta property=\"og:description\" content=\"\u201cFelicit\u00e0 d\u2019Italia\u201d, scrive Piero Bevilacqua, professore di Storia contemporanea all\u2019universit\u00e0 di Roma, in un libro, appena pubblicato da Laterza, raccontando di \u201cpaesaggio, arte, musica, cibo\u201d e cio\u00e8 di quelle caratteristiche originali che segnano la nostra societ\u00e0 e dunque anche l\u2019economia e le capacit\u00e0 di crescita culturale e civile. Agricoltura e biodiversit\u00e0, dunque. Alimentazione (il successo [&hellip;]\" \/>\n<meta property=\"og:url\" content=\"https:\/\/127.0.0.1\/it\/cultura-dimpresa\/symbola-leffetto-positivo-delle-imprese-coesive-sono-sostenibili-esportano-e-crescono-di-piu-e-meglio\/\" \/>\n<meta property=\"og:site_name\" content=\"Fondazione Pirelli\" \/>\n<meta property=\"article:published_time\" content=\"2023-06-20T09:33:29+00:00\" \/>\n<meta property=\"article:modified_time\" content=\"2023-06-23T09:30:12+00:00\" \/>\n<meta property=\"og:image\" content=\"https:\/\/wpsite-assets.fondazionepirelli.org\/wp-content\/uploads\/2023\/06\/20103254\/GettyImages-1344957202-e1687512603552.jpg\" \/>\n\t<meta property=\"og:image:width\" content=\"800\" \/>\n\t<meta property=\"og:image:height\" content=\"533\" \/>\n\t<meta property=\"og:image:type\" content=\"image\/jpeg\" \/>\n<meta name=\"author\" content=\"fondazionepirelli\" \/>\n<meta name=\"twitter:card\" content=\"summary_large_image\" \/>\n<meta name=\"twitter:label1\" content=\"Scritto da\" \/>\n\t<meta name=\"twitter:data1\" content=\"fondazionepirelli\" \/>\n\t<meta name=\"twitter:label2\" content=\"Tempo di lettura stimato\" \/>\n\t<meta name=\"twitter:data2\" content=\"6 minuti\" \/>\n<script type=\"application\/ld+json\" class=\"yoast-schema-graph\">{\"@context\":\"https:\/\/schema.org\",\"@graph\":[{\"@type\":\"WebPage\",\"@id\":\"https:\/\/127.0.0.1\/it\/cultura-dimpresa\/symbola-leffetto-positivo-delle-imprese-coesive-sono-sostenibili-esportano-e-crescono-di-piu-e-meglio\/\",\"url\":\"https:\/\/127.0.0.1\/it\/cultura-dimpresa\/symbola-leffetto-positivo-delle-imprese-coesive-sono-sostenibili-esportano-e-crescono-di-piu-e-meglio\/\",\"name\":\"Symbola, l\u2019effetto positivo delle \u201cimprese coesive\u201d: sono sostenibili, esportano e crescono di pi\u00f9 e meglio - Fondazione Pirelli\",\"isPartOf\":{\"@id\":\"https:\/\/www.fondazionepirelli.org\/it\/#website\"},\"primaryImageOfPage\":{\"@id\":\"https:\/\/127.0.0.1\/it\/cultura-dimpresa\/symbola-leffetto-positivo-delle-imprese-coesive-sono-sostenibili-esportano-e-crescono-di-piu-e-meglio\/#primaryimage\"},\"image\":{\"@id\":\"https:\/\/127.0.0.1\/it\/cultura-dimpresa\/symbola-leffetto-positivo-delle-imprese-coesive-sono-sostenibili-esportano-e-crescono-di-piu-e-meglio\/#primaryimage\"},\"thumbnailUrl\":\"https:\/\/wpsite-assets.fondazionepirelli.org\/wp-content\/uploads\/2023\/06\/20103254\/GettyImages-1344957202-e1687512603552.jpg\",\"datePublished\":\"2023-06-20T09:33:29+00:00\",\"dateModified\":\"2023-06-23T09:30:12+00:00\",\"author\":{\"@id\":\"https:\/\/www.fondazionepirelli.org\/it\/#\/schema\/person\/c31fcf5937a0e6afa45497f3f8b6d7a0\"},\"breadcrumb\":{\"@id\":\"https:\/\/127.0.0.1\/it\/cultura-dimpresa\/symbola-leffetto-positivo-delle-imprese-coesive-sono-sostenibili-esportano-e-crescono-di-piu-e-meglio\/#breadcrumb\"},\"inLanguage\":\"it-IT\",\"potentialAction\":[{\"@type\":\"ReadAction\",\"target\":[\"https:\/\/127.0.0.1\/it\/cultura-dimpresa\/symbola-leffetto-positivo-delle-imprese-coesive-sono-sostenibili-esportano-e-crescono-di-piu-e-meglio\/\"]}]},{\"@type\":\"ImageObject\",\"inLanguage\":\"it-IT\",\"@id\":\"https:\/\/127.0.0.1\/it\/cultura-dimpresa\/symbola-leffetto-positivo-delle-imprese-coesive-sono-sostenibili-esportano-e-crescono-di-piu-e-meglio\/#primaryimage\",\"url\":\"https:\/\/wpsite-assets.fondazionepirelli.org\/wp-content\/uploads\/2023\/06\/20103254\/GettyImages-1344957202-e1687512603552.jpg\",\"contentUrl\":\"https:\/\/wpsite-assets.fondazionepirelli.org\/wp-content\/uploads\/2023\/06\/20103254\/GettyImages-1344957202-e1687512603552.jpg\",\"width\":800,\"height\":533,\"caption\":\"A lake in the shape of a rising graph in the middle of untouched nature symbolizing the growing interest in ecology and nature conservation. 3d rendering.\"},{\"@type\":\"BreadcrumbList\",\"@id\":\"https:\/\/127.0.0.1\/it\/cultura-dimpresa\/symbola-leffetto-positivo-delle-imprese-coesive-sono-sostenibili-esportano-e-crescono-di-piu-e-meglio\/#breadcrumb\",\"itemListElement\":[{\"@type\":\"ListItem\",\"position\":1,\"name\":\"Home\",\"item\":\"https:\/\/www.fondazionepirelli.org\/it\/\"},{\"@type\":\"ListItem\",\"position\":2,\"name\":\"Symbola, l\u2019effetto positivo delle \u201cimprese coesive\u201d: sono sostenibili, esportano e crescono di pi\u00f9 e meglio\"}]},{\"@type\":\"WebSite\",\"@id\":\"https:\/\/www.fondazionepirelli.org\/it\/#website\",\"url\":\"https:\/\/www.fondazionepirelli.org\/it\/\",\"name\":\"Fondazione Pirelli\",\"description\":\"\",\"potentialAction\":[{\"@type\":\"SearchAction\",\"target\":{\"@type\":\"EntryPoint\",\"urlTemplate\":\"https:\/\/www.fondazionepirelli.org\/it\/?s={search_term_string}\"},\"query-input\":{\"@type\":\"PropertyValueSpecification\",\"valueRequired\":true,\"valueName\":\"search_term_string\"}}],\"inLanguage\":\"it-IT\"},{\"@type\":\"Person\",\"@id\":\"https:\/\/www.fondazionepirelli.org\/it\/#\/schema\/person\/c31fcf5937a0e6afa45497f3f8b6d7a0\",\"name\":\"fondazionepirelli\",\"image\":{\"@type\":\"ImageObject\",\"inLanguage\":\"it-IT\",\"@id\":\"https:\/\/www.fondazionepirelli.org\/it\/#\/schema\/person\/image\/\",\"url\":\"https:\/\/secure.gravatar.com\/avatar\/9cb486421ce1d6eddbf6c4fb66841b4325b786695f7aedf1dde2222428218696?s=96&d=mm&r=g\",\"contentUrl\":\"https:\/\/secure.gravatar.com\/avatar\/9cb486421ce1d6eddbf6c4fb66841b4325b786695f7aedf1dde2222428218696?s=96&d=mm&r=g\",\"caption\":\"fondazionepirelli\"},\"url\":\"https:\/\/www.fondazionepirelli.org\/it\/author\/fondazionepirelli\/\"}]}<\/script>\n<!-- \/ Yoast SEO plugin. -->","yoast_head_json":{"title":"Symbola, l\u2019effetto positivo delle \u201cimprese coesive\u201d: sono sostenibili, esportano e crescono di pi\u00f9 e meglio - Fondazione Pirelli","robots":{"index":"index","follow":"follow","max-snippet":"max-snippet:-1","max-image-preview":"max-image-preview:large","max-video-preview":"max-video-preview:-1"},"canonical":"https:\/\/www.fondazionepirelli.org\/it\/cultura-dimpresa\/symbola-leffetto-positivo-delle-imprese-coesive-sono-sostenibili-esportano-e-crescono-di-piu-e-meglio\/","og_locale":"it_IT","og_type":"article","og_title":"Symbola, l\u2019effetto positivo delle \u201cimprese coesive\u201d: sono sostenibili, esportano e crescono di pi\u00f9 e meglio - Fondazione Pirelli","og_description":"\u201cFelicit\u00e0 d\u2019Italia\u201d, scrive Piero Bevilacqua, professore di Storia contemporanea all\u2019universit\u00e0 di Roma, in un libro, appena pubblicato da Laterza, raccontando di \u201cpaesaggio, arte, musica, cibo\u201d e cio\u00e8 di quelle caratteristiche originali che segnano la nostra societ\u00e0 e dunque anche l\u2019economia e le capacit\u00e0 di crescita culturale e civile. Agricoltura e biodiversit\u00e0, dunque. Alimentazione (il successo [&hellip;]","og_url":"https:\/\/127.0.0.1\/it\/cultura-dimpresa\/symbola-leffetto-positivo-delle-imprese-coesive-sono-sostenibili-esportano-e-crescono-di-piu-e-meglio\/","og_site_name":"Fondazione Pirelli","article_published_time":"2023-06-20T09:33:29+00:00","article_modified_time":"2023-06-23T09:30:12+00:00","og_image":[{"width":800,"height":533,"url":"https:\/\/wpsite-assets.fondazionepirelli.org\/wp-content\/uploads\/2023\/06\/20103254\/GettyImages-1344957202-e1687512603552.jpg","type":"image\/jpeg"}],"author":"fondazionepirelli","twitter_card":"summary_large_image","twitter_misc":{"Scritto da":"fondazionepirelli","Tempo di lettura stimato":"6 minuti"},"schema":{"@context":"https:\/\/schema.org","@graph":[{"@type":"WebPage","@id":"https:\/\/127.0.0.1\/it\/cultura-dimpresa\/symbola-leffetto-positivo-delle-imprese-coesive-sono-sostenibili-esportano-e-crescono-di-piu-e-meglio\/","url":"https:\/\/127.0.0.1\/it\/cultura-dimpresa\/symbola-leffetto-positivo-delle-imprese-coesive-sono-sostenibili-esportano-e-crescono-di-piu-e-meglio\/","name":"Symbola, l\u2019effetto positivo delle \u201cimprese coesive\u201d: sono sostenibili, esportano e crescono di pi\u00f9 e meglio - Fondazione Pirelli","isPartOf":{"@id":"https:\/\/www.fondazionepirelli.org\/it\/#website"},"primaryImageOfPage":{"@id":"https:\/\/127.0.0.1\/it\/cultura-dimpresa\/symbola-leffetto-positivo-delle-imprese-coesive-sono-sostenibili-esportano-e-crescono-di-piu-e-meglio\/#primaryimage"},"image":{"@id":"https:\/\/127.0.0.1\/it\/cultura-dimpresa\/symbola-leffetto-positivo-delle-imprese-coesive-sono-sostenibili-esportano-e-crescono-di-piu-e-meglio\/#primaryimage"},"thumbnailUrl":"https:\/\/wpsite-assets.fondazionepirelli.org\/wp-content\/uploads\/2023\/06\/20103254\/GettyImages-1344957202-e1687512603552.jpg","datePublished":"2023-06-20T09:33:29+00:00","dateModified":"2023-06-23T09:30:12+00:00","author":{"@id":"https:\/\/www.fondazionepirelli.org\/it\/#\/schema\/person\/c31fcf5937a0e6afa45497f3f8b6d7a0"},"breadcrumb":{"@id":"https:\/\/127.0.0.1\/it\/cultura-dimpresa\/symbola-leffetto-positivo-delle-imprese-coesive-sono-sostenibili-esportano-e-crescono-di-piu-e-meglio\/#breadcrumb"},"inLanguage":"it-IT","potentialAction":[{"@type":"ReadAction","target":["https:\/\/127.0.0.1\/it\/cultura-dimpresa\/symbola-leffetto-positivo-delle-imprese-coesive-sono-sostenibili-esportano-e-crescono-di-piu-e-meglio\/"]}]},{"@type":"ImageObject","inLanguage":"it-IT","@id":"https:\/\/127.0.0.1\/it\/cultura-dimpresa\/symbola-leffetto-positivo-delle-imprese-coesive-sono-sostenibili-esportano-e-crescono-di-piu-e-meglio\/#primaryimage","url":"https:\/\/wpsite-assets.fondazionepirelli.org\/wp-content\/uploads\/2023\/06\/20103254\/GettyImages-1344957202-e1687512603552.jpg","contentUrl":"https:\/\/wpsite-assets.fondazionepirelli.org\/wp-content\/uploads\/2023\/06\/20103254\/GettyImages-1344957202-e1687512603552.jpg","width":800,"height":533,"caption":"A lake in the shape of a rising graph in the middle of untouched nature symbolizing the growing interest in ecology and nature conservation. 3d rendering."},{"@type":"BreadcrumbList","@id":"https:\/\/127.0.0.1\/it\/cultura-dimpresa\/symbola-leffetto-positivo-delle-imprese-coesive-sono-sostenibili-esportano-e-crescono-di-piu-e-meglio\/#breadcrumb","itemListElement":[{"@type":"ListItem","position":1,"name":"Home","item":"https:\/\/www.fondazionepirelli.org\/it\/"},{"@type":"ListItem","position":2,"name":"Symbola, l\u2019effetto positivo delle \u201cimprese coesive\u201d: sono sostenibili, esportano e crescono di pi\u00f9 e meglio"}]},{"@type":"WebSite","@id":"https:\/\/www.fondazionepirelli.org\/it\/#website","url":"https:\/\/www.fondazionepirelli.org\/it\/","name":"Fondazione Pirelli","description":"","potentialAction":[{"@type":"SearchAction","target":{"@type":"EntryPoint","urlTemplate":"https:\/\/www.fondazionepirelli.org\/it\/?s={search_term_string}"},"query-input":{"@type":"PropertyValueSpecification","valueRequired":true,"valueName":"search_term_string"}}],"inLanguage":"it-IT"},{"@type":"Person","@id":"https:\/\/www.fondazionepirelli.org\/it\/#\/schema\/person\/c31fcf5937a0e6afa45497f3f8b6d7a0","name":"fondazionepirelli","image":{"@type":"ImageObject","inLanguage":"it-IT","@id":"https:\/\/www.fondazionepirelli.org\/it\/#\/schema\/person\/image\/","url":"https:\/\/secure.gravatar.com\/avatar\/9cb486421ce1d6eddbf6c4fb66841b4325b786695f7aedf1dde2222428218696?s=96&d=mm&r=g","contentUrl":"https:\/\/secure.gravatar.com\/avatar\/9cb486421ce1d6eddbf6c4fb66841b4325b786695f7aedf1dde2222428218696?s=96&d=mm&r=g","caption":"fondazionepirelli"},"url":"https:\/\/www.fondazionepirelli.org\/it\/author\/fondazionepirelli\/"}]}},"_links":{"self":[{"href":"https:\/\/www.fondazionepirelli.org\/it\/wp-json\/wp\/v2\/posts\/96300\/"}],"collection":[{"href":"https:\/\/www.fondazionepirelli.org\/it\/wp-json\/wp\/v2\/posts\/"}],"about":[{"href":"https:\/\/www.fondazionepirelli.org\/it\/wp-json\/wp\/v2\/types\/post\/"}],"author":[{"embeddable":true,"href":"https:\/\/www.fondazionepirelli.org\/it\/wp-json\/wp\/v2\/users\/9\/"}],"replies":[{"embeddable":true,"href":"https:\/\/www.fondazionepirelli.org\/it\/wp-json\/wp\/v2\/comments\/?post=96300"}],"version-history":[{"count":6,"href":"https:\/\/www.fondazionepirelli.org\/it\/wp-json\/wp\/v2\/posts\/96300\/revisions\/"}],"predecessor-version":[{"id":96337,"href":"https:\/\/www.fondazionepirelli.org\/it\/wp-json\/wp\/v2\/posts\/96300\/revisions\/96337\/"}],"wp:featuredmedia":[{"embeddable":true,"href":"https:\/\/www.fondazionepirelli.org\/it\/wp-json\/wp\/v2\/media\/96312\/"}],"wp:attachment":[{"href":"https:\/\/www.fondazionepirelli.org\/it\/wp-json\/wp\/v2\/media\/?parent=96300"}],"wp:term":[{"taxonomy":"category","embeddable":true,"href":"https:\/\/www.fondazionepirelli.org\/it\/wp-json\/wp\/v2\/categories\/?post=96300"},{"taxonomy":"post_tag","embeddable":true,"href":"https:\/\/www.fondazionepirelli.org\/it\/wp-json\/wp\/v2\/tags\/?post=96300"}],"curies":[{"name":"wp","href":"https:\/\/api.w.org\/{rel}","templated":true}]}}