{"id":96810,"date":"2023-07-18T09:10:51","date_gmt":"2023-07-18T08:10:51","guid":{"rendered":"https:\/\/www.fondazionepirelli.org\/?p=96810"},"modified":"2023-07-18T09:10:51","modified_gmt":"2023-07-18T08:10:51","slug":"i-giovani-lombardi-vogliono-fare-gli-imprenditori-ma-non-avvertono-il-fascino-della-manifattura","status":"publish","type":"post","link":"https:\/\/www.fondazionepirelli.org\/it\/cultura-dimpresa\/i-giovani-lombardi-vogliono-fare-gli-imprenditori-ma-non-avvertono-il-fascino-della-manifattura\/","title":{"rendered":"I giovani lombardi vogliono fare gli imprenditori ma non avvertono il fascino della manifattura"},"content":{"rendered":"<p>Fare l\u2019<strong>imprenditore<\/strong>. E\u2019 proprio questo il desiderio che sta in cima ai pensieri della maggior parte dei giovani lombardi. O, anche, fare il professionista. Essere, insomma, protagonisti del proprio tempo e della propria vita. Altro che <em>choosy<\/em> (e cio\u00e8 pretenziosi, in attesa che cada loro dal cielo il lavoro ideale) oppure bamboccioni, \u201csdraiati\u201d, inclini alla subcultura del non lavoro. Siamo di fronte a un sorprendente ritratto delle aspettative personali e lavorative delle nuove generazioni. Su cui riflettere attentamente.<\/p>\n<p>Il ritratto emerge da un\u2019indagine condotta da <strong>Eumetra<\/strong> per l\u2019<strong>Assolombarda<\/strong>, realizzata nel maggio scorso, intervistando 1.000 ragazzi e ragazze tra i 18 e i 26 anni residenti nelle province di Milano, Pavia, Monza e Brianza e Lodi, con un diploma di scuola secondaria in tasca e, nel 36% dei casi, una laurea. E i risultati sono stati presentati e discussi, una settimana fa, durante un convegno su \u201cI giovani, il lavoro e la cultura d\u2019impresa\u201d durante le iniziative del programma di \u201cPavia capitale della cultura d\u2019impresa\u201d.<\/p>\n<p>Cosa dicono esattamente quei dati? Il 29% degli intervistati si immagina un futuro da imprenditore (la percentuale sale al 35% tra i giovani laureati e al 41% tra i laureati che studiano e lavorano) e un altro 28% da libero professionista. Fatte le somme, il 57% vuole mettersi in proprio. E solo il 28% desidera \u201cun lavoro da dipendente\u201d. Il \u201cposto fisso\u201d tanto caro alle parodie del film di Checco Zalone, insomma, esercita scarso fascino, in Lombardia.<\/p>\n<p>Ma \u201cimprenditorie\u201d o \u201cprofessionista\u201d per fare esattamente cosa? La \u201cconsulenza\u201d \u00e8 la prima preferenza (17%). Poi, l\u2019ambito sanitario e sociale, il settore bancario, finanziario e assicurativo, il commercio, l\u2019informatica, il turismo, le professioni creative, il mondo pubblico. In coda ci sono il settore manifatturiero e quello energetico e, ultimo, il \u201cno profit\u201d.<\/p>\n<p>Ecco un punto chiave: la<strong> fabbrica<\/strong>, anche la neo-fabbrica digitale e sostenibile, attrae poco. Solo il 15% degli intervistati, infatti, indica la <strong>manifattura<\/strong> come \u201csettore trainante dell\u2019economia italiana\u201d, attribuendo invece questo ruolo soprattutto al turismo (49% delle risposte). E proprio qui c\u2019\u00e8 un approfondimento da fare. Dati analoghi, infatti, erano emersi nel 2009 e poi nel 2010 da una indagine condotta da Ipsos, a livello nazionale, per il volume \u201cOrgoglio industriale\u201d (pubblicato da Mondadori) e poi per Assolombarda. E il fatto di ritrovarli confermati adesso, dopo gli anni della ripresa post Covid trainata dalla manifattura e in una zona (Milano, Monza e Brianza, Lodi e Pavia) segnata da una forte presenza industriale e dei servizi ad alta tecnologia collegati rivela una vera e propria carenza di racconto affidabile da parte dei protagonisti del mondo dell\u2019impresa verso le nuove generazioni e di permanenza di robuste diffidenze nei confronti dell\u2019industria.<\/p>\n<p>Sostiene l\u2019indagine Assolombarda-Eumetra: \u201cPi\u00f9 della met\u00e0 del campione (54%) considera la manifattura\u00a0 un sintomo di specializzazione e solo il 39% la collega all\u2019innovazione. A conferma di tale percezione, il 53% degli intervistati pensa che le mansioni nell\u2019industria manifatturiera richiedano una maggiore esperienza e competenza tecnica rispetto al passato, mentre solo il 35% ritiene che gli operai abbiano maggiori diritti e tutele rispetto agli ultimi anni e solo il 23% crede che l\u2019ambiente in cui lavorano sia pi\u00f9 sicuro e sano di allora\u201d.<\/p>\n<p>La percezione negativa della fabbrica, insomma, continua a pesare sulle nuove generazioni, nonostante il cammino fatto sul versante della sostenibilit\u00e0 ambientale e sociale, della qualit\u00e0 delle nuove architetture industriali (\u201cla fabbrica bella\u201d ben progettata, trasparente, luminosa, sicura) e delle radicali trasformazioni <em>high tech<\/em>.<\/p>\n<p>C\u2019\u00e8 un dettaglio che fa comunque sperare: il 42% dei giovani laureati pensa che \u201cl\u2019industria manifatturiera offra buone opportunit\u00e0 per impieghi legati alla sostenibilit\u00e0 ambientale\u201d. Un buon punto di riferimento positivo su cui fare leva.<\/p>\n<p>Ancora un paio di dati, per capire meglio il contesto: il 55% degli intervistati cerca \u201c<strong>flessibilit\u00e0 oraria<\/strong>\u201d, il 49% vorrebbe \u201cavere tempo libero per<strong> attivit\u00e0 extra lavorative<\/strong>\u201d e solo il 35% vorrebbe poter fare affidamento sullo smart working. Anche da qui emerge l\u2019inclinazione a essere \u201cpadroni\u201d del proprio tempo. E il valore dominante? Per l\u201981%, \u201cla famiglia e gli affetti\u201d. Prima, dunque, di successo e carriera.<\/p>\n<p>Fin qui, i dati essenziali dell\u2019indagine Assolombarda. Dati che suscitano alcune riflessioni conclusive, su cui varrebbe la pena approfondire il discorso pubblico sia del mondo politico (che misure mettere in campo, per l\u2019orientamento delle nuove generazioni al lavoro e dunque come spendere bene le risorse pubbliche nazionali ed europee?) sia, soprattutto, delle organizzazioni di rappresentanza imprenditoriali e dei responsabili delle imprese.<\/p>\n<p>I valori dell\u2019intraprendenza e della libert\u00e0 di scelta nella costruzione del proprio futuro emergono con grande evidenza, naturalmente condizionati positivamente dall\u2019essere, i giovani in questione, cresciuti in ambienti (la Milano metropoli e le sue citt\u00e0 collegate) in cui l\u2019imprenditorialit\u00e0, trasversale a molto settori, \u00e8 un fattore socio-culturale quanto mai caratterizzante. Sarebbe interessante, dunque, verificare l\u2019indagine anche in altre aree di impresa diffusa, tra Nord Ovest, Nord Est ed Emilia-Romagna e in aree in cui, come il Centro e il Mezzogiorno, l\u2019impresa invece non \u00e8 un attore forte e storicamente attrattivo.<\/p>\n<p>La seconda riflessione riguarda l\u2019idea di impresa industriale percepita dalle nuove generazioni, da rendere pi\u00f9 gratificante e attraente, facendo risaltare, molto meglio di quanto ancora non succeda, la forza dei nuovi paradigmi produttivi ad alta tecnologia ed elevati livelli di qualit\u00e0 e sostenibilit\u00e0 (le affascinanti acciaierie <em>green <\/em>e le imprese chimiche e farmaceutiche la cui competitivit\u00e0 \u00e8 garantita dal massimo dell\u2019attenzione all\u2019ambiente e all\u2019inclusione sociale).<\/p>\n<p>C\u2019\u00e8 insomma da insistere sui valori del miglior <em>made in Italy<\/em>, senza cadere nell\u2019illusione retorica del pittoresco e del \u201cpiccolo \u00e8 bello\u201d. E fare risaltare un mondo di straordinarie opportunit\u00e0 di lavoro e di sviluppo personale e professionale per ragazze e ragazzi intraprendenti, offerte da meccatronica, <em>automotive<\/em>, industria aerospaziale e nautica, imprese delle <em>life sciences, <\/em>arredamento, moda, agro-industria, etc.<\/p>\n<p>In sintesi, costruire un \u201c<strong>nuovo racconto della fabbrica<\/strong>\u201d, usando tutti i <em>media <\/em>pi\u00f9 efficaci e i linguaggi pi\u00f9 adatti alle nuove generazioni, \u00e8 una sfida ineludibile. Anche per dare concretezza e futuro a quel desiderio giovanile da cui siamo partiti: fare l\u2019imprenditore.<\/p>","protected":false},"excerpt":{"rendered":"<p>Fare l\u2019imprenditore. E\u2019 proprio questo il desiderio che sta in cima ai pensieri della maggior parte dei giovani lombardi. O, anche, fare il professionista. Essere, insomma, protagonisti del proprio tempo e della propria vita. Altro che choosy (e cio\u00e8 pretenziosi, in attesa che cada loro dal cielo il lavoro ideale) oppure bamboccioni, \u201csdraiati\u201d, inclini alla [&hellip;]<\/p>\n","protected":false},"author":9,"featured_media":96824,"comment_status":"open","ping_status":"open","sticky":false,"template":"","format":"standard","meta":{"footnotes":""},"categories":[53,52],"tags":[],"class_list":["post-96810","post","type-post","status-publish","format-standard","has-post-thumbnail","hentry","category-blog","category-cultura-dimpresa"],"acf":[],"yoast_head":"<!-- This site is optimized with the Yoast SEO plugin v25.0 - https:\/\/yoast.com\/wordpress\/plugins\/seo\/ -->\n<title>I giovani lombardi vogliono fare gli imprenditori ma non avvertono il fascino della manifattura - Fondazione Pirelli<\/title>\n<meta name=\"robots\" content=\"index, follow, max-snippet:-1, max-image-preview:large, max-video-preview:-1\" \/>\n<link rel=\"canonical\" href=\"https:\/\/www.fondazionepirelli.org\/it\/cultura-dimpresa\/i-giovani-lombardi-vogliono-fare-gli-imprenditori-ma-non-avvertono-il-fascino-della-manifattura\/\" \/>\n<meta property=\"og:locale\" content=\"it_IT\" \/>\n<meta property=\"og:type\" content=\"article\" \/>\n<meta property=\"og:title\" content=\"I giovani lombardi vogliono fare gli imprenditori ma non avvertono il fascino della manifattura - Fondazione Pirelli\" \/>\n<meta property=\"og:description\" content=\"Fare l\u2019imprenditore. E\u2019 proprio questo il desiderio che sta in cima ai pensieri della maggior parte dei giovani lombardi. O, anche, fare il professionista. Essere, insomma, protagonisti del proprio tempo e della propria vita. Altro che choosy (e cio\u00e8 pretenziosi, in attesa che cada loro dal cielo il lavoro ideale) oppure bamboccioni, \u201csdraiati\u201d, inclini alla [&hellip;]\" \/>\n<meta property=\"og:url\" content=\"https:\/\/127.0.0.1\/it\/cultura-dimpresa\/i-giovani-lombardi-vogliono-fare-gli-imprenditori-ma-non-avvertono-il-fascino-della-manifattura\/\" \/>\n<meta property=\"og:site_name\" content=\"Fondazione Pirelli\" \/>\n<meta property=\"article:published_time\" content=\"2023-07-18T08:10:51+00:00\" \/>\n<meta property=\"og:image\" content=\"https:\/\/wpsite-assets.fondazionepirelli.org\/wp-content\/uploads\/2023\/07\/18084809\/GettyImages-1201645264.jpg\" \/>\n\t<meta property=\"og:image:width\" content=\"4812\" \/>\n\t<meta property=\"og:image:height\" content=\"3456\" \/>\n\t<meta property=\"og:image:type\" content=\"image\/jpeg\" \/>\n<meta name=\"author\" content=\"fondazionepirelli\" \/>\n<meta name=\"twitter:card\" content=\"summary_large_image\" \/>\n<meta name=\"twitter:label1\" content=\"Scritto da\" \/>\n\t<meta name=\"twitter:data1\" content=\"fondazionepirelli\" \/>\n\t<meta name=\"twitter:label2\" content=\"Tempo di lettura stimato\" \/>\n\t<meta name=\"twitter:data2\" content=\"5 minuti\" \/>\n<script type=\"application\/ld+json\" class=\"yoast-schema-graph\">{\"@context\":\"https:\/\/schema.org\",\"@graph\":[{\"@type\":\"WebPage\",\"@id\":\"https:\/\/127.0.0.1\/it\/cultura-dimpresa\/i-giovani-lombardi-vogliono-fare-gli-imprenditori-ma-non-avvertono-il-fascino-della-manifattura\/\",\"url\":\"https:\/\/127.0.0.1\/it\/cultura-dimpresa\/i-giovani-lombardi-vogliono-fare-gli-imprenditori-ma-non-avvertono-il-fascino-della-manifattura\/\",\"name\":\"I giovani lombardi vogliono fare gli imprenditori ma non avvertono il fascino della manifattura - Fondazione Pirelli\",\"isPartOf\":{\"@id\":\"https:\/\/www.fondazionepirelli.org\/it\/#website\"},\"primaryImageOfPage\":{\"@id\":\"https:\/\/127.0.0.1\/it\/cultura-dimpresa\/i-giovani-lombardi-vogliono-fare-gli-imprenditori-ma-non-avvertono-il-fascino-della-manifattura\/#primaryimage\"},\"image\":{\"@id\":\"https:\/\/127.0.0.1\/it\/cultura-dimpresa\/i-giovani-lombardi-vogliono-fare-gli-imprenditori-ma-non-avvertono-il-fascino-della-manifattura\/#primaryimage\"},\"thumbnailUrl\":\"https:\/\/wpsite-assets.fondazionepirelli.org\/wp-content\/uploads\/2023\/07\/18084809\/GettyImages-1201645264.jpg\",\"datePublished\":\"2023-07-18T08:10:51+00:00\",\"author\":{\"@id\":\"https:\/\/www.fondazionepirelli.org\/it\/#\/schema\/person\/c31fcf5937a0e6afa45497f3f8b6d7a0\"},\"breadcrumb\":{\"@id\":\"https:\/\/127.0.0.1\/it\/cultura-dimpresa\/i-giovani-lombardi-vogliono-fare-gli-imprenditori-ma-non-avvertono-il-fascino-della-manifattura\/#breadcrumb\"},\"inLanguage\":\"it-IT\",\"potentialAction\":[{\"@type\":\"ReadAction\",\"target\":[\"https:\/\/127.0.0.1\/it\/cultura-dimpresa\/i-giovani-lombardi-vogliono-fare-gli-imprenditori-ma-non-avvertono-il-fascino-della-manifattura\/\"]}]},{\"@type\":\"ImageObject\",\"inLanguage\":\"it-IT\",\"@id\":\"https:\/\/127.0.0.1\/it\/cultura-dimpresa\/i-giovani-lombardi-vogliono-fare-gli-imprenditori-ma-non-avvertono-il-fascino-della-manifattura\/#primaryimage\",\"url\":\"https:\/\/wpsite-assets.fondazionepirelli.org\/wp-content\/uploads\/2023\/07\/18084809\/GettyImages-1201645264.jpg\",\"contentUrl\":\"https:\/\/wpsite-assets.fondazionepirelli.org\/wp-content\/uploads\/2023\/07\/18084809\/GettyImages-1201645264.jpg\",\"width\":4812,\"height\":3456,\"caption\":\"Hands holding tablet on blurred automation machine as background\"},{\"@type\":\"BreadcrumbList\",\"@id\":\"https:\/\/127.0.0.1\/it\/cultura-dimpresa\/i-giovani-lombardi-vogliono-fare-gli-imprenditori-ma-non-avvertono-il-fascino-della-manifattura\/#breadcrumb\",\"itemListElement\":[{\"@type\":\"ListItem\",\"position\":1,\"name\":\"Home\",\"item\":\"https:\/\/www.fondazionepirelli.org\/it\/\"},{\"@type\":\"ListItem\",\"position\":2,\"name\":\"I giovani lombardi vogliono fare gli imprenditori ma non avvertono il fascino della manifattura\"}]},{\"@type\":\"WebSite\",\"@id\":\"https:\/\/www.fondazionepirelli.org\/it\/#website\",\"url\":\"https:\/\/www.fondazionepirelli.org\/it\/\",\"name\":\"Fondazione Pirelli\",\"description\":\"\",\"potentialAction\":[{\"@type\":\"SearchAction\",\"target\":{\"@type\":\"EntryPoint\",\"urlTemplate\":\"https:\/\/www.fondazionepirelli.org\/it\/?s={search_term_string}\"},\"query-input\":{\"@type\":\"PropertyValueSpecification\",\"valueRequired\":true,\"valueName\":\"search_term_string\"}}],\"inLanguage\":\"it-IT\"},{\"@type\":\"Person\",\"@id\":\"https:\/\/www.fondazionepirelli.org\/it\/#\/schema\/person\/c31fcf5937a0e6afa45497f3f8b6d7a0\",\"name\":\"fondazionepirelli\",\"image\":{\"@type\":\"ImageObject\",\"inLanguage\":\"it-IT\",\"@id\":\"https:\/\/www.fondazionepirelli.org\/it\/#\/schema\/person\/image\/\",\"url\":\"https:\/\/secure.gravatar.com\/avatar\/9cb486421ce1d6eddbf6c4fb66841b4325b786695f7aedf1dde2222428218696?s=96&d=mm&r=g\",\"contentUrl\":\"https:\/\/secure.gravatar.com\/avatar\/9cb486421ce1d6eddbf6c4fb66841b4325b786695f7aedf1dde2222428218696?s=96&d=mm&r=g\",\"caption\":\"fondazionepirelli\"},\"url\":\"https:\/\/www.fondazionepirelli.org\/it\/author\/fondazionepirelli\/\"}]}<\/script>\n<!-- \/ Yoast SEO plugin. -->","yoast_head_json":{"title":"I giovani lombardi vogliono fare gli imprenditori ma non avvertono il fascino della manifattura - Fondazione Pirelli","robots":{"index":"index","follow":"follow","max-snippet":"max-snippet:-1","max-image-preview":"max-image-preview:large","max-video-preview":"max-video-preview:-1"},"canonical":"https:\/\/www.fondazionepirelli.org\/it\/cultura-dimpresa\/i-giovani-lombardi-vogliono-fare-gli-imprenditori-ma-non-avvertono-il-fascino-della-manifattura\/","og_locale":"it_IT","og_type":"article","og_title":"I giovani lombardi vogliono fare gli imprenditori ma non avvertono il fascino della manifattura - Fondazione Pirelli","og_description":"Fare l\u2019imprenditore. E\u2019 proprio questo il desiderio che sta in cima ai pensieri della maggior parte dei giovani lombardi. O, anche, fare il professionista. Essere, insomma, protagonisti del proprio tempo e della propria vita. Altro che choosy (e cio\u00e8 pretenziosi, in attesa che cada loro dal cielo il lavoro ideale) oppure bamboccioni, \u201csdraiati\u201d, inclini alla [&hellip;]","og_url":"https:\/\/127.0.0.1\/it\/cultura-dimpresa\/i-giovani-lombardi-vogliono-fare-gli-imprenditori-ma-non-avvertono-il-fascino-della-manifattura\/","og_site_name":"Fondazione Pirelli","article_published_time":"2023-07-18T08:10:51+00:00","og_image":[{"width":4812,"height":3456,"url":"https:\/\/wpsite-assets.fondazionepirelli.org\/wp-content\/uploads\/2023\/07\/18084809\/GettyImages-1201645264.jpg","type":"image\/jpeg"}],"author":"fondazionepirelli","twitter_card":"summary_large_image","twitter_misc":{"Scritto da":"fondazionepirelli","Tempo di lettura stimato":"5 minuti"},"schema":{"@context":"https:\/\/schema.org","@graph":[{"@type":"WebPage","@id":"https:\/\/127.0.0.1\/it\/cultura-dimpresa\/i-giovani-lombardi-vogliono-fare-gli-imprenditori-ma-non-avvertono-il-fascino-della-manifattura\/","url":"https:\/\/127.0.0.1\/it\/cultura-dimpresa\/i-giovani-lombardi-vogliono-fare-gli-imprenditori-ma-non-avvertono-il-fascino-della-manifattura\/","name":"I giovani lombardi vogliono fare gli imprenditori ma non avvertono il fascino della manifattura - Fondazione Pirelli","isPartOf":{"@id":"https:\/\/www.fondazionepirelli.org\/it\/#website"},"primaryImageOfPage":{"@id":"https:\/\/127.0.0.1\/it\/cultura-dimpresa\/i-giovani-lombardi-vogliono-fare-gli-imprenditori-ma-non-avvertono-il-fascino-della-manifattura\/#primaryimage"},"image":{"@id":"https:\/\/127.0.0.1\/it\/cultura-dimpresa\/i-giovani-lombardi-vogliono-fare-gli-imprenditori-ma-non-avvertono-il-fascino-della-manifattura\/#primaryimage"},"thumbnailUrl":"https:\/\/wpsite-assets.fondazionepirelli.org\/wp-content\/uploads\/2023\/07\/18084809\/GettyImages-1201645264.jpg","datePublished":"2023-07-18T08:10:51+00:00","author":{"@id":"https:\/\/www.fondazionepirelli.org\/it\/#\/schema\/person\/c31fcf5937a0e6afa45497f3f8b6d7a0"},"breadcrumb":{"@id":"https:\/\/127.0.0.1\/it\/cultura-dimpresa\/i-giovani-lombardi-vogliono-fare-gli-imprenditori-ma-non-avvertono-il-fascino-della-manifattura\/#breadcrumb"},"inLanguage":"it-IT","potentialAction":[{"@type":"ReadAction","target":["https:\/\/127.0.0.1\/it\/cultura-dimpresa\/i-giovani-lombardi-vogliono-fare-gli-imprenditori-ma-non-avvertono-il-fascino-della-manifattura\/"]}]},{"@type":"ImageObject","inLanguage":"it-IT","@id":"https:\/\/127.0.0.1\/it\/cultura-dimpresa\/i-giovani-lombardi-vogliono-fare-gli-imprenditori-ma-non-avvertono-il-fascino-della-manifattura\/#primaryimage","url":"https:\/\/wpsite-assets.fondazionepirelli.org\/wp-content\/uploads\/2023\/07\/18084809\/GettyImages-1201645264.jpg","contentUrl":"https:\/\/wpsite-assets.fondazionepirelli.org\/wp-content\/uploads\/2023\/07\/18084809\/GettyImages-1201645264.jpg","width":4812,"height":3456,"caption":"Hands holding tablet on blurred automation machine as background"},{"@type":"BreadcrumbList","@id":"https:\/\/127.0.0.1\/it\/cultura-dimpresa\/i-giovani-lombardi-vogliono-fare-gli-imprenditori-ma-non-avvertono-il-fascino-della-manifattura\/#breadcrumb","itemListElement":[{"@type":"ListItem","position":1,"name":"Home","item":"https:\/\/www.fondazionepirelli.org\/it\/"},{"@type":"ListItem","position":2,"name":"I giovani lombardi vogliono fare gli imprenditori ma non avvertono il fascino della manifattura"}]},{"@type":"WebSite","@id":"https:\/\/www.fondazionepirelli.org\/it\/#website","url":"https:\/\/www.fondazionepirelli.org\/it\/","name":"Fondazione Pirelli","description":"","potentialAction":[{"@type":"SearchAction","target":{"@type":"EntryPoint","urlTemplate":"https:\/\/www.fondazionepirelli.org\/it\/?s={search_term_string}"},"query-input":{"@type":"PropertyValueSpecification","valueRequired":true,"valueName":"search_term_string"}}],"inLanguage":"it-IT"},{"@type":"Person","@id":"https:\/\/www.fondazionepirelli.org\/it\/#\/schema\/person\/c31fcf5937a0e6afa45497f3f8b6d7a0","name":"fondazionepirelli","image":{"@type":"ImageObject","inLanguage":"it-IT","@id":"https:\/\/www.fondazionepirelli.org\/it\/#\/schema\/person\/image\/","url":"https:\/\/secure.gravatar.com\/avatar\/9cb486421ce1d6eddbf6c4fb66841b4325b786695f7aedf1dde2222428218696?s=96&d=mm&r=g","contentUrl":"https:\/\/secure.gravatar.com\/avatar\/9cb486421ce1d6eddbf6c4fb66841b4325b786695f7aedf1dde2222428218696?s=96&d=mm&r=g","caption":"fondazionepirelli"},"url":"https:\/\/www.fondazionepirelli.org\/it\/author\/fondazionepirelli\/"}]}},"_links":{"self":[{"href":"https:\/\/www.fondazionepirelli.org\/it\/wp-json\/wp\/v2\/posts\/96810\/"}],"collection":[{"href":"https:\/\/www.fondazionepirelli.org\/it\/wp-json\/wp\/v2\/posts\/"}],"about":[{"href":"https:\/\/www.fondazionepirelli.org\/it\/wp-json\/wp\/v2\/types\/post\/"}],"author":[{"embeddable":true,"href":"https:\/\/www.fondazionepirelli.org\/it\/wp-json\/wp\/v2\/users\/9\/"}],"replies":[{"embeddable":true,"href":"https:\/\/www.fondazionepirelli.org\/it\/wp-json\/wp\/v2\/comments\/?post=96810"}],"version-history":[{"count":2,"href":"https:\/\/www.fondazionepirelli.org\/it\/wp-json\/wp\/v2\/posts\/96810\/revisions\/"}],"predecessor-version":[{"id":96826,"href":"https:\/\/www.fondazionepirelli.org\/it\/wp-json\/wp\/v2\/posts\/96810\/revisions\/96826\/"}],"wp:featuredmedia":[{"embeddable":true,"href":"https:\/\/www.fondazionepirelli.org\/it\/wp-json\/wp\/v2\/media\/96824\/"}],"wp:attachment":[{"href":"https:\/\/www.fondazionepirelli.org\/it\/wp-json\/wp\/v2\/media\/?parent=96810"}],"wp:term":[{"taxonomy":"category","embeddable":true,"href":"https:\/\/www.fondazionepirelli.org\/it\/wp-json\/wp\/v2\/categories\/?post=96810"},{"taxonomy":"post_tag","embeddable":true,"href":"https:\/\/www.fondazionepirelli.org\/it\/wp-json\/wp\/v2\/tags\/?post=96810"}],"curies":[{"name":"wp","href":"https:\/\/api.w.org\/{rel}","templated":true}]}}