{"id":96827,"date":"2023-07-18T09:10:32","date_gmt":"2023-07-18T08:10:32","guid":{"rendered":"https:\/\/www.fondazionepirelli.org\/?p=96827"},"modified":"2023-07-18T09:10:32","modified_gmt":"2023-07-18T08:10:32","slug":"capitalismo","status":"publish","type":"post","link":"https:\/\/www.fondazionepirelli.org\/it\/cultura-dimpresa\/capitalismo\/","title":{"rendered":"Capitalismo?"},"content":{"rendered":"<p><em>Significato, pregi, difetti, limiti e possibilit\u00e0 di una delle parole pi\u00f9 usate e abusate del nostro oggi<\/em><\/p><p>Capitalismo. Parola detestata dai pi\u00f9, ma anche vocabolo per molti pressoch\u00e9 sconosciuto nei suoi veri significati. Termine complesso certamente, eppure usato con grande facilit\u00e0 (o faciloneria). Parola capitalismo -, che va compresa davvero. Anche perch\u00e9 nel capitalismo ancora oggi, che lo si voglia o no, \u00e8 immerso il nostro sistema economico e sociale. Leggere \u201cCapitalismo\u201d di Alberto Mingardi appena pubblicato, serve proprio per farsi un\u2019idea chiara del significato di questa parola che sintetizza un particolare approccio alle cose, al lavoro e alla produzione, alla vita.<\/p>\n<p>Mingardi conduce chi legge lungo un percorso non sempre facile partendo dall\u2019analisi stessa della parola (\u201cUno strano <em>ismo<\/em>\u201d e il titolo del primo capitolo), per passare subito dopo a ripercorrerne le origini con la rivoluzione industriale, lo sviluppo della sua complessit\u00e0 tra produzione di fabbrica e commercio, il ruolo dello Stato. Il lettore arriva quindi ai nostri tempi in cui il capitalismo per continuare ad esistere si deve rinnovare facendo i conti con la globalizzazione ma anche con le pandemie e i muri \u00a0che per certi versi hanno ributtato indietro il mondo.<\/p>\n<p>L\u2019autore, in ogni passaggio, ricerca chiarezza e obiettivit\u00e0. E cos\u00ec deve essere, non solo per un\u2019oggettiva correttezza, ma anche perch\u00e9 proprio questo termine da sempre ha scatenato contrapposizioni anche violente, comunque nette e forti. Connotato spesso negativamente, il capitalismo ha quindi bisogno di chiarezza e imparzialit\u00e0 per essere davvero compreso e quindi accettato oppure respinto. Ed \u00e8 questo ci\u00f2 che cerca di fare Mingardi. Per questo, lungo il testo (circa 150 pagine da leggere con attenzione), si alternano pregi e difetti del capitalismo, la possibilit\u00e0 di crescita e di vivere pi\u00f9 a lungo con la constatazione che le disuguaglianze proliferano: i poveri sono sempre pi\u00f9 poveri e i ricchi sempre pi\u00f9 ricchi. \u00a0Ad oltre cento anni dalla sua \u201cnascita\u201d il capitalismo va certamente rinnovato, rivisto, rivisitato ma non pare siano state trovate valide alternative.<\/p>\n<p>Scrive Mingardi nelle ultime righe: \u201cTorniamo alla nostra definizione di capitalismo: il capitalismo \u00e8 un sistema nel quale le decisioni sono prese in modo decentrato. A un ragazzo nato negli anni Duemila si potrebbe anche dirlo in un\u2019altra maniera. Il capitalismo \u00e8 il contrario del lockdown. La scelta per il nostro futuro, per quanto tappezzata di buone intenzioni, \u00e8 fra l\u2019uno e l\u2019altro. O, per dirla in altri termini, un mondo nel quale ci sia libert\u00e0 di scegliere e di farsi scegliere, e un mondo nel quale qualcun altro, per quanto animato dalle migliori intenzioni, pretenda di scegliere per noi\u201d.<\/p><p><strong>Capitalismo<\/strong><\/p>\n<p>Alberto Mingardi<\/p>\n<p>il Mulino, 2023<\/p>\n","protected":false},"excerpt":{"rendered":"<p>Significato, pregi, difetti, limiti e possibilit\u00e0 di una delle parole pi\u00f9 usate e abusate del nostro oggiCapitalismo. Parola detestata dai pi\u00f9, ma anche vocabolo per molti pressoch\u00e9 sconosciuto nei suoi veri significati. Termine complesso certamente, eppure usato con grande facilit\u00e0 (o faciloneria). Parola capitalismo -, che va compresa davvero. Anche perch\u00e9 nel capitalismo ancora oggi, [&hellip;]<\/p>\n","protected":false},"author":9,"featured_media":96828,"comment_status":"open","ping_status":"open","sticky":false,"template":"","format":"standard","meta":{"footnotes":""},"categories":[52,58],"tags":[],"class_list":["post-96827","post","type-post","status-publish","format-standard","has-post-thumbnail","hentry","category-cultura-dimpresa","category-recensioni-libri"],"acf":[],"yoast_head":"<!-- This site is optimized with the Yoast SEO plugin v25.0 - https:\/\/yoast.com\/wordpress\/plugins\/seo\/ -->\n<title>Capitalismo? - Fondazione Pirelli<\/title>\n<meta name=\"robots\" content=\"index, follow, max-snippet:-1, max-image-preview:large, max-video-preview:-1\" \/>\n<link rel=\"canonical\" href=\"https:\/\/www.fondazionepirelli.org\/it\/cultura-dimpresa\/capitalismo\/\" \/>\n<meta property=\"og:locale\" content=\"it_IT\" \/>\n<meta property=\"og:type\" content=\"article\" \/>\n<meta property=\"og:title\" content=\"Capitalismo? - Fondazione Pirelli\" \/>\n<meta property=\"og:description\" content=\"Significato, pregi, difetti, limiti e possibilit\u00e0 di una delle parole pi\u00f9 usate e abusate del nostro oggiCapitalismo. Parola detestata dai pi\u00f9, ma anche vocabolo per molti pressoch\u00e9 sconosciuto nei suoi veri significati. Termine complesso certamente, eppure usato con grande facilit\u00e0 (o faciloneria). Parola capitalismo -, che va compresa davvero. Anche perch\u00e9 nel capitalismo ancora oggi, [&hellip;]\" \/>\n<meta property=\"og:url\" content=\"https:\/\/www.fondazionepirelli.org\/it\/cultura-dimpresa\/capitalismo\/\" \/>\n<meta property=\"og:site_name\" content=\"Fondazione Pirelli\" \/>\n<meta property=\"article:published_time\" content=\"2023-07-18T08:10:32+00:00\" \/>\n<meta property=\"og:image\" content=\"https:\/\/wpsite-assets.fondazionepirelli.org\/wp-content\/uploads\/2023\/07\/18091014\/5a3fd9acover38619.png\" \/>\n\t<meta property=\"og:image:width\" content=\"400\" \/>\n\t<meta property=\"og:image:height\" content=\"616\" \/>\n\t<meta property=\"og:image:type\" content=\"image\/png\" \/>\n<meta name=\"author\" content=\"fondazionepirelli\" \/>\n<meta name=\"twitter:card\" content=\"summary_large_image\" \/>\n<meta name=\"twitter:label1\" content=\"Scritto da\" \/>\n\t<meta name=\"twitter:data1\" content=\"fondazionepirelli\" \/>\n\t<meta name=\"twitter:label2\" content=\"Tempo di lettura stimato\" \/>\n\t<meta name=\"twitter:data2\" content=\"2 minuti\" \/>\n<script type=\"application\/ld+json\" class=\"yoast-schema-graph\">{\"@context\":\"https:\/\/schema.org\",\"@graph\":[{\"@type\":\"WebPage\",\"@id\":\"https:\/\/www.fondazionepirelli.org\/it\/cultura-dimpresa\/capitalismo\/\",\"url\":\"https:\/\/www.fondazionepirelli.org\/it\/cultura-dimpresa\/capitalismo\/\",\"name\":\"Capitalismo? - Fondazione Pirelli\",\"isPartOf\":{\"@id\":\"https:\/\/www.fondazionepirelli.org\/it\/#website\"},\"primaryImageOfPage\":{\"@id\":\"https:\/\/www.fondazionepirelli.org\/it\/cultura-dimpresa\/capitalismo\/#primaryimage\"},\"image\":{\"@id\":\"https:\/\/www.fondazionepirelli.org\/it\/cultura-dimpresa\/capitalismo\/#primaryimage\"},\"thumbnailUrl\":\"https:\/\/wpsite-assets.fondazionepirelli.org\/wp-content\/uploads\/2023\/07\/18091014\/5a3fd9acover38619.png\",\"datePublished\":\"2023-07-18T08:10:32+00:00\",\"author\":{\"@id\":\"https:\/\/www.fondazionepirelli.org\/it\/#\/schema\/person\/c31fcf5937a0e6afa45497f3f8b6d7a0\"},\"breadcrumb\":{\"@id\":\"https:\/\/www.fondazionepirelli.org\/it\/cultura-dimpresa\/capitalismo\/#breadcrumb\"},\"inLanguage\":\"it-IT\",\"potentialAction\":[{\"@type\":\"ReadAction\",\"target\":[\"https:\/\/www.fondazionepirelli.org\/it\/cultura-dimpresa\/capitalismo\/\"]}]},{\"@type\":\"ImageObject\",\"inLanguage\":\"it-IT\",\"@id\":\"https:\/\/www.fondazionepirelli.org\/it\/cultura-dimpresa\/capitalismo\/#primaryimage\",\"url\":\"https:\/\/wpsite-assets.fondazionepirelli.org\/wp-content\/uploads\/2023\/07\/18091014\/5a3fd9acover38619.png\",\"contentUrl\":\"https:\/\/wpsite-assets.fondazionepirelli.org\/wp-content\/uploads\/2023\/07\/18091014\/5a3fd9acover38619.png\",\"width\":400,\"height\":616},{\"@type\":\"BreadcrumbList\",\"@id\":\"https:\/\/www.fondazionepirelli.org\/it\/cultura-dimpresa\/capitalismo\/#breadcrumb\",\"itemListElement\":[{\"@type\":\"ListItem\",\"position\":1,\"name\":\"Home\",\"item\":\"https:\/\/www.fondazionepirelli.org\/it\/\"},{\"@type\":\"ListItem\",\"position\":2,\"name\":\"Capitalismo?\"}]},{\"@type\":\"WebSite\",\"@id\":\"https:\/\/www.fondazionepirelli.org\/it\/#website\",\"url\":\"https:\/\/www.fondazionepirelli.org\/it\/\",\"name\":\"Fondazione Pirelli\",\"description\":\"\",\"potentialAction\":[{\"@type\":\"SearchAction\",\"target\":{\"@type\":\"EntryPoint\",\"urlTemplate\":\"https:\/\/www.fondazionepirelli.org\/it\/?s={search_term_string}\"},\"query-input\":{\"@type\":\"PropertyValueSpecification\",\"valueRequired\":true,\"valueName\":\"search_term_string\"}}],\"inLanguage\":\"it-IT\"},{\"@type\":\"Person\",\"@id\":\"https:\/\/www.fondazionepirelli.org\/it\/#\/schema\/person\/c31fcf5937a0e6afa45497f3f8b6d7a0\",\"name\":\"fondazionepirelli\",\"image\":{\"@type\":\"ImageObject\",\"inLanguage\":\"it-IT\",\"@id\":\"https:\/\/www.fondazionepirelli.org\/it\/#\/schema\/person\/image\/\",\"url\":\"https:\/\/secure.gravatar.com\/avatar\/9cb486421ce1d6eddbf6c4fb66841b4325b786695f7aedf1dde2222428218696?s=96&d=mm&r=g\",\"contentUrl\":\"https:\/\/secure.gravatar.com\/avatar\/9cb486421ce1d6eddbf6c4fb66841b4325b786695f7aedf1dde2222428218696?s=96&d=mm&r=g\",\"caption\":\"fondazionepirelli\"},\"url\":\"https:\/\/www.fondazionepirelli.org\/it\/author\/fondazionepirelli\/\"}]}<\/script>\n<!-- \/ Yoast SEO plugin. -->","yoast_head_json":{"title":"Capitalismo? - Fondazione Pirelli","robots":{"index":"index","follow":"follow","max-snippet":"max-snippet:-1","max-image-preview":"max-image-preview:large","max-video-preview":"max-video-preview:-1"},"canonical":"https:\/\/www.fondazionepirelli.org\/it\/cultura-dimpresa\/capitalismo\/","og_locale":"it_IT","og_type":"article","og_title":"Capitalismo? - Fondazione Pirelli","og_description":"Significato, pregi, difetti, limiti e possibilit\u00e0 di una delle parole pi\u00f9 usate e abusate del nostro oggiCapitalismo. Parola detestata dai pi\u00f9, ma anche vocabolo per molti pressoch\u00e9 sconosciuto nei suoi veri significati. Termine complesso certamente, eppure usato con grande facilit\u00e0 (o faciloneria). Parola capitalismo -, che va compresa davvero. Anche perch\u00e9 nel capitalismo ancora oggi, [&hellip;]","og_url":"https:\/\/www.fondazionepirelli.org\/it\/cultura-dimpresa\/capitalismo\/","og_site_name":"Fondazione Pirelli","article_published_time":"2023-07-18T08:10:32+00:00","og_image":[{"width":400,"height":616,"url":"https:\/\/wpsite-assets.fondazionepirelli.org\/wp-content\/uploads\/2023\/07\/18091014\/5a3fd9acover38619.png","type":"image\/png"}],"author":"fondazionepirelli","twitter_card":"summary_large_image","twitter_misc":{"Scritto da":"fondazionepirelli","Tempo di lettura stimato":"2 minuti"},"schema":{"@context":"https:\/\/schema.org","@graph":[{"@type":"WebPage","@id":"https:\/\/www.fondazionepirelli.org\/it\/cultura-dimpresa\/capitalismo\/","url":"https:\/\/www.fondazionepirelli.org\/it\/cultura-dimpresa\/capitalismo\/","name":"Capitalismo? - Fondazione Pirelli","isPartOf":{"@id":"https:\/\/www.fondazionepirelli.org\/it\/#website"},"primaryImageOfPage":{"@id":"https:\/\/www.fondazionepirelli.org\/it\/cultura-dimpresa\/capitalismo\/#primaryimage"},"image":{"@id":"https:\/\/www.fondazionepirelli.org\/it\/cultura-dimpresa\/capitalismo\/#primaryimage"},"thumbnailUrl":"https:\/\/wpsite-assets.fondazionepirelli.org\/wp-content\/uploads\/2023\/07\/18091014\/5a3fd9acover38619.png","datePublished":"2023-07-18T08:10:32+00:00","author":{"@id":"https:\/\/www.fondazionepirelli.org\/it\/#\/schema\/person\/c31fcf5937a0e6afa45497f3f8b6d7a0"},"breadcrumb":{"@id":"https:\/\/www.fondazionepirelli.org\/it\/cultura-dimpresa\/capitalismo\/#breadcrumb"},"inLanguage":"it-IT","potentialAction":[{"@type":"ReadAction","target":["https:\/\/www.fondazionepirelli.org\/it\/cultura-dimpresa\/capitalismo\/"]}]},{"@type":"ImageObject","inLanguage":"it-IT","@id":"https:\/\/www.fondazionepirelli.org\/it\/cultura-dimpresa\/capitalismo\/#primaryimage","url":"https:\/\/wpsite-assets.fondazionepirelli.org\/wp-content\/uploads\/2023\/07\/18091014\/5a3fd9acover38619.png","contentUrl":"https:\/\/wpsite-assets.fondazionepirelli.org\/wp-content\/uploads\/2023\/07\/18091014\/5a3fd9acover38619.png","width":400,"height":616},{"@type":"BreadcrumbList","@id":"https:\/\/www.fondazionepirelli.org\/it\/cultura-dimpresa\/capitalismo\/#breadcrumb","itemListElement":[{"@type":"ListItem","position":1,"name":"Home","item":"https:\/\/www.fondazionepirelli.org\/it\/"},{"@type":"ListItem","position":2,"name":"Capitalismo?"}]},{"@type":"WebSite","@id":"https:\/\/www.fondazionepirelli.org\/it\/#website","url":"https:\/\/www.fondazionepirelli.org\/it\/","name":"Fondazione Pirelli","description":"","potentialAction":[{"@type":"SearchAction","target":{"@type":"EntryPoint","urlTemplate":"https:\/\/www.fondazionepirelli.org\/it\/?s={search_term_string}"},"query-input":{"@type":"PropertyValueSpecification","valueRequired":true,"valueName":"search_term_string"}}],"inLanguage":"it-IT"},{"@type":"Person","@id":"https:\/\/www.fondazionepirelli.org\/it\/#\/schema\/person\/c31fcf5937a0e6afa45497f3f8b6d7a0","name":"fondazionepirelli","image":{"@type":"ImageObject","inLanguage":"it-IT","@id":"https:\/\/www.fondazionepirelli.org\/it\/#\/schema\/person\/image\/","url":"https:\/\/secure.gravatar.com\/avatar\/9cb486421ce1d6eddbf6c4fb66841b4325b786695f7aedf1dde2222428218696?s=96&d=mm&r=g","contentUrl":"https:\/\/secure.gravatar.com\/avatar\/9cb486421ce1d6eddbf6c4fb66841b4325b786695f7aedf1dde2222428218696?s=96&d=mm&r=g","caption":"fondazionepirelli"},"url":"https:\/\/www.fondazionepirelli.org\/it\/author\/fondazionepirelli\/"}]}},"_links":{"self":[{"href":"https:\/\/www.fondazionepirelli.org\/it\/wp-json\/wp\/v2\/posts\/96827\/"}],"collection":[{"href":"https:\/\/www.fondazionepirelli.org\/it\/wp-json\/wp\/v2\/posts\/"}],"about":[{"href":"https:\/\/www.fondazionepirelli.org\/it\/wp-json\/wp\/v2\/types\/post\/"}],"author":[{"embeddable":true,"href":"https:\/\/www.fondazionepirelli.org\/it\/wp-json\/wp\/v2\/users\/9\/"}],"replies":[{"embeddable":true,"href":"https:\/\/www.fondazionepirelli.org\/it\/wp-json\/wp\/v2\/comments\/?post=96827"}],"version-history":[{"count":1,"href":"https:\/\/www.fondazionepirelli.org\/it\/wp-json\/wp\/v2\/posts\/96827\/revisions\/"}],"predecessor-version":[{"id":96830,"href":"https:\/\/www.fondazionepirelli.org\/it\/wp-json\/wp\/v2\/posts\/96827\/revisions\/96830\/"}],"wp:featuredmedia":[{"embeddable":true,"href":"https:\/\/www.fondazionepirelli.org\/it\/wp-json\/wp\/v2\/media\/96828\/"}],"wp:attachment":[{"href":"https:\/\/www.fondazionepirelli.org\/it\/wp-json\/wp\/v2\/media\/?parent=96827"}],"wp:term":[{"taxonomy":"category","embeddable":true,"href":"https:\/\/www.fondazionepirelli.org\/it\/wp-json\/wp\/v2\/categories\/?post=96827"},{"taxonomy":"post_tag","embeddable":true,"href":"https:\/\/www.fondazionepirelli.org\/it\/wp-json\/wp\/v2\/tags\/?post=96827"}],"curies":[{"name":"wp","href":"https:\/\/api.w.org\/{rel}","templated":true}]}}