{"id":96852,"date":"2023-07-25T07:31:38","date_gmt":"2023-07-25T06:31:38","guid":{"rendered":"https:\/\/www.fondazionepirelli.org\/?p=96852"},"modified":"2023-07-25T07:31:38","modified_gmt":"2023-07-25T06:31:38","slug":"raccontare-lindustria-e-il-lavoro","status":"publish","type":"post","link":"https:\/\/www.fondazionepirelli.org\/it\/cultura-dimpresa\/raccontare-lindustria-e-il-lavoro\/","title":{"rendered":"Raccontare l\u2019industria e il lavoro"},"content":{"rendered":"<p><em>Uno studio appena pubblicato ripercorre le analisi degli ultimi 40 anni su fabbriche e lavoratori<\/em><\/p><p>Tornare alla storia del lavoro e delle imprese per capire meglio l\u2019ambito in cui ci si muove adesso e gettare buoni semi per il futuro. Indicazione non nuova, quella di recuperare la conoscenza di ci\u00f2 che \u00e8 accaduto per comprendere meglio il presente, indicazione per\u00f2 sempre valida, soprattutto in un periodo di complessit\u00e0 crescente come quello attuale. Servono, come sempre, guide in grado di fare sintesi. E\u2019 ci\u00f2 che ha provato a fare Pietro Causarano con il suo \u201cDa un secolo all\u2019altro: leggere il lavoro industriale\u201d intervento contenuto in una raccolta di scritti sul lavoro pubblicata recentemente.<\/p>\n<p>Quella di Causarano \u00e8 una sintesi\u00a0 dei principali studi che hanno cercato di interpretare e spiegare il lavoro industriale negli ultimi 40 anni circa. Un periodo, occorre notare, da un lato vicino a quello attuale ma, dall\u2019altro, notevolmente distante nei suoi inizi. Anni, gli ultimi due decenni del XX\u00b0 secolo in cui i vecchi modelli industriali perdevano sempre pi\u00f9 pezzi e altri, ancora indefiniti, si facevano avanti tra crisi di mercato, internazionali e locali.<\/p>\n<p>L\u2019autore, quindi, ripercorre il periodo sulla base di alcuni studi dei quali vengono ricordati e tratti fondamentali e i collegamenti con il dibattito in corso allora. Ne emerge il racconto di un\u2019evoluzione di interpretazioni e di approfondimenti delle vicende industriali e del lavoro in Italia che delinea anche un cambio di cultura d\u2019impresa. Il passaggio dal fordismo e dal taylorismo che Causarano ripercorre, \u00e8 anche il cammino (non sempre facile) verso un\u2019idea diversa di fare industria e di relazioni industriali che sta prendendo forma compiuta adesso e che sta conducendo verso modelli d\u2019impresa pi\u00f9 complessi ma probabilmente pi\u00f9 aderenti alla realt\u00e0 dell\u2019oggi. Una cultura del produrre che si evolve con la societ\u00e0 dalla quale prende forma.<\/p><p><a href=\"https:\/\/wpsite-assets.fondazionepirelli.org\/wp-content\/uploads\/2023\/07\/24104528\/Causarano.pdf\"><strong>Da un secolo all\u2019altro: leggere il lavoro industriale <\/strong><\/a><\/p>\n<p>Pietro Causarano, in Fabrizio Loreto, Gilda Zazzara (a cura di) <em>Fondato sul lavoro. Scritti per Stefano Musso<\/em>, Universit\u00e0 degli studi di Torino, Dipartimento di studi storici, 2022, 3-16<\/p><p><strong>\u00a0<\/strong><\/p>\n","protected":false},"excerpt":{"rendered":"<p>Uno studio appena pubblicato ripercorre le analisi degli ultimi 40 anni su fabbriche e lavoratoriTornare alla storia del lavoro e delle imprese per capire meglio l\u2019ambito in cui ci si muove adesso e gettare buoni semi per il futuro. Indicazione non nuova, quella di recuperare la conoscenza di ci\u00f2 che \u00e8 accaduto per comprendere meglio [&hellip;]<\/p>\n","protected":false},"author":9,"featured_media":0,"comment_status":"open","ping_status":"open","sticky":false,"template":"","format":"standard","meta":{"footnotes":""},"categories":[54,52],"tags":[],"class_list":["post-96852","post","type-post","status-publish","format-standard","hentry","category-approfondimenti","category-cultura-dimpresa"],"acf":[],"yoast_head":"<!-- This site is optimized with the Yoast SEO plugin v25.0 - https:\/\/yoast.com\/wordpress\/plugins\/seo\/ -->\n<title>Raccontare l\u2019industria e il lavoro - Fondazione Pirelli<\/title>\n<meta name=\"robots\" content=\"index, follow, max-snippet:-1, max-image-preview:large, max-video-preview:-1\" \/>\n<link rel=\"canonical\" href=\"https:\/\/www.fondazionepirelli.org\/it\/cultura-dimpresa\/raccontare-lindustria-e-il-lavoro\/\" \/>\n<meta property=\"og:locale\" content=\"it_IT\" \/>\n<meta property=\"og:type\" content=\"article\" \/>\n<meta property=\"og:title\" content=\"Raccontare l\u2019industria e il lavoro - Fondazione Pirelli\" \/>\n<meta property=\"og:description\" content=\"Uno studio appena pubblicato ripercorre le analisi degli ultimi 40 anni su fabbriche e lavoratoriTornare alla storia del lavoro e delle imprese per capire meglio l\u2019ambito in cui ci si muove adesso e gettare buoni semi per il futuro. Indicazione non nuova, quella di recuperare la conoscenza di ci\u00f2 che \u00e8 accaduto per comprendere meglio [&hellip;]\" \/>\n<meta property=\"og:url\" content=\"https:\/\/www.fondazionepirelli.org\/it\/cultura-dimpresa\/raccontare-lindustria-e-il-lavoro\/\" \/>\n<meta property=\"og:site_name\" content=\"Fondazione Pirelli\" \/>\n<meta property=\"article:published_time\" content=\"2023-07-25T06:31:38+00:00\" \/>\n<meta name=\"author\" content=\"fondazionepirelli\" \/>\n<meta name=\"twitter:card\" content=\"summary_large_image\" \/>\n<meta name=\"twitter:label1\" content=\"Scritto da\" \/>\n\t<meta name=\"twitter:data1\" content=\"fondazionepirelli\" \/>\n\t<meta name=\"twitter:label2\" content=\"Tempo di lettura stimato\" \/>\n\t<meta name=\"twitter:data2\" content=\"2 minuti\" \/>\n<script type=\"application\/ld+json\" class=\"yoast-schema-graph\">{\"@context\":\"https:\/\/schema.org\",\"@graph\":[{\"@type\":\"WebPage\",\"@id\":\"https:\/\/www.fondazionepirelli.org\/it\/cultura-dimpresa\/raccontare-lindustria-e-il-lavoro\/\",\"url\":\"https:\/\/www.fondazionepirelli.org\/it\/cultura-dimpresa\/raccontare-lindustria-e-il-lavoro\/\",\"name\":\"Raccontare l\u2019industria e il lavoro - Fondazione Pirelli\",\"isPartOf\":{\"@id\":\"https:\/\/www.fondazionepirelli.org\/it\/#website\"},\"datePublished\":\"2023-07-25T06:31:38+00:00\",\"author\":{\"@id\":\"https:\/\/www.fondazionepirelli.org\/it\/#\/schema\/person\/c31fcf5937a0e6afa45497f3f8b6d7a0\"},\"breadcrumb\":{\"@id\":\"https:\/\/www.fondazionepirelli.org\/it\/cultura-dimpresa\/raccontare-lindustria-e-il-lavoro\/#breadcrumb\"},\"inLanguage\":\"it-IT\",\"potentialAction\":[{\"@type\":\"ReadAction\",\"target\":[\"https:\/\/www.fondazionepirelli.org\/it\/cultura-dimpresa\/raccontare-lindustria-e-il-lavoro\/\"]}]},{\"@type\":\"BreadcrumbList\",\"@id\":\"https:\/\/www.fondazionepirelli.org\/it\/cultura-dimpresa\/raccontare-lindustria-e-il-lavoro\/#breadcrumb\",\"itemListElement\":[{\"@type\":\"ListItem\",\"position\":1,\"name\":\"Home\",\"item\":\"https:\/\/www.fondazionepirelli.org\/it\/\"},{\"@type\":\"ListItem\",\"position\":2,\"name\":\"Raccontare l\u2019industria e il lavoro\"}]},{\"@type\":\"WebSite\",\"@id\":\"https:\/\/www.fondazionepirelli.org\/it\/#website\",\"url\":\"https:\/\/www.fondazionepirelli.org\/it\/\",\"name\":\"Fondazione Pirelli\",\"description\":\"\",\"potentialAction\":[{\"@type\":\"SearchAction\",\"target\":{\"@type\":\"EntryPoint\",\"urlTemplate\":\"https:\/\/www.fondazionepirelli.org\/it\/?s={search_term_string}\"},\"query-input\":{\"@type\":\"PropertyValueSpecification\",\"valueRequired\":true,\"valueName\":\"search_term_string\"}}],\"inLanguage\":\"it-IT\"},{\"@type\":\"Person\",\"@id\":\"https:\/\/www.fondazionepirelli.org\/it\/#\/schema\/person\/c31fcf5937a0e6afa45497f3f8b6d7a0\",\"name\":\"fondazionepirelli\",\"image\":{\"@type\":\"ImageObject\",\"inLanguage\":\"it-IT\",\"@id\":\"https:\/\/www.fondazionepirelli.org\/it\/#\/schema\/person\/image\/\",\"url\":\"https:\/\/secure.gravatar.com\/avatar\/9cb486421ce1d6eddbf6c4fb66841b4325b786695f7aedf1dde2222428218696?s=96&d=mm&r=g\",\"contentUrl\":\"https:\/\/secure.gravatar.com\/avatar\/9cb486421ce1d6eddbf6c4fb66841b4325b786695f7aedf1dde2222428218696?s=96&d=mm&r=g\",\"caption\":\"fondazionepirelli\"},\"url\":\"https:\/\/www.fondazionepirelli.org\/it\/author\/fondazionepirelli\/\"}]}<\/script>\n<!-- \/ Yoast SEO plugin. -->","yoast_head_json":{"title":"Raccontare l\u2019industria e il lavoro - Fondazione Pirelli","robots":{"index":"index","follow":"follow","max-snippet":"max-snippet:-1","max-image-preview":"max-image-preview:large","max-video-preview":"max-video-preview:-1"},"canonical":"https:\/\/www.fondazionepirelli.org\/it\/cultura-dimpresa\/raccontare-lindustria-e-il-lavoro\/","og_locale":"it_IT","og_type":"article","og_title":"Raccontare l\u2019industria e il lavoro - Fondazione Pirelli","og_description":"Uno studio appena pubblicato ripercorre le analisi degli ultimi 40 anni su fabbriche e lavoratoriTornare alla storia del lavoro e delle imprese per capire meglio l\u2019ambito in cui ci si muove adesso e gettare buoni semi per il futuro. Indicazione non nuova, quella di recuperare la conoscenza di ci\u00f2 che \u00e8 accaduto per comprendere meglio [&hellip;]","og_url":"https:\/\/www.fondazionepirelli.org\/it\/cultura-dimpresa\/raccontare-lindustria-e-il-lavoro\/","og_site_name":"Fondazione Pirelli","article_published_time":"2023-07-25T06:31:38+00:00","author":"fondazionepirelli","twitter_card":"summary_large_image","twitter_misc":{"Scritto da":"fondazionepirelli","Tempo di lettura stimato":"2 minuti"},"schema":{"@context":"https:\/\/schema.org","@graph":[{"@type":"WebPage","@id":"https:\/\/www.fondazionepirelli.org\/it\/cultura-dimpresa\/raccontare-lindustria-e-il-lavoro\/","url":"https:\/\/www.fondazionepirelli.org\/it\/cultura-dimpresa\/raccontare-lindustria-e-il-lavoro\/","name":"Raccontare l\u2019industria e il lavoro - Fondazione Pirelli","isPartOf":{"@id":"https:\/\/www.fondazionepirelli.org\/it\/#website"},"datePublished":"2023-07-25T06:31:38+00:00","author":{"@id":"https:\/\/www.fondazionepirelli.org\/it\/#\/schema\/person\/c31fcf5937a0e6afa45497f3f8b6d7a0"},"breadcrumb":{"@id":"https:\/\/www.fondazionepirelli.org\/it\/cultura-dimpresa\/raccontare-lindustria-e-il-lavoro\/#breadcrumb"},"inLanguage":"it-IT","potentialAction":[{"@type":"ReadAction","target":["https:\/\/www.fondazionepirelli.org\/it\/cultura-dimpresa\/raccontare-lindustria-e-il-lavoro\/"]}]},{"@type":"BreadcrumbList","@id":"https:\/\/www.fondazionepirelli.org\/it\/cultura-dimpresa\/raccontare-lindustria-e-il-lavoro\/#breadcrumb","itemListElement":[{"@type":"ListItem","position":1,"name":"Home","item":"https:\/\/www.fondazionepirelli.org\/it\/"},{"@type":"ListItem","position":2,"name":"Raccontare l\u2019industria e il lavoro"}]},{"@type":"WebSite","@id":"https:\/\/www.fondazionepirelli.org\/it\/#website","url":"https:\/\/www.fondazionepirelli.org\/it\/","name":"Fondazione Pirelli","description":"","potentialAction":[{"@type":"SearchAction","target":{"@type":"EntryPoint","urlTemplate":"https:\/\/www.fondazionepirelli.org\/it\/?s={search_term_string}"},"query-input":{"@type":"PropertyValueSpecification","valueRequired":true,"valueName":"search_term_string"}}],"inLanguage":"it-IT"},{"@type":"Person","@id":"https:\/\/www.fondazionepirelli.org\/it\/#\/schema\/person\/c31fcf5937a0e6afa45497f3f8b6d7a0","name":"fondazionepirelli","image":{"@type":"ImageObject","inLanguage":"it-IT","@id":"https:\/\/www.fondazionepirelli.org\/it\/#\/schema\/person\/image\/","url":"https:\/\/secure.gravatar.com\/avatar\/9cb486421ce1d6eddbf6c4fb66841b4325b786695f7aedf1dde2222428218696?s=96&d=mm&r=g","contentUrl":"https:\/\/secure.gravatar.com\/avatar\/9cb486421ce1d6eddbf6c4fb66841b4325b786695f7aedf1dde2222428218696?s=96&d=mm&r=g","caption":"fondazionepirelli"},"url":"https:\/\/www.fondazionepirelli.org\/it\/author\/fondazionepirelli\/"}]}},"_links":{"self":[{"href":"https:\/\/www.fondazionepirelli.org\/it\/wp-json\/wp\/v2\/posts\/96852\/"}],"collection":[{"href":"https:\/\/www.fondazionepirelli.org\/it\/wp-json\/wp\/v2\/posts\/"}],"about":[{"href":"https:\/\/www.fondazionepirelli.org\/it\/wp-json\/wp\/v2\/types\/post\/"}],"author":[{"embeddable":true,"href":"https:\/\/www.fondazionepirelli.org\/it\/wp-json\/wp\/v2\/users\/9\/"}],"replies":[{"embeddable":true,"href":"https:\/\/www.fondazionepirelli.org\/it\/wp-json\/wp\/v2\/comments\/?post=96852"}],"version-history":[{"count":1,"href":"https:\/\/www.fondazionepirelli.org\/it\/wp-json\/wp\/v2\/posts\/96852\/revisions\/"}],"predecessor-version":[{"id":96855,"href":"https:\/\/www.fondazionepirelli.org\/it\/wp-json\/wp\/v2\/posts\/96852\/revisions\/96855\/"}],"wp:attachment":[{"href":"https:\/\/www.fondazionepirelli.org\/it\/wp-json\/wp\/v2\/media\/?parent=96852"}],"wp:term":[{"taxonomy":"category","embeddable":true,"href":"https:\/\/www.fondazionepirelli.org\/it\/wp-json\/wp\/v2\/categories\/?post=96852"},{"taxonomy":"post_tag","embeddable":true,"href":"https:\/\/www.fondazionepirelli.org\/it\/wp-json\/wp\/v2\/tags\/?post=96852"}],"curies":[{"name":"wp","href":"https:\/\/api.w.org\/{rel}","templated":true}]}}