{"id":97189,"date":"2023-09-05T10:31:46","date_gmt":"2023-09-05T09:31:46","guid":{"rendered":"https:\/\/www.fondazionepirelli.org\/?p=97189"},"modified":"2023-09-05T10:31:46","modified_gmt":"2023-09-05T09:31:46","slug":"cultura-organizzativa","status":"publish","type":"post","link":"https:\/\/www.fondazionepirelli.org\/it\/cultura-dimpresa\/cultura-organizzativa\/","title":{"rendered":"Cultura organizzativa"},"content":{"rendered":"<p><em>In un libro delineata la strada per riorganizzare il sistema produttivo e amministrativo del Paese<\/em><\/p>\n<p>Ripartire dall\u2019organizzazione. E dall\u2019efficienza, quindi, ma anche da una cultura del produrre spesso diversa da quella pi\u00f9 diffusa nel Paese. Traguardo a lungo termine, che pu\u00f2 essere raggiunto anche sulla scorta di buone guide di percorso. Come \u00e8, ad esempio, il libro di Federico Butera.<\/p>\n<p>\u201cDisegnare l&#8217;Italia. Progetti e politiche per organizzazioni e lavori di qualit\u00e0\u201d, appena pubblicato, parte da una considerazione: alla radice della debolezza del sistema economico e sociale italiano vi \u00e8 una non riconosciuta questione organizzativa. Detto in altri termini, l&#8217;Italia \u00e8 Paese delle organizzazioni e dei lavori fortemente ineguali. Da un lato, sta un repertorio di forme nuove di organizzazione, lavoro e stili di gestione eccellenti; dall\u2019altro, \u00e8 un insieme di realt\u00e0 inefficaci, inefficienti, non sostenibili, regolate da prassi e culture organizzative orami sorpassate.<\/p>\n<p>La proposta di Butera \u00e8 quella di \u201cridisegnare\u201d l\u2019Italia (da qui il titolo del libro) sulla base dell\u2019idea di una progettazione e di uno sviluppo di organizzazioni e lavori di qualit\u00e0, grazie a tecnologie digitali abilitanti e politiche industriali e cantieri partecipati che impegnino le persone. Tutto con un\u2019attenzione particolare all\u2019ambiente e alla buona digitalizzazione delle procedure, ma anche alla qualit\u00e0 della vita, ad una maggiore prosperit\u00e0 e soprattutto alla creazione di una societ\u00e0 pi\u00f9 democratica.<\/p>\n<p>Dopo una sintesi dell\u2019Italia \u201csociet\u00e0 di organizzazioni ineguali\u201d, l\u2019autore considera quindi l\u2019obiettivo da raggiungere partendo dalle organizzazioni fondate sul lavoro per poi passare a delineare un\u2019impresa e una pubblica amministrazione del futuro e quindi arrivare ad approfondire gli strumenti che servono per raggiungere lo scopo: l\u2019attenzione alle reti ed ai sistemi di relazione, l\u2019applicazione di nuovi metodi di lavoro, la reale creazione di lavori e lavoratori di qualit\u00e0, la consapevolezza della profonda rilevanza culturale del cambiamento organizzativo.<\/p>\n<p>Scrive l\u2019autore nell\u2019ambito delle conclusioni del libro: \u201cNon basta trovare nuovi modi di organizzare, occorre sviluppare nuove idee di struttura tecnica e sociale\u201d.<\/p><p><strong>Disegnare l&#8217;Italia. Progetti e politiche per organizzazioni e lavori di qualit\u00e0<\/strong><\/p>\n<p><a href=\"https:\/\/www.libreriauniversitaria.it\/libri-autore_butera+federico-federico_butera.htm\">Federico Butera<\/a><\/p>\n<p>Egea, 2023<\/p>\n","protected":false},"excerpt":{"rendered":"<p>In un libro delineata la strada per riorganizzare il sistema produttivo e amministrativo del Paese Ripartire dall\u2019organizzazione. E dall\u2019efficienza, quindi, ma anche da una cultura del produrre spesso diversa da quella pi\u00f9 diffusa nel Paese. Traguardo a lungo termine, che pu\u00f2 essere raggiunto anche sulla scorta di buone guide di percorso. Come \u00e8, ad esempio, [&hellip;]<\/p>\n","protected":false},"author":9,"featured_media":97190,"comment_status":"open","ping_status":"open","sticky":false,"template":"","format":"standard","meta":{"footnotes":""},"categories":[52,58],"tags":[],"class_list":["post-97189","post","type-post","status-publish","format-standard","has-post-thumbnail","hentry","category-cultura-dimpresa","category-recensioni-libri"],"acf":[],"yoast_head":"<!-- This site is optimized with the Yoast SEO plugin v25.0 - https:\/\/yoast.com\/wordpress\/plugins\/seo\/ -->\n<title>Cultura organizzativa - Fondazione Pirelli<\/title>\n<meta name=\"robots\" content=\"index, follow, max-snippet:-1, max-image-preview:large, max-video-preview:-1\" \/>\n<link rel=\"canonical\" href=\"https:\/\/www.fondazionepirelli.org\/it\/cultura-dimpresa\/cultura-organizzativa\/\" \/>\n<meta property=\"og:locale\" content=\"it_IT\" \/>\n<meta property=\"og:type\" content=\"article\" \/>\n<meta property=\"og:title\" content=\"Cultura organizzativa - Fondazione Pirelli\" \/>\n<meta property=\"og:description\" content=\"In un libro delineata la strada per riorganizzare il sistema produttivo e amministrativo del Paese Ripartire dall\u2019organizzazione. E dall\u2019efficienza, quindi, ma anche da una cultura del produrre spesso diversa da quella pi\u00f9 diffusa nel Paese. Traguardo a lungo termine, che pu\u00f2 essere raggiunto anche sulla scorta di buone guide di percorso. Come \u00e8, ad esempio, [&hellip;]\" \/>\n<meta property=\"og:url\" content=\"https:\/\/www.fondazionepirelli.org\/it\/cultura-dimpresa\/cultura-organizzativa\/\" \/>\n<meta property=\"og:site_name\" content=\"Fondazione Pirelli\" \/>\n<meta property=\"article:published_time\" content=\"2023-09-05T09:31:46+00:00\" \/>\n<meta property=\"og:image\" content=\"https:\/\/wpsite-assets.fondazionepirelli.org\/wp-content\/uploads\/2023\/09\/04104108\/IMG_0036.jpeg\" \/>\n\t<meta property=\"og:image:width\" content=\"1000\" \/>\n\t<meta property=\"og:image:height\" content=\"1545\" \/>\n\t<meta property=\"og:image:type\" content=\"image\/jpeg\" \/>\n<meta name=\"author\" content=\"fondazionepirelli\" \/>\n<meta name=\"twitter:card\" content=\"summary_large_image\" \/>\n<meta name=\"twitter:label1\" content=\"Scritto da\" \/>\n\t<meta name=\"twitter:data1\" content=\"fondazionepirelli\" \/>\n\t<meta name=\"twitter:label2\" content=\"Tempo di lettura stimato\" \/>\n\t<meta name=\"twitter:data2\" content=\"2 minuti\" \/>\n<script type=\"application\/ld+json\" class=\"yoast-schema-graph\">{\"@context\":\"https:\/\/schema.org\",\"@graph\":[{\"@type\":\"WebPage\",\"@id\":\"https:\/\/www.fondazionepirelli.org\/it\/cultura-dimpresa\/cultura-organizzativa\/\",\"url\":\"https:\/\/www.fondazionepirelli.org\/it\/cultura-dimpresa\/cultura-organizzativa\/\",\"name\":\"Cultura organizzativa - Fondazione Pirelli\",\"isPartOf\":{\"@id\":\"https:\/\/www.fondazionepirelli.org\/it\/#website\"},\"primaryImageOfPage\":{\"@id\":\"https:\/\/www.fondazionepirelli.org\/it\/cultura-dimpresa\/cultura-organizzativa\/#primaryimage\"},\"image\":{\"@id\":\"https:\/\/www.fondazionepirelli.org\/it\/cultura-dimpresa\/cultura-organizzativa\/#primaryimage\"},\"thumbnailUrl\":\"https:\/\/wpsite-assets.fondazionepirelli.org\/wp-content\/uploads\/2023\/09\/04104108\/IMG_0036.jpeg\",\"datePublished\":\"2023-09-05T09:31:46+00:00\",\"author\":{\"@id\":\"https:\/\/www.fondazionepirelli.org\/it\/#\/schema\/person\/c31fcf5937a0e6afa45497f3f8b6d7a0\"},\"breadcrumb\":{\"@id\":\"https:\/\/www.fondazionepirelli.org\/it\/cultura-dimpresa\/cultura-organizzativa\/#breadcrumb\"},\"inLanguage\":\"it-IT\",\"potentialAction\":[{\"@type\":\"ReadAction\",\"target\":[\"https:\/\/www.fondazionepirelli.org\/it\/cultura-dimpresa\/cultura-organizzativa\/\"]}]},{\"@type\":\"ImageObject\",\"inLanguage\":\"it-IT\",\"@id\":\"https:\/\/www.fondazionepirelli.org\/it\/cultura-dimpresa\/cultura-organizzativa\/#primaryimage\",\"url\":\"https:\/\/wpsite-assets.fondazionepirelli.org\/wp-content\/uploads\/2023\/09\/04104108\/IMG_0036.jpeg\",\"contentUrl\":\"https:\/\/wpsite-assets.fondazionepirelli.org\/wp-content\/uploads\/2023\/09\/04104108\/IMG_0036.jpeg\",\"width\":1000,\"height\":1545},{\"@type\":\"BreadcrumbList\",\"@id\":\"https:\/\/www.fondazionepirelli.org\/it\/cultura-dimpresa\/cultura-organizzativa\/#breadcrumb\",\"itemListElement\":[{\"@type\":\"ListItem\",\"position\":1,\"name\":\"Home\",\"item\":\"https:\/\/www.fondazionepirelli.org\/it\/\"},{\"@type\":\"ListItem\",\"position\":2,\"name\":\"Cultura organizzativa\"}]},{\"@type\":\"WebSite\",\"@id\":\"https:\/\/www.fondazionepirelli.org\/it\/#website\",\"url\":\"https:\/\/www.fondazionepirelli.org\/it\/\",\"name\":\"Fondazione Pirelli\",\"description\":\"\",\"potentialAction\":[{\"@type\":\"SearchAction\",\"target\":{\"@type\":\"EntryPoint\",\"urlTemplate\":\"https:\/\/www.fondazionepirelli.org\/it\/?s={search_term_string}\"},\"query-input\":{\"@type\":\"PropertyValueSpecification\",\"valueRequired\":true,\"valueName\":\"search_term_string\"}}],\"inLanguage\":\"it-IT\"},{\"@type\":\"Person\",\"@id\":\"https:\/\/www.fondazionepirelli.org\/it\/#\/schema\/person\/c31fcf5937a0e6afa45497f3f8b6d7a0\",\"name\":\"fondazionepirelli\",\"image\":{\"@type\":\"ImageObject\",\"inLanguage\":\"it-IT\",\"@id\":\"https:\/\/www.fondazionepirelli.org\/it\/#\/schema\/person\/image\/\",\"url\":\"https:\/\/secure.gravatar.com\/avatar\/9cb486421ce1d6eddbf6c4fb66841b4325b786695f7aedf1dde2222428218696?s=96&d=mm&r=g\",\"contentUrl\":\"https:\/\/secure.gravatar.com\/avatar\/9cb486421ce1d6eddbf6c4fb66841b4325b786695f7aedf1dde2222428218696?s=96&d=mm&r=g\",\"caption\":\"fondazionepirelli\"},\"url\":\"https:\/\/www.fondazionepirelli.org\/it\/author\/fondazionepirelli\/\"}]}<\/script>\n<!-- \/ Yoast SEO plugin. -->","yoast_head_json":{"title":"Cultura organizzativa - Fondazione Pirelli","robots":{"index":"index","follow":"follow","max-snippet":"max-snippet:-1","max-image-preview":"max-image-preview:large","max-video-preview":"max-video-preview:-1"},"canonical":"https:\/\/www.fondazionepirelli.org\/it\/cultura-dimpresa\/cultura-organizzativa\/","og_locale":"it_IT","og_type":"article","og_title":"Cultura organizzativa - Fondazione Pirelli","og_description":"In un libro delineata la strada per riorganizzare il sistema produttivo e amministrativo del Paese Ripartire dall\u2019organizzazione. E dall\u2019efficienza, quindi, ma anche da una cultura del produrre spesso diversa da quella pi\u00f9 diffusa nel Paese. Traguardo a lungo termine, che pu\u00f2 essere raggiunto anche sulla scorta di buone guide di percorso. Come \u00e8, ad esempio, [&hellip;]","og_url":"https:\/\/www.fondazionepirelli.org\/it\/cultura-dimpresa\/cultura-organizzativa\/","og_site_name":"Fondazione Pirelli","article_published_time":"2023-09-05T09:31:46+00:00","og_image":[{"width":1000,"height":1545,"url":"https:\/\/wpsite-assets.fondazionepirelli.org\/wp-content\/uploads\/2023\/09\/04104108\/IMG_0036.jpeg","type":"image\/jpeg"}],"author":"fondazionepirelli","twitter_card":"summary_large_image","twitter_misc":{"Scritto da":"fondazionepirelli","Tempo di lettura stimato":"2 minuti"},"schema":{"@context":"https:\/\/schema.org","@graph":[{"@type":"WebPage","@id":"https:\/\/www.fondazionepirelli.org\/it\/cultura-dimpresa\/cultura-organizzativa\/","url":"https:\/\/www.fondazionepirelli.org\/it\/cultura-dimpresa\/cultura-organizzativa\/","name":"Cultura organizzativa - Fondazione Pirelli","isPartOf":{"@id":"https:\/\/www.fondazionepirelli.org\/it\/#website"},"primaryImageOfPage":{"@id":"https:\/\/www.fondazionepirelli.org\/it\/cultura-dimpresa\/cultura-organizzativa\/#primaryimage"},"image":{"@id":"https:\/\/www.fondazionepirelli.org\/it\/cultura-dimpresa\/cultura-organizzativa\/#primaryimage"},"thumbnailUrl":"https:\/\/wpsite-assets.fondazionepirelli.org\/wp-content\/uploads\/2023\/09\/04104108\/IMG_0036.jpeg","datePublished":"2023-09-05T09:31:46+00:00","author":{"@id":"https:\/\/www.fondazionepirelli.org\/it\/#\/schema\/person\/c31fcf5937a0e6afa45497f3f8b6d7a0"},"breadcrumb":{"@id":"https:\/\/www.fondazionepirelli.org\/it\/cultura-dimpresa\/cultura-organizzativa\/#breadcrumb"},"inLanguage":"it-IT","potentialAction":[{"@type":"ReadAction","target":["https:\/\/www.fondazionepirelli.org\/it\/cultura-dimpresa\/cultura-organizzativa\/"]}]},{"@type":"ImageObject","inLanguage":"it-IT","@id":"https:\/\/www.fondazionepirelli.org\/it\/cultura-dimpresa\/cultura-organizzativa\/#primaryimage","url":"https:\/\/wpsite-assets.fondazionepirelli.org\/wp-content\/uploads\/2023\/09\/04104108\/IMG_0036.jpeg","contentUrl":"https:\/\/wpsite-assets.fondazionepirelli.org\/wp-content\/uploads\/2023\/09\/04104108\/IMG_0036.jpeg","width":1000,"height":1545},{"@type":"BreadcrumbList","@id":"https:\/\/www.fondazionepirelli.org\/it\/cultura-dimpresa\/cultura-organizzativa\/#breadcrumb","itemListElement":[{"@type":"ListItem","position":1,"name":"Home","item":"https:\/\/www.fondazionepirelli.org\/it\/"},{"@type":"ListItem","position":2,"name":"Cultura organizzativa"}]},{"@type":"WebSite","@id":"https:\/\/www.fondazionepirelli.org\/it\/#website","url":"https:\/\/www.fondazionepirelli.org\/it\/","name":"Fondazione Pirelli","description":"","potentialAction":[{"@type":"SearchAction","target":{"@type":"EntryPoint","urlTemplate":"https:\/\/www.fondazionepirelli.org\/it\/?s={search_term_string}"},"query-input":{"@type":"PropertyValueSpecification","valueRequired":true,"valueName":"search_term_string"}}],"inLanguage":"it-IT"},{"@type":"Person","@id":"https:\/\/www.fondazionepirelli.org\/it\/#\/schema\/person\/c31fcf5937a0e6afa45497f3f8b6d7a0","name":"fondazionepirelli","image":{"@type":"ImageObject","inLanguage":"it-IT","@id":"https:\/\/www.fondazionepirelli.org\/it\/#\/schema\/person\/image\/","url":"https:\/\/secure.gravatar.com\/avatar\/9cb486421ce1d6eddbf6c4fb66841b4325b786695f7aedf1dde2222428218696?s=96&d=mm&r=g","contentUrl":"https:\/\/secure.gravatar.com\/avatar\/9cb486421ce1d6eddbf6c4fb66841b4325b786695f7aedf1dde2222428218696?s=96&d=mm&r=g","caption":"fondazionepirelli"},"url":"https:\/\/www.fondazionepirelli.org\/it\/author\/fondazionepirelli\/"}]}},"_links":{"self":[{"href":"https:\/\/www.fondazionepirelli.org\/it\/wp-json\/wp\/v2\/posts\/97189\/"}],"collection":[{"href":"https:\/\/www.fondazionepirelli.org\/it\/wp-json\/wp\/v2\/posts\/"}],"about":[{"href":"https:\/\/www.fondazionepirelli.org\/it\/wp-json\/wp\/v2\/types\/post\/"}],"author":[{"embeddable":true,"href":"https:\/\/www.fondazionepirelli.org\/it\/wp-json\/wp\/v2\/users\/9\/"}],"replies":[{"embeddable":true,"href":"https:\/\/www.fondazionepirelli.org\/it\/wp-json\/wp\/v2\/comments\/?post=97189"}],"version-history":[{"count":1,"href":"https:\/\/www.fondazionepirelli.org\/it\/wp-json\/wp\/v2\/posts\/97189\/revisions\/"}],"predecessor-version":[{"id":97192,"href":"https:\/\/www.fondazionepirelli.org\/it\/wp-json\/wp\/v2\/posts\/97189\/revisions\/97192\/"}],"wp:featuredmedia":[{"embeddable":true,"href":"https:\/\/www.fondazionepirelli.org\/it\/wp-json\/wp\/v2\/media\/97190\/"}],"wp:attachment":[{"href":"https:\/\/www.fondazionepirelli.org\/it\/wp-json\/wp\/v2\/media\/?parent=97189"}],"wp:term":[{"taxonomy":"category","embeddable":true,"href":"https:\/\/www.fondazionepirelli.org\/it\/wp-json\/wp\/v2\/categories\/?post=97189"},{"taxonomy":"post_tag","embeddable":true,"href":"https:\/\/www.fondazionepirelli.org\/it\/wp-json\/wp\/v2\/tags\/?post=97189"}],"curies":[{"name":"wp","href":"https:\/\/api.w.org\/{rel}","templated":true}]}}