{"id":97217,"date":"2023-09-08T09:09:52","date_gmt":"2023-09-08T08:09:52","guid":{"rendered":"https:\/\/www.fondazionepirelli.org\/?p=97217"},"modified":"2023-10-02T11:21:24","modified_gmt":"2023-10-02T10:21:24","slug":"fondazione-pirelli-e-il-mondo-delle-corse-al-festival-dellinnovazione-e-della-scienza","status":"publish","type":"post","link":"https:\/\/www.fondazionepirelli.org\/it\/education\/fondazione-pirelli-e-il-mondo-delle-corse-al-festival-dellinnovazione-e-della-scienza\/","title":{"rendered":"Fondazione Pirelli e il mondo delle corse al Festival dell&#8217;Innovazione e della Scienza"},"content":{"rendered":"<p><em>Gioved\u00ec 12 ottobre, ore 11 \u2013 Biblioteca Archimede, Settimo Torinese<\/em><\/p>\n<p>Dopo il traguardo della X edizione nel 2022, torna anche quest\u2019anno il\u00a0<strong>Festival dell&#8217;Innovazione e della Scienza<\/strong>, organizzato dal Comune di <strong>Settimo Torinese<\/strong> in collaborazione con la Fondazione ECM e aperto alle scuole di ogni ordine e grado del territorio con l\u2019obiettivo di\u00a0fare divulgazione scientifica in modo semplice e coinvolgente. La citt\u00e0, da anni impegnata a promuovere l\u2019innovazione e la sostenibilit\u00e0 e legata a Pirelli per la presenza del Polo Industriale pi\u00f9 tecnologicamente avanzato del Gruppo, ospiter\u00e0 dall\u20198 al 15 ottobre 2023 un ricco programma di workshop, laboratori, conferenze, mostre, visite guidate e spettacoli teatrali pensati per aiutare i giovani a comprendere il mondo che li circonda e ad affrontare le sfide del futuro.<br \/>\nL&#8217;<strong>XI edizione\u00a0<\/strong>della manifestazione, anche quest\u2019anno supportata da Pirelli, \u00e8 dedicata al\u00a0<strong>tema del<\/strong> <strong>linguaggio<\/strong> nelle sue molteplici declinazioni: dai social media alle nuove tecnologie, dall\u2019intelligenza artificiale alle neuroscienze, passando per arte, musica, sport e molto altro.<\/p>\n<p>Nell\u2019ambito dell\u2019impegno a favore della ricerca e della didattica, Fondazione Pirelli parteciper\u00e0 <strong>gioved\u00ec 12 ottobre 2023 alle ore 11<\/strong> con un incontro dedicato alle scuole di II grado dal titolo\u00a0<strong><em>\u201cIl mondo delle corse dalla A alla Z<\/em><em>\u201d<\/em><\/strong>. Si ripercorreranno 150 anni di passione, innovazione, successi e gioco di squadra durante i quali Pirelli ha messo alla prova i suoi pneumatici sulle piste pi\u00f9 complesse per sviluppare nuove tecnologie e prodotti all\u2019avanguardia, sostenibili e sicuri. Saranno le parole, tra nuovi termini tecnici e vocaboli antichi, a guidare in un percorso alla scoperta delle pi\u00f9 appassionanti gare su strada e circuito e, grazie a quiz e alla visione di fotografie e video custoditi nell\u2019Archivio Storico aziendale, a conoscere aneddoti e curiosit\u00e0 dei pneumatici pi\u00f9 performanti: dagli <em>Pneus<\/em> Pirelli per il raid internazionale da Pechino a Parigi del 1907 alle prime \u201cderapate\u201d dei rally, dal Cinturato <em>Extraordinario<\/em> di Juan Emanuel Fangio ai grip e alle mescole dei nuovi pneumatici di Formula 1.<br \/>\nPer prenotare clicca <span style=\"color: #0000ff;\"><strong><a style=\"color: #0000ff;\" href=\"https:\/\/www.eventbrite.it\/e\/biglietti-il-mondo-delle-corse-dalla-a-alla-z-680697934847?aff=ebdshpsearchautocomplete\">qui<\/a><\/strong><\/span>.<\/p>\n<p>La partecipazione al festival si inserisce all\u2019interno dell\u2019offerta di Fondazione Pirelli Educational che dal 2013 propone percorsi volti a promuovere anche tra i pi\u00f9 giovani l\u2019importanza della ricerca scientifica e dello sviluppo tecnologico, valori su cui si basa la cultura d\u2019impresa di Pirelli fin dalla sua costituzione. Per saperne di pi\u00f9 sul programma didattico 2023\/2024 clicca <span style=\"color: #0000ff;\"><strong><a style=\"color: #0000ff;\" href=\"https:\/\/www.fondazionepirelli.org\/it\/education\/il-nuovo-programma-didattico-di-fondazione-pirelli-e-un-viaggio-tra-parole-immagini-e-suoni-del-mondo-pirelli\/\">qui<\/a><\/strong><\/span>.<\/p>\n<p>Con l\u2019intervento del Senior Vice President Cultura e Direttore della Fondazione Pirelli, Antonio Calabr\u00f2, Pirelli sar\u00e0 inoltre presente <strong>sabato<\/strong> <strong>14 ottobre<\/strong> alla conferenza dal titolo <strong><em>\u201cLa fabbrica \u2018intelligente\u2019 quanto sar\u00e0 davvero \u2018artificiale\u2019?\u201d<\/em><\/strong>, una riflessione sulla connessione tra i linguaggi della scienza, quelli della produzione e le nuove frontiere aperte dall\u2019Intelligenza Artificiale e le possibili conseguenze sul lavoro, sul mondo delle fabbriche, sulla formazione, sulla conoscenza.<\/p>\n<p>Per maggiori informazioni e per consultare il\u00a0programma completo\u00a0della manifestazione visita il sito\u00a0<a href=\"http:\/\/www.festivaldellinnovazione.settimo-torinese.it\/\">www.festivaldellinnovazione.settimo-torinese.it<\/a><\/p>\n","protected":false},"excerpt":{"rendered":"<p>Gioved\u00ec 12 ottobre, ore 11 \u2013 Biblioteca Archimede, Settimo Torinese Dopo il traguardo della X edizione nel 2022, torna anche quest\u2019anno il\u00a0Festival dell&#8217;Innovazione e della Scienza, organizzato dal Comune di Settimo Torinese in collaborazione con la Fondazione ECM e aperto alle scuole di ogni ordine e grado del territorio con l\u2019obiettivo di\u00a0fare divulgazione scientifica in [&hellip;]<\/p>\n","protected":false},"author":9,"featured_media":97220,"comment_status":"open","ping_status":"open","sticky":false,"template":"","format":"standard","meta":{"footnotes":""},"categories":[59,297],"tags":[],"class_list":["post-97217","post","type-post","status-publish","format-standard","has-post-thumbnail","hentry","category-education","category-eventi-didattici-speciali"],"acf":[],"yoast_head":"<!-- This site is optimized with the Yoast SEO plugin v25.0 - https:\/\/yoast.com\/wordpress\/plugins\/seo\/ -->\n<title>Fondazione Pirelli e il mondo delle corse al Festival dell&#039;Innovazione e della Scienza - Fondazione Pirelli<\/title>\n<meta name=\"robots\" content=\"index, follow, max-snippet:-1, max-image-preview:large, max-video-preview:-1\" \/>\n<link rel=\"canonical\" href=\"https:\/\/www.fondazionepirelli.org\/it\/education\/fondazione-pirelli-e-il-mondo-delle-corse-al-festival-dellinnovazione-e-della-scienza\/\" \/>\n<meta property=\"og:locale\" content=\"it_IT\" \/>\n<meta property=\"og:type\" content=\"article\" \/>\n<meta property=\"og:title\" content=\"Fondazione Pirelli e il mondo delle corse al Festival dell&#039;Innovazione e della Scienza - Fondazione Pirelli\" \/>\n<meta property=\"og:description\" content=\"Gioved\u00ec 12 ottobre, ore 11 \u2013 Biblioteca Archimede, Settimo Torinese Dopo il traguardo della X edizione nel 2022, torna anche quest\u2019anno il\u00a0Festival dell&#8217;Innovazione e della Scienza, organizzato dal Comune di Settimo Torinese in collaborazione con la Fondazione ECM e aperto alle scuole di ogni ordine e grado del territorio con l\u2019obiettivo di\u00a0fare divulgazione scientifica in [&hellip;]\" \/>\n<meta property=\"og:url\" content=\"https:\/\/127.0.0.1\/it\/education\/fondazione-pirelli-e-il-mondo-delle-corse-al-festival-dellinnovazione-e-della-scienza\/\" \/>\n<meta property=\"og:site_name\" content=\"Fondazione Pirelli\" \/>\n<meta property=\"article:published_time\" content=\"2023-09-08T08:09:52+00:00\" \/>\n<meta property=\"article:modified_time\" content=\"2023-10-02T10:21:24+00:00\" \/>\n<meta property=\"og:image\" content=\"https:\/\/wpsite-assets.fondazionepirelli.org\/wp-content\/uploads\/2023\/09\/08090904\/Picture1.jpg\" \/>\n\t<meta property=\"og:image:width\" content=\"1080\" \/>\n\t<meta property=\"og:image:height\" content=\"1350\" \/>\n\t<meta property=\"og:image:type\" content=\"image\/jpeg\" \/>\n<meta name=\"author\" content=\"fondazionepirelli\" \/>\n<meta name=\"twitter:card\" content=\"summary_large_image\" \/>\n<meta name=\"twitter:label1\" content=\"Scritto da\" \/>\n\t<meta name=\"twitter:data1\" content=\"fondazionepirelli\" \/>\n\t<meta name=\"twitter:label2\" content=\"Tempo di lettura stimato\" \/>\n\t<meta name=\"twitter:data2\" content=\"2 minuti\" \/>\n<script type=\"application\/ld+json\" class=\"yoast-schema-graph\">{\"@context\":\"https:\/\/schema.org\",\"@graph\":[{\"@type\":\"WebPage\",\"@id\":\"https:\/\/127.0.0.1\/it\/education\/fondazione-pirelli-e-il-mondo-delle-corse-al-festival-dellinnovazione-e-della-scienza\/\",\"url\":\"https:\/\/127.0.0.1\/it\/education\/fondazione-pirelli-e-il-mondo-delle-corse-al-festival-dellinnovazione-e-della-scienza\/\",\"name\":\"Fondazione Pirelli e il mondo delle corse al Festival dell'Innovazione e della Scienza - Fondazione Pirelli\",\"isPartOf\":{\"@id\":\"https:\/\/www.fondazionepirelli.org\/it\/#website\"},\"primaryImageOfPage\":{\"@id\":\"https:\/\/127.0.0.1\/it\/education\/fondazione-pirelli-e-il-mondo-delle-corse-al-festival-dellinnovazione-e-della-scienza\/#primaryimage\"},\"image\":{\"@id\":\"https:\/\/127.0.0.1\/it\/education\/fondazione-pirelli-e-il-mondo-delle-corse-al-festival-dellinnovazione-e-della-scienza\/#primaryimage\"},\"thumbnailUrl\":\"https:\/\/wpsite-assets.fondazionepirelli.org\/wp-content\/uploads\/2023\/09\/08090904\/Picture1.jpg\",\"datePublished\":\"2023-09-08T08:09:52+00:00\",\"dateModified\":\"2023-10-02T10:21:24+00:00\",\"author\":{\"@id\":\"https:\/\/www.fondazionepirelli.org\/it\/#\/schema\/person\/c31fcf5937a0e6afa45497f3f8b6d7a0\"},\"breadcrumb\":{\"@id\":\"https:\/\/127.0.0.1\/it\/education\/fondazione-pirelli-e-il-mondo-delle-corse-al-festival-dellinnovazione-e-della-scienza\/#breadcrumb\"},\"inLanguage\":\"it-IT\",\"potentialAction\":[{\"@type\":\"ReadAction\",\"target\":[\"https:\/\/127.0.0.1\/it\/education\/fondazione-pirelli-e-il-mondo-delle-corse-al-festival-dellinnovazione-e-della-scienza\/\"]}]},{\"@type\":\"ImageObject\",\"inLanguage\":\"it-IT\",\"@id\":\"https:\/\/127.0.0.1\/it\/education\/fondazione-pirelli-e-il-mondo-delle-corse-al-festival-dellinnovazione-e-della-scienza\/#primaryimage\",\"url\":\"https:\/\/wpsite-assets.fondazionepirelli.org\/wp-content\/uploads\/2023\/09\/08090904\/Picture1.jpg\",\"contentUrl\":\"https:\/\/wpsite-assets.fondazionepirelli.org\/wp-content\/uploads\/2023\/09\/08090904\/Picture1.jpg\",\"width\":1080,\"height\":1350},{\"@type\":\"BreadcrumbList\",\"@id\":\"https:\/\/127.0.0.1\/it\/education\/fondazione-pirelli-e-il-mondo-delle-corse-al-festival-dellinnovazione-e-della-scienza\/#breadcrumb\",\"itemListElement\":[{\"@type\":\"ListItem\",\"position\":1,\"name\":\"Home\",\"item\":\"https:\/\/www.fondazionepirelli.org\/it\/\"},{\"@type\":\"ListItem\",\"position\":2,\"name\":\"Fondazione Pirelli e il mondo delle corse al Festival dell&#8217;Innovazione e della Scienza\"}]},{\"@type\":\"WebSite\",\"@id\":\"https:\/\/www.fondazionepirelli.org\/it\/#website\",\"url\":\"https:\/\/www.fondazionepirelli.org\/it\/\",\"name\":\"Fondazione Pirelli\",\"description\":\"\",\"potentialAction\":[{\"@type\":\"SearchAction\",\"target\":{\"@type\":\"EntryPoint\",\"urlTemplate\":\"https:\/\/www.fondazionepirelli.org\/it\/?s={search_term_string}\"},\"query-input\":{\"@type\":\"PropertyValueSpecification\",\"valueRequired\":true,\"valueName\":\"search_term_string\"}}],\"inLanguage\":\"it-IT\"},{\"@type\":\"Person\",\"@id\":\"https:\/\/www.fondazionepirelli.org\/it\/#\/schema\/person\/c31fcf5937a0e6afa45497f3f8b6d7a0\",\"name\":\"fondazionepirelli\",\"image\":{\"@type\":\"ImageObject\",\"inLanguage\":\"it-IT\",\"@id\":\"https:\/\/www.fondazionepirelli.org\/it\/#\/schema\/person\/image\/\",\"url\":\"https:\/\/secure.gravatar.com\/avatar\/9cb486421ce1d6eddbf6c4fb66841b4325b786695f7aedf1dde2222428218696?s=96&d=mm&r=g\",\"contentUrl\":\"https:\/\/secure.gravatar.com\/avatar\/9cb486421ce1d6eddbf6c4fb66841b4325b786695f7aedf1dde2222428218696?s=96&d=mm&r=g\",\"caption\":\"fondazionepirelli\"},\"url\":\"https:\/\/www.fondazionepirelli.org\/it\/author\/fondazionepirelli\/\"}]}<\/script>\n<!-- \/ Yoast SEO plugin. -->","yoast_head_json":{"title":"Fondazione Pirelli e il mondo delle corse al Festival dell'Innovazione e della Scienza - Fondazione Pirelli","robots":{"index":"index","follow":"follow","max-snippet":"max-snippet:-1","max-image-preview":"max-image-preview:large","max-video-preview":"max-video-preview:-1"},"canonical":"https:\/\/www.fondazionepirelli.org\/it\/education\/fondazione-pirelli-e-il-mondo-delle-corse-al-festival-dellinnovazione-e-della-scienza\/","og_locale":"it_IT","og_type":"article","og_title":"Fondazione Pirelli e il mondo delle corse al Festival dell'Innovazione e della Scienza - Fondazione Pirelli","og_description":"Gioved\u00ec 12 ottobre, ore 11 \u2013 Biblioteca Archimede, Settimo Torinese Dopo il traguardo della X edizione nel 2022, torna anche quest\u2019anno il\u00a0Festival dell&#8217;Innovazione e della Scienza, organizzato dal Comune di Settimo Torinese in collaborazione con la Fondazione ECM e aperto alle scuole di ogni ordine e grado del territorio con l\u2019obiettivo di\u00a0fare divulgazione scientifica in [&hellip;]","og_url":"https:\/\/127.0.0.1\/it\/education\/fondazione-pirelli-e-il-mondo-delle-corse-al-festival-dellinnovazione-e-della-scienza\/","og_site_name":"Fondazione Pirelli","article_published_time":"2023-09-08T08:09:52+00:00","article_modified_time":"2023-10-02T10:21:24+00:00","og_image":[{"width":1080,"height":1350,"url":"https:\/\/wpsite-assets.fondazionepirelli.org\/wp-content\/uploads\/2023\/09\/08090904\/Picture1.jpg","type":"image\/jpeg"}],"author":"fondazionepirelli","twitter_card":"summary_large_image","twitter_misc":{"Scritto da":"fondazionepirelli","Tempo di lettura stimato":"2 minuti"},"schema":{"@context":"https:\/\/schema.org","@graph":[{"@type":"WebPage","@id":"https:\/\/127.0.0.1\/it\/education\/fondazione-pirelli-e-il-mondo-delle-corse-al-festival-dellinnovazione-e-della-scienza\/","url":"https:\/\/127.0.0.1\/it\/education\/fondazione-pirelli-e-il-mondo-delle-corse-al-festival-dellinnovazione-e-della-scienza\/","name":"Fondazione Pirelli e il mondo delle corse al Festival dell'Innovazione e della Scienza - Fondazione Pirelli","isPartOf":{"@id":"https:\/\/www.fondazionepirelli.org\/it\/#website"},"primaryImageOfPage":{"@id":"https:\/\/127.0.0.1\/it\/education\/fondazione-pirelli-e-il-mondo-delle-corse-al-festival-dellinnovazione-e-della-scienza\/#primaryimage"},"image":{"@id":"https:\/\/127.0.0.1\/it\/education\/fondazione-pirelli-e-il-mondo-delle-corse-al-festival-dellinnovazione-e-della-scienza\/#primaryimage"},"thumbnailUrl":"https:\/\/wpsite-assets.fondazionepirelli.org\/wp-content\/uploads\/2023\/09\/08090904\/Picture1.jpg","datePublished":"2023-09-08T08:09:52+00:00","dateModified":"2023-10-02T10:21:24+00:00","author":{"@id":"https:\/\/www.fondazionepirelli.org\/it\/#\/schema\/person\/c31fcf5937a0e6afa45497f3f8b6d7a0"},"breadcrumb":{"@id":"https:\/\/127.0.0.1\/it\/education\/fondazione-pirelli-e-il-mondo-delle-corse-al-festival-dellinnovazione-e-della-scienza\/#breadcrumb"},"inLanguage":"it-IT","potentialAction":[{"@type":"ReadAction","target":["https:\/\/127.0.0.1\/it\/education\/fondazione-pirelli-e-il-mondo-delle-corse-al-festival-dellinnovazione-e-della-scienza\/"]}]},{"@type":"ImageObject","inLanguage":"it-IT","@id":"https:\/\/127.0.0.1\/it\/education\/fondazione-pirelli-e-il-mondo-delle-corse-al-festival-dellinnovazione-e-della-scienza\/#primaryimage","url":"https:\/\/wpsite-assets.fondazionepirelli.org\/wp-content\/uploads\/2023\/09\/08090904\/Picture1.jpg","contentUrl":"https:\/\/wpsite-assets.fondazionepirelli.org\/wp-content\/uploads\/2023\/09\/08090904\/Picture1.jpg","width":1080,"height":1350},{"@type":"BreadcrumbList","@id":"https:\/\/127.0.0.1\/it\/education\/fondazione-pirelli-e-il-mondo-delle-corse-al-festival-dellinnovazione-e-della-scienza\/#breadcrumb","itemListElement":[{"@type":"ListItem","position":1,"name":"Home","item":"https:\/\/www.fondazionepirelli.org\/it\/"},{"@type":"ListItem","position":2,"name":"Fondazione Pirelli e il mondo delle corse al Festival dell&#8217;Innovazione e della Scienza"}]},{"@type":"WebSite","@id":"https:\/\/www.fondazionepirelli.org\/it\/#website","url":"https:\/\/www.fondazionepirelli.org\/it\/","name":"Fondazione Pirelli","description":"","potentialAction":[{"@type":"SearchAction","target":{"@type":"EntryPoint","urlTemplate":"https:\/\/www.fondazionepirelli.org\/it\/?s={search_term_string}"},"query-input":{"@type":"PropertyValueSpecification","valueRequired":true,"valueName":"search_term_string"}}],"inLanguage":"it-IT"},{"@type":"Person","@id":"https:\/\/www.fondazionepirelli.org\/it\/#\/schema\/person\/c31fcf5937a0e6afa45497f3f8b6d7a0","name":"fondazionepirelli","image":{"@type":"ImageObject","inLanguage":"it-IT","@id":"https:\/\/www.fondazionepirelli.org\/it\/#\/schema\/person\/image\/","url":"https:\/\/secure.gravatar.com\/avatar\/9cb486421ce1d6eddbf6c4fb66841b4325b786695f7aedf1dde2222428218696?s=96&d=mm&r=g","contentUrl":"https:\/\/secure.gravatar.com\/avatar\/9cb486421ce1d6eddbf6c4fb66841b4325b786695f7aedf1dde2222428218696?s=96&d=mm&r=g","caption":"fondazionepirelli"},"url":"https:\/\/www.fondazionepirelli.org\/it\/author\/fondazionepirelli\/"}]}},"_links":{"self":[{"href":"https:\/\/www.fondazionepirelli.org\/it\/wp-json\/wp\/v2\/posts\/97217\/"}],"collection":[{"href":"https:\/\/www.fondazionepirelli.org\/it\/wp-json\/wp\/v2\/posts\/"}],"about":[{"href":"https:\/\/www.fondazionepirelli.org\/it\/wp-json\/wp\/v2\/types\/post\/"}],"author":[{"embeddable":true,"href":"https:\/\/www.fondazionepirelli.org\/it\/wp-json\/wp\/v2\/users\/9\/"}],"replies":[{"embeddable":true,"href":"https:\/\/www.fondazionepirelli.org\/it\/wp-json\/wp\/v2\/comments\/?post=97217"}],"version-history":[{"count":9,"href":"https:\/\/www.fondazionepirelli.org\/it\/wp-json\/wp\/v2\/posts\/97217\/revisions\/"}],"predecessor-version":[{"id":97963,"href":"https:\/\/www.fondazionepirelli.org\/it\/wp-json\/wp\/v2\/posts\/97217\/revisions\/97963\/"}],"wp:featuredmedia":[{"embeddable":true,"href":"https:\/\/www.fondazionepirelli.org\/it\/wp-json\/wp\/v2\/media\/97220\/"}],"wp:attachment":[{"href":"https:\/\/www.fondazionepirelli.org\/it\/wp-json\/wp\/v2\/media\/?parent=97217"}],"wp:term":[{"taxonomy":"category","embeddable":true,"href":"https:\/\/www.fondazionepirelli.org\/it\/wp-json\/wp\/v2\/categories\/?post=97217"},{"taxonomy":"post_tag","embeddable":true,"href":"https:\/\/www.fondazionepirelli.org\/it\/wp-json\/wp\/v2\/tags\/?post=97217"}],"curies":[{"name":"wp","href":"https:\/\/api.w.org\/{rel}","templated":true}]}}