{"id":97466,"date":"2023-09-19T00:00:27","date_gmt":"2023-09-18T23:00:27","guid":{"rendered":"https:\/\/www.fondazionepirelli.org\/?p=97466"},"modified":"2023-10-06T12:30:16","modified_gmt":"2023-10-06T11:30:16","slug":"risuona-la-presentazione-della-serie-podcast-prodotta-da-chora-media-e-promossa-da-fondazione-pirelli","status":"publish","type":"post","link":"https:\/\/www.fondazionepirelli.org\/it\/iniziative\/risuona-la-presentazione-della-serie-podcast-prodotta-da-chora-media-e-promossa-da-fondazione-pirelli\/","title":{"rendered":"Risuona. La presentazione della serie podcast prodotta da Chora Media e promossa da Fondazione Pirelli"},"content":{"rendered":"<p>Si terr\u00e0 <strong>mercoled\u00ec 4 ottobre 2023 alle ore 19<\/strong> da <strong>Upcycle | Milano Bike Caf\u00e8 <\/strong>la presentazione di <strong><em>Risuona<\/em><\/strong>. La serie podcast, promossa da <strong>Fondazione Pirelli<\/strong> e prodotta da <strong>Chora<\/strong> <strong>Media<\/strong>, racconta le risonanze tra passato e futuro, in una <strong>Milano<\/strong> che scorre veloce come le ruote di una bicicletta attraverso la voce di Gino De Crescenzo, in arte <strong>Pacifico<\/strong>, cantautore e narratore del podcast, e il sound design di Andrea Girelli di Chora Media. Con un esclusivo viaggio immersivo realizzato esclusivamente per loro, i partecipanti raggiungeranno i luoghi che hanno fatto la Storia di Milano e di Pirelli. Un giro in bici\u2026 tutto da ascoltare!<\/p>\n<p>A presentare il progetto, il CEO Editor-in-Chief di Chora Media <strong>Mario Calabresi<\/strong>, il Direttore di Fondazione Pirelli <strong>Antonio Calabr\u00f2 <\/strong>e <strong>Sara Poma<\/strong>, Head of Chora Studio. Modera <strong>Francesca Berardi<\/strong>, giornalista e Senior Content Producer di Chora Studio.<\/p>\n<p>Mobilit\u00e0 sostenibile, apertura all\u2019incontro e allo scambio reciproco di professionalit\u00e0 differenti, tipica anche della cultura politecnica pirelliana, sono valori che risuonano persino nel luogo che ospiter\u00e0 l\u2019evento:<strong> Upcycle | Milano Bike Caf\u00e8<\/strong>. La serata si concluder\u00e0 con un aperitivo.<\/p>\n<p>L\u2019evento \u00e8 gratuito e a ingresso libero fino a esaurimento posti.<\/p>\n<p>\u00c8 possibile prenotarsi <a href=\"https:\/\/www.fondazionepirelli.org\/it\/prenotazione\/risuona\/\">qui<\/a>.<\/p>\n<p>Vi aspettiamo!<\/p>\n","protected":false},"excerpt":{"rendered":"<p>Si terr\u00e0 mercoled\u00ec 4 ottobre 2023 alle ore 19 da Upcycle | Milano Bike Caf\u00e8 la presentazione di Risuona. La serie podcast, promossa da Fondazione Pirelli e prodotta da Chora Media, racconta le risonanze tra passato e futuro, in una Milano che scorre veloce come le ruote di una bicicletta attraverso la voce di Gino [&hellip;]<\/p>\n","protected":false},"author":9,"featured_media":97467,"comment_status":"open","ping_status":"open","sticky":false,"template":"","format":"standard","meta":{"footnotes":""},"categories":[60,79],"tags":[229],"class_list":["post-97466","post","type-post","status-publish","format-standard","has-post-thumbnail","hentry","category-iniziative","category-le-collaborazioni","tag-racconti-dimpresa"],"acf":[],"yoast_head":"<!-- This site is optimized with the Yoast SEO plugin v25.0 - https:\/\/yoast.com\/wordpress\/plugins\/seo\/ -->\n<title>Risuona. La presentazione della serie podcast prodotta da Chora Media e promossa da Fondazione Pirelli - Fondazione Pirelli<\/title>\n<meta name=\"robots\" content=\"index, follow, max-snippet:-1, max-image-preview:large, max-video-preview:-1\" \/>\n<link rel=\"canonical\" href=\"https:\/\/www.fondazionepirelli.org\/it\/iniziative\/risuona-la-presentazione-della-serie-podcast-prodotta-da-chora-media-e-promossa-da-fondazione-pirelli\/\" \/>\n<meta property=\"og:locale\" content=\"it_IT\" \/>\n<meta property=\"og:type\" content=\"article\" \/>\n<meta property=\"og:title\" content=\"Risuona. La presentazione della serie podcast prodotta da Chora Media e promossa da Fondazione Pirelli - Fondazione Pirelli\" \/>\n<meta property=\"og:description\" content=\"Si terr\u00e0 mercoled\u00ec 4 ottobre 2023 alle ore 19 da Upcycle | Milano Bike Caf\u00e8 la presentazione di Risuona. La serie podcast, promossa da Fondazione Pirelli e prodotta da Chora Media, racconta le risonanze tra passato e futuro, in una Milano che scorre veloce come le ruote di una bicicletta attraverso la voce di Gino [&hellip;]\" \/>\n<meta property=\"og:url\" content=\"https:\/\/www.fondazionepirelli.org\/it\/iniziative\/risuona-la-presentazione-della-serie-podcast-prodotta-da-chora-media-e-promossa-da-fondazione-pirelli\/\" \/>\n<meta property=\"og:site_name\" content=\"Fondazione Pirelli\" \/>\n<meta property=\"article:published_time\" content=\"2023-09-18T23:00:27+00:00\" \/>\n<meta property=\"article:modified_time\" content=\"2023-10-06T11:30:16+00:00\" \/>\n<meta property=\"og:image\" content=\"https:\/\/wpsite-assets.fondazionepirelli.org\/wp-content\/uploads\/2023\/09\/15165241\/fp-openday2023_STD-01.jpg\" \/>\n\t<meta property=\"og:image:width\" content=\"1061\" \/>\n\t<meta property=\"og:image:height\" content=\"600\" \/>\n\t<meta property=\"og:image:type\" content=\"image\/jpeg\" \/>\n<meta name=\"author\" content=\"fondazionepirelli\" \/>\n<meta name=\"twitter:card\" content=\"summary_large_image\" \/>\n<meta name=\"twitter:label1\" content=\"Scritto da\" \/>\n\t<meta name=\"twitter:data1\" content=\"fondazionepirelli\" \/>\n\t<meta name=\"twitter:label2\" content=\"Tempo di lettura stimato\" \/>\n\t<meta name=\"twitter:data2\" content=\"1 minuto\" \/>\n<script type=\"application\/ld+json\" class=\"yoast-schema-graph\">{\"@context\":\"https:\/\/schema.org\",\"@graph\":[{\"@type\":\"WebPage\",\"@id\":\"https:\/\/www.fondazionepirelli.org\/it\/iniziative\/risuona-la-presentazione-della-serie-podcast-prodotta-da-chora-media-e-promossa-da-fondazione-pirelli\/\",\"url\":\"https:\/\/www.fondazionepirelli.org\/it\/iniziative\/risuona-la-presentazione-della-serie-podcast-prodotta-da-chora-media-e-promossa-da-fondazione-pirelli\/\",\"name\":\"Risuona. La presentazione della serie podcast prodotta da Chora Media e promossa da Fondazione Pirelli - Fondazione Pirelli\",\"isPartOf\":{\"@id\":\"https:\/\/www.fondazionepirelli.org\/it\/#website\"},\"primaryImageOfPage\":{\"@id\":\"https:\/\/www.fondazionepirelli.org\/it\/iniziative\/risuona-la-presentazione-della-serie-podcast-prodotta-da-chora-media-e-promossa-da-fondazione-pirelli\/#primaryimage\"},\"image\":{\"@id\":\"https:\/\/www.fondazionepirelli.org\/it\/iniziative\/risuona-la-presentazione-della-serie-podcast-prodotta-da-chora-media-e-promossa-da-fondazione-pirelli\/#primaryimage\"},\"thumbnailUrl\":\"https:\/\/wpsite-assets.fondazionepirelli.org\/wp-content\/uploads\/2023\/09\/15165241\/fp-openday2023_STD-01.jpg\",\"datePublished\":\"2023-09-18T23:00:27+00:00\",\"dateModified\":\"2023-10-06T11:30:16+00:00\",\"author\":{\"@id\":\"https:\/\/www.fondazionepirelli.org\/it\/#\/schema\/person\/c31fcf5937a0e6afa45497f3f8b6d7a0\"},\"breadcrumb\":{\"@id\":\"https:\/\/www.fondazionepirelli.org\/it\/iniziative\/risuona-la-presentazione-della-serie-podcast-prodotta-da-chora-media-e-promossa-da-fondazione-pirelli\/#breadcrumb\"},\"inLanguage\":\"it-IT\",\"potentialAction\":[{\"@type\":\"ReadAction\",\"target\":[\"https:\/\/www.fondazionepirelli.org\/it\/iniziative\/risuona-la-presentazione-della-serie-podcast-prodotta-da-chora-media-e-promossa-da-fondazione-pirelli\/\"]}]},{\"@type\":\"ImageObject\",\"inLanguage\":\"it-IT\",\"@id\":\"https:\/\/www.fondazionepirelli.org\/it\/iniziative\/risuona-la-presentazione-della-serie-podcast-prodotta-da-chora-media-e-promossa-da-fondazione-pirelli\/#primaryimage\",\"url\":\"https:\/\/wpsite-assets.fondazionepirelli.org\/wp-content\/uploads\/2023\/09\/15165241\/fp-openday2023_STD-01.jpg\",\"contentUrl\":\"https:\/\/wpsite-assets.fondazionepirelli.org\/wp-content\/uploads\/2023\/09\/15165241\/fp-openday2023_STD-01.jpg\",\"width\":1061,\"height\":600},{\"@type\":\"BreadcrumbList\",\"@id\":\"https:\/\/www.fondazionepirelli.org\/it\/iniziative\/risuona-la-presentazione-della-serie-podcast-prodotta-da-chora-media-e-promossa-da-fondazione-pirelli\/#breadcrumb\",\"itemListElement\":[{\"@type\":\"ListItem\",\"position\":1,\"name\":\"Home\",\"item\":\"https:\/\/www.fondazionepirelli.org\/it\/\"},{\"@type\":\"ListItem\",\"position\":2,\"name\":\"Risuona. La presentazione della serie podcast prodotta da Chora Media e promossa da Fondazione Pirelli\"}]},{\"@type\":\"WebSite\",\"@id\":\"https:\/\/www.fondazionepirelli.org\/it\/#website\",\"url\":\"https:\/\/www.fondazionepirelli.org\/it\/\",\"name\":\"Fondazione Pirelli\",\"description\":\"\",\"potentialAction\":[{\"@type\":\"SearchAction\",\"target\":{\"@type\":\"EntryPoint\",\"urlTemplate\":\"https:\/\/www.fondazionepirelli.org\/it\/?s={search_term_string}\"},\"query-input\":{\"@type\":\"PropertyValueSpecification\",\"valueRequired\":true,\"valueName\":\"search_term_string\"}}],\"inLanguage\":\"it-IT\"},{\"@type\":\"Person\",\"@id\":\"https:\/\/www.fondazionepirelli.org\/it\/#\/schema\/person\/c31fcf5937a0e6afa45497f3f8b6d7a0\",\"name\":\"fondazionepirelli\",\"image\":{\"@type\":\"ImageObject\",\"inLanguage\":\"it-IT\",\"@id\":\"https:\/\/www.fondazionepirelli.org\/it\/#\/schema\/person\/image\/\",\"url\":\"https:\/\/secure.gravatar.com\/avatar\/9cb486421ce1d6eddbf6c4fb66841b4325b786695f7aedf1dde2222428218696?s=96&d=mm&r=g\",\"contentUrl\":\"https:\/\/secure.gravatar.com\/avatar\/9cb486421ce1d6eddbf6c4fb66841b4325b786695f7aedf1dde2222428218696?s=96&d=mm&r=g\",\"caption\":\"fondazionepirelli\"},\"url\":\"https:\/\/www.fondazionepirelli.org\/it\/author\/fondazionepirelli\/\"}]}<\/script>\n<!-- \/ Yoast SEO plugin. -->","yoast_head_json":{"title":"Risuona. La presentazione della serie podcast prodotta da Chora Media e promossa da Fondazione Pirelli - Fondazione Pirelli","robots":{"index":"index","follow":"follow","max-snippet":"max-snippet:-1","max-image-preview":"max-image-preview:large","max-video-preview":"max-video-preview:-1"},"canonical":"https:\/\/www.fondazionepirelli.org\/it\/iniziative\/risuona-la-presentazione-della-serie-podcast-prodotta-da-chora-media-e-promossa-da-fondazione-pirelli\/","og_locale":"it_IT","og_type":"article","og_title":"Risuona. La presentazione della serie podcast prodotta da Chora Media e promossa da Fondazione Pirelli - Fondazione Pirelli","og_description":"Si terr\u00e0 mercoled\u00ec 4 ottobre 2023 alle ore 19 da Upcycle | Milano Bike Caf\u00e8 la presentazione di Risuona. La serie podcast, promossa da Fondazione Pirelli e prodotta da Chora Media, racconta le risonanze tra passato e futuro, in una Milano che scorre veloce come le ruote di una bicicletta attraverso la voce di Gino [&hellip;]","og_url":"https:\/\/www.fondazionepirelli.org\/it\/iniziative\/risuona-la-presentazione-della-serie-podcast-prodotta-da-chora-media-e-promossa-da-fondazione-pirelli\/","og_site_name":"Fondazione Pirelli","article_published_time":"2023-09-18T23:00:27+00:00","article_modified_time":"2023-10-06T11:30:16+00:00","og_image":[{"width":1061,"height":600,"url":"https:\/\/wpsite-assets.fondazionepirelli.org\/wp-content\/uploads\/2023\/09\/15165241\/fp-openday2023_STD-01.jpg","type":"image\/jpeg"}],"author":"fondazionepirelli","twitter_card":"summary_large_image","twitter_misc":{"Scritto da":"fondazionepirelli","Tempo di lettura stimato":"1 minuto"},"schema":{"@context":"https:\/\/schema.org","@graph":[{"@type":"WebPage","@id":"https:\/\/www.fondazionepirelli.org\/it\/iniziative\/risuona-la-presentazione-della-serie-podcast-prodotta-da-chora-media-e-promossa-da-fondazione-pirelli\/","url":"https:\/\/www.fondazionepirelli.org\/it\/iniziative\/risuona-la-presentazione-della-serie-podcast-prodotta-da-chora-media-e-promossa-da-fondazione-pirelli\/","name":"Risuona. La presentazione della serie podcast prodotta da Chora Media e promossa da Fondazione Pirelli - Fondazione Pirelli","isPartOf":{"@id":"https:\/\/www.fondazionepirelli.org\/it\/#website"},"primaryImageOfPage":{"@id":"https:\/\/www.fondazionepirelli.org\/it\/iniziative\/risuona-la-presentazione-della-serie-podcast-prodotta-da-chora-media-e-promossa-da-fondazione-pirelli\/#primaryimage"},"image":{"@id":"https:\/\/www.fondazionepirelli.org\/it\/iniziative\/risuona-la-presentazione-della-serie-podcast-prodotta-da-chora-media-e-promossa-da-fondazione-pirelli\/#primaryimage"},"thumbnailUrl":"https:\/\/wpsite-assets.fondazionepirelli.org\/wp-content\/uploads\/2023\/09\/15165241\/fp-openday2023_STD-01.jpg","datePublished":"2023-09-18T23:00:27+00:00","dateModified":"2023-10-06T11:30:16+00:00","author":{"@id":"https:\/\/www.fondazionepirelli.org\/it\/#\/schema\/person\/c31fcf5937a0e6afa45497f3f8b6d7a0"},"breadcrumb":{"@id":"https:\/\/www.fondazionepirelli.org\/it\/iniziative\/risuona-la-presentazione-della-serie-podcast-prodotta-da-chora-media-e-promossa-da-fondazione-pirelli\/#breadcrumb"},"inLanguage":"it-IT","potentialAction":[{"@type":"ReadAction","target":["https:\/\/www.fondazionepirelli.org\/it\/iniziative\/risuona-la-presentazione-della-serie-podcast-prodotta-da-chora-media-e-promossa-da-fondazione-pirelli\/"]}]},{"@type":"ImageObject","inLanguage":"it-IT","@id":"https:\/\/www.fondazionepirelli.org\/it\/iniziative\/risuona-la-presentazione-della-serie-podcast-prodotta-da-chora-media-e-promossa-da-fondazione-pirelli\/#primaryimage","url":"https:\/\/wpsite-assets.fondazionepirelli.org\/wp-content\/uploads\/2023\/09\/15165241\/fp-openday2023_STD-01.jpg","contentUrl":"https:\/\/wpsite-assets.fondazionepirelli.org\/wp-content\/uploads\/2023\/09\/15165241\/fp-openday2023_STD-01.jpg","width":1061,"height":600},{"@type":"BreadcrumbList","@id":"https:\/\/www.fondazionepirelli.org\/it\/iniziative\/risuona-la-presentazione-della-serie-podcast-prodotta-da-chora-media-e-promossa-da-fondazione-pirelli\/#breadcrumb","itemListElement":[{"@type":"ListItem","position":1,"name":"Home","item":"https:\/\/www.fondazionepirelli.org\/it\/"},{"@type":"ListItem","position":2,"name":"Risuona. La presentazione della serie podcast prodotta da Chora Media e promossa da Fondazione Pirelli"}]},{"@type":"WebSite","@id":"https:\/\/www.fondazionepirelli.org\/it\/#website","url":"https:\/\/www.fondazionepirelli.org\/it\/","name":"Fondazione Pirelli","description":"","potentialAction":[{"@type":"SearchAction","target":{"@type":"EntryPoint","urlTemplate":"https:\/\/www.fondazionepirelli.org\/it\/?s={search_term_string}"},"query-input":{"@type":"PropertyValueSpecification","valueRequired":true,"valueName":"search_term_string"}}],"inLanguage":"it-IT"},{"@type":"Person","@id":"https:\/\/www.fondazionepirelli.org\/it\/#\/schema\/person\/c31fcf5937a0e6afa45497f3f8b6d7a0","name":"fondazionepirelli","image":{"@type":"ImageObject","inLanguage":"it-IT","@id":"https:\/\/www.fondazionepirelli.org\/it\/#\/schema\/person\/image\/","url":"https:\/\/secure.gravatar.com\/avatar\/9cb486421ce1d6eddbf6c4fb66841b4325b786695f7aedf1dde2222428218696?s=96&d=mm&r=g","contentUrl":"https:\/\/secure.gravatar.com\/avatar\/9cb486421ce1d6eddbf6c4fb66841b4325b786695f7aedf1dde2222428218696?s=96&d=mm&r=g","caption":"fondazionepirelli"},"url":"https:\/\/www.fondazionepirelli.org\/it\/author\/fondazionepirelli\/"}]}},"_links":{"self":[{"href":"https:\/\/www.fondazionepirelli.org\/it\/wp-json\/wp\/v2\/posts\/97466\/"}],"collection":[{"href":"https:\/\/www.fondazionepirelli.org\/it\/wp-json\/wp\/v2\/posts\/"}],"about":[{"href":"https:\/\/www.fondazionepirelli.org\/it\/wp-json\/wp\/v2\/types\/post\/"}],"author":[{"embeddable":true,"href":"https:\/\/www.fondazionepirelli.org\/it\/wp-json\/wp\/v2\/users\/9\/"}],"replies":[{"embeddable":true,"href":"https:\/\/www.fondazionepirelli.org\/it\/wp-json\/wp\/v2\/comments\/?post=97466"}],"version-history":[{"count":2,"href":"https:\/\/www.fondazionepirelli.org\/it\/wp-json\/wp\/v2\/posts\/97466\/revisions\/"}],"predecessor-version":[{"id":97740,"href":"https:\/\/www.fondazionepirelli.org\/it\/wp-json\/wp\/v2\/posts\/97466\/revisions\/97740\/"}],"wp:featuredmedia":[{"embeddable":true,"href":"https:\/\/www.fondazionepirelli.org\/it\/wp-json\/wp\/v2\/media\/97467\/"}],"wp:attachment":[{"href":"https:\/\/www.fondazionepirelli.org\/it\/wp-json\/wp\/v2\/media\/?parent=97466"}],"wp:term":[{"taxonomy":"category","embeddable":true,"href":"https:\/\/www.fondazionepirelli.org\/it\/wp-json\/wp\/v2\/categories\/?post=97466"},{"taxonomy":"post_tag","embeddable":true,"href":"https:\/\/www.fondazionepirelli.org\/it\/wp-json\/wp\/v2\/tags\/?post=97466"}],"curies":[{"name":"wp","href":"https:\/\/api.w.org\/{rel}","templated":true}]}}