{"id":97908,"date":"2023-09-26T09:08:17","date_gmt":"2023-09-26T08:08:17","guid":{"rendered":"https:\/\/www.fondazionepirelli.org\/?p=97908"},"modified":"2023-10-04T09:08:33","modified_gmt":"2023-10-04T08:08:33","slug":"prima-di-tutto-limpresa-competente","status":"publish","type":"post","link":"https:\/\/www.fondazionepirelli.org\/it\/cultura-dimpresa\/prima-di-tutto-limpresa-competente\/","title":{"rendered":"Prima di tutto, l\u2019impresa competente"},"content":{"rendered":"<p>L\u2019analisi della relazioni strette tra fattore umano e innovazione tecnologica trova sintesi in un libro appena pubblicato<\/p><p>L\u2019uomo prima di tutto. Anche in un\u2019epoca in cui la trasformazione digitale della produzione (e in molti casi quasi anche dalla stessa nostra vita), appare farla da padrona. Eppure, alla fine di ogni <strong>\u201cstoria d\u2019impresa\u201d<\/strong>, ci\u00f2 che pi\u00f9 conta \u00e8 quello che tecnicamente si indica come <strong>\u201cfattore umano\u201d<\/strong>: donne, uomini, giovani, anziani che riescono comunque a mettere l\u2019ultima parola. Non, si badi bene, il trionfo della tecnologia a tutti i costi e nemmeno quello dell\u2019umanit\u00e0, ma qualcosa di diverso, pi\u00f9 complesso e pervasivo. Comprendere questo insieme contraddittorio e reale di condizioni, \u00e8 determinante per capire dove davvero va l\u2019impresa (e quali strumenti usare per farla andare nella direzione voluta). Attorno a questo nodo importante di temi hanno ragionato \u2013 con chiarezza ed efficacia -, Tatiana Mazali (sociologa esperta di processi culturali e comunicativi), Paolo Neirotti (ingegnere specializzato in strategia e organizzazione) e Giuseppe Scellato (economista) scrivendo a sei mani <strong>\u201cL\u2019impresa competente. Scelte manageriali, lavoro e innovazione digitale\u201d<\/strong>.<\/p>\n<p>Il punto di partenza \u00e8 la constatazione della complessit\u00e0 di quanto sta accadendo con la trasformazione chiamata <strong>Quarta rivoluzione industriale<\/strong>: qualcosa di ancora poco studiato e in cui accanto alle <strong>ipertecnologie<\/strong> continua ad avere un ruolo determinante il fattore umano. La capacit\u00e0 dell\u2019uomo di favorire oppure ostacolare l\u2019innovazione \u00e8 il centro dei ragionamenti di Mazali, Neirotti e Scellato che affrontano il tema mettendo insieme quanto origina dalla sociologia, dagli studi organizzativi dall\u2019economia dell\u2019innovazione.<\/p>\n<p>Al centro, dunque, sono le persone che emergono con le loro competenze ed esperienze, gli atteggiamenti, le storie di vita, le aspirazioni di futuro. Gli autori affrontano questo insieme di argomenti facendo sintesi di diversi anni di analisi ma soprattutto attraverso gli esiti di una ricerca sul campo che ha voluto indagare quale sia oggi il rapporto fra tecnologie e competenze.<\/p>\n<p>Il libro di poco pi\u00f9 di 150 pagine inizia con una fotografia della trasformazione che sta avvenendo e poi continua in tre tappe: gli <strong>investimenti digitali<\/strong> delle imprese e le competenze che occorrono, il cambiamento delle stesse competenze, l\u2019approfondimento delle relazioni tra innovazione, formazione e organizzazione. Nel libro anche una serie importante di <strong>testimonianze dall\u2019interno delle imprese<\/strong> (di ogni tipologia e dimensione) che arricchisce e completa la teoria.<\/p>\n<p>Il libro di Mazali, Neirotti e Scellato (che beneficia anche della cura editoriale di Annalisa Magone), affronta davvero un tema complesso e in continuo cambiamento, ma lo fa cercando di porre dei paletti utili per la comprensione e, soprattutto, per la creazione di una cassetta di attrezzi che accompagnino chi legge anche oltre il libro stesso.<\/p><p><strong>L&#8217;impresa competente. Scelte manageriali, lavoro e innovazione digitale<\/strong><\/p>\n<p>Tatiana Mazali, Paolo Neirotti, Giuseppe Scellato<\/p>\n<p>Marsilio, 2023<\/p>\n<p><a href=\"https:\/\/wpsite-assets.fondazionepirelli.org\/wp-content\/uploads\/2023\/09\/26085435\/Preprints202309.1064.v1-2023-09-24-15_23_56-1.pdf\">Preprints202309.1064.v1 2023-09-24 15_23_56<\/a><\/p>\n","protected":false},"excerpt":{"rendered":"<p>L\u2019analisi della relazioni strette tra fattore umano e innovazione tecnologica trova sintesi in un libro appena pubblicatoL\u2019uomo prima di tutto. Anche in un\u2019epoca in cui la trasformazione digitale della produzione (e in molti casi quasi anche dalla stessa nostra vita), appare farla da padrona. Eppure, alla fine di ogni \u201cstoria d\u2019impresa\u201d, ci\u00f2 che pi\u00f9 conta [&hellip;]<\/p>\n","protected":false},"author":1,"featured_media":97909,"comment_status":"open","ping_status":"open","sticky":false,"template":"","format":"standard","meta":{"footnotes":""},"categories":[52,58],"tags":[],"class_list":["post-97908","post","type-post","status-publish","format-standard","has-post-thumbnail","hentry","category-cultura-dimpresa","category-recensioni-libri"],"acf":[],"yoast_head":"<!-- This site is optimized with the Yoast SEO plugin v25.0 - https:\/\/yoast.com\/wordpress\/plugins\/seo\/ -->\n<title>Prima di tutto, l\u2019impresa competente - Fondazione Pirelli<\/title>\n<meta name=\"robots\" content=\"index, follow, max-snippet:-1, max-image-preview:large, max-video-preview:-1\" \/>\n<link rel=\"canonical\" href=\"https:\/\/www.fondazionepirelli.org\/it\/cultura-dimpresa\/prima-di-tutto-limpresa-competente\/\" \/>\n<meta property=\"og:locale\" content=\"it_IT\" \/>\n<meta property=\"og:type\" content=\"article\" \/>\n<meta property=\"og:title\" content=\"Prima di tutto, l\u2019impresa competente - Fondazione Pirelli\" \/>\n<meta property=\"og:description\" content=\"L\u2019analisi della relazioni strette tra fattore umano e innovazione tecnologica trova sintesi in un libro appena pubblicatoL\u2019uomo prima di tutto. Anche in un\u2019epoca in cui la trasformazione digitale della produzione (e in molti casi quasi anche dalla stessa nostra vita), appare farla da padrona. Eppure, alla fine di ogni \u201cstoria d\u2019impresa\u201d, ci\u00f2 che pi\u00f9 conta [&hellip;]\" \/>\n<meta property=\"og:url\" content=\"https:\/\/www.fondazionepirelli.org\/it\/cultura-dimpresa\/prima-di-tutto-limpresa-competente\/\" \/>\n<meta property=\"og:site_name\" content=\"Fondazione Pirelli\" \/>\n<meta property=\"article:published_time\" content=\"2023-09-26T08:08:17+00:00\" \/>\n<meta property=\"article:modified_time\" content=\"2023-10-04T08:08:33+00:00\" \/>\n<meta property=\"og:image\" content=\"https:\/\/wpsite-assets.fondazionepirelli.org\/wp-content\/uploads\/2023\/09\/26083505\/IMG_0040.jpeg\" \/>\n\t<meta property=\"og:image:width\" content=\"411\" \/>\n\t<meta property=\"og:image:height\" content=\"595\" \/>\n\t<meta property=\"og:image:type\" content=\"image\/jpeg\" \/>\n<meta name=\"author\" content=\"fondadmin\" \/>\n<meta name=\"twitter:card\" content=\"summary_large_image\" \/>\n<meta name=\"twitter:label1\" content=\"Scritto da\" \/>\n\t<meta name=\"twitter:data1\" content=\"fondadmin\" \/>\n\t<meta name=\"twitter:label2\" content=\"Tempo di lettura stimato\" \/>\n\t<meta name=\"twitter:data2\" content=\"2 minuti\" \/>\n<script type=\"application\/ld+json\" class=\"yoast-schema-graph\">{\"@context\":\"https:\/\/schema.org\",\"@graph\":[{\"@type\":\"WebPage\",\"@id\":\"https:\/\/www.fondazionepirelli.org\/it\/cultura-dimpresa\/prima-di-tutto-limpresa-competente\/\",\"url\":\"https:\/\/www.fondazionepirelli.org\/it\/cultura-dimpresa\/prima-di-tutto-limpresa-competente\/\",\"name\":\"Prima di tutto, l\u2019impresa competente - Fondazione Pirelli\",\"isPartOf\":{\"@id\":\"https:\/\/www.fondazionepirelli.org\/it\/#website\"},\"primaryImageOfPage\":{\"@id\":\"https:\/\/www.fondazionepirelli.org\/it\/cultura-dimpresa\/prima-di-tutto-limpresa-competente\/#primaryimage\"},\"image\":{\"@id\":\"https:\/\/www.fondazionepirelli.org\/it\/cultura-dimpresa\/prima-di-tutto-limpresa-competente\/#primaryimage\"},\"thumbnailUrl\":\"https:\/\/wpsite-assets.fondazionepirelli.org\/wp-content\/uploads\/2023\/09\/26083505\/IMG_0040.jpeg\",\"datePublished\":\"2023-09-26T08:08:17+00:00\",\"dateModified\":\"2023-10-04T08:08:33+00:00\",\"author\":{\"@id\":\"https:\/\/www.fondazionepirelli.org\/it\/#\/schema\/person\/f47d097000832c4a6e54538c791fdf25\"},\"breadcrumb\":{\"@id\":\"https:\/\/www.fondazionepirelli.org\/it\/cultura-dimpresa\/prima-di-tutto-limpresa-competente\/#breadcrumb\"},\"inLanguage\":\"it-IT\",\"potentialAction\":[{\"@type\":\"ReadAction\",\"target\":[\"https:\/\/www.fondazionepirelli.org\/it\/cultura-dimpresa\/prima-di-tutto-limpresa-competente\/\"]}]},{\"@type\":\"ImageObject\",\"inLanguage\":\"it-IT\",\"@id\":\"https:\/\/www.fondazionepirelli.org\/it\/cultura-dimpresa\/prima-di-tutto-limpresa-competente\/#primaryimage\",\"url\":\"https:\/\/wpsite-assets.fondazionepirelli.org\/wp-content\/uploads\/2023\/09\/26083505\/IMG_0040.jpeg\",\"contentUrl\":\"https:\/\/wpsite-assets.fondazionepirelli.org\/wp-content\/uploads\/2023\/09\/26083505\/IMG_0040.jpeg\",\"width\":411,\"height\":595},{\"@type\":\"BreadcrumbList\",\"@id\":\"https:\/\/www.fondazionepirelli.org\/it\/cultura-dimpresa\/prima-di-tutto-limpresa-competente\/#breadcrumb\",\"itemListElement\":[{\"@type\":\"ListItem\",\"position\":1,\"name\":\"Home\",\"item\":\"https:\/\/www.fondazionepirelli.org\/it\/\"},{\"@type\":\"ListItem\",\"position\":2,\"name\":\"Prima di tutto, l\u2019impresa competente\"}]},{\"@type\":\"WebSite\",\"@id\":\"https:\/\/www.fondazionepirelli.org\/it\/#website\",\"url\":\"https:\/\/www.fondazionepirelli.org\/it\/\",\"name\":\"Fondazione Pirelli\",\"description\":\"\",\"potentialAction\":[{\"@type\":\"SearchAction\",\"target\":{\"@type\":\"EntryPoint\",\"urlTemplate\":\"https:\/\/www.fondazionepirelli.org\/it\/?s={search_term_string}\"},\"query-input\":{\"@type\":\"PropertyValueSpecification\",\"valueRequired\":true,\"valueName\":\"search_term_string\"}}],\"inLanguage\":\"it-IT\"},{\"@type\":\"Person\",\"@id\":\"https:\/\/www.fondazionepirelli.org\/it\/#\/schema\/person\/f47d097000832c4a6e54538c791fdf25\",\"name\":\"fondadmin\",\"image\":{\"@type\":\"ImageObject\",\"inLanguage\":\"it-IT\",\"@id\":\"https:\/\/www.fondazionepirelli.org\/it\/#\/schema\/person\/image\/\",\"url\":\"https:\/\/secure.gravatar.com\/avatar\/e69498a9175ca244966e51e53c88712c024fcebe41f9a05f75657f1bb25e489b?s=96&d=mm&r=g\",\"contentUrl\":\"https:\/\/secure.gravatar.com\/avatar\/e69498a9175ca244966e51e53c88712c024fcebe41f9a05f75657f1bb25e489b?s=96&d=mm&r=g\",\"caption\":\"fondadmin\"},\"url\":\"https:\/\/www.fondazionepirelli.org\/it\/author\/fondadmin\/\"}]}<\/script>\n<!-- \/ Yoast SEO plugin. -->","yoast_head_json":{"title":"Prima di tutto, l\u2019impresa competente - Fondazione Pirelli","robots":{"index":"index","follow":"follow","max-snippet":"max-snippet:-1","max-image-preview":"max-image-preview:large","max-video-preview":"max-video-preview:-1"},"canonical":"https:\/\/www.fondazionepirelli.org\/it\/cultura-dimpresa\/prima-di-tutto-limpresa-competente\/","og_locale":"it_IT","og_type":"article","og_title":"Prima di tutto, l\u2019impresa competente - Fondazione Pirelli","og_description":"L\u2019analisi della relazioni strette tra fattore umano e innovazione tecnologica trova sintesi in un libro appena pubblicatoL\u2019uomo prima di tutto. Anche in un\u2019epoca in cui la trasformazione digitale della produzione (e in molti casi quasi anche dalla stessa nostra vita), appare farla da padrona. Eppure, alla fine di ogni \u201cstoria d\u2019impresa\u201d, ci\u00f2 che pi\u00f9 conta [&hellip;]","og_url":"https:\/\/www.fondazionepirelli.org\/it\/cultura-dimpresa\/prima-di-tutto-limpresa-competente\/","og_site_name":"Fondazione Pirelli","article_published_time":"2023-09-26T08:08:17+00:00","article_modified_time":"2023-10-04T08:08:33+00:00","og_image":[{"width":411,"height":595,"url":"https:\/\/wpsite-assets.fondazionepirelli.org\/wp-content\/uploads\/2023\/09\/26083505\/IMG_0040.jpeg","type":"image\/jpeg"}],"author":"fondadmin","twitter_card":"summary_large_image","twitter_misc":{"Scritto da":"fondadmin","Tempo di lettura stimato":"2 minuti"},"schema":{"@context":"https:\/\/schema.org","@graph":[{"@type":"WebPage","@id":"https:\/\/www.fondazionepirelli.org\/it\/cultura-dimpresa\/prima-di-tutto-limpresa-competente\/","url":"https:\/\/www.fondazionepirelli.org\/it\/cultura-dimpresa\/prima-di-tutto-limpresa-competente\/","name":"Prima di tutto, l\u2019impresa competente - Fondazione Pirelli","isPartOf":{"@id":"https:\/\/www.fondazionepirelli.org\/it\/#website"},"primaryImageOfPage":{"@id":"https:\/\/www.fondazionepirelli.org\/it\/cultura-dimpresa\/prima-di-tutto-limpresa-competente\/#primaryimage"},"image":{"@id":"https:\/\/www.fondazionepirelli.org\/it\/cultura-dimpresa\/prima-di-tutto-limpresa-competente\/#primaryimage"},"thumbnailUrl":"https:\/\/wpsite-assets.fondazionepirelli.org\/wp-content\/uploads\/2023\/09\/26083505\/IMG_0040.jpeg","datePublished":"2023-09-26T08:08:17+00:00","dateModified":"2023-10-04T08:08:33+00:00","author":{"@id":"https:\/\/www.fondazionepirelli.org\/it\/#\/schema\/person\/f47d097000832c4a6e54538c791fdf25"},"breadcrumb":{"@id":"https:\/\/www.fondazionepirelli.org\/it\/cultura-dimpresa\/prima-di-tutto-limpresa-competente\/#breadcrumb"},"inLanguage":"it-IT","potentialAction":[{"@type":"ReadAction","target":["https:\/\/www.fondazionepirelli.org\/it\/cultura-dimpresa\/prima-di-tutto-limpresa-competente\/"]}]},{"@type":"ImageObject","inLanguage":"it-IT","@id":"https:\/\/www.fondazionepirelli.org\/it\/cultura-dimpresa\/prima-di-tutto-limpresa-competente\/#primaryimage","url":"https:\/\/wpsite-assets.fondazionepirelli.org\/wp-content\/uploads\/2023\/09\/26083505\/IMG_0040.jpeg","contentUrl":"https:\/\/wpsite-assets.fondazionepirelli.org\/wp-content\/uploads\/2023\/09\/26083505\/IMG_0040.jpeg","width":411,"height":595},{"@type":"BreadcrumbList","@id":"https:\/\/www.fondazionepirelli.org\/it\/cultura-dimpresa\/prima-di-tutto-limpresa-competente\/#breadcrumb","itemListElement":[{"@type":"ListItem","position":1,"name":"Home","item":"https:\/\/www.fondazionepirelli.org\/it\/"},{"@type":"ListItem","position":2,"name":"Prima di tutto, l\u2019impresa competente"}]},{"@type":"WebSite","@id":"https:\/\/www.fondazionepirelli.org\/it\/#website","url":"https:\/\/www.fondazionepirelli.org\/it\/","name":"Fondazione Pirelli","description":"","potentialAction":[{"@type":"SearchAction","target":{"@type":"EntryPoint","urlTemplate":"https:\/\/www.fondazionepirelli.org\/it\/?s={search_term_string}"},"query-input":{"@type":"PropertyValueSpecification","valueRequired":true,"valueName":"search_term_string"}}],"inLanguage":"it-IT"},{"@type":"Person","@id":"https:\/\/www.fondazionepirelli.org\/it\/#\/schema\/person\/f47d097000832c4a6e54538c791fdf25","name":"fondadmin","image":{"@type":"ImageObject","inLanguage":"it-IT","@id":"https:\/\/www.fondazionepirelli.org\/it\/#\/schema\/person\/image\/","url":"https:\/\/secure.gravatar.com\/avatar\/e69498a9175ca244966e51e53c88712c024fcebe41f9a05f75657f1bb25e489b?s=96&d=mm&r=g","contentUrl":"https:\/\/secure.gravatar.com\/avatar\/e69498a9175ca244966e51e53c88712c024fcebe41f9a05f75657f1bb25e489b?s=96&d=mm&r=g","caption":"fondadmin"},"url":"https:\/\/www.fondazionepirelli.org\/it\/author\/fondadmin\/"}]}},"_links":{"self":[{"href":"https:\/\/www.fondazionepirelli.org\/it\/wp-json\/wp\/v2\/posts\/97908\/"}],"collection":[{"href":"https:\/\/www.fondazionepirelli.org\/it\/wp-json\/wp\/v2\/posts\/"}],"about":[{"href":"https:\/\/www.fondazionepirelli.org\/it\/wp-json\/wp\/v2\/types\/post\/"}],"author":[{"embeddable":true,"href":"https:\/\/www.fondazionepirelli.org\/it\/wp-json\/wp\/v2\/users\/1\/"}],"replies":[{"embeddable":true,"href":"https:\/\/www.fondazionepirelli.org\/it\/wp-json\/wp\/v2\/comments\/?post=97908"}],"version-history":[{"count":2,"href":"https:\/\/www.fondazionepirelli.org\/it\/wp-json\/wp\/v2\/posts\/97908\/revisions\/"}],"predecessor-version":[{"id":97919,"href":"https:\/\/www.fondazionepirelli.org\/it\/wp-json\/wp\/v2\/posts\/97908\/revisions\/97919\/"}],"wp:featuredmedia":[{"embeddable":true,"href":"https:\/\/www.fondazionepirelli.org\/it\/wp-json\/wp\/v2\/media\/97909\/"}],"wp:attachment":[{"href":"https:\/\/www.fondazionepirelli.org\/it\/wp-json\/wp\/v2\/media\/?parent=97908"}],"wp:term":[{"taxonomy":"category","embeddable":true,"href":"https:\/\/www.fondazionepirelli.org\/it\/wp-json\/wp\/v2\/categories\/?post=97908"},{"taxonomy":"post_tag","embeddable":true,"href":"https:\/\/www.fondazionepirelli.org\/it\/wp-json\/wp\/v2\/tags\/?post=97908"}],"curies":[{"name":"wp","href":"https:\/\/api.w.org\/{rel}","templated":true}]}}