{"id":98347,"date":"2023-10-24T09:08:47","date_gmt":"2023-10-24T08:08:47","guid":{"rendered":"https:\/\/www.fondazionepirelli.org\/?p=98347"},"modified":"2023-10-24T09:08:47","modified_gmt":"2023-10-24T08:08:47","slug":"questioni-di-genere-e-buon-sviluppo","status":"publish","type":"post","link":"https:\/\/www.fondazionepirelli.org\/it\/cultura-dimpresa\/questioni-di-genere-e-buon-sviluppo\/","title":{"rendered":"Questioni di genere e buon sviluppo"},"content":{"rendered":"<p><em>In uno studio appena pubblicato, Banca d\u2019Italia affronta il tema delicato dei rapporti uomo-donna nell\u2019ambito del mercato del lavoro e dell\u2019economia<\/em><\/p>\n<p><strong>\u00a0<\/strong><\/p>\n<p>Questione di cultura prima di tutto, ma anche di economia e di saggia gestione, di buone relazioni tra pari, di capacit\u00e0 di valorizzare le risorse presenti. Tutto al di l\u00e0 di ogni stereotipo, soprattutto di genere. Il tema del lavoro delle donne, dei divari di genere, delle relazioni tra uomini e donne nelle fabbriche e negli uffici, \u00e8 certamente delicato e complesso. Ma da affrontare. Partendo, come sempre deve accadere, dalla comprensione attenta della realt\u00e0.<\/p>\n<p>\u201cDonne, mercato del lavoro e crescita economica\u201d \u2013 scritto da Francesca Carta, Marta De Philippis, Lucia Rizzica e Eliana Viviano di Banca d\u2019Italia -, costituisce una solida base proprio per la corretta comprensione della realt\u00e0 dei divari di genere nel mercato del lavoro in Italia, dei loro impatti sulla crescita economica e delle politiche volte a ridurre tali disparit\u00e0. Lo studio \u2013 composto da una corposa analisi di una serie di dati nazionali e locali provenienti dalla rete di Banca d\u2019Italia -, affronta il tema partendo dalla fotografia della situazione e passando quindi ad uno dei punti fondamentali della questione: l\u2019importanza dell\u2019educazione alla parit\u00e0 di genere impartita nelle scuole. Gli autori passano quindi ad approfondire il tema della maternit\u00e0 e del mercato del lavoro per passare quindi a quello delle interazioni tra famiglia e sistema fiscale e quindi al complesso tema delle progressioni di carriera in relazione ai temi di genere.<\/p>\n<p>Gli autori individuano quindi almeno tre temi su cui occorre ancora lavorare per arrivare ad una reale parit\u00e0 di genere nella societ\u00e0 e nel sistema della produzione. Prima di tutto c\u2019\u00e8 la questione della scuola e pi\u00f9 in generale dell\u2019istruzione adeguata che possa fornire gli strumenti utili ad un valido mercato del lavoro (che a sua volta deve avere regole diverse). Poi la compatibilit\u00e0 tra responsabilit\u00e0 di famiglia e responsabilit\u00e0 di lavoro (con adeguati riconoscimenti economici). Ma anche la consapevolezza della ancora troppo lenta carriera delle donne nella loro vita lavorativa.<\/p>\n<p>E\u2019 un percorso ancora lungo, quindi, quello della parit\u00e0 di genere stretta tra regole del mercato del lavoro e crescita economica; percorso, tuttavia, da continuare con decisione. Questione di cultura \u2013 come si diceva all\u2019inizio \u2013 che si riversa poi in altri ambiti della buona convivenza sociale ed economica.<\/p><p><a href=\"https:\/\/wpsite-assets.fondazionepirelli.org\/wp-content\/uploads\/2023\/10\/23165753\/women_labour_markets_growth_n26.pdf\"><strong>Women, labour markets and economic growth<\/strong><\/a><\/p>\n<p>Francesca Carta, Marta De Philippis, Lucia Rizzica, Eliana Viviano<\/p>\n<p>Banca d\u2019Italia, Seminari e convegno, 2023<\/p>\n","protected":false},"excerpt":{"rendered":"<p>In uno studio appena pubblicato, Banca d\u2019Italia affronta il tema delicato dei rapporti uomo-donna nell\u2019ambito del mercato del lavoro e dell\u2019economia \u00a0 Questione di cultura prima di tutto, ma anche di economia e di saggia gestione, di buone relazioni tra pari, di capacit\u00e0 di valorizzare le risorse presenti. Tutto al di l\u00e0 di ogni stereotipo, [&hellip;]<\/p>\n","protected":false},"author":1,"featured_media":0,"comment_status":"open","ping_status":"open","sticky":false,"template":"","format":"standard","meta":{"footnotes":""},"categories":[54,52],"tags":[],"class_list":["post-98347","post","type-post","status-publish","format-standard","hentry","category-approfondimenti","category-cultura-dimpresa"],"acf":[],"yoast_head":"<!-- This site is optimized with the Yoast SEO plugin v25.0 - https:\/\/yoast.com\/wordpress\/plugins\/seo\/ -->\n<title>Questioni di genere e buon sviluppo - Fondazione Pirelli<\/title>\n<meta name=\"robots\" content=\"index, follow, max-snippet:-1, max-image-preview:large, max-video-preview:-1\" \/>\n<link rel=\"canonical\" href=\"https:\/\/www.fondazionepirelli.org\/it\/cultura-dimpresa\/questioni-di-genere-e-buon-sviluppo\/\" \/>\n<meta property=\"og:locale\" content=\"it_IT\" \/>\n<meta property=\"og:type\" content=\"article\" \/>\n<meta property=\"og:title\" content=\"Questioni di genere e buon sviluppo - Fondazione Pirelli\" \/>\n<meta property=\"og:description\" content=\"In uno studio appena pubblicato, Banca d\u2019Italia affronta il tema delicato dei rapporti uomo-donna nell\u2019ambito del mercato del lavoro e dell\u2019economia \u00a0 Questione di cultura prima di tutto, ma anche di economia e di saggia gestione, di buone relazioni tra pari, di capacit\u00e0 di valorizzare le risorse presenti. Tutto al di l\u00e0 di ogni stereotipo, [&hellip;]\" \/>\n<meta property=\"og:url\" content=\"https:\/\/www.fondazionepirelli.org\/it\/cultura-dimpresa\/questioni-di-genere-e-buon-sviluppo\/\" \/>\n<meta property=\"og:site_name\" content=\"Fondazione Pirelli\" \/>\n<meta property=\"article:published_time\" content=\"2023-10-24T08:08:47+00:00\" \/>\n<meta name=\"author\" content=\"fondadmin\" \/>\n<meta name=\"twitter:card\" content=\"summary_large_image\" \/>\n<meta name=\"twitter:label1\" content=\"Scritto da\" \/>\n\t<meta name=\"twitter:data1\" content=\"fondadmin\" \/>\n\t<meta name=\"twitter:label2\" content=\"Tempo di lettura stimato\" \/>\n\t<meta name=\"twitter:data2\" content=\"2 minuti\" \/>\n<script type=\"application\/ld+json\" class=\"yoast-schema-graph\">{\"@context\":\"https:\/\/schema.org\",\"@graph\":[{\"@type\":\"WebPage\",\"@id\":\"https:\/\/www.fondazionepirelli.org\/it\/cultura-dimpresa\/questioni-di-genere-e-buon-sviluppo\/\",\"url\":\"https:\/\/www.fondazionepirelli.org\/it\/cultura-dimpresa\/questioni-di-genere-e-buon-sviluppo\/\",\"name\":\"Questioni di genere e buon sviluppo - Fondazione Pirelli\",\"isPartOf\":{\"@id\":\"https:\/\/www.fondazionepirelli.org\/it\/#website\"},\"datePublished\":\"2023-10-24T08:08:47+00:00\",\"author\":{\"@id\":\"https:\/\/www.fondazionepirelli.org\/it\/#\/schema\/person\/f47d097000832c4a6e54538c791fdf25\"},\"breadcrumb\":{\"@id\":\"https:\/\/www.fondazionepirelli.org\/it\/cultura-dimpresa\/questioni-di-genere-e-buon-sviluppo\/#breadcrumb\"},\"inLanguage\":\"it-IT\",\"potentialAction\":[{\"@type\":\"ReadAction\",\"target\":[\"https:\/\/www.fondazionepirelli.org\/it\/cultura-dimpresa\/questioni-di-genere-e-buon-sviluppo\/\"]}]},{\"@type\":\"BreadcrumbList\",\"@id\":\"https:\/\/www.fondazionepirelli.org\/it\/cultura-dimpresa\/questioni-di-genere-e-buon-sviluppo\/#breadcrumb\",\"itemListElement\":[{\"@type\":\"ListItem\",\"position\":1,\"name\":\"Home\",\"item\":\"https:\/\/www.fondazionepirelli.org\/it\/\"},{\"@type\":\"ListItem\",\"position\":2,\"name\":\"Questioni di genere e buon sviluppo\"}]},{\"@type\":\"WebSite\",\"@id\":\"https:\/\/www.fondazionepirelli.org\/it\/#website\",\"url\":\"https:\/\/www.fondazionepirelli.org\/it\/\",\"name\":\"Fondazione Pirelli\",\"description\":\"\",\"potentialAction\":[{\"@type\":\"SearchAction\",\"target\":{\"@type\":\"EntryPoint\",\"urlTemplate\":\"https:\/\/www.fondazionepirelli.org\/it\/?s={search_term_string}\"},\"query-input\":{\"@type\":\"PropertyValueSpecification\",\"valueRequired\":true,\"valueName\":\"search_term_string\"}}],\"inLanguage\":\"it-IT\"},{\"@type\":\"Person\",\"@id\":\"https:\/\/www.fondazionepirelli.org\/it\/#\/schema\/person\/f47d097000832c4a6e54538c791fdf25\",\"name\":\"fondadmin\",\"image\":{\"@type\":\"ImageObject\",\"inLanguage\":\"it-IT\",\"@id\":\"https:\/\/www.fondazionepirelli.org\/it\/#\/schema\/person\/image\/\",\"url\":\"https:\/\/secure.gravatar.com\/avatar\/e69498a9175ca244966e51e53c88712c024fcebe41f9a05f75657f1bb25e489b?s=96&d=mm&r=g\",\"contentUrl\":\"https:\/\/secure.gravatar.com\/avatar\/e69498a9175ca244966e51e53c88712c024fcebe41f9a05f75657f1bb25e489b?s=96&d=mm&r=g\",\"caption\":\"fondadmin\"},\"url\":\"https:\/\/www.fondazionepirelli.org\/it\/author\/fondadmin\/\"}]}<\/script>\n<!-- \/ Yoast SEO plugin. -->","yoast_head_json":{"title":"Questioni di genere e buon sviluppo - Fondazione Pirelli","robots":{"index":"index","follow":"follow","max-snippet":"max-snippet:-1","max-image-preview":"max-image-preview:large","max-video-preview":"max-video-preview:-1"},"canonical":"https:\/\/www.fondazionepirelli.org\/it\/cultura-dimpresa\/questioni-di-genere-e-buon-sviluppo\/","og_locale":"it_IT","og_type":"article","og_title":"Questioni di genere e buon sviluppo - Fondazione Pirelli","og_description":"In uno studio appena pubblicato, Banca d\u2019Italia affronta il tema delicato dei rapporti uomo-donna nell\u2019ambito del mercato del lavoro e dell\u2019economia \u00a0 Questione di cultura prima di tutto, ma anche di economia e di saggia gestione, di buone relazioni tra pari, di capacit\u00e0 di valorizzare le risorse presenti. Tutto al di l\u00e0 di ogni stereotipo, [&hellip;]","og_url":"https:\/\/www.fondazionepirelli.org\/it\/cultura-dimpresa\/questioni-di-genere-e-buon-sviluppo\/","og_site_name":"Fondazione Pirelli","article_published_time":"2023-10-24T08:08:47+00:00","author":"fondadmin","twitter_card":"summary_large_image","twitter_misc":{"Scritto da":"fondadmin","Tempo di lettura stimato":"2 minuti"},"schema":{"@context":"https:\/\/schema.org","@graph":[{"@type":"WebPage","@id":"https:\/\/www.fondazionepirelli.org\/it\/cultura-dimpresa\/questioni-di-genere-e-buon-sviluppo\/","url":"https:\/\/www.fondazionepirelli.org\/it\/cultura-dimpresa\/questioni-di-genere-e-buon-sviluppo\/","name":"Questioni di genere e buon sviluppo - Fondazione Pirelli","isPartOf":{"@id":"https:\/\/www.fondazionepirelli.org\/it\/#website"},"datePublished":"2023-10-24T08:08:47+00:00","author":{"@id":"https:\/\/www.fondazionepirelli.org\/it\/#\/schema\/person\/f47d097000832c4a6e54538c791fdf25"},"breadcrumb":{"@id":"https:\/\/www.fondazionepirelli.org\/it\/cultura-dimpresa\/questioni-di-genere-e-buon-sviluppo\/#breadcrumb"},"inLanguage":"it-IT","potentialAction":[{"@type":"ReadAction","target":["https:\/\/www.fondazionepirelli.org\/it\/cultura-dimpresa\/questioni-di-genere-e-buon-sviluppo\/"]}]},{"@type":"BreadcrumbList","@id":"https:\/\/www.fondazionepirelli.org\/it\/cultura-dimpresa\/questioni-di-genere-e-buon-sviluppo\/#breadcrumb","itemListElement":[{"@type":"ListItem","position":1,"name":"Home","item":"https:\/\/www.fondazionepirelli.org\/it\/"},{"@type":"ListItem","position":2,"name":"Questioni di genere e buon sviluppo"}]},{"@type":"WebSite","@id":"https:\/\/www.fondazionepirelli.org\/it\/#website","url":"https:\/\/www.fondazionepirelli.org\/it\/","name":"Fondazione Pirelli","description":"","potentialAction":[{"@type":"SearchAction","target":{"@type":"EntryPoint","urlTemplate":"https:\/\/www.fondazionepirelli.org\/it\/?s={search_term_string}"},"query-input":{"@type":"PropertyValueSpecification","valueRequired":true,"valueName":"search_term_string"}}],"inLanguage":"it-IT"},{"@type":"Person","@id":"https:\/\/www.fondazionepirelli.org\/it\/#\/schema\/person\/f47d097000832c4a6e54538c791fdf25","name":"fondadmin","image":{"@type":"ImageObject","inLanguage":"it-IT","@id":"https:\/\/www.fondazionepirelli.org\/it\/#\/schema\/person\/image\/","url":"https:\/\/secure.gravatar.com\/avatar\/e69498a9175ca244966e51e53c88712c024fcebe41f9a05f75657f1bb25e489b?s=96&d=mm&r=g","contentUrl":"https:\/\/secure.gravatar.com\/avatar\/e69498a9175ca244966e51e53c88712c024fcebe41f9a05f75657f1bb25e489b?s=96&d=mm&r=g","caption":"fondadmin"},"url":"https:\/\/www.fondazionepirelli.org\/it\/author\/fondadmin\/"}]}},"_links":{"self":[{"href":"https:\/\/www.fondazionepirelli.org\/it\/wp-json\/wp\/v2\/posts\/98347\/"}],"collection":[{"href":"https:\/\/www.fondazionepirelli.org\/it\/wp-json\/wp\/v2\/posts\/"}],"about":[{"href":"https:\/\/www.fondazionepirelli.org\/it\/wp-json\/wp\/v2\/types\/post\/"}],"author":[{"embeddable":true,"href":"https:\/\/www.fondazionepirelli.org\/it\/wp-json\/wp\/v2\/users\/1\/"}],"replies":[{"embeddable":true,"href":"https:\/\/www.fondazionepirelli.org\/it\/wp-json\/wp\/v2\/comments\/?post=98347"}],"version-history":[{"count":2,"href":"https:\/\/www.fondazionepirelli.org\/it\/wp-json\/wp\/v2\/posts\/98347\/revisions\/"}],"predecessor-version":[{"id":98351,"href":"https:\/\/www.fondazionepirelli.org\/it\/wp-json\/wp\/v2\/posts\/98347\/revisions\/98351\/"}],"wp:attachment":[{"href":"https:\/\/www.fondazionepirelli.org\/it\/wp-json\/wp\/v2\/media\/?parent=98347"}],"wp:term":[{"taxonomy":"category","embeddable":true,"href":"https:\/\/www.fondazionepirelli.org\/it\/wp-json\/wp\/v2\/categories\/?post=98347"},{"taxonomy":"post_tag","embeddable":true,"href":"https:\/\/www.fondazionepirelli.org\/it\/wp-json\/wp\/v2\/tags\/?post=98347"}],"curies":[{"name":"wp","href":"https:\/\/api.w.org\/{rel}","templated":true}]}}