{"id":98420,"date":"2023-10-31T10:38:29","date_gmt":"2023-10-31T09:38:29","guid":{"rendered":"https:\/\/www.fondazionepirelli.org\/?p=98420"},"modified":"2023-10-31T10:38:29","modified_gmt":"2023-10-31T09:38:29","slug":"la-forza-della-calma-anche-in-economia","status":"publish","type":"post","link":"https:\/\/www.fondazionepirelli.org\/it\/cultura-dimpresa\/la-forza-della-calma-anche-in-economia\/","title":{"rendered":"La forza della calma. Anche in economia"},"content":{"rendered":"<p><em>Un libro ripercorre le vicende di Bonaldo Stringher e ne ripropone l\u2019insegnamento per affrontare le complessit\u00e0 di oggi<\/em><\/p>\n<p><strong>\u00a0<\/strong><\/p>\n<p>La costruzione del futuro ha le fondamenta nella storia, oltre che nel presente. Indicazione che vale anche per le imprese, cos\u00ec come per tutti i componenti del sistema sociale. Indicazione che costituisce elemento importante anche di quella cultura a tutto tondo (del produrre e non solo) che costituisce il bagaglio ideale per affrontare le complessit\u00e0 attuali. E\u2019 questo il messaggio che si coglie leggendo \u201cBonaldo Stringher. Serenit\u00e0, calma e fermezza. Una storia economica d\u2019Italia\u201d, libro di Giuseppe De Lucia Lumeno pubblicato qualche tempo fa ma ancora attualissimo (soprattutto in tempi complessi come questi).<\/p>\n<p>Stringher \u00e8 stato il primo Direttore generale e il primo Governatore della Banca d\u2019Italia ad inizio del XX\u00b0 secolo, uno dei protagonisti indiscussi della vita economica, istituzionale e sociale nella costruzione dell\u2019Italia unita ma, soprattutto, un gran conoscitore dei valori e dell\u2019esperienza europea della cooperazione oltre che il fondatore del sistema delle banche popolari e del territorio in Italia. Economista, banchiere e cooperatore, un moderno al servizio della costruzione di un sistema sociale e della produzione che fosse davvero utile allo sviluppo, Stringher \u00e8 ricordato per essere riuscito a percorrere con bravura e attenzione numerosi difficili passaggi della vita economica e politica dell\u2019Italia appena costituita sempre con un\u2019idea ben chiara: \u201cL\u2019uomo non dev\u2019essere considerato dalla scienza economica come un semplice fattore della produzione, bens\u00ec come il grande soggetto d\u2019ogni funzione economica\u201d.<\/p>\n<p>Delle diverse tappe, De Lucia Lumeno fornisce un resoconto chiaro, non privo di particolari di economia e di economia monetaria ma in grado di delineare il clima dell\u2019epoca, le difficolt\u00e0, le prospettive, le tensioni. Un\u2019epoca attraversata da Stringher con la forza di alcuni principi e metodi di lavoro come la fiducia nell\u2019osservazione della realt\u00e0, l\u2019assenza di dogmatismi, l\u2019essere convinto della forza del pragmatismo, la consapevolezza del valore della cooperazione intesa come confronto costruttivo di idee nel rispetto reciproco e per la ricerca del bene comune.<\/p>\n<p>Un moderno, si \u00e8 detto, lo Stringher che nel libro viene raccontato; un moderno che pu\u00f2 fornire ancora oggi indicazioni importanti per comprendere la realt\u00e0 e agire al meglio. Bella la prefazione di Ignazio Visco che, nelle sue righe finali, riesce ad unire saldamente il racconto della vita di Stringher con quanto accade oggi: \u201c(\u2026) ogni epoca ancorch\u00e9 dipendente dalle eredit\u00e0 della storia, presenta le sue sfide. Quelle di oggi certamente non sono minori di quelle degli anni del \u00abgrande Governatore\u00bb e, come allora, vanno affrontate con determinazione e consapevolezza, con pazienza, e, per dirla con le parole che lo stesso Stringher rivolse nella sua lettera alle filiali della Banca nel momento pi\u00f9 difficile per l\u2019Italia in guerra, con \u00abun tono elevato di serenit\u00e0, di calma, e di fermezza\u00bb, come ricorda il titolo di questo volume\u201d.<\/p><p><strong>Bonaldo Stringher. Serenit\u00e0, calma e fermezza. Una storia economica d\u2019Italia<\/strong><\/p>\n<p>Giuseppe De Lucia Lumeno<\/p>\n<p>Guerini, 2023<\/p>","protected":false},"excerpt":{"rendered":"<p>Un libro ripercorre le vicende di Bonaldo Stringher e ne ripropone l\u2019insegnamento per affrontare le complessit\u00e0 di oggi \u00a0 La costruzione del futuro ha le fondamenta nella storia, oltre che nel presente. Indicazione che vale anche per le imprese, cos\u00ec come per tutti i componenti del sistema sociale. Indicazione che costituisce elemento importante anche di [&hellip;]<\/p>\n","protected":false},"author":1,"featured_media":98422,"comment_status":"open","ping_status":"open","sticky":false,"template":"","format":"standard","meta":{"footnotes":""},"categories":[52,58],"tags":[],"class_list":["post-98420","post","type-post","status-publish","format-standard","has-post-thumbnail","hentry","category-cultura-dimpresa","category-recensioni-libri"],"acf":[],"yoast_head":"<!-- This site is optimized with the Yoast SEO plugin v25.0 - https:\/\/yoast.com\/wordpress\/plugins\/seo\/ -->\n<title>La forza della calma. Anche in economia - Fondazione Pirelli<\/title>\n<meta name=\"robots\" content=\"index, follow, max-snippet:-1, max-image-preview:large, max-video-preview:-1\" \/>\n<link rel=\"canonical\" href=\"https:\/\/www.fondazionepirelli.org\/it\/cultura-dimpresa\/la-forza-della-calma-anche-in-economia\/\" \/>\n<meta property=\"og:locale\" content=\"it_IT\" \/>\n<meta property=\"og:type\" content=\"article\" \/>\n<meta property=\"og:title\" content=\"La forza della calma. Anche in economia - Fondazione Pirelli\" \/>\n<meta property=\"og:description\" content=\"Un libro ripercorre le vicende di Bonaldo Stringher e ne ripropone l\u2019insegnamento per affrontare le complessit\u00e0 di oggi \u00a0 La costruzione del futuro ha le fondamenta nella storia, oltre che nel presente. Indicazione che vale anche per le imprese, cos\u00ec come per tutti i componenti del sistema sociale. Indicazione che costituisce elemento importante anche di [&hellip;]\" \/>\n<meta property=\"og:url\" content=\"https:\/\/www.fondazionepirelli.org\/it\/cultura-dimpresa\/la-forza-della-calma-anche-in-economia\/\" \/>\n<meta property=\"og:site_name\" content=\"Fondazione Pirelli\" \/>\n<meta property=\"article:published_time\" content=\"2023-10-31T09:38:29+00:00\" \/>\n<meta property=\"og:image\" content=\"https:\/\/wpsite-assets.fondazionepirelli.org\/wp-content\/uploads\/2023\/10\/30170258\/Front-Cover-BONALDO-STRINGHER-2023-10-28-13_43_48.jpg\" \/>\n\t<meta property=\"og:image:width\" content=\"1748\" \/>\n\t<meta property=\"og:image:height\" content=\"2717\" \/>\n\t<meta property=\"og:image:type\" content=\"image\/jpeg\" \/>\n<meta name=\"author\" content=\"fondadmin\" \/>\n<meta name=\"twitter:card\" content=\"summary_large_image\" \/>\n<meta name=\"twitter:label1\" content=\"Scritto da\" \/>\n\t<meta name=\"twitter:data1\" content=\"fondadmin\" \/>\n\t<meta name=\"twitter:label2\" content=\"Tempo di lettura stimato\" \/>\n\t<meta name=\"twitter:data2\" content=\"2 minuti\" \/>\n<script type=\"application\/ld+json\" class=\"yoast-schema-graph\">{\"@context\":\"https:\/\/schema.org\",\"@graph\":[{\"@type\":\"WebPage\",\"@id\":\"https:\/\/www.fondazionepirelli.org\/it\/cultura-dimpresa\/la-forza-della-calma-anche-in-economia\/\",\"url\":\"https:\/\/www.fondazionepirelli.org\/it\/cultura-dimpresa\/la-forza-della-calma-anche-in-economia\/\",\"name\":\"La forza della calma. Anche in economia - Fondazione Pirelli\",\"isPartOf\":{\"@id\":\"https:\/\/www.fondazionepirelli.org\/it\/#website\"},\"primaryImageOfPage\":{\"@id\":\"https:\/\/www.fondazionepirelli.org\/it\/cultura-dimpresa\/la-forza-della-calma-anche-in-economia\/#primaryimage\"},\"image\":{\"@id\":\"https:\/\/www.fondazionepirelli.org\/it\/cultura-dimpresa\/la-forza-della-calma-anche-in-economia\/#primaryimage\"},\"thumbnailUrl\":\"https:\/\/wpsite-assets.fondazionepirelli.org\/wp-content\/uploads\/2023\/10\/30170258\/Front-Cover-BONALDO-STRINGHER-2023-10-28-13_43_48.jpg\",\"datePublished\":\"2023-10-31T09:38:29+00:00\",\"author\":{\"@id\":\"https:\/\/www.fondazionepirelli.org\/it\/#\/schema\/person\/f47d097000832c4a6e54538c791fdf25\"},\"breadcrumb\":{\"@id\":\"https:\/\/www.fondazionepirelli.org\/it\/cultura-dimpresa\/la-forza-della-calma-anche-in-economia\/#breadcrumb\"},\"inLanguage\":\"it-IT\",\"potentialAction\":[{\"@type\":\"ReadAction\",\"target\":[\"https:\/\/www.fondazionepirelli.org\/it\/cultura-dimpresa\/la-forza-della-calma-anche-in-economia\/\"]}]},{\"@type\":\"ImageObject\",\"inLanguage\":\"it-IT\",\"@id\":\"https:\/\/www.fondazionepirelli.org\/it\/cultura-dimpresa\/la-forza-della-calma-anche-in-economia\/#primaryimage\",\"url\":\"https:\/\/wpsite-assets.fondazionepirelli.org\/wp-content\/uploads\/2023\/10\/30170258\/Front-Cover-BONALDO-STRINGHER-2023-10-28-13_43_48.jpg\",\"contentUrl\":\"https:\/\/wpsite-assets.fondazionepirelli.org\/wp-content\/uploads\/2023\/10\/30170258\/Front-Cover-BONALDO-STRINGHER-2023-10-28-13_43_48.jpg\",\"width\":1748,\"height\":2717},{\"@type\":\"BreadcrumbList\",\"@id\":\"https:\/\/www.fondazionepirelli.org\/it\/cultura-dimpresa\/la-forza-della-calma-anche-in-economia\/#breadcrumb\",\"itemListElement\":[{\"@type\":\"ListItem\",\"position\":1,\"name\":\"Home\",\"item\":\"https:\/\/www.fondazionepirelli.org\/it\/\"},{\"@type\":\"ListItem\",\"position\":2,\"name\":\"La forza della calma. Anche in economia\"}]},{\"@type\":\"WebSite\",\"@id\":\"https:\/\/www.fondazionepirelli.org\/it\/#website\",\"url\":\"https:\/\/www.fondazionepirelli.org\/it\/\",\"name\":\"Fondazione Pirelli\",\"description\":\"\",\"potentialAction\":[{\"@type\":\"SearchAction\",\"target\":{\"@type\":\"EntryPoint\",\"urlTemplate\":\"https:\/\/www.fondazionepirelli.org\/it\/?s={search_term_string}\"},\"query-input\":{\"@type\":\"PropertyValueSpecification\",\"valueRequired\":true,\"valueName\":\"search_term_string\"}}],\"inLanguage\":\"it-IT\"},{\"@type\":\"Person\",\"@id\":\"https:\/\/www.fondazionepirelli.org\/it\/#\/schema\/person\/f47d097000832c4a6e54538c791fdf25\",\"name\":\"fondadmin\",\"image\":{\"@type\":\"ImageObject\",\"inLanguage\":\"it-IT\",\"@id\":\"https:\/\/www.fondazionepirelli.org\/it\/#\/schema\/person\/image\/\",\"url\":\"https:\/\/secure.gravatar.com\/avatar\/e69498a9175ca244966e51e53c88712c024fcebe41f9a05f75657f1bb25e489b?s=96&d=mm&r=g\",\"contentUrl\":\"https:\/\/secure.gravatar.com\/avatar\/e69498a9175ca244966e51e53c88712c024fcebe41f9a05f75657f1bb25e489b?s=96&d=mm&r=g\",\"caption\":\"fondadmin\"},\"url\":\"https:\/\/www.fondazionepirelli.org\/it\/author\/fondadmin\/\"}]}<\/script>\n<!-- \/ Yoast SEO plugin. -->","yoast_head_json":{"title":"La forza della calma. Anche in economia - Fondazione Pirelli","robots":{"index":"index","follow":"follow","max-snippet":"max-snippet:-1","max-image-preview":"max-image-preview:large","max-video-preview":"max-video-preview:-1"},"canonical":"https:\/\/www.fondazionepirelli.org\/it\/cultura-dimpresa\/la-forza-della-calma-anche-in-economia\/","og_locale":"it_IT","og_type":"article","og_title":"La forza della calma. Anche in economia - Fondazione Pirelli","og_description":"Un libro ripercorre le vicende di Bonaldo Stringher e ne ripropone l\u2019insegnamento per affrontare le complessit\u00e0 di oggi \u00a0 La costruzione del futuro ha le fondamenta nella storia, oltre che nel presente. Indicazione che vale anche per le imprese, cos\u00ec come per tutti i componenti del sistema sociale. Indicazione che costituisce elemento importante anche di [&hellip;]","og_url":"https:\/\/www.fondazionepirelli.org\/it\/cultura-dimpresa\/la-forza-della-calma-anche-in-economia\/","og_site_name":"Fondazione Pirelli","article_published_time":"2023-10-31T09:38:29+00:00","og_image":[{"width":1748,"height":2717,"url":"https:\/\/wpsite-assets.fondazionepirelli.org\/wp-content\/uploads\/2023\/10\/30170258\/Front-Cover-BONALDO-STRINGHER-2023-10-28-13_43_48.jpg","type":"image\/jpeg"}],"author":"fondadmin","twitter_card":"summary_large_image","twitter_misc":{"Scritto da":"fondadmin","Tempo di lettura stimato":"2 minuti"},"schema":{"@context":"https:\/\/schema.org","@graph":[{"@type":"WebPage","@id":"https:\/\/www.fondazionepirelli.org\/it\/cultura-dimpresa\/la-forza-della-calma-anche-in-economia\/","url":"https:\/\/www.fondazionepirelli.org\/it\/cultura-dimpresa\/la-forza-della-calma-anche-in-economia\/","name":"La forza della calma. Anche in economia - Fondazione Pirelli","isPartOf":{"@id":"https:\/\/www.fondazionepirelli.org\/it\/#website"},"primaryImageOfPage":{"@id":"https:\/\/www.fondazionepirelli.org\/it\/cultura-dimpresa\/la-forza-della-calma-anche-in-economia\/#primaryimage"},"image":{"@id":"https:\/\/www.fondazionepirelli.org\/it\/cultura-dimpresa\/la-forza-della-calma-anche-in-economia\/#primaryimage"},"thumbnailUrl":"https:\/\/wpsite-assets.fondazionepirelli.org\/wp-content\/uploads\/2023\/10\/30170258\/Front-Cover-BONALDO-STRINGHER-2023-10-28-13_43_48.jpg","datePublished":"2023-10-31T09:38:29+00:00","author":{"@id":"https:\/\/www.fondazionepirelli.org\/it\/#\/schema\/person\/f47d097000832c4a6e54538c791fdf25"},"breadcrumb":{"@id":"https:\/\/www.fondazionepirelli.org\/it\/cultura-dimpresa\/la-forza-della-calma-anche-in-economia\/#breadcrumb"},"inLanguage":"it-IT","potentialAction":[{"@type":"ReadAction","target":["https:\/\/www.fondazionepirelli.org\/it\/cultura-dimpresa\/la-forza-della-calma-anche-in-economia\/"]}]},{"@type":"ImageObject","inLanguage":"it-IT","@id":"https:\/\/www.fondazionepirelli.org\/it\/cultura-dimpresa\/la-forza-della-calma-anche-in-economia\/#primaryimage","url":"https:\/\/wpsite-assets.fondazionepirelli.org\/wp-content\/uploads\/2023\/10\/30170258\/Front-Cover-BONALDO-STRINGHER-2023-10-28-13_43_48.jpg","contentUrl":"https:\/\/wpsite-assets.fondazionepirelli.org\/wp-content\/uploads\/2023\/10\/30170258\/Front-Cover-BONALDO-STRINGHER-2023-10-28-13_43_48.jpg","width":1748,"height":2717},{"@type":"BreadcrumbList","@id":"https:\/\/www.fondazionepirelli.org\/it\/cultura-dimpresa\/la-forza-della-calma-anche-in-economia\/#breadcrumb","itemListElement":[{"@type":"ListItem","position":1,"name":"Home","item":"https:\/\/www.fondazionepirelli.org\/it\/"},{"@type":"ListItem","position":2,"name":"La forza della calma. Anche in economia"}]},{"@type":"WebSite","@id":"https:\/\/www.fondazionepirelli.org\/it\/#website","url":"https:\/\/www.fondazionepirelli.org\/it\/","name":"Fondazione Pirelli","description":"","potentialAction":[{"@type":"SearchAction","target":{"@type":"EntryPoint","urlTemplate":"https:\/\/www.fondazionepirelli.org\/it\/?s={search_term_string}"},"query-input":{"@type":"PropertyValueSpecification","valueRequired":true,"valueName":"search_term_string"}}],"inLanguage":"it-IT"},{"@type":"Person","@id":"https:\/\/www.fondazionepirelli.org\/it\/#\/schema\/person\/f47d097000832c4a6e54538c791fdf25","name":"fondadmin","image":{"@type":"ImageObject","inLanguage":"it-IT","@id":"https:\/\/www.fondazionepirelli.org\/it\/#\/schema\/person\/image\/","url":"https:\/\/secure.gravatar.com\/avatar\/e69498a9175ca244966e51e53c88712c024fcebe41f9a05f75657f1bb25e489b?s=96&d=mm&r=g","contentUrl":"https:\/\/secure.gravatar.com\/avatar\/e69498a9175ca244966e51e53c88712c024fcebe41f9a05f75657f1bb25e489b?s=96&d=mm&r=g","caption":"fondadmin"},"url":"https:\/\/www.fondazionepirelli.org\/it\/author\/fondadmin\/"}]}},"_links":{"self":[{"href":"https:\/\/www.fondazionepirelli.org\/it\/wp-json\/wp\/v2\/posts\/98420\/"}],"collection":[{"href":"https:\/\/www.fondazionepirelli.org\/it\/wp-json\/wp\/v2\/posts\/"}],"about":[{"href":"https:\/\/www.fondazionepirelli.org\/it\/wp-json\/wp\/v2\/types\/post\/"}],"author":[{"embeddable":true,"href":"https:\/\/www.fondazionepirelli.org\/it\/wp-json\/wp\/v2\/users\/1\/"}],"replies":[{"embeddable":true,"href":"https:\/\/www.fondazionepirelli.org\/it\/wp-json\/wp\/v2\/comments\/?post=98420"}],"version-history":[{"count":1,"href":"https:\/\/www.fondazionepirelli.org\/it\/wp-json\/wp\/v2\/posts\/98420\/revisions\/"}],"predecessor-version":[{"id":98421,"href":"https:\/\/www.fondazionepirelli.org\/it\/wp-json\/wp\/v2\/posts\/98420\/revisions\/98421\/"}],"wp:featuredmedia":[{"embeddable":true,"href":"https:\/\/www.fondazionepirelli.org\/it\/wp-json\/wp\/v2\/media\/98422\/"}],"wp:attachment":[{"href":"https:\/\/www.fondazionepirelli.org\/it\/wp-json\/wp\/v2\/media\/?parent=98420"}],"wp:term":[{"taxonomy":"category","embeddable":true,"href":"https:\/\/www.fondazionepirelli.org\/it\/wp-json\/wp\/v2\/categories\/?post=98420"},{"taxonomy":"post_tag","embeddable":true,"href":"https:\/\/www.fondazionepirelli.org\/it\/wp-json\/wp\/v2\/tags\/?post=98420"}],"curies":[{"name":"wp","href":"https:\/\/api.w.org\/{rel}","templated":true}]}}