{"id":98480,"date":"2023-11-07T09:33:50","date_gmt":"2023-11-07T08:33:50","guid":{"rendered":"https:\/\/www.fondazionepirelli.org\/?p=98480"},"modified":"2023-11-07T09:33:50","modified_gmt":"2023-11-07T08:33:50","slug":"parita-di-genere-ed-esg-come-e-perche","status":"publish","type":"post","link":"https:\/\/www.fondazionepirelli.org\/it\/cultura-dimpresa\/parita-di-genere-ed-esg-come-e-perche\/","title":{"rendered":"Parit\u00e0 di genere ed ESG, come e perch\u00e9"},"content":{"rendered":"<p><em>Una tesi discussa all\u2019Universit\u00e0 di Padova sintetizza efficacemente le relazioni tra due elementi importanti della moderna gestione d\u2019impresa<\/em><\/p><p>Parit\u00e0 di genere nelle imprese e indice ESG (Environment, Social e Governance), binomio importante, che deve essere compreso a fondo, e applicato. Percorso non facile, soprattutto per le imprese piccole e medie. E\u2019 attorno a questi argomenti che ha ragionato Maura Massara con la sua tesi discussa presso l\u2019Universit\u00e0 di Padova Dipartimento di Scienze politiche, giuridiche e studi internazionali.<\/p>\n<p>\u201cParit\u00e0 di genere e sostenibilit\u00e0 sociale: il contributo dell\u2019indice \u2018Environment Social and Governance\u2019\u201d \u00e8 una sintesi delle relazioni che esistono tra un aspetto importante della gestione aziendale \u2013 il raggiungimento di condizioni adeguate di parit\u00e0 di genere -, e le indicazioni che vengono fornite dall\u2019indice ESG visto come sintesi di una serie di condizioni ormai imprescindibili per la buona impresa.<\/p>\n<p>Chiave di partenza \u00e8 quindi la \u201cS\u201d di ESG e cio\u00e8 il tema della sostenibilit\u00e0 sociale, con focus particolare \u2013 appunto &#8211; sulla parit\u00e0 di genere.<\/p>\n<p>La ricerca di Massara ha una struttura semplice. Prima di tutto viene messo a fuoco l\u2019indice ESG analizzato nelle tre voci fondamentali che lo compongono. Poi viene analizzata pi\u00f9 da vicino la \u201cparit\u00e0 di genere nella sostenibilit\u00e0 sociale\u201d. Infine viene illustrato il caso di un progetto start up nato nel 2022 con l&#8217;obiettivo di aiutare le piccole e medie imprese a stare al passo con il contesto che si sta creando intorno al tema ESG, in modo che l\u2019indice non sia penalizzante per nessuna azienda con particolare attenzione proprio alla parit\u00e0 di genere. Ne emerge il profila di un aspetto particolare di quella cultura d\u2019impresa che deve sempre di pi\u00f9 diffondersi in ogni categoria di organizzazione della produzione.<\/p>\n<p>Scrive Maura Massara nelle sue conclusioni: \u201cLa promozione della sostenibilit\u00e0 sociale, inclusa la parit\u00e0 di genere, non \u00e8 pi\u00f9 semplicemente un atto altruistico, ma \u00e8 diventata una strategia aziendale vantaggiosa\u201d. La tesi di Massara che dimostra questa affermazione \u00e8 una buona sintesi di un tema complesso e in evoluzione.<\/p><p><a href=\"https:\/\/wpsite-assets.fondazionepirelli.org\/wp-content\/uploads\/2023\/11\/06150955\/parita-genere.pdf\"><strong>Parit\u00e0 di genere e sostenibilit\u00e0 sociale: il contributo dell\u2019indice &#8220;Environment Social and Governance\u201d<\/strong><\/a><\/p>\n<p>Massara Maura<\/p>\n<p>Tesi, Universit\u00e0 degli Studi di Padova, Dipartimento di Scienze Politiche, Giuridiche e Studi Internazionali<\/p>\n<p>Laurea in Scienze Politiche, Relazioni Internazionali e Diritti Umani, 2023<\/p>","protected":false},"excerpt":{"rendered":"<p>Una tesi discussa all\u2019Universit\u00e0 di Padova sintetizza efficacemente le relazioni tra due elementi importanti della moderna gestione d\u2019impresaParit\u00e0 di genere nelle imprese e indice ESG (Environment, Social e Governance), binomio importante, che deve essere compreso a fondo, e applicato. Percorso non facile, soprattutto per le imprese piccole e medie. E\u2019 attorno a questi argomenti che [&hellip;]<\/p>\n","protected":false},"author":1,"featured_media":0,"comment_status":"open","ping_status":"open","sticky":false,"template":"","format":"standard","meta":{"footnotes":""},"categories":[54,52],"tags":[],"class_list":["post-98480","post","type-post","status-publish","format-standard","hentry","category-approfondimenti","category-cultura-dimpresa"],"acf":[],"yoast_head":"<!-- This site is optimized with the Yoast SEO plugin v25.0 - https:\/\/yoast.com\/wordpress\/plugins\/seo\/ -->\n<title>Parit\u00e0 di genere ed ESG, come e perch\u00e9 - Fondazione Pirelli<\/title>\n<meta name=\"robots\" content=\"index, follow, max-snippet:-1, max-image-preview:large, max-video-preview:-1\" \/>\n<link rel=\"canonical\" href=\"https:\/\/www.fondazionepirelli.org\/it\/cultura-dimpresa\/parita-di-genere-ed-esg-come-e-perche\/\" \/>\n<meta property=\"og:locale\" content=\"it_IT\" \/>\n<meta property=\"og:type\" content=\"article\" \/>\n<meta property=\"og:title\" content=\"Parit\u00e0 di genere ed ESG, come e perch\u00e9 - Fondazione Pirelli\" \/>\n<meta property=\"og:description\" content=\"Una tesi discussa all\u2019Universit\u00e0 di Padova sintetizza efficacemente le relazioni tra due elementi importanti della moderna gestione d\u2019impresaParit\u00e0 di genere nelle imprese e indice ESG (Environment, Social e Governance), binomio importante, che deve essere compreso a fondo, e applicato. Percorso non facile, soprattutto per le imprese piccole e medie. E\u2019 attorno a questi argomenti che [&hellip;]\" \/>\n<meta property=\"og:url\" content=\"https:\/\/www.fondazionepirelli.org\/it\/cultura-dimpresa\/parita-di-genere-ed-esg-come-e-perche\/\" \/>\n<meta property=\"og:site_name\" content=\"Fondazione Pirelli\" \/>\n<meta property=\"article:published_time\" content=\"2023-11-07T08:33:50+00:00\" \/>\n<meta name=\"author\" content=\"fondadmin\" \/>\n<meta name=\"twitter:card\" content=\"summary_large_image\" \/>\n<meta name=\"twitter:label1\" content=\"Scritto da\" \/>\n\t<meta name=\"twitter:data1\" content=\"fondadmin\" \/>\n\t<meta name=\"twitter:label2\" content=\"Tempo di lettura stimato\" \/>\n\t<meta name=\"twitter:data2\" content=\"2 minuti\" \/>\n<script type=\"application\/ld+json\" class=\"yoast-schema-graph\">{\"@context\":\"https:\/\/schema.org\",\"@graph\":[{\"@type\":\"WebPage\",\"@id\":\"https:\/\/www.fondazionepirelli.org\/it\/cultura-dimpresa\/parita-di-genere-ed-esg-come-e-perche\/\",\"url\":\"https:\/\/www.fondazionepirelli.org\/it\/cultura-dimpresa\/parita-di-genere-ed-esg-come-e-perche\/\",\"name\":\"Parit\u00e0 di genere ed ESG, come e perch\u00e9 - Fondazione Pirelli\",\"isPartOf\":{\"@id\":\"https:\/\/www.fondazionepirelli.org\/it\/#website\"},\"datePublished\":\"2023-11-07T08:33:50+00:00\",\"author\":{\"@id\":\"https:\/\/www.fondazionepirelli.org\/it\/#\/schema\/person\/f47d097000832c4a6e54538c791fdf25\"},\"breadcrumb\":{\"@id\":\"https:\/\/www.fondazionepirelli.org\/it\/cultura-dimpresa\/parita-di-genere-ed-esg-come-e-perche\/#breadcrumb\"},\"inLanguage\":\"it-IT\",\"potentialAction\":[{\"@type\":\"ReadAction\",\"target\":[\"https:\/\/www.fondazionepirelli.org\/it\/cultura-dimpresa\/parita-di-genere-ed-esg-come-e-perche\/\"]}]},{\"@type\":\"BreadcrumbList\",\"@id\":\"https:\/\/www.fondazionepirelli.org\/it\/cultura-dimpresa\/parita-di-genere-ed-esg-come-e-perche\/#breadcrumb\",\"itemListElement\":[{\"@type\":\"ListItem\",\"position\":1,\"name\":\"Home\",\"item\":\"https:\/\/www.fondazionepirelli.org\/it\/\"},{\"@type\":\"ListItem\",\"position\":2,\"name\":\"Parit\u00e0 di genere ed ESG, come e perch\u00e9\"}]},{\"@type\":\"WebSite\",\"@id\":\"https:\/\/www.fondazionepirelli.org\/it\/#website\",\"url\":\"https:\/\/www.fondazionepirelli.org\/it\/\",\"name\":\"Fondazione Pirelli\",\"description\":\"\",\"potentialAction\":[{\"@type\":\"SearchAction\",\"target\":{\"@type\":\"EntryPoint\",\"urlTemplate\":\"https:\/\/www.fondazionepirelli.org\/it\/?s={search_term_string}\"},\"query-input\":{\"@type\":\"PropertyValueSpecification\",\"valueRequired\":true,\"valueName\":\"search_term_string\"}}],\"inLanguage\":\"it-IT\"},{\"@type\":\"Person\",\"@id\":\"https:\/\/www.fondazionepirelli.org\/it\/#\/schema\/person\/f47d097000832c4a6e54538c791fdf25\",\"name\":\"fondadmin\",\"image\":{\"@type\":\"ImageObject\",\"inLanguage\":\"it-IT\",\"@id\":\"https:\/\/www.fondazionepirelli.org\/it\/#\/schema\/person\/image\/\",\"url\":\"https:\/\/secure.gravatar.com\/avatar\/e69498a9175ca244966e51e53c88712c024fcebe41f9a05f75657f1bb25e489b?s=96&d=mm&r=g\",\"contentUrl\":\"https:\/\/secure.gravatar.com\/avatar\/e69498a9175ca244966e51e53c88712c024fcebe41f9a05f75657f1bb25e489b?s=96&d=mm&r=g\",\"caption\":\"fondadmin\"},\"url\":\"https:\/\/www.fondazionepirelli.org\/it\/author\/fondadmin\/\"}]}<\/script>\n<!-- \/ Yoast SEO plugin. -->","yoast_head_json":{"title":"Parit\u00e0 di genere ed ESG, come e perch\u00e9 - Fondazione Pirelli","robots":{"index":"index","follow":"follow","max-snippet":"max-snippet:-1","max-image-preview":"max-image-preview:large","max-video-preview":"max-video-preview:-1"},"canonical":"https:\/\/www.fondazionepirelli.org\/it\/cultura-dimpresa\/parita-di-genere-ed-esg-come-e-perche\/","og_locale":"it_IT","og_type":"article","og_title":"Parit\u00e0 di genere ed ESG, come e perch\u00e9 - Fondazione Pirelli","og_description":"Una tesi discussa all\u2019Universit\u00e0 di Padova sintetizza efficacemente le relazioni tra due elementi importanti della moderna gestione d\u2019impresaParit\u00e0 di genere nelle imprese e indice ESG (Environment, Social e Governance), binomio importante, che deve essere compreso a fondo, e applicato. Percorso non facile, soprattutto per le imprese piccole e medie. E\u2019 attorno a questi argomenti che [&hellip;]","og_url":"https:\/\/www.fondazionepirelli.org\/it\/cultura-dimpresa\/parita-di-genere-ed-esg-come-e-perche\/","og_site_name":"Fondazione Pirelli","article_published_time":"2023-11-07T08:33:50+00:00","author":"fondadmin","twitter_card":"summary_large_image","twitter_misc":{"Scritto da":"fondadmin","Tempo di lettura stimato":"2 minuti"},"schema":{"@context":"https:\/\/schema.org","@graph":[{"@type":"WebPage","@id":"https:\/\/www.fondazionepirelli.org\/it\/cultura-dimpresa\/parita-di-genere-ed-esg-come-e-perche\/","url":"https:\/\/www.fondazionepirelli.org\/it\/cultura-dimpresa\/parita-di-genere-ed-esg-come-e-perche\/","name":"Parit\u00e0 di genere ed ESG, come e perch\u00e9 - Fondazione Pirelli","isPartOf":{"@id":"https:\/\/www.fondazionepirelli.org\/it\/#website"},"datePublished":"2023-11-07T08:33:50+00:00","author":{"@id":"https:\/\/www.fondazionepirelli.org\/it\/#\/schema\/person\/f47d097000832c4a6e54538c791fdf25"},"breadcrumb":{"@id":"https:\/\/www.fondazionepirelli.org\/it\/cultura-dimpresa\/parita-di-genere-ed-esg-come-e-perche\/#breadcrumb"},"inLanguage":"it-IT","potentialAction":[{"@type":"ReadAction","target":["https:\/\/www.fondazionepirelli.org\/it\/cultura-dimpresa\/parita-di-genere-ed-esg-come-e-perche\/"]}]},{"@type":"BreadcrumbList","@id":"https:\/\/www.fondazionepirelli.org\/it\/cultura-dimpresa\/parita-di-genere-ed-esg-come-e-perche\/#breadcrumb","itemListElement":[{"@type":"ListItem","position":1,"name":"Home","item":"https:\/\/www.fondazionepirelli.org\/it\/"},{"@type":"ListItem","position":2,"name":"Parit\u00e0 di genere ed ESG, come e perch\u00e9"}]},{"@type":"WebSite","@id":"https:\/\/www.fondazionepirelli.org\/it\/#website","url":"https:\/\/www.fondazionepirelli.org\/it\/","name":"Fondazione Pirelli","description":"","potentialAction":[{"@type":"SearchAction","target":{"@type":"EntryPoint","urlTemplate":"https:\/\/www.fondazionepirelli.org\/it\/?s={search_term_string}"},"query-input":{"@type":"PropertyValueSpecification","valueRequired":true,"valueName":"search_term_string"}}],"inLanguage":"it-IT"},{"@type":"Person","@id":"https:\/\/www.fondazionepirelli.org\/it\/#\/schema\/person\/f47d097000832c4a6e54538c791fdf25","name":"fondadmin","image":{"@type":"ImageObject","inLanguage":"it-IT","@id":"https:\/\/www.fondazionepirelli.org\/it\/#\/schema\/person\/image\/","url":"https:\/\/secure.gravatar.com\/avatar\/e69498a9175ca244966e51e53c88712c024fcebe41f9a05f75657f1bb25e489b?s=96&d=mm&r=g","contentUrl":"https:\/\/secure.gravatar.com\/avatar\/e69498a9175ca244966e51e53c88712c024fcebe41f9a05f75657f1bb25e489b?s=96&d=mm&r=g","caption":"fondadmin"},"url":"https:\/\/www.fondazionepirelli.org\/it\/author\/fondadmin\/"}]}},"_links":{"self":[{"href":"https:\/\/www.fondazionepirelli.org\/it\/wp-json\/wp\/v2\/posts\/98480\/"}],"collection":[{"href":"https:\/\/www.fondazionepirelli.org\/it\/wp-json\/wp\/v2\/posts\/"}],"about":[{"href":"https:\/\/www.fondazionepirelli.org\/it\/wp-json\/wp\/v2\/types\/post\/"}],"author":[{"embeddable":true,"href":"https:\/\/www.fondazionepirelli.org\/it\/wp-json\/wp\/v2\/users\/1\/"}],"replies":[{"embeddable":true,"href":"https:\/\/www.fondazionepirelli.org\/it\/wp-json\/wp\/v2\/comments\/?post=98480"}],"version-history":[{"count":3,"href":"https:\/\/www.fondazionepirelli.org\/it\/wp-json\/wp\/v2\/posts\/98480\/revisions\/"}],"predecessor-version":[{"id":98485,"href":"https:\/\/www.fondazionepirelli.org\/it\/wp-json\/wp\/v2\/posts\/98480\/revisions\/98485\/"}],"wp:attachment":[{"href":"https:\/\/www.fondazionepirelli.org\/it\/wp-json\/wp\/v2\/media\/?parent=98480"}],"wp:term":[{"taxonomy":"category","embeddable":true,"href":"https:\/\/www.fondazionepirelli.org\/it\/wp-json\/wp\/v2\/categories\/?post=98480"},{"taxonomy":"post_tag","embeddable":true,"href":"https:\/\/www.fondazionepirelli.org\/it\/wp-json\/wp\/v2\/tags\/?post=98480"}],"curies":[{"name":"wp","href":"https:\/\/api.w.org\/{rel}","templated":true}]}}