{"id":98486,"date":"2023-11-07T09:33:14","date_gmt":"2023-11-07T08:33:14","guid":{"rendered":"https:\/\/www.fondazionepirelli.org\/?p=98486"},"modified":"2023-11-07T09:33:37","modified_gmt":"2023-11-07T08:33:37","slug":"quale-progresso","status":"publish","type":"post","link":"https:\/\/www.fondazionepirelli.org\/it\/cultura-dimpresa\/quale-progresso\/","title":{"rendered":"Quale progresso?"},"content":{"rendered":"<p><em>In un libro appena pubblicato la storia delle relazioni tra tecnologia e prosperit\u00e0, base per capire il presente e prepararsi al futuro<\/em><\/p>\n<p><strong>\u00a0<\/strong><\/p>\n<p><strong>\u00a0<\/strong>Conciliare il potere della tecnologia con lo sviluppo e il progresso equilibrati. Con il benessere per tutti come traguardo da raggiungere. Sempre. Obiettivi ineludibili ma, non per questo, scontati. Punti d\u2019arrivo che dovrebbero essere patrimonio di una cultura del vivere sociale e della produzione che metta al centro l\u2019uomo a tutto tondo, e tutta l\u2019umanit\u00e0. Per capire come fare \u00e8 necessario comprendere anche come si \u00e8 fatto fino ad oggi: leggere \u201cPotere e progresso. La nostra lotta millenaria per la tecnologia e la prosperit\u00e0\u201d, scritto a quattro mani da Daron Acemoglu e Simon Johnson (entrambi insegnanti al MIT di Boston), aiuta \u2013 e molto -, chi legge in questo compito.<\/p>\n<p>Il libro \u00a0appena pubblicato in Italia cerca di rispondere ad una domanda: che cosa \u00e8 davvero il progresso? Da questo interrogativo ne derivano molti altri accompagnati da altrettante risposte che collegano il passato al presente. I due autori scrivono del cambiamento tecnologico \u2013 che si tratti dei miglioramenti agricoli nel Medioevo, della Rivoluzione industriale o dell\u2019odierna intelligenza artificiale \u2013 visto come il principale motore della prosperit\u00e0, qualcosa da cui avremmo tratto solo vantaggi, ma che in realt\u00e0 ha agito in modi diversi a seconda di chi avesse il potere su di esso. Acemoglu e Johnson sfatano il mito del tecnottimismo moderno (ma tutto sommato del tecnottimismo di qualsiasi epoca). \u00c8 vero: ce la passiamo enormemente meglio dei nostri antenati, ma gli ultimi mille anni hanno visto la diffusione di invenzioni che non hanno affatto portato al benessere collettivo. Ma quindi che fare? Secondo i due economisti serve una visione nuova e pi\u00f9 inclusiva della tecnologia, qualcosa che potr\u00e0 emergere solo se i sistemi sociali e produttivi prendono coscienza della necessit\u00e0 di fare in modo che le innovazioni siano al servizio di tutti.\u00a0Nelle conclusioni dello vasto racconto sulla storia e sull\u2019attualit\u00e0 del progresso e della tecnologia, Acemoglu e Johnson descrivono quindi gli ambiti sui quali agire: il riorientamento generale del progresso tecnologico, la riconfigurazione delle tecnologie digitali, il riesame delle relazioni sociali ma anche l\u2019azione istituzionale e politica necessarie per mettere a punto gli strumenti concreti per intervenire. Il traguardo finale dichiarato \u00e8, come si diceva all\u2019inizio, uno solo: assicurare che la tecnologia crei nuovi posti di lavoro e nuove opportunit\u00e0, anzich\u00e9 emarginare la maggior parte delle persone. Utile e quasi un libro nel libro il saggio bibliografico posto al termine del testo.<\/p>\n<p>Come ogni libro che espone non solo fatti ma anche idee, anche l\u2019ultima fatica letteraria di Acemoglu e Johnson pu\u00f2 contenere passaggi sui quali non essere d\u2019accordo, ma le circa 600 pagine\u00a0 sulla \u201clotta millenaria per la tecnologia e la prosperit\u00e0\u201d sono certamente da leggere con grande attenzione.<\/p><p><strong>Potere e progresso. La nostra lotta millenaria per la tecnologia e la prosperit\u00e0<\/strong><\/p>\n<p>Daron Acemoglu, Simon Johnson<\/p>\n<p>il Saggiatore, 2023<\/p>","protected":false},"excerpt":{"rendered":"<p>In un libro appena pubblicato la storia delle relazioni tra tecnologia e prosperit\u00e0, base per capire il presente e prepararsi al futuro \u00a0 \u00a0Conciliare il potere della tecnologia con lo sviluppo e il progresso equilibrati. Con il benessere per tutti come traguardo da raggiungere. Sempre. Obiettivi ineludibili ma, non per questo, scontati. Punti d\u2019arrivo che [&hellip;]<\/p>\n","protected":false},"author":1,"featured_media":98487,"comment_status":"open","ping_status":"open","sticky":false,"template":"","format":"standard","meta":{"footnotes":""},"categories":[52,58],"tags":[],"class_list":["post-98486","post","type-post","status-publish","format-standard","has-post-thumbnail","hentry","category-cultura-dimpresa","category-recensioni-libri"],"acf":[],"yoast_head":"<!-- This site is optimized with the Yoast SEO plugin v25.0 - https:\/\/yoast.com\/wordpress\/plugins\/seo\/ -->\n<title>Quale progresso? - Fondazione Pirelli<\/title>\n<meta name=\"robots\" content=\"index, follow, max-snippet:-1, max-image-preview:large, max-video-preview:-1\" \/>\n<link rel=\"canonical\" href=\"https:\/\/www.fondazionepirelli.org\/it\/cultura-dimpresa\/quale-progresso\/\" \/>\n<meta property=\"og:locale\" content=\"it_IT\" \/>\n<meta property=\"og:type\" content=\"article\" \/>\n<meta property=\"og:title\" content=\"Quale progresso? - Fondazione Pirelli\" \/>\n<meta property=\"og:description\" content=\"In un libro appena pubblicato la storia delle relazioni tra tecnologia e prosperit\u00e0, base per capire il presente e prepararsi al futuro \u00a0 \u00a0Conciliare il potere della tecnologia con lo sviluppo e il progresso equilibrati. Con il benessere per tutti come traguardo da raggiungere. Sempre. Obiettivi ineludibili ma, non per questo, scontati. Punti d\u2019arrivo che [&hellip;]\" \/>\n<meta property=\"og:url\" content=\"https:\/\/www.fondazionepirelli.org\/it\/cultura-dimpresa\/quale-progresso\/\" \/>\n<meta property=\"og:site_name\" content=\"Fondazione Pirelli\" \/>\n<meta property=\"article:published_time\" content=\"2023-11-07T08:33:14+00:00\" \/>\n<meta property=\"article:modified_time\" content=\"2023-11-07T08:33:37+00:00\" \/>\n<meta property=\"og:image\" content=\"https:\/\/wpsite-assets.fondazionepirelli.org\/wp-content\/uploads\/2023\/11\/06151422\/IMG_0043.jpeg\" \/>\n\t<meta property=\"og:image:width\" content=\"371\" \/>\n\t<meta property=\"og:image:height\" content=\"550\" \/>\n\t<meta property=\"og:image:type\" content=\"image\/jpeg\" \/>\n<meta name=\"author\" content=\"fondadmin\" \/>\n<meta name=\"twitter:card\" content=\"summary_large_image\" \/>\n<meta name=\"twitter:label1\" content=\"Scritto da\" \/>\n\t<meta name=\"twitter:data1\" content=\"fondadmin\" \/>\n\t<meta name=\"twitter:label2\" content=\"Tempo di lettura stimato\" \/>\n\t<meta name=\"twitter:data2\" content=\"2 minuti\" \/>\n<script type=\"application\/ld+json\" class=\"yoast-schema-graph\">{\"@context\":\"https:\/\/schema.org\",\"@graph\":[{\"@type\":\"WebPage\",\"@id\":\"https:\/\/www.fondazionepirelli.org\/it\/cultura-dimpresa\/quale-progresso\/\",\"url\":\"https:\/\/www.fondazionepirelli.org\/it\/cultura-dimpresa\/quale-progresso\/\",\"name\":\"Quale progresso? - Fondazione Pirelli\",\"isPartOf\":{\"@id\":\"https:\/\/www.fondazionepirelli.org\/it\/#website\"},\"primaryImageOfPage\":{\"@id\":\"https:\/\/www.fondazionepirelli.org\/it\/cultura-dimpresa\/quale-progresso\/#primaryimage\"},\"image\":{\"@id\":\"https:\/\/www.fondazionepirelli.org\/it\/cultura-dimpresa\/quale-progresso\/#primaryimage\"},\"thumbnailUrl\":\"https:\/\/wpsite-assets.fondazionepirelli.org\/wp-content\/uploads\/2023\/11\/06151422\/IMG_0043.jpeg\",\"datePublished\":\"2023-11-07T08:33:14+00:00\",\"dateModified\":\"2023-11-07T08:33:37+00:00\",\"author\":{\"@id\":\"https:\/\/www.fondazionepirelli.org\/it\/#\/schema\/person\/f47d097000832c4a6e54538c791fdf25\"},\"breadcrumb\":{\"@id\":\"https:\/\/www.fondazionepirelli.org\/it\/cultura-dimpresa\/quale-progresso\/#breadcrumb\"},\"inLanguage\":\"it-IT\",\"potentialAction\":[{\"@type\":\"ReadAction\",\"target\":[\"https:\/\/www.fondazionepirelli.org\/it\/cultura-dimpresa\/quale-progresso\/\"]}]},{\"@type\":\"ImageObject\",\"inLanguage\":\"it-IT\",\"@id\":\"https:\/\/www.fondazionepirelli.org\/it\/cultura-dimpresa\/quale-progresso\/#primaryimage\",\"url\":\"https:\/\/wpsite-assets.fondazionepirelli.org\/wp-content\/uploads\/2023\/11\/06151422\/IMG_0043.jpeg\",\"contentUrl\":\"https:\/\/wpsite-assets.fondazionepirelli.org\/wp-content\/uploads\/2023\/11\/06151422\/IMG_0043.jpeg\",\"width\":371,\"height\":550},{\"@type\":\"BreadcrumbList\",\"@id\":\"https:\/\/www.fondazionepirelli.org\/it\/cultura-dimpresa\/quale-progresso\/#breadcrumb\",\"itemListElement\":[{\"@type\":\"ListItem\",\"position\":1,\"name\":\"Home\",\"item\":\"https:\/\/www.fondazionepirelli.org\/it\/\"},{\"@type\":\"ListItem\",\"position\":2,\"name\":\"Quale progresso?\"}]},{\"@type\":\"WebSite\",\"@id\":\"https:\/\/www.fondazionepirelli.org\/it\/#website\",\"url\":\"https:\/\/www.fondazionepirelli.org\/it\/\",\"name\":\"Fondazione Pirelli\",\"description\":\"\",\"potentialAction\":[{\"@type\":\"SearchAction\",\"target\":{\"@type\":\"EntryPoint\",\"urlTemplate\":\"https:\/\/www.fondazionepirelli.org\/it\/?s={search_term_string}\"},\"query-input\":{\"@type\":\"PropertyValueSpecification\",\"valueRequired\":true,\"valueName\":\"search_term_string\"}}],\"inLanguage\":\"it-IT\"},{\"@type\":\"Person\",\"@id\":\"https:\/\/www.fondazionepirelli.org\/it\/#\/schema\/person\/f47d097000832c4a6e54538c791fdf25\",\"name\":\"fondadmin\",\"image\":{\"@type\":\"ImageObject\",\"inLanguage\":\"it-IT\",\"@id\":\"https:\/\/www.fondazionepirelli.org\/it\/#\/schema\/person\/image\/\",\"url\":\"https:\/\/secure.gravatar.com\/avatar\/e69498a9175ca244966e51e53c88712c024fcebe41f9a05f75657f1bb25e489b?s=96&d=mm&r=g\",\"contentUrl\":\"https:\/\/secure.gravatar.com\/avatar\/e69498a9175ca244966e51e53c88712c024fcebe41f9a05f75657f1bb25e489b?s=96&d=mm&r=g\",\"caption\":\"fondadmin\"},\"url\":\"https:\/\/www.fondazionepirelli.org\/it\/author\/fondadmin\/\"}]}<\/script>\n<!-- \/ Yoast SEO plugin. -->","yoast_head_json":{"title":"Quale progresso? - Fondazione Pirelli","robots":{"index":"index","follow":"follow","max-snippet":"max-snippet:-1","max-image-preview":"max-image-preview:large","max-video-preview":"max-video-preview:-1"},"canonical":"https:\/\/www.fondazionepirelli.org\/it\/cultura-dimpresa\/quale-progresso\/","og_locale":"it_IT","og_type":"article","og_title":"Quale progresso? - Fondazione Pirelli","og_description":"In un libro appena pubblicato la storia delle relazioni tra tecnologia e prosperit\u00e0, base per capire il presente e prepararsi al futuro \u00a0 \u00a0Conciliare il potere della tecnologia con lo sviluppo e il progresso equilibrati. Con il benessere per tutti come traguardo da raggiungere. Sempre. Obiettivi ineludibili ma, non per questo, scontati. Punti d\u2019arrivo che [&hellip;]","og_url":"https:\/\/www.fondazionepirelli.org\/it\/cultura-dimpresa\/quale-progresso\/","og_site_name":"Fondazione Pirelli","article_published_time":"2023-11-07T08:33:14+00:00","article_modified_time":"2023-11-07T08:33:37+00:00","og_image":[{"width":371,"height":550,"url":"https:\/\/wpsite-assets.fondazionepirelli.org\/wp-content\/uploads\/2023\/11\/06151422\/IMG_0043.jpeg","type":"image\/jpeg"}],"author":"fondadmin","twitter_card":"summary_large_image","twitter_misc":{"Scritto da":"fondadmin","Tempo di lettura stimato":"2 minuti"},"schema":{"@context":"https:\/\/schema.org","@graph":[{"@type":"WebPage","@id":"https:\/\/www.fondazionepirelli.org\/it\/cultura-dimpresa\/quale-progresso\/","url":"https:\/\/www.fondazionepirelli.org\/it\/cultura-dimpresa\/quale-progresso\/","name":"Quale progresso? - Fondazione Pirelli","isPartOf":{"@id":"https:\/\/www.fondazionepirelli.org\/it\/#website"},"primaryImageOfPage":{"@id":"https:\/\/www.fondazionepirelli.org\/it\/cultura-dimpresa\/quale-progresso\/#primaryimage"},"image":{"@id":"https:\/\/www.fondazionepirelli.org\/it\/cultura-dimpresa\/quale-progresso\/#primaryimage"},"thumbnailUrl":"https:\/\/wpsite-assets.fondazionepirelli.org\/wp-content\/uploads\/2023\/11\/06151422\/IMG_0043.jpeg","datePublished":"2023-11-07T08:33:14+00:00","dateModified":"2023-11-07T08:33:37+00:00","author":{"@id":"https:\/\/www.fondazionepirelli.org\/it\/#\/schema\/person\/f47d097000832c4a6e54538c791fdf25"},"breadcrumb":{"@id":"https:\/\/www.fondazionepirelli.org\/it\/cultura-dimpresa\/quale-progresso\/#breadcrumb"},"inLanguage":"it-IT","potentialAction":[{"@type":"ReadAction","target":["https:\/\/www.fondazionepirelli.org\/it\/cultura-dimpresa\/quale-progresso\/"]}]},{"@type":"ImageObject","inLanguage":"it-IT","@id":"https:\/\/www.fondazionepirelli.org\/it\/cultura-dimpresa\/quale-progresso\/#primaryimage","url":"https:\/\/wpsite-assets.fondazionepirelli.org\/wp-content\/uploads\/2023\/11\/06151422\/IMG_0043.jpeg","contentUrl":"https:\/\/wpsite-assets.fondazionepirelli.org\/wp-content\/uploads\/2023\/11\/06151422\/IMG_0043.jpeg","width":371,"height":550},{"@type":"BreadcrumbList","@id":"https:\/\/www.fondazionepirelli.org\/it\/cultura-dimpresa\/quale-progresso\/#breadcrumb","itemListElement":[{"@type":"ListItem","position":1,"name":"Home","item":"https:\/\/www.fondazionepirelli.org\/it\/"},{"@type":"ListItem","position":2,"name":"Quale progresso?"}]},{"@type":"WebSite","@id":"https:\/\/www.fondazionepirelli.org\/it\/#website","url":"https:\/\/www.fondazionepirelli.org\/it\/","name":"Fondazione Pirelli","description":"","potentialAction":[{"@type":"SearchAction","target":{"@type":"EntryPoint","urlTemplate":"https:\/\/www.fondazionepirelli.org\/it\/?s={search_term_string}"},"query-input":{"@type":"PropertyValueSpecification","valueRequired":true,"valueName":"search_term_string"}}],"inLanguage":"it-IT"},{"@type":"Person","@id":"https:\/\/www.fondazionepirelli.org\/it\/#\/schema\/person\/f47d097000832c4a6e54538c791fdf25","name":"fondadmin","image":{"@type":"ImageObject","inLanguage":"it-IT","@id":"https:\/\/www.fondazionepirelli.org\/it\/#\/schema\/person\/image\/","url":"https:\/\/secure.gravatar.com\/avatar\/e69498a9175ca244966e51e53c88712c024fcebe41f9a05f75657f1bb25e489b?s=96&d=mm&r=g","contentUrl":"https:\/\/secure.gravatar.com\/avatar\/e69498a9175ca244966e51e53c88712c024fcebe41f9a05f75657f1bb25e489b?s=96&d=mm&r=g","caption":"fondadmin"},"url":"https:\/\/www.fondazionepirelli.org\/it\/author\/fondadmin\/"}]}},"_links":{"self":[{"href":"https:\/\/www.fondazionepirelli.org\/it\/wp-json\/wp\/v2\/posts\/98486\/"}],"collection":[{"href":"https:\/\/www.fondazionepirelli.org\/it\/wp-json\/wp\/v2\/posts\/"}],"about":[{"href":"https:\/\/www.fondazionepirelli.org\/it\/wp-json\/wp\/v2\/types\/post\/"}],"author":[{"embeddable":true,"href":"https:\/\/www.fondazionepirelli.org\/it\/wp-json\/wp\/v2\/users\/1\/"}],"replies":[{"embeddable":true,"href":"https:\/\/www.fondazionepirelli.org\/it\/wp-json\/wp\/v2\/comments\/?post=98486"}],"version-history":[{"count":2,"href":"https:\/\/www.fondazionepirelli.org\/it\/wp-json\/wp\/v2\/posts\/98486\/revisions\/"}],"predecessor-version":[{"id":98498,"href":"https:\/\/www.fondazionepirelli.org\/it\/wp-json\/wp\/v2\/posts\/98486\/revisions\/98498\/"}],"wp:featuredmedia":[{"embeddable":true,"href":"https:\/\/www.fondazionepirelli.org\/it\/wp-json\/wp\/v2\/media\/98487\/"}],"wp:attachment":[{"href":"https:\/\/www.fondazionepirelli.org\/it\/wp-json\/wp\/v2\/media\/?parent=98486"}],"wp:term":[{"taxonomy":"category","embeddable":true,"href":"https:\/\/www.fondazionepirelli.org\/it\/wp-json\/wp\/v2\/categories\/?post=98486"},{"taxonomy":"post_tag","embeddable":true,"href":"https:\/\/www.fondazionepirelli.org\/it\/wp-json\/wp\/v2\/tags\/?post=98486"}],"curies":[{"name":"wp","href":"https:\/\/api.w.org\/{rel}","templated":true}]}}