{"id":98492,"date":"2023-11-07T13:35:47","date_gmt":"2023-11-07T12:35:47","guid":{"rendered":"https:\/\/www.fondazionepirelli.org\/?p=98492"},"modified":"2023-11-13T11:41:57","modified_gmt":"2023-11-13T10:41:57","slug":"lumana-impresa-sul-podio-dei-corporate-heritage-awards-2023","status":"publish","type":"post","link":"https:\/\/www.fondazionepirelli.org\/it\/iniziative\/lumana-impresa-sul-podio-dei-corporate-heritage-awards-2023\/","title":{"rendered":"\u201cL\u2019Umana impresa\u201d sul podio dei Corporate Heritage Awards 2023"},"content":{"rendered":"<p>Questa mattina al <strong>Centro Congressi di Confindustria di Roma<\/strong> si \u00e8 svolta la cerimonia di premiazione dei <a href=\"https:\/\/www.corporateheritageawards.it\/\">Corporate Heritage Awards\u00a0<\/a>2023, giunti alla terza edizione. Il riconoscimento \u00e8 promosso da <strong>Leaving Footprints<\/strong>, spinoff accademico dell\u2019Universit\u00e0 Parthenope con l\u2019Universit\u00e0 del Sannio, specializzato nella consulenza nell\u2019ambito dell\u2019<em>heritage marketing<\/em>.\u00a0L\u2019obiettivo del premio \u00e8 quello di mettere in luce le storie delle imprese alle quali \u00e8 legato lo sviluppo del nostro Paese, e di raccontarle per contribuire ad alimentare e sviluppare la cultura imprenditoriale.<\/p>\n<p>Ad aggiudicarsi il riconoscimento nella categoria <strong>\u201cNarrazione attraverso eventi\u201d<\/strong> \u00e8 stato lo spettacolo <strong>\u201cL\u2019umana impresa. La fabbrica degli attori\u201d<\/strong>, progetto di formazione teatrale curato dall\u2019<strong>Associazione Pier Lombardo <\/strong>in collaborazione con Fondazione Pirelli. <strong>Sei giovani attori<\/strong> selezionati fra i neodiplomati delle accademie d\u2019arte drammatica di Milano, partendo da un lavoro di ricerca tra i documenti dell\u2019Archivio Storico Pirelli e nei laboratori di Ricerca e Sviluppo dell\u2019azienda negli Headquarters di Milano Bicocca, hanno raccontato il significato della parola impresa attraverso una <em>performance<\/em> teatrale inedita.<\/p>\n<p>Lo <strong>spettacolo<\/strong>, con la <strong>regia<\/strong> di <strong>Stefano De Luca<\/strong>, ha messo in scena la storia di Pirelli tra memoria, presente e futuro. Un\u2019indagine in forma teatrale che ha preso le mosse dalla riflessione su termini comuni alla cultura di impresa e all\u2019attivit\u00e0 artistica &#8211; <strong>visione<\/strong>, identit\u00e0, <strong>trasformazione<\/strong>, ricerca, per considerare la <strong>capacit\u00e0 umana di creare<\/strong> manufatti e storie &#8211; fino a indagare il rapporto tra uomo e macchina. Attraverso la forza comunicativa del teatro e l\u2019utilizzo di dialoghi, monologhi, scene corali e video, gli attori, sul palcoscenico del Teatro Franco Parenti il 28 marzo e il 3 aprile 2023, hanno interpretato il mondo delle innovazioni scientifiche, delle tecniche di produzione, delle relazioni tra le persone, della sostenibilit\u00e0 e dell\u2019economia, consolidando il loro talento di creatori di storie. Prodotti immateriali la cui finalit\u00e0 \u00e8 da sempre quella di attribuire significati e valori a tutto ci\u00f2 che ci circonda, alle esperienze vissute, a quello che ancora ci aspetta.<\/p>\n","protected":false},"excerpt":{"rendered":"<p>Questa mattina al Centro Congressi di Confindustria di Roma si \u00e8 svolta la cerimonia di premiazione dei Corporate Heritage Awards\u00a02023, giunti alla terza edizione. Il riconoscimento \u00e8 promosso da Leaving Footprints, spinoff accademico dell\u2019Universit\u00e0 Parthenope con l\u2019Universit\u00e0 del Sannio, specializzato nella consulenza nell\u2019ambito dell\u2019heritage marketing.\u00a0L\u2019obiettivo del premio \u00e8 quello di mettere in luce le storie [&hellip;]<\/p>\n","protected":false},"author":1,"featured_media":98499,"comment_status":"open","ping_status":"open","sticky":false,"template":"","format":"standard","meta":{"footnotes":""},"categories":[78,60,79],"tags":[306,109],"class_list":["post-98492","post","type-post","status-publish","format-standard","has-post-thumbnail","hentry","category-gli-eventi-e-i-percorsi-guidati","category-iniziative","category-le-collaborazioni","tag-cinema-teatro-spettacolo","tag-comunicare-limpresa"],"acf":[],"yoast_head":"<!-- This site is optimized with the Yoast SEO plugin v25.0 - https:\/\/yoast.com\/wordpress\/plugins\/seo\/ -->\n<title>\u201cL\u2019Umana impresa\u201d sul podio dei Corporate Heritage Awards 2023 - Fondazione Pirelli<\/title>\n<meta name=\"robots\" content=\"index, follow, max-snippet:-1, max-image-preview:large, max-video-preview:-1\" \/>\n<link rel=\"canonical\" href=\"https:\/\/www.fondazionepirelli.org\/it\/iniziative\/lumana-impresa-sul-podio-dei-corporate-heritage-awards-2023\/\" \/>\n<meta property=\"og:locale\" content=\"it_IT\" \/>\n<meta property=\"og:type\" content=\"article\" \/>\n<meta property=\"og:title\" content=\"\u201cL\u2019Umana impresa\u201d sul podio dei Corporate Heritage Awards 2023 - Fondazione Pirelli\" \/>\n<meta property=\"og:description\" content=\"Questa mattina al Centro Congressi di Confindustria di Roma si \u00e8 svolta la cerimonia di premiazione dei Corporate Heritage Awards\u00a02023, giunti alla terza edizione. Il riconoscimento \u00e8 promosso da Leaving Footprints, spinoff accademico dell\u2019Universit\u00e0 Parthenope con l\u2019Universit\u00e0 del Sannio, specializzato nella consulenza nell\u2019ambito dell\u2019heritage marketing.\u00a0L\u2019obiettivo del premio \u00e8 quello di mettere in luce le storie [&hellip;]\" \/>\n<meta property=\"og:url\" content=\"https:\/\/127.0.0.1\/it\/iniziative\/lumana-impresa-sul-podio-dei-corporate-heritage-awards-2023\/\" \/>\n<meta property=\"og:site_name\" content=\"Fondazione Pirelli\" \/>\n<meta property=\"article:published_time\" content=\"2023-11-07T12:35:47+00:00\" \/>\n<meta property=\"article:modified_time\" content=\"2023-11-13T10:41:57+00:00\" \/>\n<meta property=\"og:image\" content=\"https:\/\/wpsite-assets.fondazionepirelli.org\/wp-content\/uploads\/2023\/11\/07133237\/CHA2023-2.jpg\" \/>\n\t<meta property=\"og:image:width\" content=\"1200\" \/>\n\t<meta property=\"og:image:height\" content=\"1600\" \/>\n\t<meta property=\"og:image:type\" content=\"image\/jpeg\" \/>\n<meta name=\"author\" content=\"fondadmin\" \/>\n<meta name=\"twitter:card\" content=\"summary_large_image\" \/>\n<meta name=\"twitter:label1\" content=\"Scritto da\" \/>\n\t<meta name=\"twitter:data1\" content=\"fondadmin\" \/>\n\t<meta name=\"twitter:label2\" content=\"Tempo di lettura stimato\" \/>\n\t<meta name=\"twitter:data2\" content=\"2 minuti\" \/>\n<script type=\"application\/ld+json\" class=\"yoast-schema-graph\">{\"@context\":\"https:\/\/schema.org\",\"@graph\":[{\"@type\":\"WebPage\",\"@id\":\"https:\/\/127.0.0.1\/it\/iniziative\/lumana-impresa-sul-podio-dei-corporate-heritage-awards-2023\/\",\"url\":\"https:\/\/127.0.0.1\/it\/iniziative\/lumana-impresa-sul-podio-dei-corporate-heritage-awards-2023\/\",\"name\":\"\u201cL\u2019Umana impresa\u201d sul podio dei Corporate Heritage Awards 2023 - Fondazione Pirelli\",\"isPartOf\":{\"@id\":\"https:\/\/www.fondazionepirelli.org\/it\/#website\"},\"primaryImageOfPage\":{\"@id\":\"https:\/\/127.0.0.1\/it\/iniziative\/lumana-impresa-sul-podio-dei-corporate-heritage-awards-2023\/#primaryimage\"},\"image\":{\"@id\":\"https:\/\/127.0.0.1\/it\/iniziative\/lumana-impresa-sul-podio-dei-corporate-heritage-awards-2023\/#primaryimage\"},\"thumbnailUrl\":\"https:\/\/wpsite-assets.fondazionepirelli.org\/wp-content\/uploads\/2023\/11\/07133237\/CHA2023-2.jpg\",\"datePublished\":\"2023-11-07T12:35:47+00:00\",\"dateModified\":\"2023-11-13T10:41:57+00:00\",\"author\":{\"@id\":\"https:\/\/www.fondazionepirelli.org\/it\/#\/schema\/person\/f47d097000832c4a6e54538c791fdf25\"},\"breadcrumb\":{\"@id\":\"https:\/\/127.0.0.1\/it\/iniziative\/lumana-impresa-sul-podio-dei-corporate-heritage-awards-2023\/#breadcrumb\"},\"inLanguage\":\"it-IT\",\"potentialAction\":[{\"@type\":\"ReadAction\",\"target\":[\"https:\/\/127.0.0.1\/it\/iniziative\/lumana-impresa-sul-podio-dei-corporate-heritage-awards-2023\/\"]}]},{\"@type\":\"ImageObject\",\"inLanguage\":\"it-IT\",\"@id\":\"https:\/\/127.0.0.1\/it\/iniziative\/lumana-impresa-sul-podio-dei-corporate-heritage-awards-2023\/#primaryimage\",\"url\":\"https:\/\/wpsite-assets.fondazionepirelli.org\/wp-content\/uploads\/2023\/11\/07133237\/CHA2023-2.jpg\",\"contentUrl\":\"https:\/\/wpsite-assets.fondazionepirelli.org\/wp-content\/uploads\/2023\/11\/07133237\/CHA2023-2.jpg\",\"width\":1200,\"height\":1600},{\"@type\":\"BreadcrumbList\",\"@id\":\"https:\/\/127.0.0.1\/it\/iniziative\/lumana-impresa-sul-podio-dei-corporate-heritage-awards-2023\/#breadcrumb\",\"itemListElement\":[{\"@type\":\"ListItem\",\"position\":1,\"name\":\"Home\",\"item\":\"https:\/\/www.fondazionepirelli.org\/it\/\"},{\"@type\":\"ListItem\",\"position\":2,\"name\":\"\u201cL\u2019Umana impresa\u201d sul podio dei Corporate Heritage Awards 2023\"}]},{\"@type\":\"WebSite\",\"@id\":\"https:\/\/www.fondazionepirelli.org\/it\/#website\",\"url\":\"https:\/\/www.fondazionepirelli.org\/it\/\",\"name\":\"Fondazione Pirelli\",\"description\":\"\",\"potentialAction\":[{\"@type\":\"SearchAction\",\"target\":{\"@type\":\"EntryPoint\",\"urlTemplate\":\"https:\/\/www.fondazionepirelli.org\/it\/?s={search_term_string}\"},\"query-input\":{\"@type\":\"PropertyValueSpecification\",\"valueRequired\":true,\"valueName\":\"search_term_string\"}}],\"inLanguage\":\"it-IT\"},{\"@type\":\"Person\",\"@id\":\"https:\/\/www.fondazionepirelli.org\/it\/#\/schema\/person\/f47d097000832c4a6e54538c791fdf25\",\"name\":\"fondadmin\",\"image\":{\"@type\":\"ImageObject\",\"inLanguage\":\"it-IT\",\"@id\":\"https:\/\/www.fondazionepirelli.org\/it\/#\/schema\/person\/image\/\",\"url\":\"https:\/\/secure.gravatar.com\/avatar\/e69498a9175ca244966e51e53c88712c024fcebe41f9a05f75657f1bb25e489b?s=96&d=mm&r=g\",\"contentUrl\":\"https:\/\/secure.gravatar.com\/avatar\/e69498a9175ca244966e51e53c88712c024fcebe41f9a05f75657f1bb25e489b?s=96&d=mm&r=g\",\"caption\":\"fondadmin\"},\"url\":\"https:\/\/www.fondazionepirelli.org\/it\/author\/fondadmin\/\"}]}<\/script>\n<!-- \/ Yoast SEO plugin. -->","yoast_head_json":{"title":"\u201cL\u2019Umana impresa\u201d sul podio dei Corporate Heritage Awards 2023 - Fondazione Pirelli","robots":{"index":"index","follow":"follow","max-snippet":"max-snippet:-1","max-image-preview":"max-image-preview:large","max-video-preview":"max-video-preview:-1"},"canonical":"https:\/\/www.fondazionepirelli.org\/it\/iniziative\/lumana-impresa-sul-podio-dei-corporate-heritage-awards-2023\/","og_locale":"it_IT","og_type":"article","og_title":"\u201cL\u2019Umana impresa\u201d sul podio dei Corporate Heritage Awards 2023 - Fondazione Pirelli","og_description":"Questa mattina al Centro Congressi di Confindustria di Roma si \u00e8 svolta la cerimonia di premiazione dei Corporate Heritage Awards\u00a02023, giunti alla terza edizione. Il riconoscimento \u00e8 promosso da Leaving Footprints, spinoff accademico dell\u2019Universit\u00e0 Parthenope con l\u2019Universit\u00e0 del Sannio, specializzato nella consulenza nell\u2019ambito dell\u2019heritage marketing.\u00a0L\u2019obiettivo del premio \u00e8 quello di mettere in luce le storie [&hellip;]","og_url":"https:\/\/127.0.0.1\/it\/iniziative\/lumana-impresa-sul-podio-dei-corporate-heritage-awards-2023\/","og_site_name":"Fondazione Pirelli","article_published_time":"2023-11-07T12:35:47+00:00","article_modified_time":"2023-11-13T10:41:57+00:00","og_image":[{"width":1200,"height":1600,"url":"https:\/\/wpsite-assets.fondazionepirelli.org\/wp-content\/uploads\/2023\/11\/07133237\/CHA2023-2.jpg","type":"image\/jpeg"}],"author":"fondadmin","twitter_card":"summary_large_image","twitter_misc":{"Scritto da":"fondadmin","Tempo di lettura stimato":"2 minuti"},"schema":{"@context":"https:\/\/schema.org","@graph":[{"@type":"WebPage","@id":"https:\/\/127.0.0.1\/it\/iniziative\/lumana-impresa-sul-podio-dei-corporate-heritage-awards-2023\/","url":"https:\/\/127.0.0.1\/it\/iniziative\/lumana-impresa-sul-podio-dei-corporate-heritage-awards-2023\/","name":"\u201cL\u2019Umana impresa\u201d sul podio dei Corporate Heritage Awards 2023 - Fondazione Pirelli","isPartOf":{"@id":"https:\/\/www.fondazionepirelli.org\/it\/#website"},"primaryImageOfPage":{"@id":"https:\/\/127.0.0.1\/it\/iniziative\/lumana-impresa-sul-podio-dei-corporate-heritage-awards-2023\/#primaryimage"},"image":{"@id":"https:\/\/127.0.0.1\/it\/iniziative\/lumana-impresa-sul-podio-dei-corporate-heritage-awards-2023\/#primaryimage"},"thumbnailUrl":"https:\/\/wpsite-assets.fondazionepirelli.org\/wp-content\/uploads\/2023\/11\/07133237\/CHA2023-2.jpg","datePublished":"2023-11-07T12:35:47+00:00","dateModified":"2023-11-13T10:41:57+00:00","author":{"@id":"https:\/\/www.fondazionepirelli.org\/it\/#\/schema\/person\/f47d097000832c4a6e54538c791fdf25"},"breadcrumb":{"@id":"https:\/\/127.0.0.1\/it\/iniziative\/lumana-impresa-sul-podio-dei-corporate-heritage-awards-2023\/#breadcrumb"},"inLanguage":"it-IT","potentialAction":[{"@type":"ReadAction","target":["https:\/\/127.0.0.1\/it\/iniziative\/lumana-impresa-sul-podio-dei-corporate-heritage-awards-2023\/"]}]},{"@type":"ImageObject","inLanguage":"it-IT","@id":"https:\/\/127.0.0.1\/it\/iniziative\/lumana-impresa-sul-podio-dei-corporate-heritage-awards-2023\/#primaryimage","url":"https:\/\/wpsite-assets.fondazionepirelli.org\/wp-content\/uploads\/2023\/11\/07133237\/CHA2023-2.jpg","contentUrl":"https:\/\/wpsite-assets.fondazionepirelli.org\/wp-content\/uploads\/2023\/11\/07133237\/CHA2023-2.jpg","width":1200,"height":1600},{"@type":"BreadcrumbList","@id":"https:\/\/127.0.0.1\/it\/iniziative\/lumana-impresa-sul-podio-dei-corporate-heritage-awards-2023\/#breadcrumb","itemListElement":[{"@type":"ListItem","position":1,"name":"Home","item":"https:\/\/www.fondazionepirelli.org\/it\/"},{"@type":"ListItem","position":2,"name":"\u201cL\u2019Umana impresa\u201d sul podio dei Corporate Heritage Awards 2023"}]},{"@type":"WebSite","@id":"https:\/\/www.fondazionepirelli.org\/it\/#website","url":"https:\/\/www.fondazionepirelli.org\/it\/","name":"Fondazione Pirelli","description":"","potentialAction":[{"@type":"SearchAction","target":{"@type":"EntryPoint","urlTemplate":"https:\/\/www.fondazionepirelli.org\/it\/?s={search_term_string}"},"query-input":{"@type":"PropertyValueSpecification","valueRequired":true,"valueName":"search_term_string"}}],"inLanguage":"it-IT"},{"@type":"Person","@id":"https:\/\/www.fondazionepirelli.org\/it\/#\/schema\/person\/f47d097000832c4a6e54538c791fdf25","name":"fondadmin","image":{"@type":"ImageObject","inLanguage":"it-IT","@id":"https:\/\/www.fondazionepirelli.org\/it\/#\/schema\/person\/image\/","url":"https:\/\/secure.gravatar.com\/avatar\/e69498a9175ca244966e51e53c88712c024fcebe41f9a05f75657f1bb25e489b?s=96&d=mm&r=g","contentUrl":"https:\/\/secure.gravatar.com\/avatar\/e69498a9175ca244966e51e53c88712c024fcebe41f9a05f75657f1bb25e489b?s=96&d=mm&r=g","caption":"fondadmin"},"url":"https:\/\/www.fondazionepirelli.org\/it\/author\/fondadmin\/"}]}},"_links":{"self":[{"href":"https:\/\/www.fondazionepirelli.org\/it\/wp-json\/wp\/v2\/posts\/98492\/"}],"collection":[{"href":"https:\/\/www.fondazionepirelli.org\/it\/wp-json\/wp\/v2\/posts\/"}],"about":[{"href":"https:\/\/www.fondazionepirelli.org\/it\/wp-json\/wp\/v2\/types\/post\/"}],"author":[{"embeddable":true,"href":"https:\/\/www.fondazionepirelli.org\/it\/wp-json\/wp\/v2\/users\/1\/"}],"replies":[{"embeddable":true,"href":"https:\/\/www.fondazionepirelli.org\/it\/wp-json\/wp\/v2\/comments\/?post=98492"}],"version-history":[{"count":3,"href":"https:\/\/www.fondazionepirelli.org\/it\/wp-json\/wp\/v2\/posts\/98492\/revisions\/"}],"predecessor-version":[{"id":98522,"href":"https:\/\/www.fondazionepirelli.org\/it\/wp-json\/wp\/v2\/posts\/98492\/revisions\/98522\/"}],"wp:featuredmedia":[{"embeddable":true,"href":"https:\/\/www.fondazionepirelli.org\/it\/wp-json\/wp\/v2\/media\/98499\/"}],"wp:attachment":[{"href":"https:\/\/www.fondazionepirelli.org\/it\/wp-json\/wp\/v2\/media\/?parent=98492"}],"wp:term":[{"taxonomy":"category","embeddable":true,"href":"https:\/\/www.fondazionepirelli.org\/it\/wp-json\/wp\/v2\/categories\/?post=98492"},{"taxonomy":"post_tag","embeddable":true,"href":"https:\/\/www.fondazionepirelli.org\/it\/wp-json\/wp\/v2\/tags\/?post=98492"}],"curies":[{"name":"wp","href":"https:\/\/api.w.org\/{rel}","templated":true}]}}