{"id":98647,"date":"2023-11-14T11:15:59","date_gmt":"2023-11-14T10:15:59","guid":{"rendered":"https:\/\/www.fondazionepirelli.org\/?p=98647"},"modified":"2023-11-20T09:35:45","modified_gmt":"2023-11-20T08:35:45","slug":"torino-e-capitale-della-cultura-dimpresa-2024-per-rilanciare-industria-e-conoscenza-del-futuro","status":"publish","type":"post","link":"https:\/\/www.fondazionepirelli.org\/it\/cultura-dimpresa\/torino-e-capitale-della-cultura-dimpresa-2024-per-rilanciare-industria-e-conoscenza-del-futuro\/","title":{"rendered":"Torino \u00e8 Capitale della cultura d\u2019impresa 2024 per rilanciare industria e conoscenza del futuro"},"content":{"rendered":"<p>La<strong> cultura<\/strong> fa bene alla <strong>vita<\/strong> e allo <strong>sviluppo<\/strong> delle citt\u00e0. Ed \u00e8 quanto mai utile alle imprese, come cardine di nuova e migliore<strong> competitivit\u00e0<\/strong>. La conferma sta nell\u2019iniziativa lanciata alcuni anni fa da Confindustria per la nomina annuale di una \u201cCapitale della cultura d\u2019impresa\u201d. Nel <strong>2024<\/strong> toccher\u00e0 a <strong>Torino,<\/strong> dopo le esperienze fatte da Genova, Alba, dal triangolo Padova-Treviso-Venezia e da Pavia. La nomina, annunciata la scorsa settimana al Forum della Piccola Industria di Confindustria a Pavia, premia un dossier che fin dal titolo, \u201cTorino. Spazio al futuro\u201d, indica il senso del progetto: una idea forte di <strong>valorizzazione delle attivit\u00e0 imprenditoriali<\/strong> in un territorio che \u00e8 stato s\u00ec cardine storico dell\u2019industria italiana, attorno alla centralit\u00e0 dell\u2019automobile ma che da tempo ha preso atto della modifica degli assetti produttivi legati ai nuovi orizzonti dell\u2019ex Fiat, adesso Stellantis e ha deciso di puntare su altre dimensioni industriali (vedremo meglio tra poco).<\/p>\n<p>L\u2019<em>automotive<\/em> continua a essere importante, certo, ma senza pi\u00f9 il primato produttivo e culturale (anche se \u00e8 fondamentale che a Torino, oltre a un\u2019attivit\u00e0 di produzione, resti uno polo di ingegneria, di progettazione). Una metropoli in cambiamento, insomma. Senza nostalgie n\u00e9 retrogusto amaro da \u201camarcord\u201d.<\/p>\n<p>Il programma di Torino prevede una serie di iniziative lungo 24 percorsi, con un occhio di particolare attenzione alle nuove generazioni e con il coinvolgimento di altre citt\u00e0, italiane ed europee. A cominciare, in Piemonte, da Biella (la manifattura tessile di qualit\u00e0) e da Ivrea, dov\u2019era maturata un\u2019esperienza importante nella storia dell\u2019industria italiana, quella della Olivetti, la cui eredit\u00e0 economica, sociale e culturale segna ancora il dibattito italiano (la conferma pi\u00f9 recente sta nelle pagine di \u201cAdriano Olivetti. Un italiano del Novecento\u201d, di Paolo Bricco, edito da Rizzoli).<\/p>\n<p>C\u2019\u00e8 un\u2019altra dimensione importante, su cui si insiste: il rapporto da rinsaldare con Milano e con Genova, per un vero e proprio rilancio del Nord Ovest industriale, come piattaforma produttiva di respiro europeo, anche in relazione con la <em>Motor Valley <\/em>emiliana e le filiere manifatturiere del Nord Est. Un disegno ambizioso di valorizzazione dell\u2019attitudine industriale innovativa di tutto il Paese.<\/p>\n<p>Giorgio Marsiaj, presidente dell\u2019Unione Industriali torinese, sostiene che \u201cla nostra sfida \u00e8 quella di contribuire a un ridisegno della citt\u00e0, con l\u2019obiettivo di individuare soluzioni sostenibili in termini ambientali, economici e sociali, con una logica inclusiva e di attenzione alle comunit\u00e0 locali\u201d. Tra gli obiettivi c\u2019\u00e8 \u201cl\u2019attrattivit\u00e0, sia in termini di investimenti, sia e soprattutto verso le nuove generazioni: portare giovani talenti a Torino \u00e8 la migliore soluzione per contrastare il declino demografico e nutrire il nostro sistema economico e imprenditoriale di stimoli e proposte innovative\u201d.<\/p>\n<p>A Torino, oltre alla vocazione manifatturiera, viene riconosciuta infatti una sempre pi\u00f9 evidente \u201c<strong>propensione all\u2019innovazione<\/strong>, affrontando l\u2019ennesimo passaggio cruciale della nostra storia: dalla monocultura automobilistica a un articolato mix di attivit\u00e0, dall\u2019aerospazio all\u2019intelligenza artificiale, dall\u2019alimentare al turismo e allo sport\u201d. Settori che &#8211; insiste Marsiaj &#8211; sono fonte di nuove energie, forse diverse da quelle del passato, \u201cma con lo stesso Dna: una solida cultura industriale unita all\u2019amore per le cose fatte bene. Senza dimenticare quella proiezione internazionale che fa di quest\u2019area un laboratorio della globalizzazione, in virt\u00f9 della presenza di grandi multinazionali unita alla naturale predisposizione all\u2019export delle nostre imprese\u201d.<\/p>\n<p>Nel corso delle iniziative, legate anche ad appuntamenti tradizionali, come il Salone del Libro e il Salone del Gusto, sar\u00e0 evidente il confronto con tutti gli aspetti di una vera e propria \u201ccultura politecnica\u201d, fondata cio\u00e8 sulle sintesi originali tra conoscenze scientifiche e tecnologiche e saperi umanistici, tra qualit\u00e0 e funzionalit\u00e0, tra consapevolezza dell\u2019importanza della memoria del \u201csaper fare\u201d e attitudine all\u2019innovazione, sia di processo che di prodotto.<\/p>\n<p>Il rapporto tra l\u2019impresa e i territori di radicamento rafforza una speciale sensibilit\u00e0 per tutte le dimensioni della sostenibilit\u00e0, ambientale e sociale. E si traduce anche in una forte tendenza alla qualit\u00e0 non solo delle produzioni, ma anche dei luoghi del produrre e del lavorare, della cosiddetta \u201c<strong>fabbrica bella<\/strong>\u201d e cio\u00e8 ben progettata, innovativa, luminosa, accogliente, sicura e, appunto, sostenibile. Il Polo Industriale Pirelli di Settimo Torinese progettato da Renzo Piano, impianti <em>high tech <\/em>in uno stabilimento circondato da quattrocento alberi di ciliegio, ne \u00e8 testimonianza esemplare.<\/p>\n<p><strong>Manifattura di qualit\u00e0<\/strong>. Mani che pensano e innovano, intelligenza produttiva al servizio del miglioramento della qualit\u00e0 della vita in generale.<\/p>\n<p>D\u2019altronde il segno distintivo di una buona impresa sta in una strategia ampia, che lega la cultura ai processi produttivi, il racconto industriale ai prodotti e al produrre. Ricordando la lezione di Libertino Faussone, il montatore di gru protagonista de \u201cLa chiave a stella\u201d di Primo Levi, elogio poetico della migliore meccanica, edito negli anni 70 da Einaudi, un\u2019altra eccellenza torinese di valore europeo. E con un\u2019attenzione continua alle relazioni tra manifattura, servizi, creativit\u00e0 e ricerca scientifica, tra evoluzione della tecnologia e racconto degli artisti: gli scrittori, i poeti, gli architetti, i registi e i fotografi, i pi\u00f9 famosi illustratori pubblicitari e i designer. Una civilt\u00e0 delle immagini e delle parole, delle persone e delle macchine.<\/p>\n<p>Sono proprio questi, d\u2019altronde, gli elementi che ritroviamo nei materiali degli archivi delle aziende italiane e di cui anche Torino offre testimonianze esemplari. Come conferma anche Museimpresa, l\u2019Associazione degli Archivi e dei Musei d\u2019Impresa, adesso forte di circa <strong>140 iscritti<\/strong> e sostenitori istituzionali (dei quali 14 sono ben radicati a Torino e in Piemonte).<\/p>\n<p>Alla base, c\u2019\u00e8 la convinzione, oramai consolidata, che le aziende, le fabbriche, le societ\u00e0 di servizi finanziari, commerciali e culturali siano luoghi fisici e mentali dove il passato e il futuro s\u2019incontrano e in cui la cultura d\u2019impresa \u00e8 un asset fondamentale della competitivit\u00e0.<\/p>\n<p>La cultura d\u2019impresa, infatti, \u00e8 Cultura con la C maiuscola. Sollecita il superamento del tradizionale schema di una endiadi, \u201cimpresa e cultura\u201d come dialogo tra dimensioni differenti, tra il fare e il rappresentare, il produrre e il raccontare, tra la meccanica e la filosofia o la poesia. Per insistere, invece, su una radicale modifica dell\u2019andamento della frase, abituandosi a dire \u201cimpresa <strong>\u00e8<\/strong> cultura\u201d. Fare impresa, infatti, significa fare cultura e non c\u2019\u00e8 impresa che non abbia tra i propri motori scelte culturali chiare, secondo i paradigmi di cui abbiamo parlato e di cui proprio le imprese italiane, a cominciare dalle manifatture, sono originali protagoniste.<\/p>\n<p>Cultura sono, appunto, la <strong>scienza e la tecnologia<\/strong>, la messa a punto di nuovi materiali, l\u2019evoluzione dei contratti di lavoro che investono fattori culturali fondamentali come i rapporti di potere e le funzioni di controllo, le dialettiche personali, i salari e il welfare aziendale. Cultura sono i linguaggi del marketing e della comunicazione. Cultura i processi di governance secondo cui si articolano i rapporti tra l\u2019impresa, gli azionisti, i manager, i dipendenti e tutto il vasto mondo degli stakeholder. Cultura sono i bilanci, strumenti di progettazione e resa dei conti. E cultura gli scambi su mercati aperti e ben regolati.<\/p>\n<p>Cultura, ancora, le scelte di sostegno mecenatistico di un\u2019impresa ai processi creativi e artistici di chi raffigura e costruisce l\u2019immaginario personale e sociale generale (l\u2019esperienza di \u201cConsulta\u201d per la valorizzazione dei beni artistici e culturali di Torino ne \u00e8 conferma essenziale).<\/p>\n<p>La cultura d\u2019impresa, insomma, \u00e8 un racconto corale e polifonico, un gioco d\u2019orchestra. In elaborazione continua.<\/p>\n<p>Questa cultura d\u2019impresa \u00e8 una cultura di sintesi, tra il<strong> senso della bellezza<\/strong>, la <em>t\u00e9chne<\/em> (il <strong>saper fare delle buone fabbriche<\/strong>) e la qualit\u00e0 dei prodotti e dei sistemi di produzione. Si confronta con la ricerca e la formazione del Politecnico e dell\u2019Universit\u00e0. E testimonia come la societ\u00e0 intraprendente innerva ancora la crescita delle fabbriche (il Lingotto ne \u00e8 paradigma), delle banche e delle assicurazioni, stimola la creativit\u00e0 delle case editrici e degli istituti di ricerca e formazione e, nel tempo, d\u00e0 vigore all\u2019industria della comunicazione, tra cinema, radio e Tv, con attenzione d\u2019avanguardia per le tecnologie e non solo per i contenuti.<\/p>\n<p>Cultura, ancora, \u00e8 la chimica del premio Nobel Giulio Natta, che innova l\u2019industria italiana con incidenze mondiali e le esperienze sia chimiche che letterarie di Primo Levi alla Sava di Settimo Torinese (rileggere le pagine de \u201cIl sistema periodico\u201d, pubblicate da Einaudi nel 1975, per averne un illuminante esempio).<\/p>\n<p>In primo piano, c\u2019\u00e8 anche la <strong>cultura della Olivetti di Adriano<\/strong> di cui abbiamo detto, segnata dalla ricerca d\u2019avanguardia tra bellezza e qualit\u00e0, design e tecnologia, valorizzazione della sapienza antica del territorio e acquisizione delle pi\u00f9 stimolanti novit\u00e0 high-tech internazionali. Ma anche l\u2019<strong>\u201cumanesimo industriale\u201d di Pirelli<\/strong>, con le avanguardie dell\u2019applicazione della gomma. E quella di una lunga serie di altre imprese industriali e finanziarie che, appunto sulla qualit\u00e0 e l\u2019estetica originale, sul rapporto con il design e l\u2019arte contemporanea, continuano a fondare la propria capacit\u00e0 di successo e a dominare cos\u00ec le nicchie a maggior valore aggiunto sui mercati del mondo.<\/p>\n<p>Le attivit\u00e0 di Torino \u201cCapitale della cultura d\u2019impresa 2024\u201d permetteranno di conoscere meglio questi elementi, rendendo cos\u00ec pi\u00f9 esplicit\u00e0, vivibile, contemporanea l\u2019originale civilt\u00e0 del lavoro e della creativit\u00e0, che costituisce la trama fitta e varia della storia imprenditoriale torinese. E dunque, naturalmente, italiana.<\/p><p><em>(foto: Getty Images)<\/em><\/p>\n","protected":false},"excerpt":{"rendered":"<p>La cultura fa bene alla vita e allo sviluppo delle citt\u00e0. Ed \u00e8 quanto mai utile alle imprese, come cardine di nuova e migliore competitivit\u00e0. La conferma sta nell\u2019iniziativa lanciata alcuni anni fa da Confindustria per la nomina annuale di una \u201cCapitale della cultura d\u2019impresa\u201d. Nel 2024 toccher\u00e0 a Torino, dopo le esperienze fatte da [&hellip;]<\/p>\n","protected":false},"author":1,"featured_media":98662,"comment_status":"open","ping_status":"open","sticky":false,"template":"","format":"standard","meta":{"footnotes":""},"categories":[53,52],"tags":[],"class_list":["post-98647","post","type-post","status-publish","format-standard","has-post-thumbnail","hentry","category-blog","category-cultura-dimpresa"],"acf":[],"yoast_head":"<!-- This site is optimized with the Yoast SEO plugin v25.0 - https:\/\/yoast.com\/wordpress\/plugins\/seo\/ -->\n<title>Torino \u00e8 Capitale della cultura d\u2019impresa 2024 per rilanciare industria e conoscenza del futuro - Fondazione Pirelli<\/title>\n<meta name=\"robots\" content=\"index, follow, max-snippet:-1, max-image-preview:large, max-video-preview:-1\" \/>\n<link rel=\"canonical\" href=\"https:\/\/www.fondazionepirelli.org\/it\/cultura-dimpresa\/torino-e-capitale-della-cultura-dimpresa-2024-per-rilanciare-industria-e-conoscenza-del-futuro\/\" \/>\n<meta property=\"og:locale\" content=\"it_IT\" \/>\n<meta property=\"og:type\" content=\"article\" \/>\n<meta property=\"og:title\" content=\"Torino \u00e8 Capitale della cultura d\u2019impresa 2024 per rilanciare industria e conoscenza del futuro - Fondazione Pirelli\" \/>\n<meta property=\"og:description\" content=\"La cultura fa bene alla vita e allo sviluppo delle citt\u00e0. Ed \u00e8 quanto mai utile alle imprese, come cardine di nuova e migliore competitivit\u00e0. La conferma sta nell\u2019iniziativa lanciata alcuni anni fa da Confindustria per la nomina annuale di una \u201cCapitale della cultura d\u2019impresa\u201d. Nel 2024 toccher\u00e0 a Torino, dopo le esperienze fatte da [&hellip;]\" \/>\n<meta property=\"og:url\" content=\"https:\/\/www.fondazionepirelli.org\/it\/cultura-dimpresa\/torino-e-capitale-della-cultura-dimpresa-2024-per-rilanciare-industria-e-conoscenza-del-futuro\/\" \/>\n<meta property=\"og:site_name\" content=\"Fondazione Pirelli\" \/>\n<meta property=\"article:published_time\" content=\"2023-11-14T10:15:59+00:00\" \/>\n<meta property=\"article:modified_time\" content=\"2023-11-20T08:35:45+00:00\" \/>\n<meta property=\"og:image\" content=\"https:\/\/wpsite-assets.fondazionepirelli.org\/wp-content\/uploads\/2023\/11\/14111536\/GettyImages-1505864984-e1699956946534.jpg\" \/>\n\t<meta property=\"og:image:width\" content=\"1000\" \/>\n\t<meta property=\"og:image:height\" content=\"667\" \/>\n\t<meta property=\"og:image:type\" content=\"image\/jpeg\" \/>\n<meta name=\"author\" content=\"fondadmin\" \/>\n<meta name=\"twitter:card\" content=\"summary_large_image\" \/>\n<meta name=\"twitter:label1\" content=\"Scritto da\" \/>\n\t<meta name=\"twitter:data1\" content=\"fondadmin\" \/>\n\t<meta name=\"twitter:label2\" content=\"Tempo di lettura stimato\" \/>\n\t<meta name=\"twitter:data2\" content=\"8 minuti\" \/>\n<script type=\"application\/ld+json\" class=\"yoast-schema-graph\">{\"@context\":\"https:\/\/schema.org\",\"@graph\":[{\"@type\":\"WebPage\",\"@id\":\"https:\/\/www.fondazionepirelli.org\/it\/cultura-dimpresa\/torino-e-capitale-della-cultura-dimpresa-2024-per-rilanciare-industria-e-conoscenza-del-futuro\/\",\"url\":\"https:\/\/www.fondazionepirelli.org\/it\/cultura-dimpresa\/torino-e-capitale-della-cultura-dimpresa-2024-per-rilanciare-industria-e-conoscenza-del-futuro\/\",\"name\":\"Torino \u00e8 Capitale della cultura d\u2019impresa 2024 per rilanciare industria e conoscenza del futuro - Fondazione Pirelli\",\"isPartOf\":{\"@id\":\"https:\/\/www.fondazionepirelli.org\/it\/#website\"},\"primaryImageOfPage\":{\"@id\":\"https:\/\/www.fondazionepirelli.org\/it\/cultura-dimpresa\/torino-e-capitale-della-cultura-dimpresa-2024-per-rilanciare-industria-e-conoscenza-del-futuro\/#primaryimage\"},\"image\":{\"@id\":\"https:\/\/www.fondazionepirelli.org\/it\/cultura-dimpresa\/torino-e-capitale-della-cultura-dimpresa-2024-per-rilanciare-industria-e-conoscenza-del-futuro\/#primaryimage\"},\"thumbnailUrl\":\"https:\/\/wpsite-assets.fondazionepirelli.org\/wp-content\/uploads\/2023\/11\/14111536\/GettyImages-1505864984-e1699956946534.jpg\",\"datePublished\":\"2023-11-14T10:15:59+00:00\",\"dateModified\":\"2023-11-20T08:35:45+00:00\",\"author\":{\"@id\":\"https:\/\/www.fondazionepirelli.org\/it\/#\/schema\/person\/f47d097000832c4a6e54538c791fdf25\"},\"breadcrumb\":{\"@id\":\"https:\/\/www.fondazionepirelli.org\/it\/cultura-dimpresa\/torino-e-capitale-della-cultura-dimpresa-2024-per-rilanciare-industria-e-conoscenza-del-futuro\/#breadcrumb\"},\"inLanguage\":\"it-IT\",\"potentialAction\":[{\"@type\":\"ReadAction\",\"target\":[\"https:\/\/www.fondazionepirelli.org\/it\/cultura-dimpresa\/torino-e-capitale-della-cultura-dimpresa-2024-per-rilanciare-industria-e-conoscenza-del-futuro\/\"]}]},{\"@type\":\"ImageObject\",\"inLanguage\":\"it-IT\",\"@id\":\"https:\/\/www.fondazionepirelli.org\/it\/cultura-dimpresa\/torino-e-capitale-della-cultura-dimpresa-2024-per-rilanciare-industria-e-conoscenza-del-futuro\/#primaryimage\",\"url\":\"https:\/\/wpsite-assets.fondazionepirelli.org\/wp-content\/uploads\/2023\/11\/14111536\/GettyImages-1505864984-e1699956946534.jpg\",\"contentUrl\":\"https:\/\/wpsite-assets.fondazionepirelli.org\/wp-content\/uploads\/2023\/11\/14111536\/GettyImages-1505864984-e1699956946534.jpg\",\"width\":1000,\"height\":667,\"caption\":\"Multi-exposure shot to achieve a good dynamic range, using the three-footer from the terrace of the Monte dei Cappuccini certainly the Mole Antonelliana is the undisputed star of Turin\"},{\"@type\":\"BreadcrumbList\",\"@id\":\"https:\/\/www.fondazionepirelli.org\/it\/cultura-dimpresa\/torino-e-capitale-della-cultura-dimpresa-2024-per-rilanciare-industria-e-conoscenza-del-futuro\/#breadcrumb\",\"itemListElement\":[{\"@type\":\"ListItem\",\"position\":1,\"name\":\"Home\",\"item\":\"https:\/\/www.fondazionepirelli.org\/it\/\"},{\"@type\":\"ListItem\",\"position\":2,\"name\":\"Torino \u00e8 Capitale della cultura d\u2019impresa 2024 per rilanciare industria e conoscenza del futuro\"}]},{\"@type\":\"WebSite\",\"@id\":\"https:\/\/www.fondazionepirelli.org\/it\/#website\",\"url\":\"https:\/\/www.fondazionepirelli.org\/it\/\",\"name\":\"Fondazione Pirelli\",\"description\":\"\",\"potentialAction\":[{\"@type\":\"SearchAction\",\"target\":{\"@type\":\"EntryPoint\",\"urlTemplate\":\"https:\/\/www.fondazionepirelli.org\/it\/?s={search_term_string}\"},\"query-input\":{\"@type\":\"PropertyValueSpecification\",\"valueRequired\":true,\"valueName\":\"search_term_string\"}}],\"inLanguage\":\"it-IT\"},{\"@type\":\"Person\",\"@id\":\"https:\/\/www.fondazionepirelli.org\/it\/#\/schema\/person\/f47d097000832c4a6e54538c791fdf25\",\"name\":\"fondadmin\",\"image\":{\"@type\":\"ImageObject\",\"inLanguage\":\"it-IT\",\"@id\":\"https:\/\/www.fondazionepirelli.org\/it\/#\/schema\/person\/image\/\",\"url\":\"https:\/\/secure.gravatar.com\/avatar\/e69498a9175ca244966e51e53c88712c024fcebe41f9a05f75657f1bb25e489b?s=96&d=mm&r=g\",\"contentUrl\":\"https:\/\/secure.gravatar.com\/avatar\/e69498a9175ca244966e51e53c88712c024fcebe41f9a05f75657f1bb25e489b?s=96&d=mm&r=g\",\"caption\":\"fondadmin\"},\"url\":\"https:\/\/www.fondazionepirelli.org\/it\/author\/fondadmin\/\"}]}<\/script>\n<!-- \/ Yoast SEO plugin. -->","yoast_head_json":{"title":"Torino \u00e8 Capitale della cultura d\u2019impresa 2024 per rilanciare industria e conoscenza del futuro - Fondazione Pirelli","robots":{"index":"index","follow":"follow","max-snippet":"max-snippet:-1","max-image-preview":"max-image-preview:large","max-video-preview":"max-video-preview:-1"},"canonical":"https:\/\/www.fondazionepirelli.org\/it\/cultura-dimpresa\/torino-e-capitale-della-cultura-dimpresa-2024-per-rilanciare-industria-e-conoscenza-del-futuro\/","og_locale":"it_IT","og_type":"article","og_title":"Torino \u00e8 Capitale della cultura d\u2019impresa 2024 per rilanciare industria e conoscenza del futuro - Fondazione Pirelli","og_description":"La cultura fa bene alla vita e allo sviluppo delle citt\u00e0. Ed \u00e8 quanto mai utile alle imprese, come cardine di nuova e migliore competitivit\u00e0. La conferma sta nell\u2019iniziativa lanciata alcuni anni fa da Confindustria per la nomina annuale di una \u201cCapitale della cultura d\u2019impresa\u201d. Nel 2024 toccher\u00e0 a Torino, dopo le esperienze fatte da [&hellip;]","og_url":"https:\/\/www.fondazionepirelli.org\/it\/cultura-dimpresa\/torino-e-capitale-della-cultura-dimpresa-2024-per-rilanciare-industria-e-conoscenza-del-futuro\/","og_site_name":"Fondazione Pirelli","article_published_time":"2023-11-14T10:15:59+00:00","article_modified_time":"2023-11-20T08:35:45+00:00","og_image":[{"width":1000,"height":667,"url":"https:\/\/wpsite-assets.fondazionepirelli.org\/wp-content\/uploads\/2023\/11\/14111536\/GettyImages-1505864984-e1699956946534.jpg","type":"image\/jpeg"}],"author":"fondadmin","twitter_card":"summary_large_image","twitter_misc":{"Scritto da":"fondadmin","Tempo di lettura stimato":"8 minuti"},"schema":{"@context":"https:\/\/schema.org","@graph":[{"@type":"WebPage","@id":"https:\/\/www.fondazionepirelli.org\/it\/cultura-dimpresa\/torino-e-capitale-della-cultura-dimpresa-2024-per-rilanciare-industria-e-conoscenza-del-futuro\/","url":"https:\/\/www.fondazionepirelli.org\/it\/cultura-dimpresa\/torino-e-capitale-della-cultura-dimpresa-2024-per-rilanciare-industria-e-conoscenza-del-futuro\/","name":"Torino \u00e8 Capitale della cultura d\u2019impresa 2024 per rilanciare industria e conoscenza del futuro - Fondazione Pirelli","isPartOf":{"@id":"https:\/\/www.fondazionepirelli.org\/it\/#website"},"primaryImageOfPage":{"@id":"https:\/\/www.fondazionepirelli.org\/it\/cultura-dimpresa\/torino-e-capitale-della-cultura-dimpresa-2024-per-rilanciare-industria-e-conoscenza-del-futuro\/#primaryimage"},"image":{"@id":"https:\/\/www.fondazionepirelli.org\/it\/cultura-dimpresa\/torino-e-capitale-della-cultura-dimpresa-2024-per-rilanciare-industria-e-conoscenza-del-futuro\/#primaryimage"},"thumbnailUrl":"https:\/\/wpsite-assets.fondazionepirelli.org\/wp-content\/uploads\/2023\/11\/14111536\/GettyImages-1505864984-e1699956946534.jpg","datePublished":"2023-11-14T10:15:59+00:00","dateModified":"2023-11-20T08:35:45+00:00","author":{"@id":"https:\/\/www.fondazionepirelli.org\/it\/#\/schema\/person\/f47d097000832c4a6e54538c791fdf25"},"breadcrumb":{"@id":"https:\/\/www.fondazionepirelli.org\/it\/cultura-dimpresa\/torino-e-capitale-della-cultura-dimpresa-2024-per-rilanciare-industria-e-conoscenza-del-futuro\/#breadcrumb"},"inLanguage":"it-IT","potentialAction":[{"@type":"ReadAction","target":["https:\/\/www.fondazionepirelli.org\/it\/cultura-dimpresa\/torino-e-capitale-della-cultura-dimpresa-2024-per-rilanciare-industria-e-conoscenza-del-futuro\/"]}]},{"@type":"ImageObject","inLanguage":"it-IT","@id":"https:\/\/www.fondazionepirelli.org\/it\/cultura-dimpresa\/torino-e-capitale-della-cultura-dimpresa-2024-per-rilanciare-industria-e-conoscenza-del-futuro\/#primaryimage","url":"https:\/\/wpsite-assets.fondazionepirelli.org\/wp-content\/uploads\/2023\/11\/14111536\/GettyImages-1505864984-e1699956946534.jpg","contentUrl":"https:\/\/wpsite-assets.fondazionepirelli.org\/wp-content\/uploads\/2023\/11\/14111536\/GettyImages-1505864984-e1699956946534.jpg","width":1000,"height":667,"caption":"Multi-exposure shot to achieve a good dynamic range, using the three-footer from the terrace of the Monte dei Cappuccini certainly the Mole Antonelliana is the undisputed star of Turin"},{"@type":"BreadcrumbList","@id":"https:\/\/www.fondazionepirelli.org\/it\/cultura-dimpresa\/torino-e-capitale-della-cultura-dimpresa-2024-per-rilanciare-industria-e-conoscenza-del-futuro\/#breadcrumb","itemListElement":[{"@type":"ListItem","position":1,"name":"Home","item":"https:\/\/www.fondazionepirelli.org\/it\/"},{"@type":"ListItem","position":2,"name":"Torino \u00e8 Capitale della cultura d\u2019impresa 2024 per rilanciare industria e conoscenza del futuro"}]},{"@type":"WebSite","@id":"https:\/\/www.fondazionepirelli.org\/it\/#website","url":"https:\/\/www.fondazionepirelli.org\/it\/","name":"Fondazione Pirelli","description":"","potentialAction":[{"@type":"SearchAction","target":{"@type":"EntryPoint","urlTemplate":"https:\/\/www.fondazionepirelli.org\/it\/?s={search_term_string}"},"query-input":{"@type":"PropertyValueSpecification","valueRequired":true,"valueName":"search_term_string"}}],"inLanguage":"it-IT"},{"@type":"Person","@id":"https:\/\/www.fondazionepirelli.org\/it\/#\/schema\/person\/f47d097000832c4a6e54538c791fdf25","name":"fondadmin","image":{"@type":"ImageObject","inLanguage":"it-IT","@id":"https:\/\/www.fondazionepirelli.org\/it\/#\/schema\/person\/image\/","url":"https:\/\/secure.gravatar.com\/avatar\/e69498a9175ca244966e51e53c88712c024fcebe41f9a05f75657f1bb25e489b?s=96&d=mm&r=g","contentUrl":"https:\/\/secure.gravatar.com\/avatar\/e69498a9175ca244966e51e53c88712c024fcebe41f9a05f75657f1bb25e489b?s=96&d=mm&r=g","caption":"fondadmin"},"url":"https:\/\/www.fondazionepirelli.org\/it\/author\/fondadmin\/"}]}},"_links":{"self":[{"href":"https:\/\/www.fondazionepirelli.org\/it\/wp-json\/wp\/v2\/posts\/98647\/"}],"collection":[{"href":"https:\/\/www.fondazionepirelli.org\/it\/wp-json\/wp\/v2\/posts\/"}],"about":[{"href":"https:\/\/www.fondazionepirelli.org\/it\/wp-json\/wp\/v2\/types\/post\/"}],"author":[{"embeddable":true,"href":"https:\/\/www.fondazionepirelli.org\/it\/wp-json\/wp\/v2\/users\/1\/"}],"replies":[{"embeddable":true,"href":"https:\/\/www.fondazionepirelli.org\/it\/wp-json\/wp\/v2\/comments\/?post=98647"}],"version-history":[{"count":4,"href":"https:\/\/www.fondazionepirelli.org\/it\/wp-json\/wp\/v2\/posts\/98647\/revisions\/"}],"predecessor-version":[{"id":98709,"href":"https:\/\/www.fondazionepirelli.org\/it\/wp-json\/wp\/v2\/posts\/98647\/revisions\/98709\/"}],"wp:featuredmedia":[{"embeddable":true,"href":"https:\/\/www.fondazionepirelli.org\/it\/wp-json\/wp\/v2\/media\/98662\/"}],"wp:attachment":[{"href":"https:\/\/www.fondazionepirelli.org\/it\/wp-json\/wp\/v2\/media\/?parent=98647"}],"wp:term":[{"taxonomy":"category","embeddable":true,"href":"https:\/\/www.fondazionepirelli.org\/it\/wp-json\/wp\/v2\/categories\/?post=98647"},{"taxonomy":"post_tag","embeddable":true,"href":"https:\/\/www.fondazionepirelli.org\/it\/wp-json\/wp\/v2\/tags\/?post=98647"}],"curies":[{"name":"wp","href":"https:\/\/api.w.org\/{rel}","templated":true}]}}