{"id":98651,"date":"2023-11-14T11:16:37","date_gmt":"2023-11-14T10:16:37","guid":{"rendered":"https:\/\/www.fondazionepirelli.org\/?p=98651"},"modified":"2023-11-14T11:16:37","modified_gmt":"2023-11-14T10:16:37","slug":"una-storia-del-lavoro-per-capire-meglio-tutti-noi","status":"publish","type":"post","link":"https:\/\/www.fondazionepirelli.org\/it\/cultura-dimpresa\/una-storia-del-lavoro-per-capire-meglio-tutti-noi\/","title":{"rendered":"Una storia del lavoro per capire meglio tutti noi"},"content":{"rendered":"<p><em>In un libro il racconto di una parte importante delle vicende del Paese dall\u2019Unit\u00e0 ad oggi<\/em><\/p>\n<p><strong>\u00a0<\/strong><\/p>\n<p>Cultura d\u2019impresa, cultura del lavoro, cultura del produrre a tutto tondo. A ben vedere, impresa e lavoro appaiono essere \u2013 e sono sempre state -, due facce della stessa medaglia. Visione di un futuro produttivo e capacit\u00e0 di raggiungerlo, ricerca del benessere e della produttivit\u00e0: traguardi da conquistare con un impegno che non pu\u00f2 mai essere di una sola persona. Impresa, poi, come luogo nel quale la dialettica e confronto sono continui, spesso accesi. E\u2019 anche attorno a questi concetti che pu\u00f2 crescere una consapevolezza nuova del produrre. Partendo dalla storia per capire meglio il presente. Ed \u00e8 per questo che \u00e8 utile leggere\u201dStoria del lavoro nell\u2019Italia contemporanea\u201d di Stefano Gallo (primo ricercatore del CNR e docente di storia delle immigrazioni) e Fabrizio Loreto (docente di storia del lavoro) pubblicato da poco.<\/p>\n<p>L\u2019idea alla base del libro \u00e8 semplice e unisce l\u2019impresa e il lavoro con l\u2019evoluzione sociale del Paese: se l\u2019Italia \u00e8 una repubblica fondata sul lavoro \u00e8 necessario ricostruire l\u2019evoluzione del lavoro in oltre 150 anni di storia nazionale anche pre repubblicana per comprendere davvero cosa sia questo nostro paese e come \u00e8 cambiato.<\/p>\n<p>Il libro racconta la progressiva riduzione del settore agricolo, i processi di industrializzazione prima e di deindustrializzazione poi e l\u2019affermarsi di una societ\u00e0 terziarizzata; fasi viste come tre grandi momenti economici periodizzanti di questa vicenda. Una narrazione costruita facendo \u201cparlare\u201d gli attori diversi che nel tempo si sono alternati alla ribalta: l\u2019associazionismo popolare, il sindacalismo e la politica, i conflitti impresa-lavoro e le relazioni industriali, lo sviluppo del diritto del lavoro e del welfare state, cos\u00ec come le specificit\u00e0 del lavoro femminile.<\/p>\n<p>Scorrendo le poco pi\u00f9 di 400 pagine &#8211; che tra l\u2019altro si leggono agevolmente -, si passa cos\u00ec dall\u2019analisi del lavoro nella prima Italia postunitaria per arrivare ai primi decenni del Novecento e alla Grande Guerra, la narrazione affronta poi il lavoro nell\u2019Italia fascista fino al secondo conflitto mondiale per arrivare quindi alle difficolt\u00e0 del dopoguerra e poi al <em>boom. <\/em>Chiude il libro l\u2019approfondimento delle vicende degli ultimi trent\u2019anni di storia italiana.<\/p>\n<p>Dal libro di Gallo e Loreto emerge la storia politica, economica, sociale e culturale di una Italia che \u00e8 cresciuta in maniera inquieta e a diverse velocit\u00e0 tra campagne e fabbriche, cantieri e uffici, commerci e trasporti, grandi aziende fordiste e piccole e medie imprese, lavoro pubblico e privato. Un libro tutto da leggere e al quale ritornare.<\/p><p><strong>Storia del lavoro nell\u2019Italia contemporanea<\/strong><\/p>\n<p>Stefano Gallo, Fabrizio Loreto<\/p>\n<p>il Mulino, 2023<\/p>\n","protected":false},"excerpt":{"rendered":"<p>In un libro il racconto di una parte importante delle vicende del Paese dall\u2019Unit\u00e0 ad oggi \u00a0 Cultura d\u2019impresa, cultura del lavoro, cultura del produrre a tutto tondo. A ben vedere, impresa e lavoro appaiono essere \u2013 e sono sempre state -, due facce della stessa medaglia. Visione di un futuro produttivo e capacit\u00e0 di [&hellip;]<\/p>\n","protected":false},"author":1,"featured_media":98654,"comment_status":"open","ping_status":"open","sticky":false,"template":"","format":"standard","meta":{"footnotes":""},"categories":[52,58],"tags":[],"class_list":["post-98651","post","type-post","status-publish","format-standard","has-post-thumbnail","hentry","category-cultura-dimpresa","category-recensioni-libri"],"acf":[],"yoast_head":"<!-- This site is optimized with the Yoast SEO plugin v25.0 - https:\/\/yoast.com\/wordpress\/plugins\/seo\/ -->\n<title>Una storia del lavoro per capire meglio tutti noi - Fondazione Pirelli<\/title>\n<meta name=\"robots\" content=\"index, follow, max-snippet:-1, max-image-preview:large, max-video-preview:-1\" \/>\n<link rel=\"canonical\" href=\"https:\/\/www.fondazionepirelli.org\/it\/cultura-dimpresa\/una-storia-del-lavoro-per-capire-meglio-tutti-noi\/\" \/>\n<meta property=\"og:locale\" content=\"it_IT\" \/>\n<meta property=\"og:type\" content=\"article\" \/>\n<meta property=\"og:title\" content=\"Una storia del lavoro per capire meglio tutti noi - Fondazione Pirelli\" \/>\n<meta property=\"og:description\" content=\"In un libro il racconto di una parte importante delle vicende del Paese dall\u2019Unit\u00e0 ad oggi \u00a0 Cultura d\u2019impresa, cultura del lavoro, cultura del produrre a tutto tondo. A ben vedere, impresa e lavoro appaiono essere \u2013 e sono sempre state -, due facce della stessa medaglia. Visione di un futuro produttivo e capacit\u00e0 di [&hellip;]\" \/>\n<meta property=\"og:url\" content=\"https:\/\/www.fondazionepirelli.org\/it\/cultura-dimpresa\/una-storia-del-lavoro-per-capire-meglio-tutti-noi\/\" \/>\n<meta property=\"og:site_name\" content=\"Fondazione Pirelli\" \/>\n<meta property=\"article:published_time\" content=\"2023-11-14T10:16:37+00:00\" \/>\n<meta property=\"og:image\" content=\"https:\/\/wpsite-assets.fondazionepirelli.org\/wp-content\/uploads\/2023\/11\/13143436\/IMG_0044.jpeg\" \/>\n\t<meta property=\"og:image:width\" content=\"951\" \/>\n\t<meta property=\"og:image:height\" content=\"1500\" \/>\n\t<meta property=\"og:image:type\" content=\"image\/jpeg\" \/>\n<meta name=\"author\" content=\"fondadmin\" \/>\n<meta name=\"twitter:card\" content=\"summary_large_image\" \/>\n<meta name=\"twitter:label1\" content=\"Scritto da\" \/>\n\t<meta name=\"twitter:data1\" content=\"fondadmin\" \/>\n\t<meta name=\"twitter:label2\" content=\"Tempo di lettura stimato\" \/>\n\t<meta name=\"twitter:data2\" content=\"2 minuti\" \/>\n<script type=\"application\/ld+json\" class=\"yoast-schema-graph\">{\"@context\":\"https:\/\/schema.org\",\"@graph\":[{\"@type\":\"WebPage\",\"@id\":\"https:\/\/www.fondazionepirelli.org\/it\/cultura-dimpresa\/una-storia-del-lavoro-per-capire-meglio-tutti-noi\/\",\"url\":\"https:\/\/www.fondazionepirelli.org\/it\/cultura-dimpresa\/una-storia-del-lavoro-per-capire-meglio-tutti-noi\/\",\"name\":\"Una storia del lavoro per capire meglio tutti noi - Fondazione Pirelli\",\"isPartOf\":{\"@id\":\"https:\/\/www.fondazionepirelli.org\/it\/#website\"},\"primaryImageOfPage\":{\"@id\":\"https:\/\/www.fondazionepirelli.org\/it\/cultura-dimpresa\/una-storia-del-lavoro-per-capire-meglio-tutti-noi\/#primaryimage\"},\"image\":{\"@id\":\"https:\/\/www.fondazionepirelli.org\/it\/cultura-dimpresa\/una-storia-del-lavoro-per-capire-meglio-tutti-noi\/#primaryimage\"},\"thumbnailUrl\":\"https:\/\/wpsite-assets.fondazionepirelli.org\/wp-content\/uploads\/2023\/11\/13143436\/IMG_0044.jpeg\",\"datePublished\":\"2023-11-14T10:16:37+00:00\",\"author\":{\"@id\":\"https:\/\/www.fondazionepirelli.org\/it\/#\/schema\/person\/f47d097000832c4a6e54538c791fdf25\"},\"breadcrumb\":{\"@id\":\"https:\/\/www.fondazionepirelli.org\/it\/cultura-dimpresa\/una-storia-del-lavoro-per-capire-meglio-tutti-noi\/#breadcrumb\"},\"inLanguage\":\"it-IT\",\"potentialAction\":[{\"@type\":\"ReadAction\",\"target\":[\"https:\/\/www.fondazionepirelli.org\/it\/cultura-dimpresa\/una-storia-del-lavoro-per-capire-meglio-tutti-noi\/\"]}]},{\"@type\":\"ImageObject\",\"inLanguage\":\"it-IT\",\"@id\":\"https:\/\/www.fondazionepirelli.org\/it\/cultura-dimpresa\/una-storia-del-lavoro-per-capire-meglio-tutti-noi\/#primaryimage\",\"url\":\"https:\/\/wpsite-assets.fondazionepirelli.org\/wp-content\/uploads\/2023\/11\/13143436\/IMG_0044.jpeg\",\"contentUrl\":\"https:\/\/wpsite-assets.fondazionepirelli.org\/wp-content\/uploads\/2023\/11\/13143436\/IMG_0044.jpeg\",\"width\":951,\"height\":1500},{\"@type\":\"BreadcrumbList\",\"@id\":\"https:\/\/www.fondazionepirelli.org\/it\/cultura-dimpresa\/una-storia-del-lavoro-per-capire-meglio-tutti-noi\/#breadcrumb\",\"itemListElement\":[{\"@type\":\"ListItem\",\"position\":1,\"name\":\"Home\",\"item\":\"https:\/\/www.fondazionepirelli.org\/it\/\"},{\"@type\":\"ListItem\",\"position\":2,\"name\":\"Una storia del lavoro per capire meglio tutti noi\"}]},{\"@type\":\"WebSite\",\"@id\":\"https:\/\/www.fondazionepirelli.org\/it\/#website\",\"url\":\"https:\/\/www.fondazionepirelli.org\/it\/\",\"name\":\"Fondazione Pirelli\",\"description\":\"\",\"potentialAction\":[{\"@type\":\"SearchAction\",\"target\":{\"@type\":\"EntryPoint\",\"urlTemplate\":\"https:\/\/www.fondazionepirelli.org\/it\/?s={search_term_string}\"},\"query-input\":{\"@type\":\"PropertyValueSpecification\",\"valueRequired\":true,\"valueName\":\"search_term_string\"}}],\"inLanguage\":\"it-IT\"},{\"@type\":\"Person\",\"@id\":\"https:\/\/www.fondazionepirelli.org\/it\/#\/schema\/person\/f47d097000832c4a6e54538c791fdf25\",\"name\":\"fondadmin\",\"image\":{\"@type\":\"ImageObject\",\"inLanguage\":\"it-IT\",\"@id\":\"https:\/\/www.fondazionepirelli.org\/it\/#\/schema\/person\/image\/\",\"url\":\"https:\/\/secure.gravatar.com\/avatar\/e69498a9175ca244966e51e53c88712c024fcebe41f9a05f75657f1bb25e489b?s=96&d=mm&r=g\",\"contentUrl\":\"https:\/\/secure.gravatar.com\/avatar\/e69498a9175ca244966e51e53c88712c024fcebe41f9a05f75657f1bb25e489b?s=96&d=mm&r=g\",\"caption\":\"fondadmin\"},\"url\":\"https:\/\/www.fondazionepirelli.org\/it\/author\/fondadmin\/\"}]}<\/script>\n<!-- \/ Yoast SEO plugin. -->","yoast_head_json":{"title":"Una storia del lavoro per capire meglio tutti noi - Fondazione Pirelli","robots":{"index":"index","follow":"follow","max-snippet":"max-snippet:-1","max-image-preview":"max-image-preview:large","max-video-preview":"max-video-preview:-1"},"canonical":"https:\/\/www.fondazionepirelli.org\/it\/cultura-dimpresa\/una-storia-del-lavoro-per-capire-meglio-tutti-noi\/","og_locale":"it_IT","og_type":"article","og_title":"Una storia del lavoro per capire meglio tutti noi - Fondazione Pirelli","og_description":"In un libro il racconto di una parte importante delle vicende del Paese dall\u2019Unit\u00e0 ad oggi \u00a0 Cultura d\u2019impresa, cultura del lavoro, cultura del produrre a tutto tondo. A ben vedere, impresa e lavoro appaiono essere \u2013 e sono sempre state -, due facce della stessa medaglia. Visione di un futuro produttivo e capacit\u00e0 di [&hellip;]","og_url":"https:\/\/www.fondazionepirelli.org\/it\/cultura-dimpresa\/una-storia-del-lavoro-per-capire-meglio-tutti-noi\/","og_site_name":"Fondazione Pirelli","article_published_time":"2023-11-14T10:16:37+00:00","og_image":[{"width":951,"height":1500,"url":"https:\/\/wpsite-assets.fondazionepirelli.org\/wp-content\/uploads\/2023\/11\/13143436\/IMG_0044.jpeg","type":"image\/jpeg"}],"author":"fondadmin","twitter_card":"summary_large_image","twitter_misc":{"Scritto da":"fondadmin","Tempo di lettura stimato":"2 minuti"},"schema":{"@context":"https:\/\/schema.org","@graph":[{"@type":"WebPage","@id":"https:\/\/www.fondazionepirelli.org\/it\/cultura-dimpresa\/una-storia-del-lavoro-per-capire-meglio-tutti-noi\/","url":"https:\/\/www.fondazionepirelli.org\/it\/cultura-dimpresa\/una-storia-del-lavoro-per-capire-meglio-tutti-noi\/","name":"Una storia del lavoro per capire meglio tutti noi - Fondazione Pirelli","isPartOf":{"@id":"https:\/\/www.fondazionepirelli.org\/it\/#website"},"primaryImageOfPage":{"@id":"https:\/\/www.fondazionepirelli.org\/it\/cultura-dimpresa\/una-storia-del-lavoro-per-capire-meglio-tutti-noi\/#primaryimage"},"image":{"@id":"https:\/\/www.fondazionepirelli.org\/it\/cultura-dimpresa\/una-storia-del-lavoro-per-capire-meglio-tutti-noi\/#primaryimage"},"thumbnailUrl":"https:\/\/wpsite-assets.fondazionepirelli.org\/wp-content\/uploads\/2023\/11\/13143436\/IMG_0044.jpeg","datePublished":"2023-11-14T10:16:37+00:00","author":{"@id":"https:\/\/www.fondazionepirelli.org\/it\/#\/schema\/person\/f47d097000832c4a6e54538c791fdf25"},"breadcrumb":{"@id":"https:\/\/www.fondazionepirelli.org\/it\/cultura-dimpresa\/una-storia-del-lavoro-per-capire-meglio-tutti-noi\/#breadcrumb"},"inLanguage":"it-IT","potentialAction":[{"@type":"ReadAction","target":["https:\/\/www.fondazionepirelli.org\/it\/cultura-dimpresa\/una-storia-del-lavoro-per-capire-meglio-tutti-noi\/"]}]},{"@type":"ImageObject","inLanguage":"it-IT","@id":"https:\/\/www.fondazionepirelli.org\/it\/cultura-dimpresa\/una-storia-del-lavoro-per-capire-meglio-tutti-noi\/#primaryimage","url":"https:\/\/wpsite-assets.fondazionepirelli.org\/wp-content\/uploads\/2023\/11\/13143436\/IMG_0044.jpeg","contentUrl":"https:\/\/wpsite-assets.fondazionepirelli.org\/wp-content\/uploads\/2023\/11\/13143436\/IMG_0044.jpeg","width":951,"height":1500},{"@type":"BreadcrumbList","@id":"https:\/\/www.fondazionepirelli.org\/it\/cultura-dimpresa\/una-storia-del-lavoro-per-capire-meglio-tutti-noi\/#breadcrumb","itemListElement":[{"@type":"ListItem","position":1,"name":"Home","item":"https:\/\/www.fondazionepirelli.org\/it\/"},{"@type":"ListItem","position":2,"name":"Una storia del lavoro per capire meglio tutti noi"}]},{"@type":"WebSite","@id":"https:\/\/www.fondazionepirelli.org\/it\/#website","url":"https:\/\/www.fondazionepirelli.org\/it\/","name":"Fondazione Pirelli","description":"","potentialAction":[{"@type":"SearchAction","target":{"@type":"EntryPoint","urlTemplate":"https:\/\/www.fondazionepirelli.org\/it\/?s={search_term_string}"},"query-input":{"@type":"PropertyValueSpecification","valueRequired":true,"valueName":"search_term_string"}}],"inLanguage":"it-IT"},{"@type":"Person","@id":"https:\/\/www.fondazionepirelli.org\/it\/#\/schema\/person\/f47d097000832c4a6e54538c791fdf25","name":"fondadmin","image":{"@type":"ImageObject","inLanguage":"it-IT","@id":"https:\/\/www.fondazionepirelli.org\/it\/#\/schema\/person\/image\/","url":"https:\/\/secure.gravatar.com\/avatar\/e69498a9175ca244966e51e53c88712c024fcebe41f9a05f75657f1bb25e489b?s=96&d=mm&r=g","contentUrl":"https:\/\/secure.gravatar.com\/avatar\/e69498a9175ca244966e51e53c88712c024fcebe41f9a05f75657f1bb25e489b?s=96&d=mm&r=g","caption":"fondadmin"},"url":"https:\/\/www.fondazionepirelli.org\/it\/author\/fondadmin\/"}]}},"_links":{"self":[{"href":"https:\/\/www.fondazionepirelli.org\/it\/wp-json\/wp\/v2\/posts\/98651\/"}],"collection":[{"href":"https:\/\/www.fondazionepirelli.org\/it\/wp-json\/wp\/v2\/posts\/"}],"about":[{"href":"https:\/\/www.fondazionepirelli.org\/it\/wp-json\/wp\/v2\/types\/post\/"}],"author":[{"embeddable":true,"href":"https:\/\/www.fondazionepirelli.org\/it\/wp-json\/wp\/v2\/users\/1\/"}],"replies":[{"embeddable":true,"href":"https:\/\/www.fondazionepirelli.org\/it\/wp-json\/wp\/v2\/comments\/?post=98651"}],"version-history":[{"count":2,"href":"https:\/\/www.fondazionepirelli.org\/it\/wp-json\/wp\/v2\/posts\/98651\/revisions\/"}],"predecessor-version":[{"id":98653,"href":"https:\/\/www.fondazionepirelli.org\/it\/wp-json\/wp\/v2\/posts\/98651\/revisions\/98653\/"}],"wp:featuredmedia":[{"embeddable":true,"href":"https:\/\/www.fondazionepirelli.org\/it\/wp-json\/wp\/v2\/media\/98654\/"}],"wp:attachment":[{"href":"https:\/\/www.fondazionepirelli.org\/it\/wp-json\/wp\/v2\/media\/?parent=98651"}],"wp:term":[{"taxonomy":"category","embeddable":true,"href":"https:\/\/www.fondazionepirelli.org\/it\/wp-json\/wp\/v2\/categories\/?post=98651"},{"taxonomy":"post_tag","embeddable":true,"href":"https:\/\/www.fondazionepirelli.org\/it\/wp-json\/wp\/v2\/tags\/?post=98651"}],"curies":[{"name":"wp","href":"https:\/\/api.w.org\/{rel}","templated":true}]}}