{"id":98714,"date":"2023-11-21T09:21:27","date_gmt":"2023-11-21T08:21:27","guid":{"rendered":"https:\/\/www.fondazionepirelli.org\/?p=98714"},"modified":"2023-11-28T15:20:25","modified_gmt":"2023-11-28T14:20:25","slug":"una-legge-per-valorizzare-i-musei-dimpresa-e-legare-la-memoria-allo-sviluppo-sostenibile","status":"publish","type":"post","link":"https:\/\/www.fondazionepirelli.org\/it\/cultura-dimpresa\/una-legge-per-valorizzare-i-musei-dimpresa-e-legare-la-memoria-allo-sviluppo-sostenibile\/","title":{"rendered":"Una legge per valorizzare i musei d\u2019impresa e legare la memoria allo sviluppo sostenibile"},"content":{"rendered":"<p>Una legge per <strong>valorizzare<\/strong> i <strong>musei d\u2019impresa<\/strong> e gli <strong>archivi storici<\/strong>, sostenerne le attivit\u00e0 e stimolarne la creazione di nuovi, da parte delle imprese. Ne discute il Consiglio della Regione Lombardia, dove la<strong> Commissione Attivit\u00e0 Produttive<\/strong> ha gi\u00e0 approvato il progetto e l\u2019Aula dovr\u00e0 discuterne probabilmente entro la fine di novembre. Si prevedono regole di riconoscimento e risorse finanziarie da destinare ai musei dei Marchi Storici e attivit\u00e0 in collaborazione con fondazioni, scuole, istituzioni locali e associazioni. \u201cLa storia della Lombardia moderna e contemporanea \u00e8 soprattutto una storia di industria e di progresso, nel passaggio da una societ\u00e0 agricola e artigianale a una societ\u00e0 basata sull\u2019impresa. Un processo che ha avuto profonde conseguenze, con mutamenti sociali, economici e paesaggistici e che oggi possiamo documentare\u201d, sostiene Silvia Scurati, consigliera regionale (Lega) e relatrice del progetto di legge. Musei e archivi storici d\u2019impresa ne sono strumenti essenziali. In Lombardia ce ne sono <strong>64<\/strong>, il 40% di quelli esistenti a livello nazionale. E dei 140 iscritti e sostenitori istituzionali di Museimpresa, 48 sono, appunto, lombardi.<\/p>\n<p>La legge della Regione Lombardia, se approvata, potrebbe costituire un buon paradigma di riferimento anche per altri Consigli Regionali, in territori ricchi di imprese, attivit\u00e0 industriali, servizi economicamente rilevanti. E sollecitare finalmente anche una legislazione favorevole a livello nazionale. Come sollecita da tempo, appunto, Museimpresa, insistendo per esempio sull\u2019estensione dell\u2019Art Bonus anche agli investimenti privati, su vantaggi fiscali, cio\u00e8, per chi apre e gestisce musei d\u2019impresa e archivi storici, tutelando la memoria e i valori del \u201c<strong>saper fare<\/strong>\u201d italiano, che merita un migliore \u201cfar sapere\u201d, la costruzione di un nuovo racconto dell\u2019intraprendenza che sa costruire valore economico grazie alla leva dei valori sociali, culturali, ambientali.<\/p>\n<p>E\u2019 una spinta importante per la competitivit\u00e0 delle nostre imprese, per il loro successo internazionale, senza cadere nelle trappole di sovranismi e protezionismi, in tempi in cui la forza del marchio affonda le sue radici anche in quella che viene definita come <em>stakeholder economy <\/em>(l\u2019attenzione ai valori e agli interessi di dipendenti, fornitori, consumatori, comunit\u00e0 di riferimento sui territori). E che viene sostenuta pure dal dialogo in corso tra Museimpresa e l\u2019Associazione dei Marchi storici.<\/p>\n<p><strong>Museimpresa<\/strong>, nata pi\u00f9 di vent\u2019anni fa per iniziativa di <strong>Assolombarda<\/strong> e <strong>Confindustria<\/strong>, riunisce\u00a0 grandi imprese (Leonardo, Ferrovie dello Stato, Poste, Assicurazioni Generali, Unipol, Banca Intesa, Pirelli, Dalmine, Bracco, Campari, Fiera Milano, etc.) ma anche medie aziende di successo (le \u201cmultinazionali tascabili\u201d attive sui mercati globali e le \u201cgrandi firme\u201d del design) e piccole e dinamiche realt\u00e0 diffuse sul territorio.<\/p>\n<p>Alla base dell\u2019impegno dell\u2019Associazione, c\u2019\u00e8 la convinzione, oramai consolidata, che le imprese sono comunit\u00e0 di persone, legate da un progetto innovativo dell\u2019imprenditore e da una condivisione di valori: <strong>creativit\u00e0<\/strong>, amore per il lavoro bene fatto, <strong>passione per la ricerca<\/strong>, impegno per il cambiamento positivo, cura sincera per la sostenibilit\u00e0 ambientale e sociale. La cultura ideale del nuovo \u201cumanesimo industriale\u201d.<\/p>\n<p>L\u2019obiettivo \u00e8 tutelare e soprattutto valorizzare la memoria della capacit\u00e0 degli italiani di \u201cprodurre cose belle che piacciono al mondo\u201d, per usare il paradigma d\u2019un grande storico europeo dell\u2019economia, Carlo Maria Cipolla. Perch\u00e9 nel corso della nostra storia siamo stati capaci di collegare la bellezza, la qualit\u00e0, la misura e l&#8217;efficienza. Fare impresa, infatti, significa essere in grado di tenere insieme dimensioni culturali diverse nella convinzione che non esista una cultura umanistica e una scientifica, ma che esista un sapere di conoscenza e un sapere di trasformazione, che sono i saperi dell&#8217;impresa.<\/p>\n<p>Le aziende, le fabbriche, le societ\u00e0 di servizi finanziari, commerciali e culturali i cui musei e archivi sono iscritti a Museimpresa, sono infatti luoghi fisici e mentali dove il passato e il futuro s\u2019incontrano e in cui la cultura d\u2019impresa \u00e8, come abbiamo detto, un asset fondamentale della competitivit\u00e0. In sintesi: l\u2019archivio e il museo d\u2019impresa sono memoria fertile e dunque chiave di intervento sulla contemporaneit\u00e0. Strumenti per \u201cl\u2019avvenire della memoria\u201d.<\/p>\n<p>Il patrimonio che custodiscono \u00e8 costituito da oggetti, documenti, fotografie, film, bozzetti di pubblicit\u00e0, disegni tecnici, ma anche bilanci e contratti e libretti di lavoro che raccontano la dimensione sia tecnica sia soprattutto umana del lavorare, con le diverse\u00a0 testimonianze dei rapporti e dei conflitti, l\u2019evoluzione stessa dei legami tra imprenditori, dirigenti, tecnici, quadri e maestranze operaie. Un vero e proprio capitale sociale che di ogni impresa definisce storia e identit\u00e0. Il ritratto mobile di una straordinaria umanit\u00e0, in un orizzonte condiviso di economia circolare e civile.<\/p>\n<p>Un capitale sociale da fare crescere. E conoscere, anche con un robusto dialogo a livello istituzionale. Il progetto di legge della Regione Lombardia ne \u00e8 un buon esempio virtuoso.<\/p>\n<p>Maturano, intanto, nuove iniziative. Come la collaborazione tra <strong>Museimpresa e Google Arts and Culture<\/strong> (annunciato oggi a Milano), per inserire una raccolta di oltre 2.000 immagini e video di parecchi associati nei cataloghi Google, attore protagonista delle pi\u00f9 sofisticate tecnologie digitali e arricchire cos\u00ec gli strumenti di qualit\u00e0, accessibili gratis da tutti e da dovunque, a disposizione di chi concepisce il turismo come un sistema di valori culturali e ambientali e apprezza la conoscenza storica nella sua dimensione pi\u00f9 ampia.<\/p>\n<p>Sostiene Museimpresa: \u201cLa partnership rappresenta un ulteriore strumento per rendere la cultura d\u2019impresa accessibile a tutti, in qualsiasi parte del mondo, in ogni momento e con qualunque device, consentendo contemporaneamente anche la sua conservazione per le generazioni future\u201d. Un utile contributo a una cultura d\u2019impresa essenziale per qualificare anche i progetti di sviluppo sostenibile, ambientale e sociale, di cui l\u2019Italia ha bisogno di continuare a essere protagonista.<\/p>","protected":false},"excerpt":{"rendered":"<p>Una legge per valorizzare i musei d\u2019impresa e gli archivi storici, sostenerne le attivit\u00e0 e stimolarne la creazione di nuovi, da parte delle imprese. Ne discute il Consiglio della Regione Lombardia, dove la Commissione Attivit\u00e0 Produttive ha gi\u00e0 approvato il progetto e l\u2019Aula dovr\u00e0 discuterne probabilmente entro la fine di novembre. Si prevedono regole di [&hellip;]<\/p>\n","protected":false},"author":1,"featured_media":98728,"comment_status":"open","ping_status":"open","sticky":false,"template":"","format":"standard","meta":{"footnotes":""},"categories":[53,52],"tags":[],"class_list":["post-98714","post","type-post","status-publish","format-standard","has-post-thumbnail","hentry","category-blog","category-cultura-dimpresa"],"acf":[],"yoast_head":"<!-- This site is optimized with the Yoast SEO plugin v25.0 - https:\/\/yoast.com\/wordpress\/plugins\/seo\/ -->\n<title>Una legge per valorizzare i musei d\u2019impresa e legare la memoria allo sviluppo sostenibile - Fondazione Pirelli<\/title>\n<meta name=\"robots\" content=\"index, follow, max-snippet:-1, max-image-preview:large, max-video-preview:-1\" \/>\n<link rel=\"canonical\" href=\"https:\/\/www.fondazionepirelli.org\/it\/cultura-dimpresa\/una-legge-per-valorizzare-i-musei-dimpresa-e-legare-la-memoria-allo-sviluppo-sostenibile\/\" \/>\n<meta property=\"og:locale\" content=\"it_IT\" \/>\n<meta property=\"og:type\" content=\"article\" \/>\n<meta property=\"og:title\" content=\"Una legge per valorizzare i musei d\u2019impresa e legare la memoria allo sviluppo sostenibile - Fondazione Pirelli\" \/>\n<meta property=\"og:description\" content=\"Una legge per valorizzare i musei d\u2019impresa e gli archivi storici, sostenerne le attivit\u00e0 e stimolarne la creazione di nuovi, da parte delle imprese. Ne discute il Consiglio della Regione Lombardia, dove la Commissione Attivit\u00e0 Produttive ha gi\u00e0 approvato il progetto e l\u2019Aula dovr\u00e0 discuterne probabilmente entro la fine di novembre. Si prevedono regole di [&hellip;]\" \/>\n<meta property=\"og:url\" content=\"https:\/\/www.fondazionepirelli.org\/it\/cultura-dimpresa\/una-legge-per-valorizzare-i-musei-dimpresa-e-legare-la-memoria-allo-sviluppo-sostenibile\/\" \/>\n<meta property=\"og:site_name\" content=\"Fondazione Pirelli\" \/>\n<meta property=\"article:published_time\" content=\"2023-11-21T08:21:27+00:00\" \/>\n<meta property=\"article:modified_time\" content=\"2023-11-28T14:20:25+00:00\" \/>\n<meta property=\"og:image\" content=\"https:\/\/wpsite-assets.fondazionepirelli.org\/wp-content\/uploads\/2023\/11\/21092118\/IPP3402.jpg\" \/>\n\t<meta property=\"og:image:width\" content=\"4500\" \/>\n\t<meta property=\"og:image:height\" content=\"3003\" \/>\n\t<meta property=\"og:image:type\" content=\"image\/jpeg\" \/>\n<meta name=\"author\" content=\"fondadmin\" \/>\n<meta name=\"twitter:card\" content=\"summary_large_image\" \/>\n<meta name=\"twitter:label1\" content=\"Scritto da\" \/>\n\t<meta name=\"twitter:data1\" content=\"fondadmin\" \/>\n\t<meta name=\"twitter:label2\" content=\"Tempo di lettura stimato\" \/>\n\t<meta name=\"twitter:data2\" content=\"5 minuti\" \/>\n<script type=\"application\/ld+json\" class=\"yoast-schema-graph\">{\"@context\":\"https:\/\/schema.org\",\"@graph\":[{\"@type\":\"WebPage\",\"@id\":\"https:\/\/www.fondazionepirelli.org\/it\/cultura-dimpresa\/una-legge-per-valorizzare-i-musei-dimpresa-e-legare-la-memoria-allo-sviluppo-sostenibile\/\",\"url\":\"https:\/\/www.fondazionepirelli.org\/it\/cultura-dimpresa\/una-legge-per-valorizzare-i-musei-dimpresa-e-legare-la-memoria-allo-sviluppo-sostenibile\/\",\"name\":\"Una legge per valorizzare i musei d\u2019impresa e legare la memoria allo sviluppo sostenibile - Fondazione Pirelli\",\"isPartOf\":{\"@id\":\"https:\/\/www.fondazionepirelli.org\/it\/#website\"},\"primaryImageOfPage\":{\"@id\":\"https:\/\/www.fondazionepirelli.org\/it\/cultura-dimpresa\/una-legge-per-valorizzare-i-musei-dimpresa-e-legare-la-memoria-allo-sviluppo-sostenibile\/#primaryimage\"},\"image\":{\"@id\":\"https:\/\/www.fondazionepirelli.org\/it\/cultura-dimpresa\/una-legge-per-valorizzare-i-musei-dimpresa-e-legare-la-memoria-allo-sviluppo-sostenibile\/#primaryimage\"},\"thumbnailUrl\":\"https:\/\/wpsite-assets.fondazionepirelli.org\/wp-content\/uploads\/2023\/11\/21092118\/IPP3402.jpg\",\"datePublished\":\"2023-11-21T08:21:27+00:00\",\"dateModified\":\"2023-11-28T14:20:25+00:00\",\"author\":{\"@id\":\"https:\/\/www.fondazionepirelli.org\/it\/#\/schema\/person\/f47d097000832c4a6e54538c791fdf25\"},\"breadcrumb\":{\"@id\":\"https:\/\/www.fondazionepirelli.org\/it\/cultura-dimpresa\/una-legge-per-valorizzare-i-musei-dimpresa-e-legare-la-memoria-allo-sviluppo-sostenibile\/#breadcrumb\"},\"inLanguage\":\"it-IT\",\"potentialAction\":[{\"@type\":\"ReadAction\",\"target\":[\"https:\/\/www.fondazionepirelli.org\/it\/cultura-dimpresa\/una-legge-per-valorizzare-i-musei-dimpresa-e-legare-la-memoria-allo-sviluppo-sostenibile\/\"]}]},{\"@type\":\"ImageObject\",\"inLanguage\":\"it-IT\",\"@id\":\"https:\/\/www.fondazionepirelli.org\/it\/cultura-dimpresa\/una-legge-per-valorizzare-i-musei-dimpresa-e-legare-la-memoria-allo-sviluppo-sostenibile\/#primaryimage\",\"url\":\"https:\/\/wpsite-assets.fondazionepirelli.org\/wp-content\/uploads\/2023\/11\/21092118\/IPP3402.jpg\",\"contentUrl\":\"https:\/\/wpsite-assets.fondazionepirelli.org\/wp-content\/uploads\/2023\/11\/21092118\/IPP3402.jpg\",\"width\":4500,\"height\":3003},{\"@type\":\"BreadcrumbList\",\"@id\":\"https:\/\/www.fondazionepirelli.org\/it\/cultura-dimpresa\/una-legge-per-valorizzare-i-musei-dimpresa-e-legare-la-memoria-allo-sviluppo-sostenibile\/#breadcrumb\",\"itemListElement\":[{\"@type\":\"ListItem\",\"position\":1,\"name\":\"Home\",\"item\":\"https:\/\/www.fondazionepirelli.org\/it\/\"},{\"@type\":\"ListItem\",\"position\":2,\"name\":\"Una legge per valorizzare i musei d\u2019impresa e legare la memoria allo sviluppo sostenibile\"}]},{\"@type\":\"WebSite\",\"@id\":\"https:\/\/www.fondazionepirelli.org\/it\/#website\",\"url\":\"https:\/\/www.fondazionepirelli.org\/it\/\",\"name\":\"Fondazione Pirelli\",\"description\":\"\",\"potentialAction\":[{\"@type\":\"SearchAction\",\"target\":{\"@type\":\"EntryPoint\",\"urlTemplate\":\"https:\/\/www.fondazionepirelli.org\/it\/?s={search_term_string}\"},\"query-input\":{\"@type\":\"PropertyValueSpecification\",\"valueRequired\":true,\"valueName\":\"search_term_string\"}}],\"inLanguage\":\"it-IT\"},{\"@type\":\"Person\",\"@id\":\"https:\/\/www.fondazionepirelli.org\/it\/#\/schema\/person\/f47d097000832c4a6e54538c791fdf25\",\"name\":\"fondadmin\",\"image\":{\"@type\":\"ImageObject\",\"inLanguage\":\"it-IT\",\"@id\":\"https:\/\/www.fondazionepirelli.org\/it\/#\/schema\/person\/image\/\",\"url\":\"https:\/\/secure.gravatar.com\/avatar\/e69498a9175ca244966e51e53c88712c024fcebe41f9a05f75657f1bb25e489b?s=96&d=mm&r=g\",\"contentUrl\":\"https:\/\/secure.gravatar.com\/avatar\/e69498a9175ca244966e51e53c88712c024fcebe41f9a05f75657f1bb25e489b?s=96&d=mm&r=g\",\"caption\":\"fondadmin\"},\"url\":\"https:\/\/www.fondazionepirelli.org\/it\/author\/fondadmin\/\"}]}<\/script>\n<!-- \/ Yoast SEO plugin. -->","yoast_head_json":{"title":"Una legge per valorizzare i musei d\u2019impresa e legare la memoria allo sviluppo sostenibile - Fondazione Pirelli","robots":{"index":"index","follow":"follow","max-snippet":"max-snippet:-1","max-image-preview":"max-image-preview:large","max-video-preview":"max-video-preview:-1"},"canonical":"https:\/\/www.fondazionepirelli.org\/it\/cultura-dimpresa\/una-legge-per-valorizzare-i-musei-dimpresa-e-legare-la-memoria-allo-sviluppo-sostenibile\/","og_locale":"it_IT","og_type":"article","og_title":"Una legge per valorizzare i musei d\u2019impresa e legare la memoria allo sviluppo sostenibile - Fondazione Pirelli","og_description":"Una legge per valorizzare i musei d\u2019impresa e gli archivi storici, sostenerne le attivit\u00e0 e stimolarne la creazione di nuovi, da parte delle imprese. Ne discute il Consiglio della Regione Lombardia, dove la Commissione Attivit\u00e0 Produttive ha gi\u00e0 approvato il progetto e l\u2019Aula dovr\u00e0 discuterne probabilmente entro la fine di novembre. Si prevedono regole di [&hellip;]","og_url":"https:\/\/www.fondazionepirelli.org\/it\/cultura-dimpresa\/una-legge-per-valorizzare-i-musei-dimpresa-e-legare-la-memoria-allo-sviluppo-sostenibile\/","og_site_name":"Fondazione Pirelli","article_published_time":"2023-11-21T08:21:27+00:00","article_modified_time":"2023-11-28T14:20:25+00:00","og_image":[{"width":4500,"height":3003,"url":"https:\/\/wpsite-assets.fondazionepirelli.org\/wp-content\/uploads\/2023\/11\/21092118\/IPP3402.jpg","type":"image\/jpeg"}],"author":"fondadmin","twitter_card":"summary_large_image","twitter_misc":{"Scritto da":"fondadmin","Tempo di lettura stimato":"5 minuti"},"schema":{"@context":"https:\/\/schema.org","@graph":[{"@type":"WebPage","@id":"https:\/\/www.fondazionepirelli.org\/it\/cultura-dimpresa\/una-legge-per-valorizzare-i-musei-dimpresa-e-legare-la-memoria-allo-sviluppo-sostenibile\/","url":"https:\/\/www.fondazionepirelli.org\/it\/cultura-dimpresa\/una-legge-per-valorizzare-i-musei-dimpresa-e-legare-la-memoria-allo-sviluppo-sostenibile\/","name":"Una legge per valorizzare i musei d\u2019impresa e legare la memoria allo sviluppo sostenibile - Fondazione Pirelli","isPartOf":{"@id":"https:\/\/www.fondazionepirelli.org\/it\/#website"},"primaryImageOfPage":{"@id":"https:\/\/www.fondazionepirelli.org\/it\/cultura-dimpresa\/una-legge-per-valorizzare-i-musei-dimpresa-e-legare-la-memoria-allo-sviluppo-sostenibile\/#primaryimage"},"image":{"@id":"https:\/\/www.fondazionepirelli.org\/it\/cultura-dimpresa\/una-legge-per-valorizzare-i-musei-dimpresa-e-legare-la-memoria-allo-sviluppo-sostenibile\/#primaryimage"},"thumbnailUrl":"https:\/\/wpsite-assets.fondazionepirelli.org\/wp-content\/uploads\/2023\/11\/21092118\/IPP3402.jpg","datePublished":"2023-11-21T08:21:27+00:00","dateModified":"2023-11-28T14:20:25+00:00","author":{"@id":"https:\/\/www.fondazionepirelli.org\/it\/#\/schema\/person\/f47d097000832c4a6e54538c791fdf25"},"breadcrumb":{"@id":"https:\/\/www.fondazionepirelli.org\/it\/cultura-dimpresa\/una-legge-per-valorizzare-i-musei-dimpresa-e-legare-la-memoria-allo-sviluppo-sostenibile\/#breadcrumb"},"inLanguage":"it-IT","potentialAction":[{"@type":"ReadAction","target":["https:\/\/www.fondazionepirelli.org\/it\/cultura-dimpresa\/una-legge-per-valorizzare-i-musei-dimpresa-e-legare-la-memoria-allo-sviluppo-sostenibile\/"]}]},{"@type":"ImageObject","inLanguage":"it-IT","@id":"https:\/\/www.fondazionepirelli.org\/it\/cultura-dimpresa\/una-legge-per-valorizzare-i-musei-dimpresa-e-legare-la-memoria-allo-sviluppo-sostenibile\/#primaryimage","url":"https:\/\/wpsite-assets.fondazionepirelli.org\/wp-content\/uploads\/2023\/11\/21092118\/IPP3402.jpg","contentUrl":"https:\/\/wpsite-assets.fondazionepirelli.org\/wp-content\/uploads\/2023\/11\/21092118\/IPP3402.jpg","width":4500,"height":3003},{"@type":"BreadcrumbList","@id":"https:\/\/www.fondazionepirelli.org\/it\/cultura-dimpresa\/una-legge-per-valorizzare-i-musei-dimpresa-e-legare-la-memoria-allo-sviluppo-sostenibile\/#breadcrumb","itemListElement":[{"@type":"ListItem","position":1,"name":"Home","item":"https:\/\/www.fondazionepirelli.org\/it\/"},{"@type":"ListItem","position":2,"name":"Una legge per valorizzare i musei d\u2019impresa e legare la memoria allo sviluppo sostenibile"}]},{"@type":"WebSite","@id":"https:\/\/www.fondazionepirelli.org\/it\/#website","url":"https:\/\/www.fondazionepirelli.org\/it\/","name":"Fondazione Pirelli","description":"","potentialAction":[{"@type":"SearchAction","target":{"@type":"EntryPoint","urlTemplate":"https:\/\/www.fondazionepirelli.org\/it\/?s={search_term_string}"},"query-input":{"@type":"PropertyValueSpecification","valueRequired":true,"valueName":"search_term_string"}}],"inLanguage":"it-IT"},{"@type":"Person","@id":"https:\/\/www.fondazionepirelli.org\/it\/#\/schema\/person\/f47d097000832c4a6e54538c791fdf25","name":"fondadmin","image":{"@type":"ImageObject","inLanguage":"it-IT","@id":"https:\/\/www.fondazionepirelli.org\/it\/#\/schema\/person\/image\/","url":"https:\/\/secure.gravatar.com\/avatar\/e69498a9175ca244966e51e53c88712c024fcebe41f9a05f75657f1bb25e489b?s=96&d=mm&r=g","contentUrl":"https:\/\/secure.gravatar.com\/avatar\/e69498a9175ca244966e51e53c88712c024fcebe41f9a05f75657f1bb25e489b?s=96&d=mm&r=g","caption":"fondadmin"},"url":"https:\/\/www.fondazionepirelli.org\/it\/author\/fondadmin\/"}]}},"_links":{"self":[{"href":"https:\/\/www.fondazionepirelli.org\/it\/wp-json\/wp\/v2\/posts\/98714\/"}],"collection":[{"href":"https:\/\/www.fondazionepirelli.org\/it\/wp-json\/wp\/v2\/posts\/"}],"about":[{"href":"https:\/\/www.fondazionepirelli.org\/it\/wp-json\/wp\/v2\/types\/post\/"}],"author":[{"embeddable":true,"href":"https:\/\/www.fondazionepirelli.org\/it\/wp-json\/wp\/v2\/users\/1\/"}],"replies":[{"embeddable":true,"href":"https:\/\/www.fondazionepirelli.org\/it\/wp-json\/wp\/v2\/comments\/?post=98714"}],"version-history":[{"count":5,"href":"https:\/\/www.fondazionepirelli.org\/it\/wp-json\/wp\/v2\/posts\/98714\/revisions\/"}],"predecessor-version":[{"id":98765,"href":"https:\/\/www.fondazionepirelli.org\/it\/wp-json\/wp\/v2\/posts\/98714\/revisions\/98765\/"}],"wp:featuredmedia":[{"embeddable":true,"href":"https:\/\/www.fondazionepirelli.org\/it\/wp-json\/wp\/v2\/media\/98728\/"}],"wp:attachment":[{"href":"https:\/\/www.fondazionepirelli.org\/it\/wp-json\/wp\/v2\/media\/?parent=98714"}],"wp:term":[{"taxonomy":"category","embeddable":true,"href":"https:\/\/www.fondazionepirelli.org\/it\/wp-json\/wp\/v2\/categories\/?post=98714"},{"taxonomy":"post_tag","embeddable":true,"href":"https:\/\/www.fondazionepirelli.org\/it\/wp-json\/wp\/v2\/tags\/?post=98714"}],"curies":[{"name":"wp","href":"https:\/\/api.w.org\/{rel}","templated":true}]}}