{"id":98719,"date":"2023-11-21T09:21:59","date_gmt":"2023-11-21T08:21:59","guid":{"rendered":"https:\/\/www.fondazionepirelli.org\/?p=98719"},"modified":"2023-11-21T09:21:59","modified_gmt":"2023-11-21T08:21:59","slug":"ia-attenzione-allumanita","status":"publish","type":"post","link":"https:\/\/www.fondazionepirelli.org\/it\/cultura-dimpresa\/ia-attenzione-allumanita\/","title":{"rendered":"IA, attenzione all\u2019umanit\u00e0"},"content":{"rendered":"<p><em>Il delicato equilibrio tra tecnologie, ruolo e tutela della persona<\/em><\/p><p>Intelligenza Artificiale come ultima frontiera dell\u2019innovazione e della tecnologia. Per le imprese come per tutti noi. Orizzonte da guardare, tuttavia, con grande attenzione. Senza perdere di vista le persone. Anche nelle organizzazioni della produzione.<\/p>\n<p>E\u2019 quanto cerca di fare \u2013 riuscendoci -, la raccolta di studi \u201cAlgoritmi, sicurezza ed etica dell&#8217;innovazione : la persona al centro della transizione digitale\u201d di Alessandro Alonsi e \u00a0Fabio Pompei da poco data alle stampe.<\/p>\n<p>Il ragionamento dei due autori \u2013 che uniscono capacit\u00e0 narrativa e preparazione tecnica -, prende le mosse da una constatazione: \u201cSempre pi\u00f9 spesso i cittadini non sono in grado di controllare ci\u00f2 che accade intorno a loro, immersi e sovraccaricati da sollecitazioni artificiose. Anche l&#8217;attivit\u00e0 informatica, che appare fondamentale e rappresenta un formidabile aiuto nella gestione della vita quotidiana, se non opportunamente indirizzata, pu\u00f2 intimorire le persone o minacciare le infrastrutture di comunicazione e la sicurezza dei dispositivi\u201d. Da qui il passo verso l\u2019IA che, se non utilizzata in modo etico, \u201cpu\u00f2 \u2013 viene spiegato -, fomentare le disuguaglianze sociali, aumentare le discriminazioni e mettere a rischio la democrazia, con conseguenti ripercussioni sui diritti della persona e sulla sua salute\u201d.<\/p>\n<p>Il ragionamento che segue a queste considerazioni di base, si dipana lungo un percorso a pi\u00f9 tappe. Si inizia quindi dal tema della \u201csicurezza della societ\u00e0 nel nuovo mondo online\u201d per passare poi ad approfondire una serie di punti: i dati online, le difficolt\u00e0 dei giovani di fronte al web, i problemi collegati ai fatti passati e alla memoria, la sicurezza del metaverso. Alonsi e Pompei non trascurano per\u00f2 nemmeno il \u201clato buono\u201d della tecnologia che pur presenta notevoli esempi.<\/p>\n<p>Libro da leggere con attenzione quello che hanno scritto Alonsi e Pompei, libro che contiene un messaggio solo in apparenza scontato: non tutto nella vita pu\u00f2 essere ridotto a un semplice codice, ed \u00e8 quanto mai necessario comprendere gli azzardi e le limitazioni delle innovazioni, sbloccandone il potenziale attraverso una gestione accorta e consapevole. Scrivo i due autori: \u201cL\u2019astinenza digitale non rappresenta (\u2026) oggi un\u2019opzione realistica. (\u2026) Una nuova realt\u00e0 fisica, metafisica e virtuale ci avvolge, ci cambia, trasforma percezioni, linguaggio e modi di vedere la realt\u00e0. Sta a noi rimanere con i piedi ben saldi sulla terra, nonostante il fatto che le nostre teste saranno sempre pi\u00f9 immerse nel cloud\u201d. Una condizione che vale anche per le organizzazioni della produzione e sociali, oltre che per i singoli individui.<\/p><p><strong>Algoritmi, sicurezza ed etica dell&#8217;innovazione : la persona al centro della transizione digitale<\/strong><\/p>\n<p>Alessandro Alonsi, Fabio Pompei<\/p>\n<p>Tab Edizione, 2023<\/p>","protected":false},"excerpt":{"rendered":"<p>Il delicato equilibrio tra tecnologie, ruolo e tutela della personaIntelligenza Artificiale come ultima frontiera dell\u2019innovazione e della tecnologia. Per le imprese come per tutti noi. Orizzonte da guardare, tuttavia, con grande attenzione. Senza perdere di vista le persone. Anche nelle organizzazioni della produzione. E\u2019 quanto cerca di fare \u2013 riuscendoci -, la raccolta di studi [&hellip;]<\/p>\n","protected":false},"author":1,"featured_media":0,"comment_status":"open","ping_status":"open","sticky":false,"template":"","format":"standard","meta":{"footnotes":""},"categories":[54,52],"tags":[],"class_list":["post-98719","post","type-post","status-publish","format-standard","hentry","category-approfondimenti","category-cultura-dimpresa"],"acf":[],"yoast_head":"<!-- This site is optimized with the Yoast SEO plugin v25.0 - https:\/\/yoast.com\/wordpress\/plugins\/seo\/ -->\n<title>IA, attenzione all\u2019umanit\u00e0 - Fondazione Pirelli<\/title>\n<meta name=\"robots\" content=\"index, follow, max-snippet:-1, max-image-preview:large, max-video-preview:-1\" \/>\n<link rel=\"canonical\" href=\"https:\/\/www.fondazionepirelli.org\/it\/cultura-dimpresa\/ia-attenzione-allumanita\/\" \/>\n<meta property=\"og:locale\" content=\"it_IT\" \/>\n<meta property=\"og:type\" content=\"article\" \/>\n<meta property=\"og:title\" content=\"IA, attenzione all\u2019umanit\u00e0 - Fondazione Pirelli\" \/>\n<meta property=\"og:description\" content=\"Il delicato equilibrio tra tecnologie, ruolo e tutela della personaIntelligenza Artificiale come ultima frontiera dell\u2019innovazione e della tecnologia. Per le imprese come per tutti noi. Orizzonte da guardare, tuttavia, con grande attenzione. Senza perdere di vista le persone. Anche nelle organizzazioni della produzione. E\u2019 quanto cerca di fare \u2013 riuscendoci -, la raccolta di studi [&hellip;]\" \/>\n<meta property=\"og:url\" content=\"https:\/\/127.0.0.1\/it\/cultura-dimpresa\/ia-attenzione-allumanita\/\" \/>\n<meta property=\"og:site_name\" content=\"Fondazione Pirelli\" \/>\n<meta property=\"article:published_time\" content=\"2023-11-21T08:21:59+00:00\" \/>\n<meta name=\"author\" content=\"fondadmin\" \/>\n<meta name=\"twitter:card\" content=\"summary_large_image\" \/>\n<meta name=\"twitter:label1\" content=\"Scritto da\" \/>\n\t<meta name=\"twitter:data1\" content=\"fondadmin\" \/>\n\t<meta name=\"twitter:label2\" content=\"Tempo di lettura stimato\" \/>\n\t<meta name=\"twitter:data2\" content=\"2 minuti\" \/>\n<script type=\"application\/ld+json\" class=\"yoast-schema-graph\">{\"@context\":\"https:\/\/schema.org\",\"@graph\":[{\"@type\":\"WebPage\",\"@id\":\"https:\/\/127.0.0.1\/it\/cultura-dimpresa\/ia-attenzione-allumanita\/\",\"url\":\"https:\/\/127.0.0.1\/it\/cultura-dimpresa\/ia-attenzione-allumanita\/\",\"name\":\"IA, attenzione all\u2019umanit\u00e0 - Fondazione Pirelli\",\"isPartOf\":{\"@id\":\"https:\/\/www.fondazionepirelli.org\/it\/#website\"},\"datePublished\":\"2023-11-21T08:21:59+00:00\",\"author\":{\"@id\":\"https:\/\/www.fondazionepirelli.org\/it\/#\/schema\/person\/f47d097000832c4a6e54538c791fdf25\"},\"breadcrumb\":{\"@id\":\"https:\/\/127.0.0.1\/it\/cultura-dimpresa\/ia-attenzione-allumanita\/#breadcrumb\"},\"inLanguage\":\"it-IT\",\"potentialAction\":[{\"@type\":\"ReadAction\",\"target\":[\"https:\/\/127.0.0.1\/it\/cultura-dimpresa\/ia-attenzione-allumanita\/\"]}]},{\"@type\":\"BreadcrumbList\",\"@id\":\"https:\/\/127.0.0.1\/it\/cultura-dimpresa\/ia-attenzione-allumanita\/#breadcrumb\",\"itemListElement\":[{\"@type\":\"ListItem\",\"position\":1,\"name\":\"Home\",\"item\":\"https:\/\/www.fondazionepirelli.org\/it\/\"},{\"@type\":\"ListItem\",\"position\":2,\"name\":\"IA, attenzione all\u2019umanit\u00e0\"}]},{\"@type\":\"WebSite\",\"@id\":\"https:\/\/www.fondazionepirelli.org\/it\/#website\",\"url\":\"https:\/\/www.fondazionepirelli.org\/it\/\",\"name\":\"Fondazione Pirelli\",\"description\":\"\",\"potentialAction\":[{\"@type\":\"SearchAction\",\"target\":{\"@type\":\"EntryPoint\",\"urlTemplate\":\"https:\/\/www.fondazionepirelli.org\/it\/?s={search_term_string}\"},\"query-input\":{\"@type\":\"PropertyValueSpecification\",\"valueRequired\":true,\"valueName\":\"search_term_string\"}}],\"inLanguage\":\"it-IT\"},{\"@type\":\"Person\",\"@id\":\"https:\/\/www.fondazionepirelli.org\/it\/#\/schema\/person\/f47d097000832c4a6e54538c791fdf25\",\"name\":\"fondadmin\",\"image\":{\"@type\":\"ImageObject\",\"inLanguage\":\"it-IT\",\"@id\":\"https:\/\/www.fondazionepirelli.org\/it\/#\/schema\/person\/image\/\",\"url\":\"https:\/\/secure.gravatar.com\/avatar\/e69498a9175ca244966e51e53c88712c024fcebe41f9a05f75657f1bb25e489b?s=96&d=mm&r=g\",\"contentUrl\":\"https:\/\/secure.gravatar.com\/avatar\/e69498a9175ca244966e51e53c88712c024fcebe41f9a05f75657f1bb25e489b?s=96&d=mm&r=g\",\"caption\":\"fondadmin\"},\"url\":\"https:\/\/www.fondazionepirelli.org\/it\/author\/fondadmin\/\"}]}<\/script>\n<!-- \/ Yoast SEO plugin. -->","yoast_head_json":{"title":"IA, attenzione all\u2019umanit\u00e0 - Fondazione Pirelli","robots":{"index":"index","follow":"follow","max-snippet":"max-snippet:-1","max-image-preview":"max-image-preview:large","max-video-preview":"max-video-preview:-1"},"canonical":"https:\/\/www.fondazionepirelli.org\/it\/cultura-dimpresa\/ia-attenzione-allumanita\/","og_locale":"it_IT","og_type":"article","og_title":"IA, attenzione all\u2019umanit\u00e0 - Fondazione Pirelli","og_description":"Il delicato equilibrio tra tecnologie, ruolo e tutela della personaIntelligenza Artificiale come ultima frontiera dell\u2019innovazione e della tecnologia. Per le imprese come per tutti noi. Orizzonte da guardare, tuttavia, con grande attenzione. Senza perdere di vista le persone. Anche nelle organizzazioni della produzione. E\u2019 quanto cerca di fare \u2013 riuscendoci -, la raccolta di studi [&hellip;]","og_url":"https:\/\/127.0.0.1\/it\/cultura-dimpresa\/ia-attenzione-allumanita\/","og_site_name":"Fondazione Pirelli","article_published_time":"2023-11-21T08:21:59+00:00","author":"fondadmin","twitter_card":"summary_large_image","twitter_misc":{"Scritto da":"fondadmin","Tempo di lettura stimato":"2 minuti"},"schema":{"@context":"https:\/\/schema.org","@graph":[{"@type":"WebPage","@id":"https:\/\/127.0.0.1\/it\/cultura-dimpresa\/ia-attenzione-allumanita\/","url":"https:\/\/127.0.0.1\/it\/cultura-dimpresa\/ia-attenzione-allumanita\/","name":"IA, attenzione all\u2019umanit\u00e0 - Fondazione Pirelli","isPartOf":{"@id":"https:\/\/www.fondazionepirelli.org\/it\/#website"},"datePublished":"2023-11-21T08:21:59+00:00","author":{"@id":"https:\/\/www.fondazionepirelli.org\/it\/#\/schema\/person\/f47d097000832c4a6e54538c791fdf25"},"breadcrumb":{"@id":"https:\/\/127.0.0.1\/it\/cultura-dimpresa\/ia-attenzione-allumanita\/#breadcrumb"},"inLanguage":"it-IT","potentialAction":[{"@type":"ReadAction","target":["https:\/\/127.0.0.1\/it\/cultura-dimpresa\/ia-attenzione-allumanita\/"]}]},{"@type":"BreadcrumbList","@id":"https:\/\/127.0.0.1\/it\/cultura-dimpresa\/ia-attenzione-allumanita\/#breadcrumb","itemListElement":[{"@type":"ListItem","position":1,"name":"Home","item":"https:\/\/www.fondazionepirelli.org\/it\/"},{"@type":"ListItem","position":2,"name":"IA, attenzione all\u2019umanit\u00e0"}]},{"@type":"WebSite","@id":"https:\/\/www.fondazionepirelli.org\/it\/#website","url":"https:\/\/www.fondazionepirelli.org\/it\/","name":"Fondazione Pirelli","description":"","potentialAction":[{"@type":"SearchAction","target":{"@type":"EntryPoint","urlTemplate":"https:\/\/www.fondazionepirelli.org\/it\/?s={search_term_string}"},"query-input":{"@type":"PropertyValueSpecification","valueRequired":true,"valueName":"search_term_string"}}],"inLanguage":"it-IT"},{"@type":"Person","@id":"https:\/\/www.fondazionepirelli.org\/it\/#\/schema\/person\/f47d097000832c4a6e54538c791fdf25","name":"fondadmin","image":{"@type":"ImageObject","inLanguage":"it-IT","@id":"https:\/\/www.fondazionepirelli.org\/it\/#\/schema\/person\/image\/","url":"https:\/\/secure.gravatar.com\/avatar\/e69498a9175ca244966e51e53c88712c024fcebe41f9a05f75657f1bb25e489b?s=96&d=mm&r=g","contentUrl":"https:\/\/secure.gravatar.com\/avatar\/e69498a9175ca244966e51e53c88712c024fcebe41f9a05f75657f1bb25e489b?s=96&d=mm&r=g","caption":"fondadmin"},"url":"https:\/\/www.fondazionepirelli.org\/it\/author\/fondadmin\/"}]}},"_links":{"self":[{"href":"https:\/\/www.fondazionepirelli.org\/it\/wp-json\/wp\/v2\/posts\/98719\/"}],"collection":[{"href":"https:\/\/www.fondazionepirelli.org\/it\/wp-json\/wp\/v2\/posts\/"}],"about":[{"href":"https:\/\/www.fondazionepirelli.org\/it\/wp-json\/wp\/v2\/types\/post\/"}],"author":[{"embeddable":true,"href":"https:\/\/www.fondazionepirelli.org\/it\/wp-json\/wp\/v2\/users\/1\/"}],"replies":[{"embeddable":true,"href":"https:\/\/www.fondazionepirelli.org\/it\/wp-json\/wp\/v2\/comments\/?post=98719"}],"version-history":[{"count":1,"href":"https:\/\/www.fondazionepirelli.org\/it\/wp-json\/wp\/v2\/posts\/98719\/revisions\/"}],"predecessor-version":[{"id":98720,"href":"https:\/\/www.fondazionepirelli.org\/it\/wp-json\/wp\/v2\/posts\/98719\/revisions\/98720\/"}],"wp:attachment":[{"href":"https:\/\/www.fondazionepirelli.org\/it\/wp-json\/wp\/v2\/media\/?parent=98719"}],"wp:term":[{"taxonomy":"category","embeddable":true,"href":"https:\/\/www.fondazionepirelli.org\/it\/wp-json\/wp\/v2\/categories\/?post=98719"},{"taxonomy":"post_tag","embeddable":true,"href":"https:\/\/www.fondazionepirelli.org\/it\/wp-json\/wp\/v2\/tags\/?post=98719"}],"curies":[{"name":"wp","href":"https:\/\/api.w.org\/{rel}","templated":true}]}}