{"id":98723,"date":"2023-11-21T09:21:43","date_gmt":"2023-11-21T08:21:43","guid":{"rendered":"https:\/\/www.fondazionepirelli.org\/?p=98723"},"modified":"2023-11-21T15:24:37","modified_gmt":"2023-11-21T14:24:37","slug":"conflitti-di-classe-generazionale","status":"publish","type":"post","link":"https:\/\/www.fondazionepirelli.org\/it\/cultura-dimpresa\/conflitti-di-classe-generazionale\/","title":{"rendered":"Conflitti di classe generazionale"},"content":{"rendered":"<p><em>In un libro una analisi non convenzionale delle relazioni (complesse) tra generazioni diverse<\/em><\/p>\n<p><strong>\u00a0<\/strong><\/p>\n<p>Contrapposizione tra classi sociali. Vecchio modello della struttura sociale e produttiva, seppur ancora valido per molti aspetti, al quale si affianca (non si sostituisce) un altro modello di contrapposizione: quello tra classi generazionali. Classi che si portano dietro visioni diverse del vivere, del lavorare, del produrre, dello stare insieme, concezioni del mondo differenti, culture spesso lontane anni luce le une dalle altre. Anche nel modo di intendere gli obiettivi della vita. E come raggiungerli.<\/p>\n<p>E\u2019 attorno a questi nodi (perch\u00e9 in questo caso i nodi sono davvero tanti) che ragiona Beniamino Pagliaro \u2013 giornalista e attento osservatore della realt\u00e0 -, con il suo \u201cBoomers contro millennials. Sette bugie sul futuro e come iniziare a cambiare\u201d. Una sorta di viaggio, o meglio di corsa a perdifiato, lungo le contraddizioni e i conflitti nei rapporti tra generazioni diverse. Una relazione fatta di illusioni e bugie (come suggerisce il sottotitolo del libro), di prospettive mancate e di altre mai colte, di fantasie economiche e di realt\u00e0 difficili.<\/p>\n<p>La narrazione prende in considerazione sette luoghi comuni diffusi tra le generazioni. Sette bugie. Da \u201cstudia tanto e tutto andr\u00e0 bene\u201d a \u201cse lavori come si deve presto avrai i soldi per comprare casa\u201d, da \u201cla politica si occuper\u00e0 dei giovani\u201d a \u201cormai facciamo sempre cos\u00ec, \u00e8 troppo tardi per cambiare\u201d. Pagliaro racconta i problemi che le generazioni recenti si sono trovate ad affrontare, dai contratti meno tutelati a pensioni fantasma e quantomai ipotetiche, sempre con la certezza di trovarsi poi, per la prima volta in pi\u00f9 di un secolo, pi\u00f9 poveri dei propri genitori. L\u2019autore con leggerezza affronta cos\u00ec alcuni dei grandi temi dell\u2019oggi. C\u2019\u00e8 infatti pi\u00f9 di un motivo se i cosiddetti giovani \u2013 concetto applicato con disinvoltura e che comprende, oramai, due generazioni e mezzo \u2013 fanno pi\u00f9 fatica ad affermarsi nel mondo del lavoro, mettono su famiglia pi\u00f9 tardi, non comprano pi\u00f9 casa e vivono una preoccupazione crescente, quasi un\u2019ossessione, nei confronti dell\u2019emergenza climatica.<\/p>\n<p>Beniamino Pagliaro non si limita per\u00f2 a \u201cdenunciare\u201d una situazione ormai arrivata ad un punto critico. Nel libro, infatti, viene proposta l\u2019apertura di un fronte di dialogo: perch\u00e9 l\u2019interazione tra la classe dirigente attuale, appartenente alla generazione dei Baby boomers, e quella futura, rappresentata dai Millennials, non pu\u00f2 pi\u00f9 essere ridotta a una dimensione di eterno conflitto. Non si deve pi\u00f9 parlare di colpe, bisogna piuttosto trovare, una volta per tutte, non un capro espiatorio ma soluzioni a problemi urgenti e attuali. Compito irto di difficolt\u00e0, che non pu\u00f2 certo essere risolto solo da un giornalista che, tuttavia, contribuisce e non poco a risolverlo parlando in modo chiaro e comprensibile.<\/p>\n<p>Il libro di Beniamino Pagliaro \u00e8 un racconto sul recente passato, sul presente e soprattutto sul futuro, un racconto che serve per iniziare a sconfiggere luoghi comuni e sanare abitudini malsane e radicate nella nostra cultura. Si tratta di un libro bello, da leggere e discutere. Magari anche con l\u2019autore.<\/p><p><strong>Boomers contro millennials. Sette bugie sul futuro e come iniziare a cambiare<\/strong><\/p>\n<p>Beniamino Pagliaro<\/p>\n<p>HarperCollins, 2023<\/p>","protected":false},"excerpt":{"rendered":"<p>In un libro una analisi non convenzionale delle relazioni (complesse) tra generazioni diverse \u00a0 Contrapposizione tra classi sociali. Vecchio modello della struttura sociale e produttiva, seppur ancora valido per molti aspetti, al quale si affianca (non si sostituisce) un altro modello di contrapposizione: quello tra classi generazionali. Classi che si portano dietro visioni diverse del [&hellip;]<\/p>\n","protected":false},"author":1,"featured_media":98724,"comment_status":"open","ping_status":"open","sticky":false,"template":"","format":"standard","meta":{"footnotes":""},"categories":[52,58],"tags":[],"class_list":["post-98723","post","type-post","status-publish","format-standard","has-post-thumbnail","hentry","category-cultura-dimpresa","category-recensioni-libri"],"acf":[],"yoast_head":"<!-- This site is optimized with the Yoast SEO plugin v25.0 - https:\/\/yoast.com\/wordpress\/plugins\/seo\/ -->\n<title>Conflitti di classe generazionale - Fondazione Pirelli<\/title>\n<meta name=\"robots\" content=\"index, follow, max-snippet:-1, max-image-preview:large, max-video-preview:-1\" \/>\n<link rel=\"canonical\" href=\"https:\/\/www.fondazionepirelli.org\/it\/cultura-dimpresa\/conflitti-di-classe-generazionale\/\" \/>\n<meta property=\"og:locale\" content=\"it_IT\" \/>\n<meta property=\"og:type\" content=\"article\" \/>\n<meta property=\"og:title\" content=\"Conflitti di classe generazionale - Fondazione Pirelli\" \/>\n<meta property=\"og:description\" content=\"In un libro una analisi non convenzionale delle relazioni (complesse) tra generazioni diverse \u00a0 Contrapposizione tra classi sociali. Vecchio modello della struttura sociale e produttiva, seppur ancora valido per molti aspetti, al quale si affianca (non si sostituisce) un altro modello di contrapposizione: quello tra classi generazionali. Classi che si portano dietro visioni diverse del [&hellip;]\" \/>\n<meta property=\"og:url\" content=\"https:\/\/www.fondazionepirelli.org\/it\/cultura-dimpresa\/conflitti-di-classe-generazionale\/\" \/>\n<meta property=\"og:site_name\" content=\"Fondazione Pirelli\" \/>\n<meta property=\"article:published_time\" content=\"2023-11-21T08:21:43+00:00\" \/>\n<meta property=\"article:modified_time\" content=\"2023-11-21T14:24:37+00:00\" \/>\n<meta property=\"og:image\" content=\"https:\/\/wpsite-assets.fondazionepirelli.org\/wp-content\/uploads\/2023\/11\/21090254\/IMG_0046.jpeg\" \/>\n\t<meta property=\"og:image:width\" content=\"1000\" \/>\n\t<meta property=\"og:image:height\" content=\"1500\" \/>\n\t<meta property=\"og:image:type\" content=\"image\/jpeg\" \/>\n<meta name=\"author\" content=\"fondadmin\" \/>\n<meta name=\"twitter:card\" content=\"summary_large_image\" \/>\n<meta name=\"twitter:label1\" content=\"Scritto da\" \/>\n\t<meta name=\"twitter:data1\" content=\"fondadmin\" \/>\n\t<meta name=\"twitter:label2\" content=\"Tempo di lettura stimato\" \/>\n\t<meta name=\"twitter:data2\" content=\"3 minuti\" \/>\n<script type=\"application\/ld+json\" class=\"yoast-schema-graph\">{\"@context\":\"https:\/\/schema.org\",\"@graph\":[{\"@type\":\"WebPage\",\"@id\":\"https:\/\/www.fondazionepirelli.org\/it\/cultura-dimpresa\/conflitti-di-classe-generazionale\/\",\"url\":\"https:\/\/www.fondazionepirelli.org\/it\/cultura-dimpresa\/conflitti-di-classe-generazionale\/\",\"name\":\"Conflitti di classe generazionale - Fondazione Pirelli\",\"isPartOf\":{\"@id\":\"https:\/\/www.fondazionepirelli.org\/it\/#website\"},\"primaryImageOfPage\":{\"@id\":\"https:\/\/www.fondazionepirelli.org\/it\/cultura-dimpresa\/conflitti-di-classe-generazionale\/#primaryimage\"},\"image\":{\"@id\":\"https:\/\/www.fondazionepirelli.org\/it\/cultura-dimpresa\/conflitti-di-classe-generazionale\/#primaryimage\"},\"thumbnailUrl\":\"https:\/\/wpsite-assets.fondazionepirelli.org\/wp-content\/uploads\/2023\/11\/21090254\/IMG_0046.jpeg\",\"datePublished\":\"2023-11-21T08:21:43+00:00\",\"dateModified\":\"2023-11-21T14:24:37+00:00\",\"author\":{\"@id\":\"https:\/\/www.fondazionepirelli.org\/it\/#\/schema\/person\/f47d097000832c4a6e54538c791fdf25\"},\"breadcrumb\":{\"@id\":\"https:\/\/www.fondazionepirelli.org\/it\/cultura-dimpresa\/conflitti-di-classe-generazionale\/#breadcrumb\"},\"inLanguage\":\"it-IT\",\"potentialAction\":[{\"@type\":\"ReadAction\",\"target\":[\"https:\/\/www.fondazionepirelli.org\/it\/cultura-dimpresa\/conflitti-di-classe-generazionale\/\"]}]},{\"@type\":\"ImageObject\",\"inLanguage\":\"it-IT\",\"@id\":\"https:\/\/www.fondazionepirelli.org\/it\/cultura-dimpresa\/conflitti-di-classe-generazionale\/#primaryimage\",\"url\":\"https:\/\/wpsite-assets.fondazionepirelli.org\/wp-content\/uploads\/2023\/11\/21090254\/IMG_0046.jpeg\",\"contentUrl\":\"https:\/\/wpsite-assets.fondazionepirelli.org\/wp-content\/uploads\/2023\/11\/21090254\/IMG_0046.jpeg\",\"width\":1000,\"height\":1500},{\"@type\":\"BreadcrumbList\",\"@id\":\"https:\/\/www.fondazionepirelli.org\/it\/cultura-dimpresa\/conflitti-di-classe-generazionale\/#breadcrumb\",\"itemListElement\":[{\"@type\":\"ListItem\",\"position\":1,\"name\":\"Home\",\"item\":\"https:\/\/www.fondazionepirelli.org\/it\/\"},{\"@type\":\"ListItem\",\"position\":2,\"name\":\"Conflitti di classe generazionale\"}]},{\"@type\":\"WebSite\",\"@id\":\"https:\/\/www.fondazionepirelli.org\/it\/#website\",\"url\":\"https:\/\/www.fondazionepirelli.org\/it\/\",\"name\":\"Fondazione Pirelli\",\"description\":\"\",\"potentialAction\":[{\"@type\":\"SearchAction\",\"target\":{\"@type\":\"EntryPoint\",\"urlTemplate\":\"https:\/\/www.fondazionepirelli.org\/it\/?s={search_term_string}\"},\"query-input\":{\"@type\":\"PropertyValueSpecification\",\"valueRequired\":true,\"valueName\":\"search_term_string\"}}],\"inLanguage\":\"it-IT\"},{\"@type\":\"Person\",\"@id\":\"https:\/\/www.fondazionepirelli.org\/it\/#\/schema\/person\/f47d097000832c4a6e54538c791fdf25\",\"name\":\"fondadmin\",\"image\":{\"@type\":\"ImageObject\",\"inLanguage\":\"it-IT\",\"@id\":\"https:\/\/www.fondazionepirelli.org\/it\/#\/schema\/person\/image\/\",\"url\":\"https:\/\/secure.gravatar.com\/avatar\/e69498a9175ca244966e51e53c88712c024fcebe41f9a05f75657f1bb25e489b?s=96&d=mm&r=g\",\"contentUrl\":\"https:\/\/secure.gravatar.com\/avatar\/e69498a9175ca244966e51e53c88712c024fcebe41f9a05f75657f1bb25e489b?s=96&d=mm&r=g\",\"caption\":\"fondadmin\"},\"url\":\"https:\/\/www.fondazionepirelli.org\/it\/author\/fondadmin\/\"}]}<\/script>\n<!-- \/ Yoast SEO plugin. -->","yoast_head_json":{"title":"Conflitti di classe generazionale - Fondazione Pirelli","robots":{"index":"index","follow":"follow","max-snippet":"max-snippet:-1","max-image-preview":"max-image-preview:large","max-video-preview":"max-video-preview:-1"},"canonical":"https:\/\/www.fondazionepirelli.org\/it\/cultura-dimpresa\/conflitti-di-classe-generazionale\/","og_locale":"it_IT","og_type":"article","og_title":"Conflitti di classe generazionale - Fondazione Pirelli","og_description":"In un libro una analisi non convenzionale delle relazioni (complesse) tra generazioni diverse \u00a0 Contrapposizione tra classi sociali. Vecchio modello della struttura sociale e produttiva, seppur ancora valido per molti aspetti, al quale si affianca (non si sostituisce) un altro modello di contrapposizione: quello tra classi generazionali. Classi che si portano dietro visioni diverse del [&hellip;]","og_url":"https:\/\/www.fondazionepirelli.org\/it\/cultura-dimpresa\/conflitti-di-classe-generazionale\/","og_site_name":"Fondazione Pirelli","article_published_time":"2023-11-21T08:21:43+00:00","article_modified_time":"2023-11-21T14:24:37+00:00","og_image":[{"width":1000,"height":1500,"url":"https:\/\/wpsite-assets.fondazionepirelli.org\/wp-content\/uploads\/2023\/11\/21090254\/IMG_0046.jpeg","type":"image\/jpeg"}],"author":"fondadmin","twitter_card":"summary_large_image","twitter_misc":{"Scritto da":"fondadmin","Tempo di lettura stimato":"3 minuti"},"schema":{"@context":"https:\/\/schema.org","@graph":[{"@type":"WebPage","@id":"https:\/\/www.fondazionepirelli.org\/it\/cultura-dimpresa\/conflitti-di-classe-generazionale\/","url":"https:\/\/www.fondazionepirelli.org\/it\/cultura-dimpresa\/conflitti-di-classe-generazionale\/","name":"Conflitti di classe generazionale - Fondazione Pirelli","isPartOf":{"@id":"https:\/\/www.fondazionepirelli.org\/it\/#website"},"primaryImageOfPage":{"@id":"https:\/\/www.fondazionepirelli.org\/it\/cultura-dimpresa\/conflitti-di-classe-generazionale\/#primaryimage"},"image":{"@id":"https:\/\/www.fondazionepirelli.org\/it\/cultura-dimpresa\/conflitti-di-classe-generazionale\/#primaryimage"},"thumbnailUrl":"https:\/\/wpsite-assets.fondazionepirelli.org\/wp-content\/uploads\/2023\/11\/21090254\/IMG_0046.jpeg","datePublished":"2023-11-21T08:21:43+00:00","dateModified":"2023-11-21T14:24:37+00:00","author":{"@id":"https:\/\/www.fondazionepirelli.org\/it\/#\/schema\/person\/f47d097000832c4a6e54538c791fdf25"},"breadcrumb":{"@id":"https:\/\/www.fondazionepirelli.org\/it\/cultura-dimpresa\/conflitti-di-classe-generazionale\/#breadcrumb"},"inLanguage":"it-IT","potentialAction":[{"@type":"ReadAction","target":["https:\/\/www.fondazionepirelli.org\/it\/cultura-dimpresa\/conflitti-di-classe-generazionale\/"]}]},{"@type":"ImageObject","inLanguage":"it-IT","@id":"https:\/\/www.fondazionepirelli.org\/it\/cultura-dimpresa\/conflitti-di-classe-generazionale\/#primaryimage","url":"https:\/\/wpsite-assets.fondazionepirelli.org\/wp-content\/uploads\/2023\/11\/21090254\/IMG_0046.jpeg","contentUrl":"https:\/\/wpsite-assets.fondazionepirelli.org\/wp-content\/uploads\/2023\/11\/21090254\/IMG_0046.jpeg","width":1000,"height":1500},{"@type":"BreadcrumbList","@id":"https:\/\/www.fondazionepirelli.org\/it\/cultura-dimpresa\/conflitti-di-classe-generazionale\/#breadcrumb","itemListElement":[{"@type":"ListItem","position":1,"name":"Home","item":"https:\/\/www.fondazionepirelli.org\/it\/"},{"@type":"ListItem","position":2,"name":"Conflitti di classe generazionale"}]},{"@type":"WebSite","@id":"https:\/\/www.fondazionepirelli.org\/it\/#website","url":"https:\/\/www.fondazionepirelli.org\/it\/","name":"Fondazione Pirelli","description":"","potentialAction":[{"@type":"SearchAction","target":{"@type":"EntryPoint","urlTemplate":"https:\/\/www.fondazionepirelli.org\/it\/?s={search_term_string}"},"query-input":{"@type":"PropertyValueSpecification","valueRequired":true,"valueName":"search_term_string"}}],"inLanguage":"it-IT"},{"@type":"Person","@id":"https:\/\/www.fondazionepirelli.org\/it\/#\/schema\/person\/f47d097000832c4a6e54538c791fdf25","name":"fondadmin","image":{"@type":"ImageObject","inLanguage":"it-IT","@id":"https:\/\/www.fondazionepirelli.org\/it\/#\/schema\/person\/image\/","url":"https:\/\/secure.gravatar.com\/avatar\/e69498a9175ca244966e51e53c88712c024fcebe41f9a05f75657f1bb25e489b?s=96&d=mm&r=g","contentUrl":"https:\/\/secure.gravatar.com\/avatar\/e69498a9175ca244966e51e53c88712c024fcebe41f9a05f75657f1bb25e489b?s=96&d=mm&r=g","caption":"fondadmin"},"url":"https:\/\/www.fondazionepirelli.org\/it\/author\/fondadmin\/"}]}},"_links":{"self":[{"href":"https:\/\/www.fondazionepirelli.org\/it\/wp-json\/wp\/v2\/posts\/98723\/"}],"collection":[{"href":"https:\/\/www.fondazionepirelli.org\/it\/wp-json\/wp\/v2\/posts\/"}],"about":[{"href":"https:\/\/www.fondazionepirelli.org\/it\/wp-json\/wp\/v2\/types\/post\/"}],"author":[{"embeddable":true,"href":"https:\/\/www.fondazionepirelli.org\/it\/wp-json\/wp\/v2\/users\/1\/"}],"replies":[{"embeddable":true,"href":"https:\/\/www.fondazionepirelli.org\/it\/wp-json\/wp\/v2\/comments\/?post=98723"}],"version-history":[{"count":2,"href":"https:\/\/www.fondazionepirelli.org\/it\/wp-json\/wp\/v2\/posts\/98723\/revisions\/"}],"predecessor-version":[{"id":98730,"href":"https:\/\/www.fondazionepirelli.org\/it\/wp-json\/wp\/v2\/posts\/98723\/revisions\/98730\/"}],"wp:featuredmedia":[{"embeddable":true,"href":"https:\/\/www.fondazionepirelli.org\/it\/wp-json\/wp\/v2\/media\/98724\/"}],"wp:attachment":[{"href":"https:\/\/www.fondazionepirelli.org\/it\/wp-json\/wp\/v2\/media\/?parent=98723"}],"wp:term":[{"taxonomy":"category","embeddable":true,"href":"https:\/\/www.fondazionepirelli.org\/it\/wp-json\/wp\/v2\/categories\/?post=98723"},{"taxonomy":"post_tag","embeddable":true,"href":"https:\/\/www.fondazionepirelli.org\/it\/wp-json\/wp\/v2\/tags\/?post=98723"}],"curies":[{"name":"wp","href":"https:\/\/api.w.org\/{rel}","templated":true}]}}