{"id":98737,"date":"2023-11-27T16:36:42","date_gmt":"2023-11-27T15:36:42","guid":{"rendered":"https:\/\/www.fondazionepirelli.org\/?p=98737"},"modified":"2024-03-27T09:43:49","modified_gmt":"2024-03-27T08:43:49","slug":"il-cosmo-la-prossima-frontiera-torna-nel-2024-il-corso-cinema-storia","status":"publish","type":"post","link":"https:\/\/www.fondazionepirelli.org\/it\/education\/il-cosmo-la-prossima-frontiera-torna-nel-2024-il-corso-cinema-storia\/","title":{"rendered":"Il Cosmo: la prossima frontiera.<br> Torna nel 2024 il corso Cinema &#038; Storia"},"content":{"rendered":"<p>Giunto alla sua\u00a0<strong>dodicesima edizione<\/strong>, riparte a febbraio 2024 <strong>Cinema &amp; Storia<\/strong>, il corso di formazione e aggiornamento gratuito per i docenti delle scuole secondarie, promosso da <a href=\"https:\/\/www.fondazionepirelli.org\/it\/\"><strong>Fondazione Pirelli<\/strong><\/a> e <a href=\"https:\/\/www.fondazioneisec.it\/\"><strong>Fondazione ISEC<\/strong><\/a> in collaborazione con il <a href=\"https:\/\/bandhi.it\/bah\/beltrade\/\"><strong>Cinema Beltrade<\/strong><\/a> di Milano.<\/p><p><strong>Il cosmo: la prossima frontiera <\/strong>\u00e8 il titolo della nuova proposta che, articolata in <strong>sei appuntamenti online<\/strong>, indagher\u00e0 il tema dello spazio cosmico: luogo dell&#8217;altrove, millenaria fonte di ispirazione per i viaggiatori pi\u00f9 arditi, realt\u00e0 oggi pi\u00f9 prossima e a portata di mano.<\/p>\n<p>Tanti gli interrogativi a cui rispondere. In che modo lo spazio \u00e8 entrato nei calcoli geo-politici e strategici delle grandi potenze mondiali? Quale influenza ha avuto il lancio di satelliti artificiali nei processi di globalizzazione e nella nascita di quell\u2019<em>infosfera<\/em> nella quale siamo immersi? In quali forme e con quali linguaggi lo spazio \u00e8 entrato nel mondo della creazione letteraria plasmando l&#8217;immaginario di generazioni? \u00c8 possibile intrecciare la storia delle lotte delle donne con quella della conquista dello spazio? Infine, qual \u00e8 il ruolo dell&#8217;industria aerospaziale italiana in questo processo?<\/p>\n<p>Alle cinque lezioni storiche si affiancher\u00e0 una selezione di film curata dal Cinema Beltrade e un laboratorio sui linguaggi cinematografici per supportare gli insegnanti nell\u2019utilizzo del testo filmico in classe.<\/p>\n<p>Le lezioni si terranno <strong>dalle ore 16 alle ore 18<\/strong>, nelle seguenti date:<\/p>\n<p>Luned\u00ec 19 febbraio<br \/>\nLuned\u00ec 26 febbraio<br \/>\nLuned\u00ec 4 marzo<br \/>\nLuned\u00ec 11 marzo<br \/>\nLuned\u00ec 18 marzo<br \/>\nMarted\u00ec 26 marzo<\/p>\n<p>L\u2019iscrizione, gratuita e obbligatoria, sar\u00e0 possibile a partire dall\u20198 gennaio scrivendo a <a href=\"mailto:didattica2@fondazioneisec.it\">didattica2@fondazioneisec.it<\/a>.<br \/>\nIl corso \u00e8 a numero chiuso e le iscrizioni saranno accettate in ordine di arrivo.<br \/>\nGli incontri si terranno in diretta sulla piattaforma Microsoft Teams.<\/p>\n<p>Per il programma dettagliato della nuova edizione clicca <span style=\"color: #0000ff;\"><strong><a style=\"color: #0000ff;\" href=\"https:\/\/wpsite-assets.fondazionepirelli.org\/wp-content\/uploads\/2023\/11\/12101906\/fp_cinemastoria-2024_programma_esteso2.pdf\">qui<\/a><\/strong><\/span><\/p>\n","protected":false},"excerpt":{"rendered":"<p>Giunto alla sua\u00a0dodicesima edizione, riparte a febbraio 2024 Cinema &amp; Storia, il corso di formazione e aggiornamento gratuito per i docenti delle scuole secondarie, promosso da Fondazione Pirelli e Fondazione ISEC in collaborazione con il Cinema Beltrade di Milano.Il cosmo: la prossima frontiera \u00e8 il titolo della nuova proposta che, articolata in sei appuntamenti online, [&hellip;]<\/p>\n","protected":false},"author":1,"featured_media":98739,"comment_status":"open","ping_status":"open","sticky":false,"template":"","format":"standard","meta":{"footnotes":""},"categories":[59,121],"tags":[217],"class_list":["post-98737","post","type-post","status-publish","format-standard","has-post-thumbnail","hentry","category-education","category-per-gli-insegnanti","tag-cinema-e-storia"],"acf":[],"yoast_head":"<!-- This site is optimized with the Yoast SEO plugin v25.0 - https:\/\/yoast.com\/wordpress\/plugins\/seo\/ -->\n<title>Il Cosmo: la prossima frontiera. Torna nel 2024 il corso Cinema &amp; Storia - Fondazione Pirelli<\/title>\n<meta name=\"robots\" content=\"index, follow, max-snippet:-1, max-image-preview:large, max-video-preview:-1\" \/>\n<link rel=\"canonical\" href=\"https:\/\/www.fondazionepirelli.org\/it\/education\/il-cosmo-la-prossima-frontiera-torna-nel-2024-il-corso-cinema-storia\/\" \/>\n<meta property=\"og:locale\" content=\"it_IT\" \/>\n<meta property=\"og:type\" content=\"article\" \/>\n<meta property=\"og:title\" content=\"Il Cosmo: la prossima frontiera. Torna nel 2024 il corso Cinema &amp; Storia - Fondazione Pirelli\" \/>\n<meta property=\"og:description\" content=\"Giunto alla sua\u00a0dodicesima edizione, riparte a febbraio 2024 Cinema &amp; Storia, il corso di formazione e aggiornamento gratuito per i docenti delle scuole secondarie, promosso da Fondazione Pirelli e Fondazione ISEC in collaborazione con il Cinema Beltrade di Milano.Il cosmo: la prossima frontiera \u00e8 il titolo della nuova proposta che, articolata in sei appuntamenti online, [&hellip;]\" \/>\n<meta property=\"og:url\" content=\"https:\/\/www.fondazionepirelli.org\/it\/education\/il-cosmo-la-prossima-frontiera-torna-nel-2024-il-corso-cinema-storia\/\" \/>\n<meta property=\"og:site_name\" content=\"Fondazione Pirelli\" \/>\n<meta property=\"article:published_time\" content=\"2023-11-27T15:36:42+00:00\" \/>\n<meta property=\"article:modified_time\" content=\"2024-03-27T08:43:49+00:00\" \/>\n<meta property=\"og:image\" content=\"https:\/\/wpsite-assets.fondazionepirelli.org\/wp-content\/uploads\/2023\/11\/27163440\/fp_cinemastoria-2024_programma_3-e1701099292698.jpg\" \/>\n\t<meta property=\"og:image:width\" content=\"500\" \/>\n\t<meta property=\"og:image:height\" content=\"707\" \/>\n\t<meta property=\"og:image:type\" content=\"image\/jpeg\" \/>\n<meta name=\"author\" content=\"fondadmin\" \/>\n<meta name=\"twitter:card\" content=\"summary_large_image\" \/>\n<meta name=\"twitter:label1\" content=\"Scritto da\" \/>\n\t<meta name=\"twitter:data1\" content=\"fondadmin\" \/>\n\t<meta name=\"twitter:label2\" content=\"Tempo di lettura stimato\" \/>\n\t<meta name=\"twitter:data2\" content=\"1 minuto\" \/>\n<script type=\"application\/ld+json\" class=\"yoast-schema-graph\">{\"@context\":\"https:\/\/schema.org\",\"@graph\":[{\"@type\":\"WebPage\",\"@id\":\"https:\/\/www.fondazionepirelli.org\/it\/education\/il-cosmo-la-prossima-frontiera-torna-nel-2024-il-corso-cinema-storia\/\",\"url\":\"https:\/\/www.fondazionepirelli.org\/it\/education\/il-cosmo-la-prossima-frontiera-torna-nel-2024-il-corso-cinema-storia\/\",\"name\":\"Il Cosmo: la prossima frontiera. Torna nel 2024 il corso Cinema & Storia - Fondazione Pirelli\",\"isPartOf\":{\"@id\":\"https:\/\/www.fondazionepirelli.org\/it\/#website\"},\"primaryImageOfPage\":{\"@id\":\"https:\/\/www.fondazionepirelli.org\/it\/education\/il-cosmo-la-prossima-frontiera-torna-nel-2024-il-corso-cinema-storia\/#primaryimage\"},\"image\":{\"@id\":\"https:\/\/www.fondazionepirelli.org\/it\/education\/il-cosmo-la-prossima-frontiera-torna-nel-2024-il-corso-cinema-storia\/#primaryimage\"},\"thumbnailUrl\":\"https:\/\/wpsite-assets.fondazionepirelli.org\/wp-content\/uploads\/2023\/11\/27163440\/fp_cinemastoria-2024_programma_3-e1701099292698.jpg\",\"datePublished\":\"2023-11-27T15:36:42+00:00\",\"dateModified\":\"2024-03-27T08:43:49+00:00\",\"author\":{\"@id\":\"https:\/\/www.fondazionepirelli.org\/it\/#\/schema\/person\/f47d097000832c4a6e54538c791fdf25\"},\"breadcrumb\":{\"@id\":\"https:\/\/www.fondazionepirelli.org\/it\/education\/il-cosmo-la-prossima-frontiera-torna-nel-2024-il-corso-cinema-storia\/#breadcrumb\"},\"inLanguage\":\"it-IT\",\"potentialAction\":[{\"@type\":\"ReadAction\",\"target\":[\"https:\/\/www.fondazionepirelli.org\/it\/education\/il-cosmo-la-prossima-frontiera-torna-nel-2024-il-corso-cinema-storia\/\"]}]},{\"@type\":\"ImageObject\",\"inLanguage\":\"it-IT\",\"@id\":\"https:\/\/www.fondazionepirelli.org\/it\/education\/il-cosmo-la-prossima-frontiera-torna-nel-2024-il-corso-cinema-storia\/#primaryimage\",\"url\":\"https:\/\/wpsite-assets.fondazionepirelli.org\/wp-content\/uploads\/2023\/11\/27163440\/fp_cinemastoria-2024_programma_3-e1701099292698.jpg\",\"contentUrl\":\"https:\/\/wpsite-assets.fondazionepirelli.org\/wp-content\/uploads\/2023\/11\/27163440\/fp_cinemastoria-2024_programma_3-e1701099292698.jpg\",\"width\":500,\"height\":707},{\"@type\":\"BreadcrumbList\",\"@id\":\"https:\/\/www.fondazionepirelli.org\/it\/education\/il-cosmo-la-prossima-frontiera-torna-nel-2024-il-corso-cinema-storia\/#breadcrumb\",\"itemListElement\":[{\"@type\":\"ListItem\",\"position\":1,\"name\":\"Home\",\"item\":\"https:\/\/www.fondazionepirelli.org\/it\/\"},{\"@type\":\"ListItem\",\"position\":2,\"name\":\"Il Cosmo: la prossima frontiera. Torna nel 2024 il corso Cinema &#038; Storia\"}]},{\"@type\":\"WebSite\",\"@id\":\"https:\/\/www.fondazionepirelli.org\/it\/#website\",\"url\":\"https:\/\/www.fondazionepirelli.org\/it\/\",\"name\":\"Fondazione Pirelli\",\"description\":\"\",\"potentialAction\":[{\"@type\":\"SearchAction\",\"target\":{\"@type\":\"EntryPoint\",\"urlTemplate\":\"https:\/\/www.fondazionepirelli.org\/it\/?s={search_term_string}\"},\"query-input\":{\"@type\":\"PropertyValueSpecification\",\"valueRequired\":true,\"valueName\":\"search_term_string\"}}],\"inLanguage\":\"it-IT\"},{\"@type\":\"Person\",\"@id\":\"https:\/\/www.fondazionepirelli.org\/it\/#\/schema\/person\/f47d097000832c4a6e54538c791fdf25\",\"name\":\"fondadmin\",\"image\":{\"@type\":\"ImageObject\",\"inLanguage\":\"it-IT\",\"@id\":\"https:\/\/www.fondazionepirelli.org\/it\/#\/schema\/person\/image\/\",\"url\":\"https:\/\/secure.gravatar.com\/avatar\/e69498a9175ca244966e51e53c88712c024fcebe41f9a05f75657f1bb25e489b?s=96&d=mm&r=g\",\"contentUrl\":\"https:\/\/secure.gravatar.com\/avatar\/e69498a9175ca244966e51e53c88712c024fcebe41f9a05f75657f1bb25e489b?s=96&d=mm&r=g\",\"caption\":\"fondadmin\"},\"url\":\"https:\/\/www.fondazionepirelli.org\/it\/author\/fondadmin\/\"}]}<\/script>\n<!-- \/ Yoast SEO plugin. -->","yoast_head_json":{"title":"Il Cosmo: la prossima frontiera. Torna nel 2024 il corso Cinema & Storia - Fondazione Pirelli","robots":{"index":"index","follow":"follow","max-snippet":"max-snippet:-1","max-image-preview":"max-image-preview:large","max-video-preview":"max-video-preview:-1"},"canonical":"https:\/\/www.fondazionepirelli.org\/it\/education\/il-cosmo-la-prossima-frontiera-torna-nel-2024-il-corso-cinema-storia\/","og_locale":"it_IT","og_type":"article","og_title":"Il Cosmo: la prossima frontiera. Torna nel 2024 il corso Cinema & Storia - Fondazione Pirelli","og_description":"Giunto alla sua\u00a0dodicesima edizione, riparte a febbraio 2024 Cinema &amp; Storia, il corso di formazione e aggiornamento gratuito per i docenti delle scuole secondarie, promosso da Fondazione Pirelli e Fondazione ISEC in collaborazione con il Cinema Beltrade di Milano.Il cosmo: la prossima frontiera \u00e8 il titolo della nuova proposta che, articolata in sei appuntamenti online, [&hellip;]","og_url":"https:\/\/www.fondazionepirelli.org\/it\/education\/il-cosmo-la-prossima-frontiera-torna-nel-2024-il-corso-cinema-storia\/","og_site_name":"Fondazione Pirelli","article_published_time":"2023-11-27T15:36:42+00:00","article_modified_time":"2024-03-27T08:43:49+00:00","og_image":[{"width":500,"height":707,"url":"https:\/\/wpsite-assets.fondazionepirelli.org\/wp-content\/uploads\/2023\/11\/27163440\/fp_cinemastoria-2024_programma_3-e1701099292698.jpg","type":"image\/jpeg"}],"author":"fondadmin","twitter_card":"summary_large_image","twitter_misc":{"Scritto da":"fondadmin","Tempo di lettura stimato":"1 minuto"},"schema":{"@context":"https:\/\/schema.org","@graph":[{"@type":"WebPage","@id":"https:\/\/www.fondazionepirelli.org\/it\/education\/il-cosmo-la-prossima-frontiera-torna-nel-2024-il-corso-cinema-storia\/","url":"https:\/\/www.fondazionepirelli.org\/it\/education\/il-cosmo-la-prossima-frontiera-torna-nel-2024-il-corso-cinema-storia\/","name":"Il Cosmo: la prossima frontiera. Torna nel 2024 il corso Cinema & Storia - Fondazione Pirelli","isPartOf":{"@id":"https:\/\/www.fondazionepirelli.org\/it\/#website"},"primaryImageOfPage":{"@id":"https:\/\/www.fondazionepirelli.org\/it\/education\/il-cosmo-la-prossima-frontiera-torna-nel-2024-il-corso-cinema-storia\/#primaryimage"},"image":{"@id":"https:\/\/www.fondazionepirelli.org\/it\/education\/il-cosmo-la-prossima-frontiera-torna-nel-2024-il-corso-cinema-storia\/#primaryimage"},"thumbnailUrl":"https:\/\/wpsite-assets.fondazionepirelli.org\/wp-content\/uploads\/2023\/11\/27163440\/fp_cinemastoria-2024_programma_3-e1701099292698.jpg","datePublished":"2023-11-27T15:36:42+00:00","dateModified":"2024-03-27T08:43:49+00:00","author":{"@id":"https:\/\/www.fondazionepirelli.org\/it\/#\/schema\/person\/f47d097000832c4a6e54538c791fdf25"},"breadcrumb":{"@id":"https:\/\/www.fondazionepirelli.org\/it\/education\/il-cosmo-la-prossima-frontiera-torna-nel-2024-il-corso-cinema-storia\/#breadcrumb"},"inLanguage":"it-IT","potentialAction":[{"@type":"ReadAction","target":["https:\/\/www.fondazionepirelli.org\/it\/education\/il-cosmo-la-prossima-frontiera-torna-nel-2024-il-corso-cinema-storia\/"]}]},{"@type":"ImageObject","inLanguage":"it-IT","@id":"https:\/\/www.fondazionepirelli.org\/it\/education\/il-cosmo-la-prossima-frontiera-torna-nel-2024-il-corso-cinema-storia\/#primaryimage","url":"https:\/\/wpsite-assets.fondazionepirelli.org\/wp-content\/uploads\/2023\/11\/27163440\/fp_cinemastoria-2024_programma_3-e1701099292698.jpg","contentUrl":"https:\/\/wpsite-assets.fondazionepirelli.org\/wp-content\/uploads\/2023\/11\/27163440\/fp_cinemastoria-2024_programma_3-e1701099292698.jpg","width":500,"height":707},{"@type":"BreadcrumbList","@id":"https:\/\/www.fondazionepirelli.org\/it\/education\/il-cosmo-la-prossima-frontiera-torna-nel-2024-il-corso-cinema-storia\/#breadcrumb","itemListElement":[{"@type":"ListItem","position":1,"name":"Home","item":"https:\/\/www.fondazionepirelli.org\/it\/"},{"@type":"ListItem","position":2,"name":"Il Cosmo: la prossima frontiera. Torna nel 2024 il corso Cinema &#038; Storia"}]},{"@type":"WebSite","@id":"https:\/\/www.fondazionepirelli.org\/it\/#website","url":"https:\/\/www.fondazionepirelli.org\/it\/","name":"Fondazione Pirelli","description":"","potentialAction":[{"@type":"SearchAction","target":{"@type":"EntryPoint","urlTemplate":"https:\/\/www.fondazionepirelli.org\/it\/?s={search_term_string}"},"query-input":{"@type":"PropertyValueSpecification","valueRequired":true,"valueName":"search_term_string"}}],"inLanguage":"it-IT"},{"@type":"Person","@id":"https:\/\/www.fondazionepirelli.org\/it\/#\/schema\/person\/f47d097000832c4a6e54538c791fdf25","name":"fondadmin","image":{"@type":"ImageObject","inLanguage":"it-IT","@id":"https:\/\/www.fondazionepirelli.org\/it\/#\/schema\/person\/image\/","url":"https:\/\/secure.gravatar.com\/avatar\/e69498a9175ca244966e51e53c88712c024fcebe41f9a05f75657f1bb25e489b?s=96&d=mm&r=g","contentUrl":"https:\/\/secure.gravatar.com\/avatar\/e69498a9175ca244966e51e53c88712c024fcebe41f9a05f75657f1bb25e489b?s=96&d=mm&r=g","caption":"fondadmin"},"url":"https:\/\/www.fondazionepirelli.org\/it\/author\/fondadmin\/"}]}},"_links":{"self":[{"href":"https:\/\/www.fondazionepirelli.org\/it\/wp-json\/wp\/v2\/posts\/98737\/"}],"collection":[{"href":"https:\/\/www.fondazionepirelli.org\/it\/wp-json\/wp\/v2\/posts\/"}],"about":[{"href":"https:\/\/www.fondazionepirelli.org\/it\/wp-json\/wp\/v2\/types\/post\/"}],"author":[{"embeddable":true,"href":"https:\/\/www.fondazionepirelli.org\/it\/wp-json\/wp\/v2\/users\/1\/"}],"replies":[{"embeddable":true,"href":"https:\/\/www.fondazionepirelli.org\/it\/wp-json\/wp\/v2\/comments\/?post=98737"}],"version-history":[{"count":11,"href":"https:\/\/www.fondazionepirelli.org\/it\/wp-json\/wp\/v2\/posts\/98737\/revisions\/"}],"predecessor-version":[{"id":99165,"href":"https:\/\/www.fondazionepirelli.org\/it\/wp-json\/wp\/v2\/posts\/98737\/revisions\/99165\/"}],"wp:featuredmedia":[{"embeddable":true,"href":"https:\/\/www.fondazionepirelli.org\/it\/wp-json\/wp\/v2\/media\/98739\/"}],"wp:attachment":[{"href":"https:\/\/www.fondazionepirelli.org\/it\/wp-json\/wp\/v2\/media\/?parent=98737"}],"wp:term":[{"taxonomy":"category","embeddable":true,"href":"https:\/\/www.fondazionepirelli.org\/it\/wp-json\/wp\/v2\/categories\/?post=98737"},{"taxonomy":"post_tag","embeddable":true,"href":"https:\/\/www.fondazionepirelli.org\/it\/wp-json\/wp\/v2\/tags\/?post=98737"}],"curies":[{"name":"wp","href":"https:\/\/api.w.org\/{rel}","templated":true}]}}