{"id":98852,"date":"2023-12-12T11:47:21","date_gmt":"2023-12-12T10:47:21","guid":{"rendered":"https:\/\/www.fondazionepirelli.org\/?p=98852"},"modified":"2023-12-18T16:32:58","modified_gmt":"2023-12-18T15:32:58","slug":"lassistente-sociale-in-azienda","status":"publish","type":"post","link":"https:\/\/www.fondazionepirelli.org\/it\/cultura-dimpresa\/lassistente-sociale-in-azienda\/","title":{"rendered":"L\u2019assistente sociale in azienda"},"content":{"rendered":"<p><em>L\u2019analisi di una figura importante anche nel welfare d\u2019impresa condotta da una tesi di laurea<\/em><\/p>\n<p><strong>\u00a0<\/strong><\/p>\n<p>Welfare in azienda. Tema importante, ormai entrato nella contrattazione collettiva nazionale. Eppure tema non nuovo, anzi. Sul welfare, quindi, occorre ragionare sul presente ma senza dimenticare il passato. E\u2019 un po\u2019 quello che fa Michela Pozzato con la sua tesi discussa nell\u2019ambito del corso di laurea magistrale in innovazione servizio sociale presso l\u2019Universit\u00e0 di Padova.<\/p>\n<p>\u201cL&#8217;assistente sociale d&#8217;azienda: tornare alle origini per innovare\u201d \u2013 questo il titolo della tesi -, affronta un particolare aspetto del welfare d\u2019impresa, quello dell\u2019assistenza sociale in azienda. Pi\u00f9 in generale, viene spiegato dalla stessa Pozzato, la ricerca si pone l\u2019obiettivo di comprendere l\u2019evoluzione delle politiche di welfare, del mondo del lavoro e del servizio sociale in relazione al mutamento socioeconomico. Lo sguardo<\/p>\n<p>\u00e8 stato posto quindi sui cambiamenti delle condizioni di lavoro, delle funzioni e degli ambiti nei quali<\/p>\n<p>gli assistenti sociali sono occupati.<\/p>\n<p>La ricerca inizia dalla storia del servizio sociale e dall\u2019evoluzione delle politiche di welfare sia in Italia che in Europa. Particolare attenzione viene posta non solo agli aspetti teorici ma anche ad alcune esperienze d\u2019impresa &#8211; Olivetti, Reale Mutua e Socomec \u2013 cercando di indagare il reale interesse delle aziende verso questa particolare figura. L\u2019analisi, viene fatto notare, \u201cassume uno sguardo bifocale: da un lato lo sguardo dei professionisti sociali e dall\u2019altro lo sguardo del settore aziendale (dipendenti, dirigenti, titolari)\u201d.<\/p>\n<p>Il presente del welfare d\u2019impresa e della figura dell\u2019assistenza sociale in azienda, viene quindi indagato attraverso un caso studio: quello delle Cartiere del Polesine spa.<\/p>\n<p>Il lavoro di Michela Pozzato \u00e8 una ampia analisi di un aspetto particolare del welfare che probabilmente deve essere rivalutato. Particolarmente interessanti \u2013 forse la parte pi\u00f9 interessante perch\u00e9 pi\u00f9 viva dell\u2019indagine -, sono le diverse decine di pagine dedicate alla restituzione integrale delle interviste svolte ai lavorartori dell\u2019azienda presa come caso di studio.<\/p><p><a href=\"https:\/\/wpsite-assets.fondazionepirelli.org\/wp-content\/uploads\/2023\/12\/12090918\/Pozzato_Michela-2023-12-08-10_06_15.pdf\"><strong>L&#8217;assistente sociale d&#8217;azienda: tornare alle origini per innovare<\/strong><\/a><\/p>\n<p>Michela Pozzato<\/p>\n<p>Tesi, Universit\u00e0 degli studi di Padova. Corso di laurea magistrale in innovazione e servizio sociale, 2023<\/p>","protected":false},"excerpt":{"rendered":"<p>L\u2019analisi di una figura importante anche nel welfare d\u2019impresa condotta da una tesi di laurea \u00a0 Welfare in azienda. Tema importante, ormai entrato nella contrattazione collettiva nazionale. Eppure tema non nuovo, anzi. Sul welfare, quindi, occorre ragionare sul presente ma senza dimenticare il passato. E\u2019 un po\u2019 quello che fa Michela Pozzato con la sua [&hellip;]<\/p>\n","protected":false},"author":1,"featured_media":0,"comment_status":"open","ping_status":"open","sticky":false,"template":"","format":"standard","meta":{"footnotes":""},"categories":[54,52],"tags":[],"class_list":["post-98852","post","type-post","status-publish","format-standard","hentry","category-approfondimenti","category-cultura-dimpresa"],"acf":[],"yoast_head":"<!-- This site is optimized with the Yoast SEO plugin v25.0 - https:\/\/yoast.com\/wordpress\/plugins\/seo\/ -->\n<title>L\u2019assistente sociale in azienda - Fondazione Pirelli<\/title>\n<meta name=\"robots\" content=\"index, follow, max-snippet:-1, max-image-preview:large, max-video-preview:-1\" \/>\n<link rel=\"canonical\" href=\"https:\/\/www.fondazionepirelli.org\/it\/cultura-dimpresa\/lassistente-sociale-in-azienda\/\" \/>\n<meta property=\"og:locale\" content=\"it_IT\" \/>\n<meta property=\"og:type\" content=\"article\" \/>\n<meta property=\"og:title\" content=\"L\u2019assistente sociale in azienda - Fondazione Pirelli\" \/>\n<meta property=\"og:description\" content=\"L\u2019analisi di una figura importante anche nel welfare d\u2019impresa condotta da una tesi di laurea \u00a0 Welfare in azienda. Tema importante, ormai entrato nella contrattazione collettiva nazionale. Eppure tema non nuovo, anzi. Sul welfare, quindi, occorre ragionare sul presente ma senza dimenticare il passato. E\u2019 un po\u2019 quello che fa Michela Pozzato con la sua [&hellip;]\" \/>\n<meta property=\"og:url\" content=\"https:\/\/www.fondazionepirelli.org\/it\/cultura-dimpresa\/lassistente-sociale-in-azienda\/\" \/>\n<meta property=\"og:site_name\" content=\"Fondazione Pirelli\" \/>\n<meta property=\"article:published_time\" content=\"2023-12-12T10:47:21+00:00\" \/>\n<meta property=\"article:modified_time\" content=\"2023-12-18T15:32:58+00:00\" \/>\n<meta name=\"author\" content=\"fondadmin\" \/>\n<meta name=\"twitter:card\" content=\"summary_large_image\" \/>\n<meta name=\"twitter:label1\" content=\"Scritto da\" \/>\n\t<meta name=\"twitter:data1\" content=\"fondadmin\" \/>\n\t<meta name=\"twitter:label2\" content=\"Tempo di lettura stimato\" \/>\n\t<meta name=\"twitter:data2\" content=\"2 minuti\" \/>\n<script type=\"application\/ld+json\" class=\"yoast-schema-graph\">{\"@context\":\"https:\/\/schema.org\",\"@graph\":[{\"@type\":\"WebPage\",\"@id\":\"https:\/\/www.fondazionepirelli.org\/it\/cultura-dimpresa\/lassistente-sociale-in-azienda\/\",\"url\":\"https:\/\/www.fondazionepirelli.org\/it\/cultura-dimpresa\/lassistente-sociale-in-azienda\/\",\"name\":\"L\u2019assistente sociale in azienda - Fondazione Pirelli\",\"isPartOf\":{\"@id\":\"https:\/\/www.fondazionepirelli.org\/it\/#website\"},\"datePublished\":\"2023-12-12T10:47:21+00:00\",\"dateModified\":\"2023-12-18T15:32:58+00:00\",\"author\":{\"@id\":\"https:\/\/www.fondazionepirelli.org\/it\/#\/schema\/person\/f47d097000832c4a6e54538c791fdf25\"},\"breadcrumb\":{\"@id\":\"https:\/\/www.fondazionepirelli.org\/it\/cultura-dimpresa\/lassistente-sociale-in-azienda\/#breadcrumb\"},\"inLanguage\":\"it-IT\",\"potentialAction\":[{\"@type\":\"ReadAction\",\"target\":[\"https:\/\/www.fondazionepirelli.org\/it\/cultura-dimpresa\/lassistente-sociale-in-azienda\/\"]}]},{\"@type\":\"BreadcrumbList\",\"@id\":\"https:\/\/www.fondazionepirelli.org\/it\/cultura-dimpresa\/lassistente-sociale-in-azienda\/#breadcrumb\",\"itemListElement\":[{\"@type\":\"ListItem\",\"position\":1,\"name\":\"Home\",\"item\":\"https:\/\/www.fondazionepirelli.org\/it\/\"},{\"@type\":\"ListItem\",\"position\":2,\"name\":\"L\u2019assistente sociale in azienda\"}]},{\"@type\":\"WebSite\",\"@id\":\"https:\/\/www.fondazionepirelli.org\/it\/#website\",\"url\":\"https:\/\/www.fondazionepirelli.org\/it\/\",\"name\":\"Fondazione Pirelli\",\"description\":\"\",\"potentialAction\":[{\"@type\":\"SearchAction\",\"target\":{\"@type\":\"EntryPoint\",\"urlTemplate\":\"https:\/\/www.fondazionepirelli.org\/it\/?s={search_term_string}\"},\"query-input\":{\"@type\":\"PropertyValueSpecification\",\"valueRequired\":true,\"valueName\":\"search_term_string\"}}],\"inLanguage\":\"it-IT\"},{\"@type\":\"Person\",\"@id\":\"https:\/\/www.fondazionepirelli.org\/it\/#\/schema\/person\/f47d097000832c4a6e54538c791fdf25\",\"name\":\"fondadmin\",\"image\":{\"@type\":\"ImageObject\",\"inLanguage\":\"it-IT\",\"@id\":\"https:\/\/www.fondazionepirelli.org\/it\/#\/schema\/person\/image\/\",\"url\":\"https:\/\/secure.gravatar.com\/avatar\/e69498a9175ca244966e51e53c88712c024fcebe41f9a05f75657f1bb25e489b?s=96&d=mm&r=g\",\"contentUrl\":\"https:\/\/secure.gravatar.com\/avatar\/e69498a9175ca244966e51e53c88712c024fcebe41f9a05f75657f1bb25e489b?s=96&d=mm&r=g\",\"caption\":\"fondadmin\"},\"url\":\"https:\/\/www.fondazionepirelli.org\/it\/author\/fondadmin\/\"}]}<\/script>\n<!-- \/ Yoast SEO plugin. -->","yoast_head_json":{"title":"L\u2019assistente sociale in azienda - Fondazione Pirelli","robots":{"index":"index","follow":"follow","max-snippet":"max-snippet:-1","max-image-preview":"max-image-preview:large","max-video-preview":"max-video-preview:-1"},"canonical":"https:\/\/www.fondazionepirelli.org\/it\/cultura-dimpresa\/lassistente-sociale-in-azienda\/","og_locale":"it_IT","og_type":"article","og_title":"L\u2019assistente sociale in azienda - Fondazione Pirelli","og_description":"L\u2019analisi di una figura importante anche nel welfare d\u2019impresa condotta da una tesi di laurea \u00a0 Welfare in azienda. Tema importante, ormai entrato nella contrattazione collettiva nazionale. Eppure tema non nuovo, anzi. Sul welfare, quindi, occorre ragionare sul presente ma senza dimenticare il passato. E\u2019 un po\u2019 quello che fa Michela Pozzato con la sua [&hellip;]","og_url":"https:\/\/www.fondazionepirelli.org\/it\/cultura-dimpresa\/lassistente-sociale-in-azienda\/","og_site_name":"Fondazione Pirelli","article_published_time":"2023-12-12T10:47:21+00:00","article_modified_time":"2023-12-18T15:32:58+00:00","author":"fondadmin","twitter_card":"summary_large_image","twitter_misc":{"Scritto da":"fondadmin","Tempo di lettura stimato":"2 minuti"},"schema":{"@context":"https:\/\/schema.org","@graph":[{"@type":"WebPage","@id":"https:\/\/www.fondazionepirelli.org\/it\/cultura-dimpresa\/lassistente-sociale-in-azienda\/","url":"https:\/\/www.fondazionepirelli.org\/it\/cultura-dimpresa\/lassistente-sociale-in-azienda\/","name":"L\u2019assistente sociale in azienda - Fondazione Pirelli","isPartOf":{"@id":"https:\/\/www.fondazionepirelli.org\/it\/#website"},"datePublished":"2023-12-12T10:47:21+00:00","dateModified":"2023-12-18T15:32:58+00:00","author":{"@id":"https:\/\/www.fondazionepirelli.org\/it\/#\/schema\/person\/f47d097000832c4a6e54538c791fdf25"},"breadcrumb":{"@id":"https:\/\/www.fondazionepirelli.org\/it\/cultura-dimpresa\/lassistente-sociale-in-azienda\/#breadcrumb"},"inLanguage":"it-IT","potentialAction":[{"@type":"ReadAction","target":["https:\/\/www.fondazionepirelli.org\/it\/cultura-dimpresa\/lassistente-sociale-in-azienda\/"]}]},{"@type":"BreadcrumbList","@id":"https:\/\/www.fondazionepirelli.org\/it\/cultura-dimpresa\/lassistente-sociale-in-azienda\/#breadcrumb","itemListElement":[{"@type":"ListItem","position":1,"name":"Home","item":"https:\/\/www.fondazionepirelli.org\/it\/"},{"@type":"ListItem","position":2,"name":"L\u2019assistente sociale in azienda"}]},{"@type":"WebSite","@id":"https:\/\/www.fondazionepirelli.org\/it\/#website","url":"https:\/\/www.fondazionepirelli.org\/it\/","name":"Fondazione Pirelli","description":"","potentialAction":[{"@type":"SearchAction","target":{"@type":"EntryPoint","urlTemplate":"https:\/\/www.fondazionepirelli.org\/it\/?s={search_term_string}"},"query-input":{"@type":"PropertyValueSpecification","valueRequired":true,"valueName":"search_term_string"}}],"inLanguage":"it-IT"},{"@type":"Person","@id":"https:\/\/www.fondazionepirelli.org\/it\/#\/schema\/person\/f47d097000832c4a6e54538c791fdf25","name":"fondadmin","image":{"@type":"ImageObject","inLanguage":"it-IT","@id":"https:\/\/www.fondazionepirelli.org\/it\/#\/schema\/person\/image\/","url":"https:\/\/secure.gravatar.com\/avatar\/e69498a9175ca244966e51e53c88712c024fcebe41f9a05f75657f1bb25e489b?s=96&d=mm&r=g","contentUrl":"https:\/\/secure.gravatar.com\/avatar\/e69498a9175ca244966e51e53c88712c024fcebe41f9a05f75657f1bb25e489b?s=96&d=mm&r=g","caption":"fondadmin"},"url":"https:\/\/www.fondazionepirelli.org\/it\/author\/fondadmin\/"}]}},"_links":{"self":[{"href":"https:\/\/www.fondazionepirelli.org\/it\/wp-json\/wp\/v2\/posts\/98852\/"}],"collection":[{"href":"https:\/\/www.fondazionepirelli.org\/it\/wp-json\/wp\/v2\/posts\/"}],"about":[{"href":"https:\/\/www.fondazionepirelli.org\/it\/wp-json\/wp\/v2\/types\/post\/"}],"author":[{"embeddable":true,"href":"https:\/\/www.fondazionepirelli.org\/it\/wp-json\/wp\/v2\/users\/1\/"}],"replies":[{"embeddable":true,"href":"https:\/\/www.fondazionepirelli.org\/it\/wp-json\/wp\/v2\/comments\/?post=98852"}],"version-history":[{"count":1,"href":"https:\/\/www.fondazionepirelli.org\/it\/wp-json\/wp\/v2\/posts\/98852\/revisions\/"}],"predecessor-version":[{"id":98855,"href":"https:\/\/www.fondazionepirelli.org\/it\/wp-json\/wp\/v2\/posts\/98852\/revisions\/98855\/"}],"wp:attachment":[{"href":"https:\/\/www.fondazionepirelli.org\/it\/wp-json\/wp\/v2\/media\/?parent=98852"}],"wp:term":[{"taxonomy":"category","embeddable":true,"href":"https:\/\/www.fondazionepirelli.org\/it\/wp-json\/wp\/v2\/categories\/?post=98852"},{"taxonomy":"post_tag","embeddable":true,"href":"https:\/\/www.fondazionepirelli.org\/it\/wp-json\/wp\/v2\/tags\/?post=98852"}],"curies":[{"name":"wp","href":"https:\/\/api.w.org\/{rel}","templated":true}]}}