{"id":98856,"date":"2023-12-12T11:47:05","date_gmt":"2023-12-12T10:47:05","guid":{"rendered":"https:\/\/www.fondazionepirelli.org\/?p=98856"},"modified":"2023-12-18T09:36:52","modified_gmt":"2023-12-18T08:36:52","slug":"limpegno-contro-la-violenza-sulle-donne-si-lega-a-quello-sul-superamento-del-gender-gap-per-lavoro-e-salari","status":"publish","type":"post","link":"https:\/\/www.fondazionepirelli.org\/it\/cultura-dimpresa\/limpegno-contro-la-violenza-sulle-donne-si-lega-a-quello-sul-superamento-del-gender-gap-per-lavoro-e-salari\/","title":{"rendered":"L\u2019impegno contro la violenza sulle donne si lega a quello sul superamento del gender gap per lavoro e salari"},"content":{"rendered":"<p>Le <strong>donne<\/strong>. E il <strong>lavoro<\/strong>, la <strong>libert\u00e0<\/strong>, la <strong>sicurezza<\/strong>. Per provare a ragionare con una certa lucidit\u00e0 sui punti di crisi e le prospettive di migliori equilibri,\u00a0 proprio nei giorni in cui tanto e giustamente si parla del rapporto tra impegno contro la <strong>violenza<\/strong> ai danni delle donne e attenzione ai dati essenziali dell\u2019autonomia della vita femminile, si pu\u00f2 partire dalle ultime notizie di cronaca e dai riferimenti alle scelte e alle prescrizioni della nostra legge fondamentale, la <strong>Costituzione<\/strong>.<\/p>\n<p>Vale la pena, dunque, fare tesoro delle recenti indicazioni del presidente della Repubblica <strong>Sergio Mattarella<\/strong>: \u201cIl tema delle <strong>disuguaglianze di genere<\/strong> e del danno che queste recano alla comunit\u00e0 \u00e8 parte fondamentale delle preoccupazioni delle istituzioni\u2026\u201d ed \u00e8 dunque necessario \u201cporre l\u2019accento su tre azioni chiave: lo stop alla violenza sulle donne, ignobile fenomeno tutt\u2019ora tristemente presente, le pari possibilit\u00e0 per il raggiungimento di posizioni di vetrice nel mondo del lavoro e l\u2019adozione di una prospettiva di genere in tutte le politiche europee\u201d (dall\u2019intervento all\u2019incontro con una delegazione di partecipanti al Women Economic Forum, 23 novembre).<\/p>\n<p>I riferimenti costituzionali sono appunto chiari: dall\u2019<strong>articolo 1<\/strong> sul lavoro come fondamento della Repubblica democratica (lavoro come cardine di cittadinanza, dignit\u00e0, partecipazione responsabile) all\u2019articolo 4 sul riconoscimento al diritto al lavoro e alla promozione delle \u201ccondizioni che rendano effettivo questo diritto\u201d (vedremo nelle prossime righe quanto lontani si sia, su questo tema, proprio per le donne) e all\u2019<strong>articolo 37<\/strong>, che vale la pena rileggere attentamente: \u201cLa donna lavoratrice ha gli stessi diritti e, a parit\u00e0 di lavoro, le stesse retribuzioni che spettano al lavoratore\u201d. E ancora: \u201cLe condizioni di lavoro devono consentire l\u2019adempimento della sua essenziale funzione familiare e assicurare alla madre e al bambino una speciale protezione\u201d. Anche da questo punto di vista, l\u2019attuazione del dettato della Costituzione \u00e8 ben lontano dalla realt\u00e0 dei fatti.<\/p>\n<p>Guardiamo alla cronaca, dunque. \u201cIl lavoro espelle <strong>44mila mamme<\/strong>\u201d, documenta \u201cLa Stampa\u201d (6 dicembre), raccontando come, secondo i dati dal Rapporto Annuale dell\u2019Ispettorato nazionale del lavoro, nel 2022 quasi 45mila madri lavoratrici si sono dimesse dal loro impiego. La maggior parte (il 63%) ha dato un\u2019unica motivazione: troppo difficile conciliare occupazione e cura dei figli. E il 79,4% delle dimissionarie \u00e8 nella fascia d\u2019et\u00e0 fra i 29 e i 44 anni.<\/p>\n<p>\u201cLa Stampa\u201d ha dato seguito ai dati con inchieste, interviste, <strong>testimonianze di donne lavoratrici<\/strong> che di fronte alla scelta tra lavoro (dunque salario, carriera, autonomia, realizzazione dei propri progetti e aspirazioni di vita) e impegno\/dovere a prendersi cura dei familiari, ha fatto una scelta netta. Difficile, molto spesso. Faticosa. E socialmente poco riconosciuta, apprezzata, valorizzata. Con conseguenze pesanti sul futuro: una donna senza autonomia finanziaria, nel corso della vita, dipende dalle scelte e dalle concessioni dell\u2019uomo<\/p>\n<p>Ecco il punto: nonostante i passi avanti compiuti sull\u2019occupazione femminile, l\u2019Italia \u00e8 fanalino di coda per il tasso di partecipazione femminile al mercato del lavoro, nella fascia tra 15 e 74 anni, con il 48,2%, rispetto a una media Ue del 59,5%.<\/p>\n<p>Altri dati (World Economic Forum, 2022) dicono che sul <em>gender gap <\/em>l\u2019Italia \u00e8 al 63\u00b0 posto su 146 paesi monitorati, senza progresso sull\u2019anno precedente, dopo Uganda e Zambia. E se si guarda solo ai paesi europei, siamo al 25\u00b0 posto su 35 paesi.<\/p>\n<p>A ridurre i divari, non sono serviti finora gli incentivi per le assunzioni delle donne. \u201cIl lavoro diseguale\u201d, titola \u201cla Repubblica\u201d (12 dicembre), spiegando che \u201cquando si parla di occupazione femminile la percentuale non si schioda dall\u2019ormai strutturale divario con gli uomini: 40-60. Che significa 40% di occupate sul totale di chi lavora in Italia a fronte dell\u2019ormai consolidato 60% maschile\u201d. L\u2019Inapp &#8211; l\u2019Istituto nazionale per l\u2019analisi delle politiche pubbliche &#8211; conferma che la parit\u00e0 50-50 rimane un sogno anche se andiamo a guardare i contratti incentivati dai vari bonus pubblici erogati in questi anni. E per di pi\u00f9 \u201calle donne vengono proposti contratti a termine o part time forzati, con stipendi bassi che si trasformeranno un domani in pensioni poverissime\u201d.<\/p>\n<p>Nel suo commento, sempre su \u201cla Republica\u201d, <strong>Michela Marzano<\/strong> attacca l\u2019assurdit\u00e0 di questo sistema che continua a penalizzare le donne \u201cnonostante le competenze, gli studi, la buona volont\u00e0 e tutte quelle capacit\u00e0 (vogliamo ricordare il multitasking?) che molte di loro sono state costrette a sviluppare nel corso dei secoli proprio per cercare di farsi spazio in un mondo che, di spazio alle donne, ne lascia ben poco\u201d. \u201cNon c\u2019\u00e8 niente da fare, non se ne esce: nonostante gli incentivi\u201d.<\/p>\n<p>Sul che fare, l\u2019elenco dei provvedimenti da prendere \u00e8 lungo e noto. A cominciare dai <strong>servizi alla famiglia<\/strong>, dagli asili nido, dalle politiche per il supporto dell\u2019assistenza pubblica agli anziani che vivono a casa dei figli, da una diversa strutturazione degli orari di lavoro (la trasformazione digitale dell\u2019economia pu\u00f2 aiutare).<\/p>\n<p>Ma non si tratta solo di <strong>assistenza<\/strong>. Quanto di una vera e propria svolta culturale, dei valori e delle abitudini di vita quotidiana sulla parit\u00e0 di genere, facendo leva sia sul tema dei diritti sia sul contribuito essenziale delle donne allo sviluppo sostenibile, da punto di vista sia qualitativo che quantitativo.<\/p>\n<p>Serve, naturalmente, una scelta di lungo periodo anche da parte della <strong>cultura dell\u2019impresa<\/strong>, nella stagione della prevalenza dei cosiddetti <em>stakeholders values, <\/em>i valori dei rapporti con dipendenti, fornitori, consumatori, territori e comunit\u00e0 di riferimento dell\u2019impresa stessa, per la partecipazione attiva allo sviluppo sostenibile, ambientale e sociale.<\/p>\n<p>Un\u2019impresa, infatti, \u00e8 una comunit\u00e0 attiva e intraprendente, al cui centro stanno le donne e gli uomini che ne fanno parte. Non solo \u201c<strong>capitale umano<\/strong>\u201d, un termine economico, ma soprattutto \u201cpersone\u201d. Un tessuto vivo di relazioni, fatto da intelligenza, passione, creativit\u00e0, amore per la ricerca, rigore professionale, orgoglio di appartenenza, consapevolezza storica e visione del futuro. Valori forti. In cui proprio le donne sanno esprimere un\u2019originale lettura del cambiamento e una straordinaria forza nel promuoverne gli elementi essenziali.<\/p>\n<p>La forza di un\u2019impresa, con solide radici italiane e visione internazionale, sta nel valorizzare le diversit\u00e0. Generazionali, di genere, provenienza, culture, formazione e identit\u00e0. Una variet\u00e0 di esperienze e letture del mondo, di memorie e progetti per un migliore futuro.<\/p>\n<p>Lo <strong>sguardo femminile<\/strong> \u00e8 una ricchezza particolare: ai vari livelli di partecipazione e di responsabilit\u00e0, crescente nel tempo, d\u00e0 all\u2019azienda sensibilit\u00e0, flessibilit\u00e0, una vera e propria \u201c<strong>intelligenza del cuore<\/strong>\u201d che migliora non solo le nostre performance, ma soprattutto la nostra capacit\u00e0 di essere in sintonia con i cambiamenti sociali ed economici.<\/p>\n<p>Sono le donne, il cardine dell\u2019idea di \u201c<strong>umanesimo industriale<\/strong>\u201d secondo cui la migliore cultura economica italiana si sta muovendo. E su cui si fonda la competitivit\u00e0 del nostro sistema economico. Da valorizzare e rafforzare.<\/p><p><em>(immagine Getty Images)<\/em><\/p>\n","protected":false},"excerpt":{"rendered":"<p>Le donne. E il lavoro, la libert\u00e0, la sicurezza. Per provare a ragionare con una certa lucidit\u00e0 sui punti di crisi e le prospettive di migliori equilibri,\u00a0 proprio nei giorni in cui tanto e giustamente si parla del rapporto tra impegno contro la violenza ai danni delle donne e attenzione ai dati essenziali dell\u2019autonomia della [&hellip;]<\/p>\n","protected":false},"author":1,"featured_media":98860,"comment_status":"open","ping_status":"open","sticky":false,"template":"","format":"standard","meta":{"footnotes":""},"categories":[53,52],"tags":[],"class_list":["post-98856","post","type-post","status-publish","format-standard","has-post-thumbnail","hentry","category-blog","category-cultura-dimpresa"],"acf":[],"yoast_head":"<!-- This site is optimized with the Yoast SEO plugin v25.0 - https:\/\/yoast.com\/wordpress\/plugins\/seo\/ -->\n<title>L\u2019impegno contro la violenza sulle donne si lega a quello sul superamento del gender gap per lavoro e salari - Fondazione Pirelli<\/title>\n<meta name=\"robots\" content=\"index, follow, max-snippet:-1, max-image-preview:large, max-video-preview:-1\" \/>\n<link rel=\"canonical\" href=\"https:\/\/www.fondazionepirelli.org\/it\/cultura-dimpresa\/limpegno-contro-la-violenza-sulle-donne-si-lega-a-quello-sul-superamento-del-gender-gap-per-lavoro-e-salari\/\" \/>\n<meta property=\"og:locale\" content=\"it_IT\" \/>\n<meta property=\"og:type\" content=\"article\" \/>\n<meta property=\"og:title\" content=\"L\u2019impegno contro la violenza sulle donne si lega a quello sul superamento del gender gap per lavoro e salari - Fondazione Pirelli\" \/>\n<meta property=\"og:description\" content=\"Le donne. E il lavoro, la libert\u00e0, la sicurezza. Per provare a ragionare con una certa lucidit\u00e0 sui punti di crisi e le prospettive di migliori equilibri,\u00a0 proprio nei giorni in cui tanto e giustamente si parla del rapporto tra impegno contro la violenza ai danni delle donne e attenzione ai dati essenziali dell\u2019autonomia della [&hellip;]\" \/>\n<meta property=\"og:url\" content=\"https:\/\/127.0.0.1\/it\/cultura-dimpresa\/limpegno-contro-la-violenza-sulle-donne-si-lega-a-quello-sul-superamento-del-gender-gap-per-lavoro-e-salari\/\" \/>\n<meta property=\"og:site_name\" content=\"Fondazione Pirelli\" \/>\n<meta property=\"article:published_time\" content=\"2023-12-12T10:47:05+00:00\" \/>\n<meta property=\"article:modified_time\" content=\"2023-12-18T08:36:52+00:00\" \/>\n<meta property=\"og:image\" content=\"https:\/\/wpsite-assets.fondazionepirelli.org\/wp-content\/uploads\/2023\/12\/12114658\/GettyImages-1727232442.jpg\" \/>\n\t<meta property=\"og:image:width\" content=\"7088\" \/>\n\t<meta property=\"og:image:height\" content=\"4725\" \/>\n\t<meta property=\"og:image:type\" content=\"image\/jpeg\" \/>\n<meta name=\"author\" content=\"fondadmin\" \/>\n<meta name=\"twitter:card\" content=\"summary_large_image\" \/>\n<meta name=\"twitter:label1\" content=\"Scritto da\" \/>\n\t<meta name=\"twitter:data1\" content=\"fondadmin\" \/>\n\t<meta name=\"twitter:label2\" content=\"Tempo di lettura stimato\" \/>\n\t<meta name=\"twitter:data2\" content=\"5 minuti\" \/>\n<script type=\"application\/ld+json\" class=\"yoast-schema-graph\">{\"@context\":\"https:\/\/schema.org\",\"@graph\":[{\"@type\":\"WebPage\",\"@id\":\"https:\/\/127.0.0.1\/it\/cultura-dimpresa\/limpegno-contro-la-violenza-sulle-donne-si-lega-a-quello-sul-superamento-del-gender-gap-per-lavoro-e-salari\/\",\"url\":\"https:\/\/127.0.0.1\/it\/cultura-dimpresa\/limpegno-contro-la-violenza-sulle-donne-si-lega-a-quello-sul-superamento-del-gender-gap-per-lavoro-e-salari\/\",\"name\":\"L\u2019impegno contro la violenza sulle donne si lega a quello sul superamento del gender gap per lavoro e salari - Fondazione Pirelli\",\"isPartOf\":{\"@id\":\"https:\/\/www.fondazionepirelli.org\/it\/#website\"},\"primaryImageOfPage\":{\"@id\":\"https:\/\/127.0.0.1\/it\/cultura-dimpresa\/limpegno-contro-la-violenza-sulle-donne-si-lega-a-quello-sul-superamento-del-gender-gap-per-lavoro-e-salari\/#primaryimage\"},\"image\":{\"@id\":\"https:\/\/127.0.0.1\/it\/cultura-dimpresa\/limpegno-contro-la-violenza-sulle-donne-si-lega-a-quello-sul-superamento-del-gender-gap-per-lavoro-e-salari\/#primaryimage\"},\"thumbnailUrl\":\"https:\/\/wpsite-assets.fondazionepirelli.org\/wp-content\/uploads\/2023\/12\/12114658\/GettyImages-1727232442.jpg\",\"datePublished\":\"2023-12-12T10:47:05+00:00\",\"dateModified\":\"2023-12-18T08:36:52+00:00\",\"author\":{\"@id\":\"https:\/\/www.fondazionepirelli.org\/it\/#\/schema\/person\/f47d097000832c4a6e54538c791fdf25\"},\"breadcrumb\":{\"@id\":\"https:\/\/127.0.0.1\/it\/cultura-dimpresa\/limpegno-contro-la-violenza-sulle-donne-si-lega-a-quello-sul-superamento-del-gender-gap-per-lavoro-e-salari\/#breadcrumb\"},\"inLanguage\":\"it-IT\",\"potentialAction\":[{\"@type\":\"ReadAction\",\"target\":[\"https:\/\/127.0.0.1\/it\/cultura-dimpresa\/limpegno-contro-la-violenza-sulle-donne-si-lega-a-quello-sul-superamento-del-gender-gap-per-lavoro-e-salari\/\"]}]},{\"@type\":\"ImageObject\",\"inLanguage\":\"it-IT\",\"@id\":\"https:\/\/127.0.0.1\/it\/cultura-dimpresa\/limpegno-contro-la-violenza-sulle-donne-si-lega-a-quello-sul-superamento-del-gender-gap-per-lavoro-e-salari\/#primaryimage\",\"url\":\"https:\/\/wpsite-assets.fondazionepirelli.org\/wp-content\/uploads\/2023\/12\/12114658\/GettyImages-1727232442.jpg\",\"contentUrl\":\"https:\/\/wpsite-assets.fondazionepirelli.org\/wp-content\/uploads\/2023\/12\/12114658\/GettyImages-1727232442.jpg\",\"width\":7088,\"height\":4725,\"caption\":\"Successful woman holds scales, choosing between career and family. Hard choice. Balancing life challenge. Business or motherhood, career ladder and life balance, flat vector illustration\"},{\"@type\":\"BreadcrumbList\",\"@id\":\"https:\/\/127.0.0.1\/it\/cultura-dimpresa\/limpegno-contro-la-violenza-sulle-donne-si-lega-a-quello-sul-superamento-del-gender-gap-per-lavoro-e-salari\/#breadcrumb\",\"itemListElement\":[{\"@type\":\"ListItem\",\"position\":1,\"name\":\"Home\",\"item\":\"https:\/\/www.fondazionepirelli.org\/it\/\"},{\"@type\":\"ListItem\",\"position\":2,\"name\":\"L\u2019impegno contro la violenza sulle donne si lega a quello sul superamento del gender gap per lavoro e salari\"}]},{\"@type\":\"WebSite\",\"@id\":\"https:\/\/www.fondazionepirelli.org\/it\/#website\",\"url\":\"https:\/\/www.fondazionepirelli.org\/it\/\",\"name\":\"Fondazione Pirelli\",\"description\":\"\",\"potentialAction\":[{\"@type\":\"SearchAction\",\"target\":{\"@type\":\"EntryPoint\",\"urlTemplate\":\"https:\/\/www.fondazionepirelli.org\/it\/?s={search_term_string}\"},\"query-input\":{\"@type\":\"PropertyValueSpecification\",\"valueRequired\":true,\"valueName\":\"search_term_string\"}}],\"inLanguage\":\"it-IT\"},{\"@type\":\"Person\",\"@id\":\"https:\/\/www.fondazionepirelli.org\/it\/#\/schema\/person\/f47d097000832c4a6e54538c791fdf25\",\"name\":\"fondadmin\",\"image\":{\"@type\":\"ImageObject\",\"inLanguage\":\"it-IT\",\"@id\":\"https:\/\/www.fondazionepirelli.org\/it\/#\/schema\/person\/image\/\",\"url\":\"https:\/\/secure.gravatar.com\/avatar\/e69498a9175ca244966e51e53c88712c024fcebe41f9a05f75657f1bb25e489b?s=96&d=mm&r=g\",\"contentUrl\":\"https:\/\/secure.gravatar.com\/avatar\/e69498a9175ca244966e51e53c88712c024fcebe41f9a05f75657f1bb25e489b?s=96&d=mm&r=g\",\"caption\":\"fondadmin\"},\"url\":\"https:\/\/www.fondazionepirelli.org\/it\/author\/fondadmin\/\"}]}<\/script>\n<!-- \/ Yoast SEO plugin. -->","yoast_head_json":{"title":"L\u2019impegno contro la violenza sulle donne si lega a quello sul superamento del gender gap per lavoro e salari - Fondazione Pirelli","robots":{"index":"index","follow":"follow","max-snippet":"max-snippet:-1","max-image-preview":"max-image-preview:large","max-video-preview":"max-video-preview:-1"},"canonical":"https:\/\/www.fondazionepirelli.org\/it\/cultura-dimpresa\/limpegno-contro-la-violenza-sulle-donne-si-lega-a-quello-sul-superamento-del-gender-gap-per-lavoro-e-salari\/","og_locale":"it_IT","og_type":"article","og_title":"L\u2019impegno contro la violenza sulle donne si lega a quello sul superamento del gender gap per lavoro e salari - Fondazione Pirelli","og_description":"Le donne. E il lavoro, la libert\u00e0, la sicurezza. Per provare a ragionare con una certa lucidit\u00e0 sui punti di crisi e le prospettive di migliori equilibri,\u00a0 proprio nei giorni in cui tanto e giustamente si parla del rapporto tra impegno contro la violenza ai danni delle donne e attenzione ai dati essenziali dell\u2019autonomia della [&hellip;]","og_url":"https:\/\/127.0.0.1\/it\/cultura-dimpresa\/limpegno-contro-la-violenza-sulle-donne-si-lega-a-quello-sul-superamento-del-gender-gap-per-lavoro-e-salari\/","og_site_name":"Fondazione Pirelli","article_published_time":"2023-12-12T10:47:05+00:00","article_modified_time":"2023-12-18T08:36:52+00:00","og_image":[{"width":7088,"height":4725,"url":"https:\/\/wpsite-assets.fondazionepirelli.org\/wp-content\/uploads\/2023\/12\/12114658\/GettyImages-1727232442.jpg","type":"image\/jpeg"}],"author":"fondadmin","twitter_card":"summary_large_image","twitter_misc":{"Scritto da":"fondadmin","Tempo di lettura stimato":"5 minuti"},"schema":{"@context":"https:\/\/schema.org","@graph":[{"@type":"WebPage","@id":"https:\/\/127.0.0.1\/it\/cultura-dimpresa\/limpegno-contro-la-violenza-sulle-donne-si-lega-a-quello-sul-superamento-del-gender-gap-per-lavoro-e-salari\/","url":"https:\/\/127.0.0.1\/it\/cultura-dimpresa\/limpegno-contro-la-violenza-sulle-donne-si-lega-a-quello-sul-superamento-del-gender-gap-per-lavoro-e-salari\/","name":"L\u2019impegno contro la violenza sulle donne si lega a quello sul superamento del gender gap per lavoro e salari - Fondazione Pirelli","isPartOf":{"@id":"https:\/\/www.fondazionepirelli.org\/it\/#website"},"primaryImageOfPage":{"@id":"https:\/\/127.0.0.1\/it\/cultura-dimpresa\/limpegno-contro-la-violenza-sulle-donne-si-lega-a-quello-sul-superamento-del-gender-gap-per-lavoro-e-salari\/#primaryimage"},"image":{"@id":"https:\/\/127.0.0.1\/it\/cultura-dimpresa\/limpegno-contro-la-violenza-sulle-donne-si-lega-a-quello-sul-superamento-del-gender-gap-per-lavoro-e-salari\/#primaryimage"},"thumbnailUrl":"https:\/\/wpsite-assets.fondazionepirelli.org\/wp-content\/uploads\/2023\/12\/12114658\/GettyImages-1727232442.jpg","datePublished":"2023-12-12T10:47:05+00:00","dateModified":"2023-12-18T08:36:52+00:00","author":{"@id":"https:\/\/www.fondazionepirelli.org\/it\/#\/schema\/person\/f47d097000832c4a6e54538c791fdf25"},"breadcrumb":{"@id":"https:\/\/127.0.0.1\/it\/cultura-dimpresa\/limpegno-contro-la-violenza-sulle-donne-si-lega-a-quello-sul-superamento-del-gender-gap-per-lavoro-e-salari\/#breadcrumb"},"inLanguage":"it-IT","potentialAction":[{"@type":"ReadAction","target":["https:\/\/127.0.0.1\/it\/cultura-dimpresa\/limpegno-contro-la-violenza-sulle-donne-si-lega-a-quello-sul-superamento-del-gender-gap-per-lavoro-e-salari\/"]}]},{"@type":"ImageObject","inLanguage":"it-IT","@id":"https:\/\/127.0.0.1\/it\/cultura-dimpresa\/limpegno-contro-la-violenza-sulle-donne-si-lega-a-quello-sul-superamento-del-gender-gap-per-lavoro-e-salari\/#primaryimage","url":"https:\/\/wpsite-assets.fondazionepirelli.org\/wp-content\/uploads\/2023\/12\/12114658\/GettyImages-1727232442.jpg","contentUrl":"https:\/\/wpsite-assets.fondazionepirelli.org\/wp-content\/uploads\/2023\/12\/12114658\/GettyImages-1727232442.jpg","width":7088,"height":4725,"caption":"Successful woman holds scales, choosing between career and family. Hard choice. Balancing life challenge. Business or motherhood, career ladder and life balance, flat vector illustration"},{"@type":"BreadcrumbList","@id":"https:\/\/127.0.0.1\/it\/cultura-dimpresa\/limpegno-contro-la-violenza-sulle-donne-si-lega-a-quello-sul-superamento-del-gender-gap-per-lavoro-e-salari\/#breadcrumb","itemListElement":[{"@type":"ListItem","position":1,"name":"Home","item":"https:\/\/www.fondazionepirelli.org\/it\/"},{"@type":"ListItem","position":2,"name":"L\u2019impegno contro la violenza sulle donne si lega a quello sul superamento del gender gap per lavoro e salari"}]},{"@type":"WebSite","@id":"https:\/\/www.fondazionepirelli.org\/it\/#website","url":"https:\/\/www.fondazionepirelli.org\/it\/","name":"Fondazione Pirelli","description":"","potentialAction":[{"@type":"SearchAction","target":{"@type":"EntryPoint","urlTemplate":"https:\/\/www.fondazionepirelli.org\/it\/?s={search_term_string}"},"query-input":{"@type":"PropertyValueSpecification","valueRequired":true,"valueName":"search_term_string"}}],"inLanguage":"it-IT"},{"@type":"Person","@id":"https:\/\/www.fondazionepirelli.org\/it\/#\/schema\/person\/f47d097000832c4a6e54538c791fdf25","name":"fondadmin","image":{"@type":"ImageObject","inLanguage":"it-IT","@id":"https:\/\/www.fondazionepirelli.org\/it\/#\/schema\/person\/image\/","url":"https:\/\/secure.gravatar.com\/avatar\/e69498a9175ca244966e51e53c88712c024fcebe41f9a05f75657f1bb25e489b?s=96&d=mm&r=g","contentUrl":"https:\/\/secure.gravatar.com\/avatar\/e69498a9175ca244966e51e53c88712c024fcebe41f9a05f75657f1bb25e489b?s=96&d=mm&r=g","caption":"fondadmin"},"url":"https:\/\/www.fondazionepirelli.org\/it\/author\/fondadmin\/"}]}},"_links":{"self":[{"href":"https:\/\/www.fondazionepirelli.org\/it\/wp-json\/wp\/v2\/posts\/98856\/"}],"collection":[{"href":"https:\/\/www.fondazionepirelli.org\/it\/wp-json\/wp\/v2\/posts\/"}],"about":[{"href":"https:\/\/www.fondazionepirelli.org\/it\/wp-json\/wp\/v2\/types\/post\/"}],"author":[{"embeddable":true,"href":"https:\/\/www.fondazionepirelli.org\/it\/wp-json\/wp\/v2\/users\/1\/"}],"replies":[{"embeddable":true,"href":"https:\/\/www.fondazionepirelli.org\/it\/wp-json\/wp\/v2\/comments\/?post=98856"}],"version-history":[{"count":4,"href":"https:\/\/www.fondazionepirelli.org\/it\/wp-json\/wp\/v2\/posts\/98856\/revisions\/"}],"predecessor-version":[{"id":98862,"href":"https:\/\/www.fondazionepirelli.org\/it\/wp-json\/wp\/v2\/posts\/98856\/revisions\/98862\/"}],"wp:featuredmedia":[{"embeddable":true,"href":"https:\/\/www.fondazionepirelli.org\/it\/wp-json\/wp\/v2\/media\/98860\/"}],"wp:attachment":[{"href":"https:\/\/www.fondazionepirelli.org\/it\/wp-json\/wp\/v2\/media\/?parent=98856"}],"wp:term":[{"taxonomy":"category","embeddable":true,"href":"https:\/\/www.fondazionepirelli.org\/it\/wp-json\/wp\/v2\/categories\/?post=98856"},{"taxonomy":"post_tag","embeddable":true,"href":"https:\/\/www.fondazionepirelli.org\/it\/wp-json\/wp\/v2\/tags\/?post=98856"}],"curies":[{"name":"wp","href":"https:\/\/api.w.org\/{rel}","templated":true}]}}