{"id":98923,"date":"2023-12-18T09:51:36","date_gmt":"2023-12-18T08:51:36","guid":{"rendered":"https:\/\/www.fondazionepirelli.org\/?p=98923"},"modified":"2023-12-18T09:56:10","modified_gmt":"2023-12-18T08:56:10","slug":"si-conclude-un-anno-ricco-di-iniziative","status":"publish","type":"post","link":"https:\/\/www.fondazionepirelli.org\/it\/la-fondazione\/si-conclude-un-anno-ricco-di-iniziative\/","title":{"rendered":"Si conclude un anno ricco di iniziative\u2026."},"content":{"rendered":"<p>Ripercorriamo insieme le principali novit\u00e0 del 2023<\/p>\n<p>lo spettacolo teatrale <strong>\u201c<a href=\"https:\/\/www.fondazionepirelli.org\/it\/iniziative\/lumana-impresa-la-fabbrica-degli-attori\/\">L\u2019umana impresa. La fabbrica degli attori<\/a>\u201d<\/strong> in scena al Teatro Franco Parenti che ha preso le mosse dalla riflessione su alcuni termini comuni sia alla cultura di impresa sia alle arti: visione, identit\u00e0, trasformazione, ricerca, capacit\u00e0 umana di creare manufatti e storie. Allo spettacolo \u00e8 stato assegnato il <a href=\"https:\/\/www.fondazionepirelli.org\/it\/iniziative\/lumana-impresa-sul-podio-dei-corporate-heritage-awards-2023\/\"><strong>Corporate Heritage Awards 2023<\/strong><\/a> nella sezione degli eventi culturali<\/p>\n<p>il <strong>podcast \u201c<a href=\"https:\/\/www.fondazionepirelli.org\/it\/iniziative\/le-collaborazioni\/risuona-la-serie-podcast-di-fondazione-pirelli-e-chora-media\/\">Risuona<\/a><\/strong>\u201d, la serie in quattro episodi promossa da Fondazione Pirelli e prodotta da Chora Media, che racconta attraverso la voce di Gino De Crescenzo, in arte Pacifico le risonanze tra passato e futuro, in una Milano che scorre veloce come le ruote di una bicicletta<\/p>\n<p>la presentazione in anteprima nell\u2019ambito del festival \u201cVisioni dal Mondo\u201d e durante le visite guidate organizzate per la XXII Settimana della Cultura d\u2019Impresa del cortometraggio<a href=\"https:\/\/noisiamo.fondazionepirelli.org\/it\/index.html\"> <strong>\u201cNOI SIAMO\u201d<\/strong><\/a>, un progetto di Fondazione Pirelli prodotto da Muse Factory of Projects, che racconta attraverso il linguaggio cinematografico la cultura d\u2019impresa della Pirelli, rappresentata come \u201cpalcoscenico delle arti e della tecnica\u201d.<\/p>\n<p>tra le attivit\u00e0 formative: la partecipazione all\u2019 <strong><a href=\"https:\/\/www.fondazionepirelli.org\/it\/education\/fondazione-pirelli-e-il-mondo-delle-corse-al-festival-dellinnovazione-e-della-scienza\/\">XI Festival dell\u2019Innovazione e della Scienz<\/a>a<\/strong>, organizzato dal Comune di Settimo Torinese con un incontro dedicato alle scuole di II grado dal titolo \u201cIl mondo delle corse dalla A alla Z\u201d.<\/p>\n<p>tra gli eventi speciali per le scuole e dedicati alla lettura: l\u2019iniziativa\u00a0<strong><a href=\"https:\/\/www.fondazionepirelli.org\/it\/evento\/fondazioni-pirelli-presenta-parole-in-viaggio-2023un-gioco-che-parte-dalla-scuola\/\">\u201cParole in viaggio\u201d<\/a> <\/strong>\u00a0dedicata alle ragazze e ai ragazzi tra i 10 e i 14 anni con Nicola Cinquetti e Davide Rigiani, vincitori del <strong>Premio Campiello Junior 2023<\/strong>.<\/p><p>\u2026.e continuate a seguirci per scoprire tutte le novit\u00e0 \u201cin cantiere\u201d per il 2024!<\/p>\n<p><a href=\"https:\/\/vimeo.com\/893730585\">Buone Feste &#8211; Fondazione Pirelli on Vimeo<\/a><\/p>\n<p>Buone feste a tutti<\/p>","protected":false},"excerpt":{"rendered":"<p>Ripercorriamo insieme le principali novit\u00e0 del 2023 lo spettacolo teatrale \u201cL\u2019umana impresa. La fabbrica degli attori\u201d in scena al Teatro Franco Parenti che ha preso le mosse dalla riflessione su alcuni termini comuni sia alla cultura di impresa sia alle arti: visione, identit\u00e0, trasformazione, ricerca, capacit\u00e0 umana di creare manufatti e storie. Allo spettacolo \u00e8 [&hellip;]<\/p>\n","protected":false},"author":1,"featured_media":98926,"comment_status":"open","ping_status":"open","sticky":false,"template":"","format":"standard","meta":{"footnotes":""},"categories":[63,64],"tags":[],"class_list":["post-98923","post","type-post","status-publish","format-standard","has-post-thumbnail","hentry","category-la-fondazione","category-la-fondazione-pirelli"],"acf":[],"yoast_head":"<!-- This site is optimized with the Yoast SEO plugin v25.0 - https:\/\/yoast.com\/wordpress\/plugins\/seo\/ -->\n<title>Si conclude un anno ricco di iniziative\u2026. - Fondazione Pirelli<\/title>\n<meta name=\"robots\" content=\"index, follow, max-snippet:-1, max-image-preview:large, max-video-preview:-1\" \/>\n<link rel=\"canonical\" href=\"https:\/\/www.fondazionepirelli.org\/it\/la-fondazione\/si-conclude-un-anno-ricco-di-iniziative\/\" \/>\n<meta property=\"og:locale\" content=\"it_IT\" \/>\n<meta property=\"og:type\" content=\"article\" \/>\n<meta property=\"og:title\" content=\"Si conclude un anno ricco di iniziative\u2026. - Fondazione Pirelli\" \/>\n<meta property=\"og:description\" content=\"Ripercorriamo insieme le principali novit\u00e0 del 2023 lo spettacolo teatrale \u201cL\u2019umana impresa. La fabbrica degli attori\u201d in scena al Teatro Franco Parenti che ha preso le mosse dalla riflessione su alcuni termini comuni sia alla cultura di impresa sia alle arti: visione, identit\u00e0, trasformazione, ricerca, capacit\u00e0 umana di creare manufatti e storie. Allo spettacolo \u00e8 [&hellip;]\" \/>\n<meta property=\"og:url\" content=\"https:\/\/www.fondazionepirelli.org\/it\/la-fondazione\/si-conclude-un-anno-ricco-di-iniziative\/\" \/>\n<meta property=\"og:site_name\" content=\"Fondazione Pirelli\" \/>\n<meta property=\"article:published_time\" content=\"2023-12-18T08:51:36+00:00\" \/>\n<meta property=\"article:modified_time\" content=\"2023-12-18T08:56:10+00:00\" \/>\n<meta property=\"og:image\" content=\"https:\/\/wpsite-assets.fondazionepirelli.org\/wp-content\/uploads\/2023\/12\/15150848\/vlcsnap-2023-12-14-10h10m29s696-1024x540.png\" \/>\n\t<meta property=\"og:image:width\" content=\"1024\" \/>\n\t<meta property=\"og:image:height\" content=\"540\" \/>\n\t<meta property=\"og:image:type\" content=\"image\/png\" \/>\n<meta name=\"author\" content=\"fondadmin\" \/>\n<meta name=\"twitter:card\" content=\"summary_large_image\" \/>\n<meta name=\"twitter:label1\" content=\"Scritto da\" \/>\n\t<meta name=\"twitter:data1\" content=\"fondadmin\" \/>\n\t<meta name=\"twitter:label2\" content=\"Tempo di lettura stimato\" \/>\n\t<meta name=\"twitter:data2\" content=\"1 minuto\" \/>\n<script type=\"application\/ld+json\" class=\"yoast-schema-graph\">{\"@context\":\"https:\/\/schema.org\",\"@graph\":[{\"@type\":\"WebPage\",\"@id\":\"https:\/\/www.fondazionepirelli.org\/it\/la-fondazione\/si-conclude-un-anno-ricco-di-iniziative\/\",\"url\":\"https:\/\/www.fondazionepirelli.org\/it\/la-fondazione\/si-conclude-un-anno-ricco-di-iniziative\/\",\"name\":\"Si conclude un anno ricco di iniziative\u2026. - Fondazione Pirelli\",\"isPartOf\":{\"@id\":\"https:\/\/www.fondazionepirelli.org\/it\/#website\"},\"primaryImageOfPage\":{\"@id\":\"https:\/\/www.fondazionepirelli.org\/it\/la-fondazione\/si-conclude-un-anno-ricco-di-iniziative\/#primaryimage\"},\"image\":{\"@id\":\"https:\/\/www.fondazionepirelli.org\/it\/la-fondazione\/si-conclude-un-anno-ricco-di-iniziative\/#primaryimage\"},\"thumbnailUrl\":\"https:\/\/wpsite-assets.fondazionepirelli.org\/wp-content\/uploads\/2023\/12\/15150848\/vlcsnap-2023-12-14-10h10m29s696-e1702649451902.png\",\"datePublished\":\"2023-12-18T08:51:36+00:00\",\"dateModified\":\"2023-12-18T08:56:10+00:00\",\"author\":{\"@id\":\"https:\/\/www.fondazionepirelli.org\/it\/#\/schema\/person\/f47d097000832c4a6e54538c791fdf25\"},\"breadcrumb\":{\"@id\":\"https:\/\/www.fondazionepirelli.org\/it\/la-fondazione\/si-conclude-un-anno-ricco-di-iniziative\/#breadcrumb\"},\"inLanguage\":\"it-IT\",\"potentialAction\":[{\"@type\":\"ReadAction\",\"target\":[\"https:\/\/www.fondazionepirelli.org\/it\/la-fondazione\/si-conclude-un-anno-ricco-di-iniziative\/\"]}]},{\"@type\":\"ImageObject\",\"inLanguage\":\"it-IT\",\"@id\":\"https:\/\/www.fondazionepirelli.org\/it\/la-fondazione\/si-conclude-un-anno-ricco-di-iniziative\/#primaryimage\",\"url\":\"https:\/\/wpsite-assets.fondazionepirelli.org\/wp-content\/uploads\/2023\/12\/15150848\/vlcsnap-2023-12-14-10h10m29s696-e1702649451902.png\",\"contentUrl\":\"https:\/\/wpsite-assets.fondazionepirelli.org\/wp-content\/uploads\/2023\/12\/15150848\/vlcsnap-2023-12-14-10h10m29s696-e1702649451902.png\",\"width\":1000,\"height\":527},{\"@type\":\"BreadcrumbList\",\"@id\":\"https:\/\/www.fondazionepirelli.org\/it\/la-fondazione\/si-conclude-un-anno-ricco-di-iniziative\/#breadcrumb\",\"itemListElement\":[{\"@type\":\"ListItem\",\"position\":1,\"name\":\"Home\",\"item\":\"https:\/\/www.fondazionepirelli.org\/it\/\"},{\"@type\":\"ListItem\",\"position\":2,\"name\":\"Si conclude un anno ricco di iniziative\u2026.\"}]},{\"@type\":\"WebSite\",\"@id\":\"https:\/\/www.fondazionepirelli.org\/it\/#website\",\"url\":\"https:\/\/www.fondazionepirelli.org\/it\/\",\"name\":\"Fondazione Pirelli\",\"description\":\"\",\"potentialAction\":[{\"@type\":\"SearchAction\",\"target\":{\"@type\":\"EntryPoint\",\"urlTemplate\":\"https:\/\/www.fondazionepirelli.org\/it\/?s={search_term_string}\"},\"query-input\":{\"@type\":\"PropertyValueSpecification\",\"valueRequired\":true,\"valueName\":\"search_term_string\"}}],\"inLanguage\":\"it-IT\"},{\"@type\":\"Person\",\"@id\":\"https:\/\/www.fondazionepirelli.org\/it\/#\/schema\/person\/f47d097000832c4a6e54538c791fdf25\",\"name\":\"fondadmin\",\"image\":{\"@type\":\"ImageObject\",\"inLanguage\":\"it-IT\",\"@id\":\"https:\/\/www.fondazionepirelli.org\/it\/#\/schema\/person\/image\/\",\"url\":\"https:\/\/secure.gravatar.com\/avatar\/e69498a9175ca244966e51e53c88712c024fcebe41f9a05f75657f1bb25e489b?s=96&d=mm&r=g\",\"contentUrl\":\"https:\/\/secure.gravatar.com\/avatar\/e69498a9175ca244966e51e53c88712c024fcebe41f9a05f75657f1bb25e489b?s=96&d=mm&r=g\",\"caption\":\"fondadmin\"},\"url\":\"https:\/\/www.fondazionepirelli.org\/it\/author\/fondadmin\/\"}]}<\/script>\n<!-- \/ Yoast SEO plugin. -->","yoast_head_json":{"title":"Si conclude un anno ricco di iniziative\u2026. - Fondazione Pirelli","robots":{"index":"index","follow":"follow","max-snippet":"max-snippet:-1","max-image-preview":"max-image-preview:large","max-video-preview":"max-video-preview:-1"},"canonical":"https:\/\/www.fondazionepirelli.org\/it\/la-fondazione\/si-conclude-un-anno-ricco-di-iniziative\/","og_locale":"it_IT","og_type":"article","og_title":"Si conclude un anno ricco di iniziative\u2026. - Fondazione Pirelli","og_description":"Ripercorriamo insieme le principali novit\u00e0 del 2023 lo spettacolo teatrale \u201cL\u2019umana impresa. La fabbrica degli attori\u201d in scena al Teatro Franco Parenti che ha preso le mosse dalla riflessione su alcuni termini comuni sia alla cultura di impresa sia alle arti: visione, identit\u00e0, trasformazione, ricerca, capacit\u00e0 umana di creare manufatti e storie. Allo spettacolo \u00e8 [&hellip;]","og_url":"https:\/\/www.fondazionepirelli.org\/it\/la-fondazione\/si-conclude-un-anno-ricco-di-iniziative\/","og_site_name":"Fondazione Pirelli","article_published_time":"2023-12-18T08:51:36+00:00","article_modified_time":"2023-12-18T08:56:10+00:00","og_image":[{"width":1024,"height":540,"url":"https:\/\/wpsite-assets.fondazionepirelli.org\/wp-content\/uploads\/2023\/12\/15150848\/vlcsnap-2023-12-14-10h10m29s696-1024x540.png","type":"image\/png"}],"author":"fondadmin","twitter_card":"summary_large_image","twitter_misc":{"Scritto da":"fondadmin","Tempo di lettura stimato":"1 minuto"},"schema":{"@context":"https:\/\/schema.org","@graph":[{"@type":"WebPage","@id":"https:\/\/www.fondazionepirelli.org\/it\/la-fondazione\/si-conclude-un-anno-ricco-di-iniziative\/","url":"https:\/\/www.fondazionepirelli.org\/it\/la-fondazione\/si-conclude-un-anno-ricco-di-iniziative\/","name":"Si conclude un anno ricco di iniziative\u2026. - Fondazione Pirelli","isPartOf":{"@id":"https:\/\/www.fondazionepirelli.org\/it\/#website"},"primaryImageOfPage":{"@id":"https:\/\/www.fondazionepirelli.org\/it\/la-fondazione\/si-conclude-un-anno-ricco-di-iniziative\/#primaryimage"},"image":{"@id":"https:\/\/www.fondazionepirelli.org\/it\/la-fondazione\/si-conclude-un-anno-ricco-di-iniziative\/#primaryimage"},"thumbnailUrl":"https:\/\/wpsite-assets.fondazionepirelli.org\/wp-content\/uploads\/2023\/12\/15150848\/vlcsnap-2023-12-14-10h10m29s696-e1702649451902.png","datePublished":"2023-12-18T08:51:36+00:00","dateModified":"2023-12-18T08:56:10+00:00","author":{"@id":"https:\/\/www.fondazionepirelli.org\/it\/#\/schema\/person\/f47d097000832c4a6e54538c791fdf25"},"breadcrumb":{"@id":"https:\/\/www.fondazionepirelli.org\/it\/la-fondazione\/si-conclude-un-anno-ricco-di-iniziative\/#breadcrumb"},"inLanguage":"it-IT","potentialAction":[{"@type":"ReadAction","target":["https:\/\/www.fondazionepirelli.org\/it\/la-fondazione\/si-conclude-un-anno-ricco-di-iniziative\/"]}]},{"@type":"ImageObject","inLanguage":"it-IT","@id":"https:\/\/www.fondazionepirelli.org\/it\/la-fondazione\/si-conclude-un-anno-ricco-di-iniziative\/#primaryimage","url":"https:\/\/wpsite-assets.fondazionepirelli.org\/wp-content\/uploads\/2023\/12\/15150848\/vlcsnap-2023-12-14-10h10m29s696-e1702649451902.png","contentUrl":"https:\/\/wpsite-assets.fondazionepirelli.org\/wp-content\/uploads\/2023\/12\/15150848\/vlcsnap-2023-12-14-10h10m29s696-e1702649451902.png","width":1000,"height":527},{"@type":"BreadcrumbList","@id":"https:\/\/www.fondazionepirelli.org\/it\/la-fondazione\/si-conclude-un-anno-ricco-di-iniziative\/#breadcrumb","itemListElement":[{"@type":"ListItem","position":1,"name":"Home","item":"https:\/\/www.fondazionepirelli.org\/it\/"},{"@type":"ListItem","position":2,"name":"Si conclude un anno ricco di iniziative\u2026."}]},{"@type":"WebSite","@id":"https:\/\/www.fondazionepirelli.org\/it\/#website","url":"https:\/\/www.fondazionepirelli.org\/it\/","name":"Fondazione Pirelli","description":"","potentialAction":[{"@type":"SearchAction","target":{"@type":"EntryPoint","urlTemplate":"https:\/\/www.fondazionepirelli.org\/it\/?s={search_term_string}"},"query-input":{"@type":"PropertyValueSpecification","valueRequired":true,"valueName":"search_term_string"}}],"inLanguage":"it-IT"},{"@type":"Person","@id":"https:\/\/www.fondazionepirelli.org\/it\/#\/schema\/person\/f47d097000832c4a6e54538c791fdf25","name":"fondadmin","image":{"@type":"ImageObject","inLanguage":"it-IT","@id":"https:\/\/www.fondazionepirelli.org\/it\/#\/schema\/person\/image\/","url":"https:\/\/secure.gravatar.com\/avatar\/e69498a9175ca244966e51e53c88712c024fcebe41f9a05f75657f1bb25e489b?s=96&d=mm&r=g","contentUrl":"https:\/\/secure.gravatar.com\/avatar\/e69498a9175ca244966e51e53c88712c024fcebe41f9a05f75657f1bb25e489b?s=96&d=mm&r=g","caption":"fondadmin"},"url":"https:\/\/www.fondazionepirelli.org\/it\/author\/fondadmin\/"}]}},"_links":{"self":[{"href":"https:\/\/www.fondazionepirelli.org\/it\/wp-json\/wp\/v2\/posts\/98923\/"}],"collection":[{"href":"https:\/\/www.fondazionepirelli.org\/it\/wp-json\/wp\/v2\/posts\/"}],"about":[{"href":"https:\/\/www.fondazionepirelli.org\/it\/wp-json\/wp\/v2\/types\/post\/"}],"author":[{"embeddable":true,"href":"https:\/\/www.fondazionepirelli.org\/it\/wp-json\/wp\/v2\/users\/1\/"}],"replies":[{"embeddable":true,"href":"https:\/\/www.fondazionepirelli.org\/it\/wp-json\/wp\/v2\/comments\/?post=98923"}],"version-history":[{"count":8,"href":"https:\/\/www.fondazionepirelli.org\/it\/wp-json\/wp\/v2\/posts\/98923\/revisions\/"}],"predecessor-version":[{"id":98972,"href":"https:\/\/www.fondazionepirelli.org\/it\/wp-json\/wp\/v2\/posts\/98923\/revisions\/98972\/"}],"wp:featuredmedia":[{"embeddable":true,"href":"https:\/\/www.fondazionepirelli.org\/it\/wp-json\/wp\/v2\/media\/98926\/"}],"wp:attachment":[{"href":"https:\/\/www.fondazionepirelli.org\/it\/wp-json\/wp\/v2\/media\/?parent=98923"}],"wp:term":[{"taxonomy":"category","embeddable":true,"href":"https:\/\/www.fondazionepirelli.org\/it\/wp-json\/wp\/v2\/categories\/?post=98923"},{"taxonomy":"post_tag","embeddable":true,"href":"https:\/\/www.fondazionepirelli.org\/it\/wp-json\/wp\/v2\/tags\/?post=98923"}],"curies":[{"name":"wp","href":"https:\/\/api.w.org\/{rel}","templated":true}]}}