{"id":98990,"date":"2023-12-19T13:19:09","date_gmt":"2023-12-19T12:19:09","guid":{"rendered":"https:\/\/www.fondazionepirelli.org\/?p=98990"},"modified":"2023-12-19T13:19:09","modified_gmt":"2023-12-19T12:19:09","slug":"guardare-milano-oltre-le-mille-luci-di-natale-e-governare-crisi-poverta-e-innovazione","status":"publish","type":"post","link":"https:\/\/www.fondazionepirelli.org\/it\/cultura-dimpresa\/guardare-milano-oltre-le-mille-luci-di-natale-e-governare-crisi-poverta-e-innovazione\/","title":{"rendered":"Guardare Milano oltre le mille luci di Natale  e governare crisi, povert\u00e0 e innovazione"},"content":{"rendered":"<p>Milano \u00e8 le mille luci di Natale, in Montenapoleone e nelle strade affollate del quadrilatero della moda e dello shopping. Milano \u00e8 la lunga coda di donne e uomini che entrano nel <strong>Refettorio Ambrosiano <\/strong>della Caritas nella piazza del quartiere di Greco, passando sotto il portale scolpito da <strong>Mimmo Paladino<\/strong>, la croce, i pani, i pesci, i simboli dell\u2019accoglienza.<\/p>\n<p>Milano, il lusso. Milano, la povert\u00e0. E, in mezzo, centinaia di migliaia di persone che ogni giorno costruiscono, nella <strong>metropoli inquieta<\/strong>, quel che serve a un miglior destino comune: il lavoro, l\u2019impresa, la conoscenza, le relazioni sociali, l\u2019assistenza, le strutture essenziali dei valori che fanno una comunit\u00e0. Una <em>civitas <\/em>e non pi\u00f9 soltanto una <em>urbs<\/em> di strade e piazze, palazzi e negozi. Un insieme di persone. Non una folla di gente. Persone che meritano attenzione, considerazione, rispetto.<\/p>\n<p>C\u2019\u00e8 \u201cun disagio sociale che mette in crisi il modello Milano\u201d, scrive giustamente <strong>Aldo Bonomi<\/strong> su \u201cIl Sole24Ore\u201d (19 dicembre), notando come il dinamismo post Expo si stia esaurendo e come \u201cla citt\u00e0 premium\u201d del cosiddetto \u201cprimo cerchio\u201d, il centro cittadino, non \u201csgocciola\u201d pi\u00f9 verso il basso, smettendo di creare coesione e opportunit\u00e0 diffuse e determinando invece nuove povert\u00e0, pi\u00f9 accentuate disuguaglianze.<\/p>\n<p>Turismo, investimenti immobiliari, eventi, producono <strong>ricchezza<\/strong>, \u00e8 vero. Ma cresce la preoccupazione sulle incrinature, oramai vistose, di un sistema che da sempre ha connotato la natura profonda di Milano: la capacit\u00e0 di costruire originali sintesi tra crescita economica e virt\u00f9 civili della solidariet\u00e0, competitivit\u00e0 e inclusione sociale.<\/p>\n<p>Sbaglia, naturalmente, chi dipinge Milano, come \u201cl\u2019inverno del nostro scontento\u201d, chi esaspera i nodi dei problemi sociali (a cominciare dalla sicurezza, reale o anche solo percepita che sia) dimenticando le caratteristiche di fragilit\u00e0 e complessit\u00e0 tipiche di ogni metropoli. Cos\u00ec come sbaglia chi si affida, consolatoriamente, alla \u201cClassifica sulla qualit\u00e0 della vita\u201d (\u201cIl Sole24Ore\u201d, 4 dicembre) che anche quest\u2019anno vede Milano tra le prime dieci province (la prima \u00e8 Udine, seguita da Bologna e Trento), soprattutto per merito degli indicatori legati alle dinamiche dell\u2019economia e degli affari. Ma certo, in questa complessit\u00e0 di contrasti, \u00e8 necessario trovare un senso, un indirizzo, una vocazione. Prendere atto che nell\u2019opinione corrente Milano non \u00e8 pi\u00f9 \u201cthe place to be\u201d proclamato da \u201cThe New York Times\u201d alcuni anni fa, ma nemmeno una citt\u00e0 da contestare, criticare aspramente, condannare.<\/p>\n<p>Se ne discute da tempo, oramai. E forse, proprio questa capacit\u00e0 di analisi critica e autocritica \u00e8 una delle leve indispensabili per ripensare Milano, mettendo da parte l\u2019idea di \u201c<strong>modello<\/strong>\u201d (vissuta come arrogante pretesa di primato d\u2019una citt\u00e0 che finisce per essere invidiata e detestata) e ragionando invece di sviluppo sostenibile, accoglienza, ascensore sociale, opportunit\u00e0. Meno comunicazione frettolosa e arrembante, pi\u00f9 cultura. Meno <em>storytelling <\/em>da propaganda e pi\u00f9 fantasia politica per cercare di costruire, anche con il buon governo metropolitano, nuovi e pi\u00f9 giusti equilibri economici e sociali.<\/p>\n<p>E\u2019 un\u2019attitudine diffusa, d\u2019altronde, la capacit\u00e0 di Milano di fare severamente i conti con la propria storia e l\u2019attualit\u00e0. Come sostiene <strong>Piero Borghini<\/strong>, sindaco per una troppo breve stagione nella tempesta politica e istituzionale dei primi anni Novanta (i tempi della bufera di Tangentopoli) e poi comunque intelligenza sempre lucida e vivace: \u201cNon c\u2019\u00e8 citt\u00e0 al mondo che studi s\u00e9 stessa allo stesso modo di Milano. Roma si fotografa perch\u00e9 \u00e8 bella. <strong>Milano non si fotografa ma si studia<\/strong>. I libri sull\u2019economia di Milano, le ricerche\u2026 c\u2019\u00e8 una classe intellettuale che studia e che propone. Basterebbe leggerli, quei libri\u2026\u201d (Il Foglio, 14 dicembre). Perch\u00e9 \u201cMilano sta vivendo una fase di riflessione, ma non \u00e8 una citt\u00e0 smarrita. La politica, al massimo, \u00e8 smarrita\u201d.<\/p>\n<p>Quel che serve \u00e8 non fermarsi al mito di fine Ottocento della \u201c<strong>capitale morale<\/strong>\u201d costruito \u201csullo spirito dell\u2019imprenditoria, dell\u2019etica del lavoro e del buon governo\u201d e pensare semmai a come coniugare economia della conoscenza, ambientalismo e produttivit\u00e0.<\/p>\n<p>Sono temi impegnativi, che trovano eco crescente nel discorso pubblico (anche negli incontri del Centro Studi Grande Milano, presieduto da Daniela Mainini: come evitare, lungo il cammino sul crinale, di precipitare nella crisi invece che scendere pur faticosamente lungo i sentieri che portano alla ripresa?). E che vanno approfonditi e indirizzati verso risposte politiche e sociali, con quel \u201ccoraggio\u201d e quell\u2019esercizio di \u201cfiducia\u201d che proprio l\u2019arcivescovo di Milano monsignor Mario Delpini ha indicato come virt\u00f9 necessarie, nel discorso alla citt\u00e0 in Sant\u2019Ambrogio, chiedendo ai politici e ai cittadini di \u201cricominciare da giovani, demografia, immigrati\u201d. Sviluppo, accoglienza, integrazione, appunto. Altro che le sole luminarie\u2026.<\/p>\n<p>Discutere, dunque. Spregiudicatamente. Facendo buon uso degli strumenti della conoscenza e della dialettica. Stando alla larga dalle corrive semplificazioni propagandiste. E tenendo bene a mente la lezione di un grande milanese come Umberto Eco: \u201cLa libert\u00e0 di parola significa libert\u00e0 dalla retorica\u201d.<\/p>\n<p>Si pu\u00f2, giustamente provare a valorizzare il passato, come si nota nell\u2019idea (cara al finanziere Francesco Micheli, uomo di sofisticata cultura) di proporre il centro storico di Milano come \u201cpatrimonio dell\u2019Unesco\u201d, dando un giusto riconoscimento a quell\u2019insieme di tesori monumentali e culturali che vanno dal Duomo alla Scala, da Brera e dal Palazzo Reale al Poldi Pezzoli, alle Gallerie d\u2019Italia, al Museo del Novecento e alla Pinacoteca Ambrosiana con i disegni del \u201cCodice Atlantico\u201d di Leonardo da Vinci.<\/p>\n<p>Si pu\u00f2 insistere per legare i progetti urbanistici a Sesto San Giovanni e a Lambrate, negli ex scali ferroviari di Porta Genova, Scalo Farini e Porta Romana e nell\u2019area ex Expo anche a impegni di <strong><em>social housing<\/em> <\/strong>e servizi di valore pubblico (il Comune si muove gi\u00e0 in questa direzione). E soprattutto vale la pena ragionare su quali siano le scelte politiche e amministrative e quali le responsabilit\u00e0 degli attori sociali, a cominciare dalle imprese, per fare di Milano una <em>smart city<\/em> della conoscenza e dell\u2019innovazione, una metropoli dei flussi che, nello spazio tra Europa e Mediterraneo, leghi persone, idee, affari, ricerche, relazioni coinvolgendo tutto il ricco tessuto delle citt\u00e0 intermedie, da Torino a Genova (lungo le linee del \u201cprogetto GeMiTo\u201d promosso da Unione Industriali torinese, Assolombarda e Confindustria genovese), da Bergamo a Brescia e al Nord Est, dall\u2019asse Como \u2013 Varese all\u2019Emilia: un territorio di imprese, universit\u00e0, comunit\u00e0 impegnate a coniugare innovazione e inclusione, creazione di ricchezza e diffusione del benessere. Democrazia liberale ed economia sociale di mercato, per dirla in sintesi, con sguardo europeo.<\/p>\n<p>Servono dunque scelte di promozione dell\u2019<strong>intraprendenza<\/strong> e dell\u2019<strong>innovazione<\/strong>. E di <strong>valorizzazione di conoscenze e competenze<\/strong>, di sostegno a tutto quanto sviluppi e diffonda nuove tecnologie ambientalmente e socialmente sostenibili.<\/p>\n<p>Se questo \u00e8 l\u2019orizzonte, Milano deve ricominciare a imparare come tenere legate le nuove generazioni, come essere ospitale e inclusiva. Come ridiventare, insomma, capace di fare \u201cdiventare milanesi\u201d tutti coloro che qui arrivano dal resto d\u2019Italia, dall\u2019Europa, dal bacino grande del Mediterraneo, coste dell\u2019Africa comprese.<\/p>\n<p>Un grande progetto, costruito, per citare ancora Bonomi, su \u201c<strong>virt\u00f9 civiche e passione sociale<\/strong>\u201d. Una lungimirante strategia di sapiente politica ed efficace amministrazione pubblica, sulla gestione urbanistica e dei servizi della \u201cgrande Milano\u201d. Il buon governo della trasformazione.<\/p>\n","protected":false},"excerpt":{"rendered":"<p>Milano \u00e8 le mille luci di Natale, in Montenapoleone e nelle strade affollate del quadrilatero della moda e dello shopping. Milano \u00e8 la lunga coda di donne e uomini che entrano nel Refettorio Ambrosiano della Caritas nella piazza del quartiere di Greco, passando sotto il portale scolpito da Mimmo Paladino, la croce, i pani, i [&hellip;]<\/p>\n","protected":false},"author":1,"featured_media":98993,"comment_status":"open","ping_status":"open","sticky":false,"template":"","format":"standard","meta":{"footnotes":""},"categories":[53,52],"tags":[],"class_list":["post-98990","post","type-post","status-publish","format-standard","has-post-thumbnail","hentry","category-blog","category-cultura-dimpresa"],"acf":[],"yoast_head":"<!-- This site is optimized with the Yoast SEO plugin v25.0 - https:\/\/yoast.com\/wordpress\/plugins\/seo\/ -->\n<title>Guardare Milano oltre le mille luci di Natale e governare crisi, povert\u00e0 e innovazione - Fondazione Pirelli<\/title>\n<meta name=\"robots\" content=\"index, follow, max-snippet:-1, max-image-preview:large, max-video-preview:-1\" \/>\n<link rel=\"canonical\" href=\"https:\/\/www.fondazionepirelli.org\/it\/cultura-dimpresa\/guardare-milano-oltre-le-mille-luci-di-natale-e-governare-crisi-poverta-e-innovazione\/\" \/>\n<meta property=\"og:locale\" content=\"it_IT\" \/>\n<meta property=\"og:type\" content=\"article\" \/>\n<meta property=\"og:title\" content=\"Guardare Milano oltre le mille luci di Natale e governare crisi, povert\u00e0 e innovazione - Fondazione Pirelli\" \/>\n<meta property=\"og:description\" content=\"Milano \u00e8 le mille luci di Natale, in Montenapoleone e nelle strade affollate del quadrilatero della moda e dello shopping. Milano \u00e8 la lunga coda di donne e uomini che entrano nel Refettorio Ambrosiano della Caritas nella piazza del quartiere di Greco, passando sotto il portale scolpito da Mimmo Paladino, la croce, i pani, i [&hellip;]\" \/>\n<meta property=\"og:url\" content=\"https:\/\/www.fondazionepirelli.org\/it\/cultura-dimpresa\/guardare-milano-oltre-le-mille-luci-di-natale-e-governare-crisi-poverta-e-innovazione\/\" \/>\n<meta property=\"og:site_name\" content=\"Fondazione Pirelli\" \/>\n<meta property=\"article:published_time\" content=\"2023-12-19T12:19:09+00:00\" \/>\n<meta property=\"og:image\" content=\"https:\/\/wpsite-assets.fondazionepirelli.org\/wp-content\/uploads\/2023\/12\/19131859\/immagine-blog.jpg\" \/>\n\t<meta property=\"og:image:width\" content=\"500\" \/>\n\t<meta property=\"og:image:height\" content=\"871\" \/>\n\t<meta property=\"og:image:type\" content=\"image\/jpeg\" \/>\n<meta name=\"author\" content=\"fondadmin\" \/>\n<meta name=\"twitter:card\" content=\"summary_large_image\" \/>\n<meta name=\"twitter:label1\" content=\"Scritto da\" \/>\n\t<meta name=\"twitter:data1\" content=\"fondadmin\" \/>\n\t<meta name=\"twitter:label2\" content=\"Tempo di lettura stimato\" \/>\n\t<meta name=\"twitter:data2\" content=\"6 minuti\" \/>\n<script type=\"application\/ld+json\" class=\"yoast-schema-graph\">{\"@context\":\"https:\/\/schema.org\",\"@graph\":[{\"@type\":\"WebPage\",\"@id\":\"https:\/\/www.fondazionepirelli.org\/it\/cultura-dimpresa\/guardare-milano-oltre-le-mille-luci-di-natale-e-governare-crisi-poverta-e-innovazione\/\",\"url\":\"https:\/\/www.fondazionepirelli.org\/it\/cultura-dimpresa\/guardare-milano-oltre-le-mille-luci-di-natale-e-governare-crisi-poverta-e-innovazione\/\",\"name\":\"Guardare Milano oltre le mille luci di Natale e governare crisi, povert\u00e0 e innovazione - Fondazione Pirelli\",\"isPartOf\":{\"@id\":\"https:\/\/www.fondazionepirelli.org\/it\/#website\"},\"primaryImageOfPage\":{\"@id\":\"https:\/\/www.fondazionepirelli.org\/it\/cultura-dimpresa\/guardare-milano-oltre-le-mille-luci-di-natale-e-governare-crisi-poverta-e-innovazione\/#primaryimage\"},\"image\":{\"@id\":\"https:\/\/www.fondazionepirelli.org\/it\/cultura-dimpresa\/guardare-milano-oltre-le-mille-luci-di-natale-e-governare-crisi-poverta-e-innovazione\/#primaryimage\"},\"thumbnailUrl\":\"https:\/\/wpsite-assets.fondazionepirelli.org\/wp-content\/uploads\/2023\/12\/19131859\/immagine-blog.jpg\",\"datePublished\":\"2023-12-19T12:19:09+00:00\",\"author\":{\"@id\":\"https:\/\/www.fondazionepirelli.org\/it\/#\/schema\/person\/f47d097000832c4a6e54538c791fdf25\"},\"breadcrumb\":{\"@id\":\"https:\/\/www.fondazionepirelli.org\/it\/cultura-dimpresa\/guardare-milano-oltre-le-mille-luci-di-natale-e-governare-crisi-poverta-e-innovazione\/#breadcrumb\"},\"inLanguage\":\"it-IT\",\"potentialAction\":[{\"@type\":\"ReadAction\",\"target\":[\"https:\/\/www.fondazionepirelli.org\/it\/cultura-dimpresa\/guardare-milano-oltre-le-mille-luci-di-natale-e-governare-crisi-poverta-e-innovazione\/\"]}]},{\"@type\":\"ImageObject\",\"inLanguage\":\"it-IT\",\"@id\":\"https:\/\/www.fondazionepirelli.org\/it\/cultura-dimpresa\/guardare-milano-oltre-le-mille-luci-di-natale-e-governare-crisi-poverta-e-innovazione\/#primaryimage\",\"url\":\"https:\/\/wpsite-assets.fondazionepirelli.org\/wp-content\/uploads\/2023\/12\/19131859\/immagine-blog.jpg\",\"contentUrl\":\"https:\/\/wpsite-assets.fondazionepirelli.org\/wp-content\/uploads\/2023\/12\/19131859\/immagine-blog.jpg\",\"width\":500,\"height\":871},{\"@type\":\"BreadcrumbList\",\"@id\":\"https:\/\/www.fondazionepirelli.org\/it\/cultura-dimpresa\/guardare-milano-oltre-le-mille-luci-di-natale-e-governare-crisi-poverta-e-innovazione\/#breadcrumb\",\"itemListElement\":[{\"@type\":\"ListItem\",\"position\":1,\"name\":\"Home\",\"item\":\"https:\/\/www.fondazionepirelli.org\/it\/\"},{\"@type\":\"ListItem\",\"position\":2,\"name\":\"Guardare Milano oltre le mille luci di Natale e governare crisi, povert\u00e0 e innovazione\"}]},{\"@type\":\"WebSite\",\"@id\":\"https:\/\/www.fondazionepirelli.org\/it\/#website\",\"url\":\"https:\/\/www.fondazionepirelli.org\/it\/\",\"name\":\"Fondazione Pirelli\",\"description\":\"\",\"potentialAction\":[{\"@type\":\"SearchAction\",\"target\":{\"@type\":\"EntryPoint\",\"urlTemplate\":\"https:\/\/www.fondazionepirelli.org\/it\/?s={search_term_string}\"},\"query-input\":{\"@type\":\"PropertyValueSpecification\",\"valueRequired\":true,\"valueName\":\"search_term_string\"}}],\"inLanguage\":\"it-IT\"},{\"@type\":\"Person\",\"@id\":\"https:\/\/www.fondazionepirelli.org\/it\/#\/schema\/person\/f47d097000832c4a6e54538c791fdf25\",\"name\":\"fondadmin\",\"image\":{\"@type\":\"ImageObject\",\"inLanguage\":\"it-IT\",\"@id\":\"https:\/\/www.fondazionepirelli.org\/it\/#\/schema\/person\/image\/\",\"url\":\"https:\/\/secure.gravatar.com\/avatar\/e69498a9175ca244966e51e53c88712c024fcebe41f9a05f75657f1bb25e489b?s=96&d=mm&r=g\",\"contentUrl\":\"https:\/\/secure.gravatar.com\/avatar\/e69498a9175ca244966e51e53c88712c024fcebe41f9a05f75657f1bb25e489b?s=96&d=mm&r=g\",\"caption\":\"fondadmin\"},\"url\":\"https:\/\/www.fondazionepirelli.org\/it\/author\/fondadmin\/\"}]}<\/script>\n<!-- \/ Yoast SEO plugin. -->","yoast_head_json":{"title":"Guardare Milano oltre le mille luci di Natale e governare crisi, povert\u00e0 e innovazione - Fondazione Pirelli","robots":{"index":"index","follow":"follow","max-snippet":"max-snippet:-1","max-image-preview":"max-image-preview:large","max-video-preview":"max-video-preview:-1"},"canonical":"https:\/\/www.fondazionepirelli.org\/it\/cultura-dimpresa\/guardare-milano-oltre-le-mille-luci-di-natale-e-governare-crisi-poverta-e-innovazione\/","og_locale":"it_IT","og_type":"article","og_title":"Guardare Milano oltre le mille luci di Natale e governare crisi, povert\u00e0 e innovazione - Fondazione Pirelli","og_description":"Milano \u00e8 le mille luci di Natale, in Montenapoleone e nelle strade affollate del quadrilatero della moda e dello shopping. Milano \u00e8 la lunga coda di donne e uomini che entrano nel Refettorio Ambrosiano della Caritas nella piazza del quartiere di Greco, passando sotto il portale scolpito da Mimmo Paladino, la croce, i pani, i [&hellip;]","og_url":"https:\/\/www.fondazionepirelli.org\/it\/cultura-dimpresa\/guardare-milano-oltre-le-mille-luci-di-natale-e-governare-crisi-poverta-e-innovazione\/","og_site_name":"Fondazione Pirelli","article_published_time":"2023-12-19T12:19:09+00:00","og_image":[{"width":500,"height":871,"url":"https:\/\/wpsite-assets.fondazionepirelli.org\/wp-content\/uploads\/2023\/12\/19131859\/immagine-blog.jpg","type":"image\/jpeg"}],"author":"fondadmin","twitter_card":"summary_large_image","twitter_misc":{"Scritto da":"fondadmin","Tempo di lettura stimato":"6 minuti"},"schema":{"@context":"https:\/\/schema.org","@graph":[{"@type":"WebPage","@id":"https:\/\/www.fondazionepirelli.org\/it\/cultura-dimpresa\/guardare-milano-oltre-le-mille-luci-di-natale-e-governare-crisi-poverta-e-innovazione\/","url":"https:\/\/www.fondazionepirelli.org\/it\/cultura-dimpresa\/guardare-milano-oltre-le-mille-luci-di-natale-e-governare-crisi-poverta-e-innovazione\/","name":"Guardare Milano oltre le mille luci di Natale e governare crisi, povert\u00e0 e innovazione - Fondazione Pirelli","isPartOf":{"@id":"https:\/\/www.fondazionepirelli.org\/it\/#website"},"primaryImageOfPage":{"@id":"https:\/\/www.fondazionepirelli.org\/it\/cultura-dimpresa\/guardare-milano-oltre-le-mille-luci-di-natale-e-governare-crisi-poverta-e-innovazione\/#primaryimage"},"image":{"@id":"https:\/\/www.fondazionepirelli.org\/it\/cultura-dimpresa\/guardare-milano-oltre-le-mille-luci-di-natale-e-governare-crisi-poverta-e-innovazione\/#primaryimage"},"thumbnailUrl":"https:\/\/wpsite-assets.fondazionepirelli.org\/wp-content\/uploads\/2023\/12\/19131859\/immagine-blog.jpg","datePublished":"2023-12-19T12:19:09+00:00","author":{"@id":"https:\/\/www.fondazionepirelli.org\/it\/#\/schema\/person\/f47d097000832c4a6e54538c791fdf25"},"breadcrumb":{"@id":"https:\/\/www.fondazionepirelli.org\/it\/cultura-dimpresa\/guardare-milano-oltre-le-mille-luci-di-natale-e-governare-crisi-poverta-e-innovazione\/#breadcrumb"},"inLanguage":"it-IT","potentialAction":[{"@type":"ReadAction","target":["https:\/\/www.fondazionepirelli.org\/it\/cultura-dimpresa\/guardare-milano-oltre-le-mille-luci-di-natale-e-governare-crisi-poverta-e-innovazione\/"]}]},{"@type":"ImageObject","inLanguage":"it-IT","@id":"https:\/\/www.fondazionepirelli.org\/it\/cultura-dimpresa\/guardare-milano-oltre-le-mille-luci-di-natale-e-governare-crisi-poverta-e-innovazione\/#primaryimage","url":"https:\/\/wpsite-assets.fondazionepirelli.org\/wp-content\/uploads\/2023\/12\/19131859\/immagine-blog.jpg","contentUrl":"https:\/\/wpsite-assets.fondazionepirelli.org\/wp-content\/uploads\/2023\/12\/19131859\/immagine-blog.jpg","width":500,"height":871},{"@type":"BreadcrumbList","@id":"https:\/\/www.fondazionepirelli.org\/it\/cultura-dimpresa\/guardare-milano-oltre-le-mille-luci-di-natale-e-governare-crisi-poverta-e-innovazione\/#breadcrumb","itemListElement":[{"@type":"ListItem","position":1,"name":"Home","item":"https:\/\/www.fondazionepirelli.org\/it\/"},{"@type":"ListItem","position":2,"name":"Guardare Milano oltre le mille luci di Natale e governare crisi, povert\u00e0 e innovazione"}]},{"@type":"WebSite","@id":"https:\/\/www.fondazionepirelli.org\/it\/#website","url":"https:\/\/www.fondazionepirelli.org\/it\/","name":"Fondazione Pirelli","description":"","potentialAction":[{"@type":"SearchAction","target":{"@type":"EntryPoint","urlTemplate":"https:\/\/www.fondazionepirelli.org\/it\/?s={search_term_string}"},"query-input":{"@type":"PropertyValueSpecification","valueRequired":true,"valueName":"search_term_string"}}],"inLanguage":"it-IT"},{"@type":"Person","@id":"https:\/\/www.fondazionepirelli.org\/it\/#\/schema\/person\/f47d097000832c4a6e54538c791fdf25","name":"fondadmin","image":{"@type":"ImageObject","inLanguage":"it-IT","@id":"https:\/\/www.fondazionepirelli.org\/it\/#\/schema\/person\/image\/","url":"https:\/\/secure.gravatar.com\/avatar\/e69498a9175ca244966e51e53c88712c024fcebe41f9a05f75657f1bb25e489b?s=96&d=mm&r=g","contentUrl":"https:\/\/secure.gravatar.com\/avatar\/e69498a9175ca244966e51e53c88712c024fcebe41f9a05f75657f1bb25e489b?s=96&d=mm&r=g","caption":"fondadmin"},"url":"https:\/\/www.fondazionepirelli.org\/it\/author\/fondadmin\/"}]}},"_links":{"self":[{"href":"https:\/\/www.fondazionepirelli.org\/it\/wp-json\/wp\/v2\/posts\/98990\/"}],"collection":[{"href":"https:\/\/www.fondazionepirelli.org\/it\/wp-json\/wp\/v2\/posts\/"}],"about":[{"href":"https:\/\/www.fondazionepirelli.org\/it\/wp-json\/wp\/v2\/types\/post\/"}],"author":[{"embeddable":true,"href":"https:\/\/www.fondazionepirelli.org\/it\/wp-json\/wp\/v2\/users\/1\/"}],"replies":[{"embeddable":true,"href":"https:\/\/www.fondazionepirelli.org\/it\/wp-json\/wp\/v2\/comments\/?post=98990"}],"version-history":[{"count":2,"href":"https:\/\/www.fondazionepirelli.org\/it\/wp-json\/wp\/v2\/posts\/98990\/revisions\/"}],"predecessor-version":[{"id":98992,"href":"https:\/\/www.fondazionepirelli.org\/it\/wp-json\/wp\/v2\/posts\/98990\/revisions\/98992\/"}],"wp:featuredmedia":[{"embeddable":true,"href":"https:\/\/www.fondazionepirelli.org\/it\/wp-json\/wp\/v2\/media\/98993\/"}],"wp:attachment":[{"href":"https:\/\/www.fondazionepirelli.org\/it\/wp-json\/wp\/v2\/media\/?parent=98990"}],"wp:term":[{"taxonomy":"category","embeddable":true,"href":"https:\/\/www.fondazionepirelli.org\/it\/wp-json\/wp\/v2\/categories\/?post=98990"},{"taxonomy":"post_tag","embeddable":true,"href":"https:\/\/www.fondazionepirelli.org\/it\/wp-json\/wp\/v2\/tags\/?post=98990"}],"curies":[{"name":"wp","href":"https:\/\/api.w.org\/{rel}","templated":true}]}}