{"id":99127,"date":"2024-01-16T11:36:48","date_gmt":"2024-01-16T10:36:48","guid":{"rendered":"https:\/\/www.fondazionepirelli.org\/?p=99127"},"modified":"2024-01-19T13:00:41","modified_gmt":"2024-01-19T12:00:41","slug":"storia-di-un-imprenditore-2","status":"publish","type":"post","link":"https:\/\/www.fondazionepirelli.org\/it\/cultura-dimpresa\/storia-di-un-imprenditore-2\/","title":{"rendered":"Storia di un imprenditore"},"content":{"rendered":"<p><em><strong>Vita e imprese di Filiberto Martinetto, da ragazzino apprendista a capo di un gruppo tessile <\/strong><\/em><\/p>\n<p><strong>\u00a0<\/strong><\/p>\n<p>Memoria e quindi storia, ma anche insegnamenti per il presente e per il futuro. Ricordi non riposti in qualche cassetto pronti per essere dimenticati, ma riproposti un po\u2019 per tutti in pagine dense, a volte quasi ingenue e candide, altre volte severe, mai banali, mai false. Storia di un\u2019impresa e di un imprenditore. E\u2019 tutto questo il libro di Filiberto Martinetto (imprenditore tessile) che con il titolo di \u201cTessere la vita. Un sogno come ordito, un\u2019idea come trama\u201d \u00e8 da poco andato alle stampe.<\/p>\n<p>Libro-diario per certi versi, di memorie per altri, manuale di buona imprenditoria per altri ancora. In circa duecento pagine scorrono il racconto autobiografico di un imprenditore pioniere dell\u2019industria tessile, ma anche una storia d\u2019impresa del Novecento, il <em>memoir<\/em> di un uomo tenace che ricompone i momenti pi\u00f9 salienti della sua vita, intrecciando lavoro, aziende, politica e famiglia, tra sfide, traguardi raggiunti e perdite sofferte, ricordi personali e riflessioni sul senso delle cose in un mondo che cambia.<\/p>\n<p>Tutto inizia il 14 novembre del 1934 a\u00a0San Francesco al Campo\u00a0(Torino), paese natale dell\u2019autore, e da quel giorno il racconto va avanti tra ricordi d\u2019infanzia che si fanno presto di lavoro e una grande storia che si dipana tra guerre, periodi di pace, voglia di fare, sfide (di cui molte vinte), gioie familiari, timori comuni a tutti, grandi lutti e sogni che passo dopo passo il protagonista cerca di far diventare realt\u00e0 (riuscendoci in buona parte). Martinetto inizia a lavorare a 13 anni come apprendista operaio tessile e non si ferma pi\u00f9, nemmeno oggi a quasi 90 anni. Scorrono nella sua storia alcuni dei migliori nomi dell\u2019industria tessile nazionale, come quello della Remmert, un tempo il pi\u00f9 grande nastrificio d\u2019Europa, acquistata e rilanciata quando era ormai sull\u2019orlo della chiusura e che in qualche modo completa il profilo di un gruppo con pi\u00f9 stabilimenti e sedi in Italia e all\u2019estero.<\/p>\n<p>Ma scorre nel libro, pi\u00f9 di tutto, la vita di un imprenditore caparbio e visionario insieme a quella di una comunit\u00e0 locale che si estende poi alla grande citt\u00e0 (la Torino citt\u00e0 della grande industria \u00e8 ad un passo) e quindi all\u2019Italia. Una vicenda raccontata con alcuni capisaldi come quello della seriet\u00e0 e dell\u2019impegno, della famiglia, del legame con i propri collaboratori. A ben vedere, caratteristiche proprie di migliaia di altri imprenditori, di una cultura d\u2019impresa che si fa ogni giorno e che nelle pagine di Martinetto trova uno dei migliori racconti.<\/p>\n<p>Il libro di Filiberto Martinetto non ha la pretesa di insegnare a fare impresa, non vuole essere un manuale di saggio management. Eppure riesce nell\u2019uno e nell\u2019altro intento: insegna a fare buona impresa con l\u2019esempio. Da leggere come \u00e8 stato scritto: con semplicit\u00e0.<\/p><p><strong>Tessere la vita. Un sogno come ordito, un\u2019idea come trama<\/strong><\/p>\n<p>Filiberto Martinetto<\/p>\n<p>Neos Edizioni, 2023<\/p>","protected":false},"excerpt":{"rendered":"<p>Vita e imprese di Filiberto Martinetto, da ragazzino apprendista a capo di un gruppo tessile \u00a0 Memoria e quindi storia, ma anche insegnamenti per il presente e per il futuro. Ricordi non riposti in qualche cassetto pronti per essere dimenticati, ma riproposti un po\u2019 per tutti in pagine dense, a volte quasi ingenue e candide, [&hellip;]<\/p>\n","protected":false},"author":1,"featured_media":99129,"comment_status":"open","ping_status":"open","sticky":false,"template":"","format":"standard","meta":{"footnotes":""},"categories":[52,58],"tags":[],"class_list":["post-99127","post","type-post","status-publish","format-standard","has-post-thumbnail","hentry","category-cultura-dimpresa","category-recensioni-libri"],"acf":[],"yoast_head":"<!-- This site is optimized with the Yoast SEO plugin v25.0 - https:\/\/yoast.com\/wordpress\/plugins\/seo\/ -->\n<title>Storia di un imprenditore - Fondazione Pirelli<\/title>\n<meta name=\"robots\" content=\"index, follow, max-snippet:-1, max-image-preview:large, max-video-preview:-1\" \/>\n<link rel=\"canonical\" href=\"https:\/\/www.fondazionepirelli.org\/it\/cultura-dimpresa\/storia-di-un-imprenditore-2\/\" \/>\n<meta property=\"og:locale\" content=\"it_IT\" \/>\n<meta property=\"og:type\" content=\"article\" \/>\n<meta property=\"og:title\" content=\"Storia di un imprenditore - Fondazione Pirelli\" \/>\n<meta property=\"og:description\" content=\"Vita e imprese di Filiberto Martinetto, da ragazzino apprendista a capo di un gruppo tessile \u00a0 Memoria e quindi storia, ma anche insegnamenti per il presente e per il futuro. Ricordi non riposti in qualche cassetto pronti per essere dimenticati, ma riproposti un po\u2019 per tutti in pagine dense, a volte quasi ingenue e candide, [&hellip;]\" \/>\n<meta property=\"og:url\" content=\"https:\/\/127.0.0.1\/it\/cultura-dimpresa\/storia-di-un-imprenditore-2\/\" \/>\n<meta property=\"og:site_name\" content=\"Fondazione Pirelli\" \/>\n<meta property=\"article:published_time\" content=\"2024-01-16T10:36:48+00:00\" \/>\n<meta property=\"article:modified_time\" content=\"2024-01-19T12:00:41+00:00\" \/>\n<meta property=\"og:image\" content=\"https:\/\/wpsite-assets.fondazionepirelli.org\/wp-content\/uploads\/2024\/01\/15181231\/IMG_0048.jpeg\" \/>\n\t<meta property=\"og:image:width\" content=\"1000\" \/>\n\t<meta property=\"og:image:height\" content=\"1441\" \/>\n\t<meta property=\"og:image:type\" content=\"image\/jpeg\" \/>\n<meta name=\"author\" content=\"fondadmin\" \/>\n<meta name=\"twitter:card\" content=\"summary_large_image\" \/>\n<meta name=\"twitter:label1\" content=\"Scritto da\" \/>\n\t<meta name=\"twitter:data1\" content=\"fondadmin\" \/>\n\t<meta name=\"twitter:label2\" content=\"Tempo di lettura stimato\" \/>\n\t<meta name=\"twitter:data2\" content=\"2 minuti\" \/>\n<script type=\"application\/ld+json\" class=\"yoast-schema-graph\">{\"@context\":\"https:\/\/schema.org\",\"@graph\":[{\"@type\":\"WebPage\",\"@id\":\"https:\/\/127.0.0.1\/it\/cultura-dimpresa\/storia-di-un-imprenditore-2\/\",\"url\":\"https:\/\/127.0.0.1\/it\/cultura-dimpresa\/storia-di-un-imprenditore-2\/\",\"name\":\"Storia di un imprenditore - Fondazione Pirelli\",\"isPartOf\":{\"@id\":\"https:\/\/www.fondazionepirelli.org\/it\/#website\"},\"primaryImageOfPage\":{\"@id\":\"https:\/\/127.0.0.1\/it\/cultura-dimpresa\/storia-di-un-imprenditore-2\/#primaryimage\"},\"image\":{\"@id\":\"https:\/\/127.0.0.1\/it\/cultura-dimpresa\/storia-di-un-imprenditore-2\/#primaryimage\"},\"thumbnailUrl\":\"https:\/\/wpsite-assets.fondazionepirelli.org\/wp-content\/uploads\/2024\/01\/15181231\/IMG_0048.jpeg\",\"datePublished\":\"2024-01-16T10:36:48+00:00\",\"dateModified\":\"2024-01-19T12:00:41+00:00\",\"author\":{\"@id\":\"https:\/\/www.fondazionepirelli.org\/it\/#\/schema\/person\/f47d097000832c4a6e54538c791fdf25\"},\"breadcrumb\":{\"@id\":\"https:\/\/127.0.0.1\/it\/cultura-dimpresa\/storia-di-un-imprenditore-2\/#breadcrumb\"},\"inLanguage\":\"it-IT\",\"potentialAction\":[{\"@type\":\"ReadAction\",\"target\":[\"https:\/\/127.0.0.1\/it\/cultura-dimpresa\/storia-di-un-imprenditore-2\/\"]}]},{\"@type\":\"ImageObject\",\"inLanguage\":\"it-IT\",\"@id\":\"https:\/\/127.0.0.1\/it\/cultura-dimpresa\/storia-di-un-imprenditore-2\/#primaryimage\",\"url\":\"https:\/\/wpsite-assets.fondazionepirelli.org\/wp-content\/uploads\/2024\/01\/15181231\/IMG_0048.jpeg\",\"contentUrl\":\"https:\/\/wpsite-assets.fondazionepirelli.org\/wp-content\/uploads\/2024\/01\/15181231\/IMG_0048.jpeg\",\"width\":1000,\"height\":1441},{\"@type\":\"BreadcrumbList\",\"@id\":\"https:\/\/127.0.0.1\/it\/cultura-dimpresa\/storia-di-un-imprenditore-2\/#breadcrumb\",\"itemListElement\":[{\"@type\":\"ListItem\",\"position\":1,\"name\":\"Home\",\"item\":\"https:\/\/www.fondazionepirelli.org\/it\/\"},{\"@type\":\"ListItem\",\"position\":2,\"name\":\"Storia di un imprenditore\"}]},{\"@type\":\"WebSite\",\"@id\":\"https:\/\/www.fondazionepirelli.org\/it\/#website\",\"url\":\"https:\/\/www.fondazionepirelli.org\/it\/\",\"name\":\"Fondazione Pirelli\",\"description\":\"\",\"potentialAction\":[{\"@type\":\"SearchAction\",\"target\":{\"@type\":\"EntryPoint\",\"urlTemplate\":\"https:\/\/www.fondazionepirelli.org\/it\/?s={search_term_string}\"},\"query-input\":{\"@type\":\"PropertyValueSpecification\",\"valueRequired\":true,\"valueName\":\"search_term_string\"}}],\"inLanguage\":\"it-IT\"},{\"@type\":\"Person\",\"@id\":\"https:\/\/www.fondazionepirelli.org\/it\/#\/schema\/person\/f47d097000832c4a6e54538c791fdf25\",\"name\":\"fondadmin\",\"image\":{\"@type\":\"ImageObject\",\"inLanguage\":\"it-IT\",\"@id\":\"https:\/\/www.fondazionepirelli.org\/it\/#\/schema\/person\/image\/\",\"url\":\"https:\/\/secure.gravatar.com\/avatar\/e69498a9175ca244966e51e53c88712c024fcebe41f9a05f75657f1bb25e489b?s=96&d=mm&r=g\",\"contentUrl\":\"https:\/\/secure.gravatar.com\/avatar\/e69498a9175ca244966e51e53c88712c024fcebe41f9a05f75657f1bb25e489b?s=96&d=mm&r=g\",\"caption\":\"fondadmin\"},\"url\":\"https:\/\/www.fondazionepirelli.org\/it\/author\/fondadmin\/\"}]}<\/script>\n<!-- \/ Yoast SEO plugin. -->","yoast_head_json":{"title":"Storia di un imprenditore - Fondazione Pirelli","robots":{"index":"index","follow":"follow","max-snippet":"max-snippet:-1","max-image-preview":"max-image-preview:large","max-video-preview":"max-video-preview:-1"},"canonical":"https:\/\/www.fondazionepirelli.org\/it\/cultura-dimpresa\/storia-di-un-imprenditore-2\/","og_locale":"it_IT","og_type":"article","og_title":"Storia di un imprenditore - Fondazione Pirelli","og_description":"Vita e imprese di Filiberto Martinetto, da ragazzino apprendista a capo di un gruppo tessile \u00a0 Memoria e quindi storia, ma anche insegnamenti per il presente e per il futuro. Ricordi non riposti in qualche cassetto pronti per essere dimenticati, ma riproposti un po\u2019 per tutti in pagine dense, a volte quasi ingenue e candide, [&hellip;]","og_url":"https:\/\/127.0.0.1\/it\/cultura-dimpresa\/storia-di-un-imprenditore-2\/","og_site_name":"Fondazione Pirelli","article_published_time":"2024-01-16T10:36:48+00:00","article_modified_time":"2024-01-19T12:00:41+00:00","og_image":[{"width":1000,"height":1441,"url":"https:\/\/wpsite-assets.fondazionepirelli.org\/wp-content\/uploads\/2024\/01\/15181231\/IMG_0048.jpeg","type":"image\/jpeg"}],"author":"fondadmin","twitter_card":"summary_large_image","twitter_misc":{"Scritto da":"fondadmin","Tempo di lettura stimato":"2 minuti"},"schema":{"@context":"https:\/\/schema.org","@graph":[{"@type":"WebPage","@id":"https:\/\/127.0.0.1\/it\/cultura-dimpresa\/storia-di-un-imprenditore-2\/","url":"https:\/\/127.0.0.1\/it\/cultura-dimpresa\/storia-di-un-imprenditore-2\/","name":"Storia di un imprenditore - Fondazione Pirelli","isPartOf":{"@id":"https:\/\/www.fondazionepirelli.org\/it\/#website"},"primaryImageOfPage":{"@id":"https:\/\/127.0.0.1\/it\/cultura-dimpresa\/storia-di-un-imprenditore-2\/#primaryimage"},"image":{"@id":"https:\/\/127.0.0.1\/it\/cultura-dimpresa\/storia-di-un-imprenditore-2\/#primaryimage"},"thumbnailUrl":"https:\/\/wpsite-assets.fondazionepirelli.org\/wp-content\/uploads\/2024\/01\/15181231\/IMG_0048.jpeg","datePublished":"2024-01-16T10:36:48+00:00","dateModified":"2024-01-19T12:00:41+00:00","author":{"@id":"https:\/\/www.fondazionepirelli.org\/it\/#\/schema\/person\/f47d097000832c4a6e54538c791fdf25"},"breadcrumb":{"@id":"https:\/\/127.0.0.1\/it\/cultura-dimpresa\/storia-di-un-imprenditore-2\/#breadcrumb"},"inLanguage":"it-IT","potentialAction":[{"@type":"ReadAction","target":["https:\/\/127.0.0.1\/it\/cultura-dimpresa\/storia-di-un-imprenditore-2\/"]}]},{"@type":"ImageObject","inLanguage":"it-IT","@id":"https:\/\/127.0.0.1\/it\/cultura-dimpresa\/storia-di-un-imprenditore-2\/#primaryimage","url":"https:\/\/wpsite-assets.fondazionepirelli.org\/wp-content\/uploads\/2024\/01\/15181231\/IMG_0048.jpeg","contentUrl":"https:\/\/wpsite-assets.fondazionepirelli.org\/wp-content\/uploads\/2024\/01\/15181231\/IMG_0048.jpeg","width":1000,"height":1441},{"@type":"BreadcrumbList","@id":"https:\/\/127.0.0.1\/it\/cultura-dimpresa\/storia-di-un-imprenditore-2\/#breadcrumb","itemListElement":[{"@type":"ListItem","position":1,"name":"Home","item":"https:\/\/www.fondazionepirelli.org\/it\/"},{"@type":"ListItem","position":2,"name":"Storia di un imprenditore"}]},{"@type":"WebSite","@id":"https:\/\/www.fondazionepirelli.org\/it\/#website","url":"https:\/\/www.fondazionepirelli.org\/it\/","name":"Fondazione Pirelli","description":"","potentialAction":[{"@type":"SearchAction","target":{"@type":"EntryPoint","urlTemplate":"https:\/\/www.fondazionepirelli.org\/it\/?s={search_term_string}"},"query-input":{"@type":"PropertyValueSpecification","valueRequired":true,"valueName":"search_term_string"}}],"inLanguage":"it-IT"},{"@type":"Person","@id":"https:\/\/www.fondazionepirelli.org\/it\/#\/schema\/person\/f47d097000832c4a6e54538c791fdf25","name":"fondadmin","image":{"@type":"ImageObject","inLanguage":"it-IT","@id":"https:\/\/www.fondazionepirelli.org\/it\/#\/schema\/person\/image\/","url":"https:\/\/secure.gravatar.com\/avatar\/e69498a9175ca244966e51e53c88712c024fcebe41f9a05f75657f1bb25e489b?s=96&d=mm&r=g","contentUrl":"https:\/\/secure.gravatar.com\/avatar\/e69498a9175ca244966e51e53c88712c024fcebe41f9a05f75657f1bb25e489b?s=96&d=mm&r=g","caption":"fondadmin"},"url":"https:\/\/www.fondazionepirelli.org\/it\/author\/fondadmin\/"}]}},"_links":{"self":[{"href":"https:\/\/www.fondazionepirelli.org\/it\/wp-json\/wp\/v2\/posts\/99127\/"}],"collection":[{"href":"https:\/\/www.fondazionepirelli.org\/it\/wp-json\/wp\/v2\/posts\/"}],"about":[{"href":"https:\/\/www.fondazionepirelli.org\/it\/wp-json\/wp\/v2\/types\/post\/"}],"author":[{"embeddable":true,"href":"https:\/\/www.fondazionepirelli.org\/it\/wp-json\/wp\/v2\/users\/1\/"}],"replies":[{"embeddable":true,"href":"https:\/\/www.fondazionepirelli.org\/it\/wp-json\/wp\/v2\/comments\/?post=99127"}],"version-history":[{"count":1,"href":"https:\/\/www.fondazionepirelli.org\/it\/wp-json\/wp\/v2\/posts\/99127\/revisions\/"}],"predecessor-version":[{"id":99128,"href":"https:\/\/www.fondazionepirelli.org\/it\/wp-json\/wp\/v2\/posts\/99127\/revisions\/99128\/"}],"wp:featuredmedia":[{"embeddable":true,"href":"https:\/\/www.fondazionepirelli.org\/it\/wp-json\/wp\/v2\/media\/99129\/"}],"wp:attachment":[{"href":"https:\/\/www.fondazionepirelli.org\/it\/wp-json\/wp\/v2\/media\/?parent=99127"}],"wp:term":[{"taxonomy":"category","embeddable":true,"href":"https:\/\/www.fondazionepirelli.org\/it\/wp-json\/wp\/v2\/categories\/?post=99127"},{"taxonomy":"post_tag","embeddable":true,"href":"https:\/\/www.fondazionepirelli.org\/it\/wp-json\/wp\/v2\/tags\/?post=99127"}],"curies":[{"name":"wp","href":"https:\/\/api.w.org\/{rel}","templated":true}]}}