{"id":99131,"date":"2024-01-16T11:36:34","date_gmt":"2024-01-16T10:36:34","guid":{"rendered":"https:\/\/www.fondazionepirelli.org\/?p=99131"},"modified":"2024-01-19T13:01:32","modified_gmt":"2024-01-19T12:01:32","slug":"quando-lazienda-si-racconta","status":"publish","type":"post","link":"https:\/\/www.fondazionepirelli.org\/it\/cultura-dimpresa\/quando-lazienda-si-racconta\/","title":{"rendered":"Quando l\u2019azienda si racconta"},"content":{"rendered":"<p><em>Analizzate in uno studio appena pubblicato origini, caratteristiche e sfide dei musei d\u2019impresa<\/em><\/p>\n<p><strong>\u00a0<\/strong><\/p>\n<p><strong>\u00a0<\/strong>Musei ma d\u2019impresa. Diffusi, ormai, ma forse non abbastanza. E comunque molti comunque ancora da far nascere. Strumenti per raccontare una storia, ma anche per accrescere competitivit\u00e0 e modernit\u00e0. Entit\u00e0 gi\u00e0 studiate, ma dalle potenzialit\u00e0 ancora da scoprire e approfondire. E\u2019 attorno ai musei d\u2019impresa che ha lavorato un gruppo di ricercatori dell\u2019Universit\u00e0 degli studi dell\u2019Insubria<\/p>\n<p>(Daniele Grechi, Anduela Gjoka, Enrica Pavione e Roberta Pezzetti) ragionando in particolare su come preservare e valorizzare il patrimonio di queste strutture.<\/p>\n<p>\u201cMusei d&#8217;impresa: sfide, opportunit\u00e0 e strategie per la preservazione e valorizzazione del patrimonio industriale e imprenditoriale\u201d, da poco pubblicato, \u00e8 un\u2019utile analisi dello stato dell\u2019arte, della realizzazione e dei problemi da affrontare sul tema.<\/p>\n<p>La ricerca prende le mosse dal confronto tra museo tradizionale e museo d\u2019impresa per passare poi ad approfondire funzioni e obiettivi specifici dei musei d\u2019impresa e quindi la realt\u00e0 dei musei aziendali in Italia (partendo, dopo alcuni esempi storici, dalla creazione dell\u2019associazione Museimpresa). Della geografia di queste realt\u00e0 diffuse nel Paese, viene fornito quindi un dettaglio pi\u00f9 che esaustivo che serve per arrivare ad affrontare i modelli gestionali con cui i musei vengono progettati e condotti. Completa la ricerca una serie di \u201ccasi\u201d tratti dal comparto dell\u2019arredamento come quelli di Kartell, Gruppo Molteni, Poltrona Frau.<\/p>\n<p>La fotografia di sintesi che gli autori traggono dall\u2019analisi ha pi\u00f9 aspetti da rilevare. \u201cOgni museo \u2013 viene sottolineato -, rappresenta un caso unico, dato che la storia imprenditoriale che raccontano \u00e8 esclusiva e per questa ragione essi svolgono molteplici ruoli, dalla celebrazione di eventi legati alle aziende e famiglie, alla fornitura di servizi di comunicazione e formazione imprenditoriale, fino a contribuire alla promozione della responsabilit\u00e0 sociale e culturale delle imprese\u201d. Ma, viene aggiunto che \u201ci musei d&#8217;impresa sono anche motori di attivit\u00e0 di ricerca, conservazione e trasmissione del patrimonio materiale e immateriale delle aziende\u201d. Senza dimenticare che gli stessi \u201ccontribuiscono alla valorizzazione dell&#8217;identit\u00e0 dell&#8217;azienda e dei legami impresa-territorio-stakeholder, trasformando il passato industriale in risorse culturali, identitarie e formative per la comunit\u00e0 locale e il pubblico pi\u00f9 vasto\u201d. \u00c8 tutto senza trascurare le \u201csfide finanziarie, gestionali e tecnologiche, che richiedono approcci innovativi per la loro sostenibilit\u00e0 a lungo termine\u201d.<\/p>\n<p>La ricerca condotta da Grechi, Gjoka, Pavione e Pezzetti ha il gran pregio di sintetizzare in poche pagine, e con chiarezza, un tema in divenire che deve essere ben compreso per non cadere in erronee interpretazioni che rischiano di falsarne il significato<\/p><p><a href=\"https:\/\/wpsite-assets.fondazionepirelli.org\/wp-content\/uploads\/2024\/01\/15181401\/2234-10432-1-PB.pdf\"><strong>Musei d&#8217;impresa: sfide, opportunit\u00e0 e strategie per la preservazione e valorizzazione del patrimonio industriale e imprenditoriale<\/strong><\/a><\/p>\n<p>Daniele Grechi, Anduela Gjoka, Enrica Pavione, Roberta Pezzetti<\/p>\n<p>Economia Azienda Online, vol. 14, n. 4, 2023<\/p>","protected":false},"excerpt":{"rendered":"<p>Analizzate in uno studio appena pubblicato origini, caratteristiche e sfide dei musei d\u2019impresa \u00a0 \u00a0Musei ma d\u2019impresa. Diffusi, ormai, ma forse non abbastanza. E comunque molti comunque ancora da far nascere. Strumenti per raccontare una storia, ma anche per accrescere competitivit\u00e0 e modernit\u00e0. Entit\u00e0 gi\u00e0 studiate, ma dalle potenzialit\u00e0 ancora da scoprire e approfondire. E\u2019 [&hellip;]<\/p>\n","protected":false},"author":1,"featured_media":0,"comment_status":"open","ping_status":"open","sticky":false,"template":"","format":"standard","meta":{"footnotes":""},"categories":[54,52],"tags":[],"class_list":["post-99131","post","type-post","status-publish","format-standard","hentry","category-approfondimenti","category-cultura-dimpresa"],"acf":[],"yoast_head":"<!-- This site is optimized with the Yoast SEO plugin v25.0 - https:\/\/yoast.com\/wordpress\/plugins\/seo\/ -->\n<title>Quando l\u2019azienda si racconta - Fondazione Pirelli<\/title>\n<meta name=\"robots\" content=\"index, follow, max-snippet:-1, max-image-preview:large, max-video-preview:-1\" \/>\n<link rel=\"canonical\" href=\"https:\/\/www.fondazionepirelli.org\/it\/cultura-dimpresa\/quando-lazienda-si-racconta\/\" \/>\n<meta property=\"og:locale\" content=\"it_IT\" \/>\n<meta property=\"og:type\" content=\"article\" \/>\n<meta property=\"og:title\" content=\"Quando l\u2019azienda si racconta - Fondazione Pirelli\" \/>\n<meta property=\"og:description\" content=\"Analizzate in uno studio appena pubblicato origini, caratteristiche e sfide dei musei d\u2019impresa \u00a0 \u00a0Musei ma d\u2019impresa. Diffusi, ormai, ma forse non abbastanza. E comunque molti comunque ancora da far nascere. Strumenti per raccontare una storia, ma anche per accrescere competitivit\u00e0 e modernit\u00e0. Entit\u00e0 gi\u00e0 studiate, ma dalle potenzialit\u00e0 ancora da scoprire e approfondire. E\u2019 [&hellip;]\" \/>\n<meta property=\"og:url\" content=\"https:\/\/127.0.0.1\/it\/cultura-dimpresa\/quando-lazienda-si-racconta\/\" \/>\n<meta property=\"og:site_name\" content=\"Fondazione Pirelli\" \/>\n<meta property=\"article:published_time\" content=\"2024-01-16T10:36:34+00:00\" \/>\n<meta property=\"article:modified_time\" content=\"2024-01-19T12:01:32+00:00\" \/>\n<meta name=\"author\" content=\"fondadmin\" \/>\n<meta name=\"twitter:card\" content=\"summary_large_image\" \/>\n<meta name=\"twitter:label1\" content=\"Scritto da\" \/>\n\t<meta name=\"twitter:data1\" content=\"fondadmin\" \/>\n\t<meta name=\"twitter:label2\" content=\"Tempo di lettura stimato\" \/>\n\t<meta name=\"twitter:data2\" content=\"2 minuti\" \/>\n<script type=\"application\/ld+json\" class=\"yoast-schema-graph\">{\"@context\":\"https:\/\/schema.org\",\"@graph\":[{\"@type\":\"WebPage\",\"@id\":\"https:\/\/127.0.0.1\/it\/cultura-dimpresa\/quando-lazienda-si-racconta\/\",\"url\":\"https:\/\/127.0.0.1\/it\/cultura-dimpresa\/quando-lazienda-si-racconta\/\",\"name\":\"Quando l\u2019azienda si racconta - Fondazione Pirelli\",\"isPartOf\":{\"@id\":\"https:\/\/www.fondazionepirelli.org\/it\/#website\"},\"datePublished\":\"2024-01-16T10:36:34+00:00\",\"dateModified\":\"2024-01-19T12:01:32+00:00\",\"author\":{\"@id\":\"https:\/\/www.fondazionepirelli.org\/it\/#\/schema\/person\/f47d097000832c4a6e54538c791fdf25\"},\"breadcrumb\":{\"@id\":\"https:\/\/127.0.0.1\/it\/cultura-dimpresa\/quando-lazienda-si-racconta\/#breadcrumb\"},\"inLanguage\":\"it-IT\",\"potentialAction\":[{\"@type\":\"ReadAction\",\"target\":[\"https:\/\/127.0.0.1\/it\/cultura-dimpresa\/quando-lazienda-si-racconta\/\"]}]},{\"@type\":\"BreadcrumbList\",\"@id\":\"https:\/\/127.0.0.1\/it\/cultura-dimpresa\/quando-lazienda-si-racconta\/#breadcrumb\",\"itemListElement\":[{\"@type\":\"ListItem\",\"position\":1,\"name\":\"Home\",\"item\":\"https:\/\/www.fondazionepirelli.org\/it\/\"},{\"@type\":\"ListItem\",\"position\":2,\"name\":\"Quando l\u2019azienda si racconta\"}]},{\"@type\":\"WebSite\",\"@id\":\"https:\/\/www.fondazionepirelli.org\/it\/#website\",\"url\":\"https:\/\/www.fondazionepirelli.org\/it\/\",\"name\":\"Fondazione Pirelli\",\"description\":\"\",\"potentialAction\":[{\"@type\":\"SearchAction\",\"target\":{\"@type\":\"EntryPoint\",\"urlTemplate\":\"https:\/\/www.fondazionepirelli.org\/it\/?s={search_term_string}\"},\"query-input\":{\"@type\":\"PropertyValueSpecification\",\"valueRequired\":true,\"valueName\":\"search_term_string\"}}],\"inLanguage\":\"it-IT\"},{\"@type\":\"Person\",\"@id\":\"https:\/\/www.fondazionepirelli.org\/it\/#\/schema\/person\/f47d097000832c4a6e54538c791fdf25\",\"name\":\"fondadmin\",\"image\":{\"@type\":\"ImageObject\",\"inLanguage\":\"it-IT\",\"@id\":\"https:\/\/www.fondazionepirelli.org\/it\/#\/schema\/person\/image\/\",\"url\":\"https:\/\/secure.gravatar.com\/avatar\/e69498a9175ca244966e51e53c88712c024fcebe41f9a05f75657f1bb25e489b?s=96&d=mm&r=g\",\"contentUrl\":\"https:\/\/secure.gravatar.com\/avatar\/e69498a9175ca244966e51e53c88712c024fcebe41f9a05f75657f1bb25e489b?s=96&d=mm&r=g\",\"caption\":\"fondadmin\"},\"url\":\"https:\/\/www.fondazionepirelli.org\/it\/author\/fondadmin\/\"}]}<\/script>\n<!-- \/ Yoast SEO plugin. -->","yoast_head_json":{"title":"Quando l\u2019azienda si racconta - Fondazione Pirelli","robots":{"index":"index","follow":"follow","max-snippet":"max-snippet:-1","max-image-preview":"max-image-preview:large","max-video-preview":"max-video-preview:-1"},"canonical":"https:\/\/www.fondazionepirelli.org\/it\/cultura-dimpresa\/quando-lazienda-si-racconta\/","og_locale":"it_IT","og_type":"article","og_title":"Quando l\u2019azienda si racconta - Fondazione Pirelli","og_description":"Analizzate in uno studio appena pubblicato origini, caratteristiche e sfide dei musei d\u2019impresa \u00a0 \u00a0Musei ma d\u2019impresa. Diffusi, ormai, ma forse non abbastanza. E comunque molti comunque ancora da far nascere. Strumenti per raccontare una storia, ma anche per accrescere competitivit\u00e0 e modernit\u00e0. Entit\u00e0 gi\u00e0 studiate, ma dalle potenzialit\u00e0 ancora da scoprire e approfondire. E\u2019 [&hellip;]","og_url":"https:\/\/127.0.0.1\/it\/cultura-dimpresa\/quando-lazienda-si-racconta\/","og_site_name":"Fondazione Pirelli","article_published_time":"2024-01-16T10:36:34+00:00","article_modified_time":"2024-01-19T12:01:32+00:00","author":"fondadmin","twitter_card":"summary_large_image","twitter_misc":{"Scritto da":"fondadmin","Tempo di lettura stimato":"2 minuti"},"schema":{"@context":"https:\/\/schema.org","@graph":[{"@type":"WebPage","@id":"https:\/\/127.0.0.1\/it\/cultura-dimpresa\/quando-lazienda-si-racconta\/","url":"https:\/\/127.0.0.1\/it\/cultura-dimpresa\/quando-lazienda-si-racconta\/","name":"Quando l\u2019azienda si racconta - Fondazione Pirelli","isPartOf":{"@id":"https:\/\/www.fondazionepirelli.org\/it\/#website"},"datePublished":"2024-01-16T10:36:34+00:00","dateModified":"2024-01-19T12:01:32+00:00","author":{"@id":"https:\/\/www.fondazionepirelli.org\/it\/#\/schema\/person\/f47d097000832c4a6e54538c791fdf25"},"breadcrumb":{"@id":"https:\/\/127.0.0.1\/it\/cultura-dimpresa\/quando-lazienda-si-racconta\/#breadcrumb"},"inLanguage":"it-IT","potentialAction":[{"@type":"ReadAction","target":["https:\/\/127.0.0.1\/it\/cultura-dimpresa\/quando-lazienda-si-racconta\/"]}]},{"@type":"BreadcrumbList","@id":"https:\/\/127.0.0.1\/it\/cultura-dimpresa\/quando-lazienda-si-racconta\/#breadcrumb","itemListElement":[{"@type":"ListItem","position":1,"name":"Home","item":"https:\/\/www.fondazionepirelli.org\/it\/"},{"@type":"ListItem","position":2,"name":"Quando l\u2019azienda si racconta"}]},{"@type":"WebSite","@id":"https:\/\/www.fondazionepirelli.org\/it\/#website","url":"https:\/\/www.fondazionepirelli.org\/it\/","name":"Fondazione Pirelli","description":"","potentialAction":[{"@type":"SearchAction","target":{"@type":"EntryPoint","urlTemplate":"https:\/\/www.fondazionepirelli.org\/it\/?s={search_term_string}"},"query-input":{"@type":"PropertyValueSpecification","valueRequired":true,"valueName":"search_term_string"}}],"inLanguage":"it-IT"},{"@type":"Person","@id":"https:\/\/www.fondazionepirelli.org\/it\/#\/schema\/person\/f47d097000832c4a6e54538c791fdf25","name":"fondadmin","image":{"@type":"ImageObject","inLanguage":"it-IT","@id":"https:\/\/www.fondazionepirelli.org\/it\/#\/schema\/person\/image\/","url":"https:\/\/secure.gravatar.com\/avatar\/e69498a9175ca244966e51e53c88712c024fcebe41f9a05f75657f1bb25e489b?s=96&d=mm&r=g","contentUrl":"https:\/\/secure.gravatar.com\/avatar\/e69498a9175ca244966e51e53c88712c024fcebe41f9a05f75657f1bb25e489b?s=96&d=mm&r=g","caption":"fondadmin"},"url":"https:\/\/www.fondazionepirelli.org\/it\/author\/fondadmin\/"}]}},"_links":{"self":[{"href":"https:\/\/www.fondazionepirelli.org\/it\/wp-json\/wp\/v2\/posts\/99131\/"}],"collection":[{"href":"https:\/\/www.fondazionepirelli.org\/it\/wp-json\/wp\/v2\/posts\/"}],"about":[{"href":"https:\/\/www.fondazionepirelli.org\/it\/wp-json\/wp\/v2\/types\/post\/"}],"author":[{"embeddable":true,"href":"https:\/\/www.fondazionepirelli.org\/it\/wp-json\/wp\/v2\/users\/1\/"}],"replies":[{"embeddable":true,"href":"https:\/\/www.fondazionepirelli.org\/it\/wp-json\/wp\/v2\/comments\/?post=99131"}],"version-history":[{"count":2,"href":"https:\/\/www.fondazionepirelli.org\/it\/wp-json\/wp\/v2\/posts\/99131\/revisions\/"}],"predecessor-version":[{"id":99135,"href":"https:\/\/www.fondazionepirelli.org\/it\/wp-json\/wp\/v2\/posts\/99131\/revisions\/99135\/"}],"wp:attachment":[{"href":"https:\/\/www.fondazionepirelli.org\/it\/wp-json\/wp\/v2\/media\/?parent=99131"}],"wp:term":[{"taxonomy":"category","embeddable":true,"href":"https:\/\/www.fondazionepirelli.org\/it\/wp-json\/wp\/v2\/categories\/?post=99131"},{"taxonomy":"post_tag","embeddable":true,"href":"https:\/\/www.fondazionepirelli.org\/it\/wp-json\/wp\/v2\/tags\/?post=99131"}],"curies":[{"name":"wp","href":"https:\/\/api.w.org\/{rel}","templated":true}]}}