{"id":99180,"date":"2024-01-23T09:30:48","date_gmt":"2024-01-23T08:30:48","guid":{"rendered":"https:\/\/www.fondazionepirelli.org\/?p=99180"},"modified":"2024-02-06T16:08:49","modified_gmt":"2024-02-06T15:08:49","slug":"leuropa-degli-stati-uniti","status":"publish","type":"post","link":"https:\/\/www.fondazionepirelli.org\/it\/cultura-dimpresa\/leuropa-degli-stati-uniti\/","title":{"rendered":"L\u2019Europa degli \u201cstati uniti\u201d"},"content":{"rendered":"<p>Delineati in un libro appena pubblicato la storia, il presente e il futuro dell\u2019Ue<\/p>\n<p>Progetto e\u00a0ideale, speranza e (per alcuni) pericolo, opera di costruzione e\u00a0sfida: l\u2019Unione Europea\u00a0\u00e8 stata, ed \u00e8 tuttora, tante cose. E comunque qualcosa che, anche oggi (forse pi\u00f9 oggi che in passato) \u00e8 da proteggere e da tutelare. Anche per il suo significato economico oltre che culturale e sociale. Conoscerne storia e attualit\u00e0 fa bene a tutti. Nell\u2019anno delle elezioni europee,\u00a0Gianluca Passarelli\u00a0\u2013 che insegna Scienza politica alla Sapienza Universit\u00e0 di Roma \u2013 adotta per questo scopo un approccio insieme storico, culturale e politologico per narrarne le accidentate vicende in un nuovo\u00a0libro appena pubblicato.<\/p>\n<p>\u201cStati Uniti d\u2019Europa. Un\u2019epopea a dodici stelle\u201d senza apologia oppure retorica, analizza dell\u2019Europa unita non solo i problemi ma soprattutto le\u00a0prospettive\u00a0e il percorso ancora da intraprendere per giungere finalmente agli \u201cStati Uniti d\u2019Europa\u201d.\u00a0Ed \u00e8 proprio sul futuro che Passarelli ragiona con attenzione maggiore. Nel libro, infatti, vengono analizzate anche le\u00a0principali sfide\u00a0che l\u2019Europa si trova di fronte: la crisi economica, le\u00a0disuguaglianze\u00a0tra paesi membri, l\u2019ombra della guerra, la minaccia del\u00a0nazionalismo\u00a0e del populismo, l\u2019enigma di una politica estera e di difesa ancora troppo sbilanciate sugli Stati ed esposte alle decisioni di\u00a0Nato\u00a0e Stati Uniti d\u2019America. E ancora le tensioni economiche tra Nord e Sud, e quelle\u00a0politiche\u00a0tra euroscettici e sostenitori di una maggiore integrazione. \u00a0Tutti temi importanti non solo per ogni cittadino, ma anche per chi \u2013 nell\u2019ambito delle imprese \u2013 ha il compito di curarne strategie e sviluppo.<\/p>\n<p>La\u00a0visione\u00a0a cui tendere, secondo l\u2019autore, \u00e8 quella di \u201cun\u2019Unione che sia unita e comune soprattutto circa la democrazia, sua vera forza d\u2019identit\u00e0\u201d, ma anche per quanto concerne il sistema delle imprese e la cultura stessa che deve improntare le organizzazioni della produzione.<\/p>\n<p>Il libro di Gianluca Passarelli \u00e8 un buon strumento per capire meglio lo stato dell\u2019Unione europea e, quindi, per formarsi quel bagaglio di conoscenze indispensabili per essere componenti consapevoli del sistema economico e sociale odierno.<\/p>\n<p>Bello l\u2019incipit del libro: \u201cLa pi\u00f9 grande costruzione istituzionale, politica, sociale ed economica degli ultimi cinquemila anni realizzata dall\u2019essere umano sul pianeta Terra: questo \u00e8 l\u2019Unione europea\u201d.<\/p><p><strong>Stati Uniti d\u2019Europa. Un\u2019epopea a dodici stelle<\/strong><\/p>\n<p>Gianluca Passarelli<\/p>\n<p>EGEA, 2024<\/p>","protected":false},"excerpt":{"rendered":"<p>Delineati in un libro appena pubblicato la storia, il presente e il futuro dell\u2019Ue Progetto e\u00a0ideale, speranza e (per alcuni) pericolo, opera di costruzione e\u00a0sfida: l\u2019Unione Europea\u00a0\u00e8 stata, ed \u00e8 tuttora, tante cose. E comunque qualcosa che, anche oggi (forse pi\u00f9 oggi che in passato) \u00e8 da proteggere e da tutelare. Anche per il suo [&hellip;]<\/p>\n","protected":false},"author":1,"featured_media":99181,"comment_status":"open","ping_status":"open","sticky":false,"template":"","format":"standard","meta":{"footnotes":""},"categories":[52,58],"tags":[],"class_list":["post-99180","post","type-post","status-publish","format-standard","has-post-thumbnail","hentry","category-cultura-dimpresa","category-recensioni-libri"],"acf":[],"yoast_head":"<!-- This site is optimized with the Yoast SEO plugin v25.0 - https:\/\/yoast.com\/wordpress\/plugins\/seo\/ -->\n<title>L\u2019Europa degli \u201cstati uniti\u201d - Fondazione Pirelli<\/title>\n<meta name=\"robots\" content=\"index, follow, max-snippet:-1, max-image-preview:large, max-video-preview:-1\" \/>\n<link rel=\"canonical\" href=\"https:\/\/www.fondazionepirelli.org\/it\/cultura-dimpresa\/leuropa-degli-stati-uniti\/\" \/>\n<meta property=\"og:locale\" content=\"it_IT\" \/>\n<meta property=\"og:type\" content=\"article\" \/>\n<meta property=\"og:title\" content=\"L\u2019Europa degli \u201cstati uniti\u201d - Fondazione Pirelli\" \/>\n<meta property=\"og:description\" content=\"Delineati in un libro appena pubblicato la storia, il presente e il futuro dell\u2019Ue Progetto e\u00a0ideale, speranza e (per alcuni) pericolo, opera di costruzione e\u00a0sfida: l\u2019Unione Europea\u00a0\u00e8 stata, ed \u00e8 tuttora, tante cose. E comunque qualcosa che, anche oggi (forse pi\u00f9 oggi che in passato) \u00e8 da proteggere e da tutelare. Anche per il suo [&hellip;]\" \/>\n<meta property=\"og:url\" content=\"https:\/\/127.0.0.1\/it\/cultura-dimpresa\/leuropa-degli-stati-uniti\/\" \/>\n<meta property=\"og:site_name\" content=\"Fondazione Pirelli\" \/>\n<meta property=\"article:published_time\" content=\"2024-01-23T08:30:48+00:00\" \/>\n<meta property=\"article:modified_time\" content=\"2024-02-06T15:08:49+00:00\" \/>\n<meta property=\"og:image\" content=\"https:\/\/wpsite-assets.fondazionepirelli.org\/wp-content\/uploads\/2024\/01\/23084823\/IMG_0049.jpeg\" \/>\n\t<meta property=\"og:image:width\" content=\"974\" \/>\n\t<meta property=\"og:image:height\" content=\"1500\" \/>\n\t<meta property=\"og:image:type\" content=\"image\/jpeg\" \/>\n<meta name=\"author\" content=\"fondadmin\" \/>\n<meta name=\"twitter:card\" content=\"summary_large_image\" \/>\n<meta name=\"twitter:label1\" content=\"Scritto da\" \/>\n\t<meta name=\"twitter:data1\" content=\"fondadmin\" \/>\n\t<meta name=\"twitter:label2\" content=\"Tempo di lettura stimato\" \/>\n\t<meta name=\"twitter:data2\" content=\"2 minuti\" \/>\n<script type=\"application\/ld+json\" class=\"yoast-schema-graph\">{\"@context\":\"https:\/\/schema.org\",\"@graph\":[{\"@type\":\"WebPage\",\"@id\":\"https:\/\/127.0.0.1\/it\/cultura-dimpresa\/leuropa-degli-stati-uniti\/\",\"url\":\"https:\/\/127.0.0.1\/it\/cultura-dimpresa\/leuropa-degli-stati-uniti\/\",\"name\":\"L\u2019Europa degli \u201cstati uniti\u201d - Fondazione Pirelli\",\"isPartOf\":{\"@id\":\"https:\/\/www.fondazionepirelli.org\/it\/#website\"},\"primaryImageOfPage\":{\"@id\":\"https:\/\/127.0.0.1\/it\/cultura-dimpresa\/leuropa-degli-stati-uniti\/#primaryimage\"},\"image\":{\"@id\":\"https:\/\/127.0.0.1\/it\/cultura-dimpresa\/leuropa-degli-stati-uniti\/#primaryimage\"},\"thumbnailUrl\":\"https:\/\/wpsite-assets.fondazionepirelli.org\/wp-content\/uploads\/2024\/01\/23084823\/IMG_0049.jpeg\",\"datePublished\":\"2024-01-23T08:30:48+00:00\",\"dateModified\":\"2024-02-06T15:08:49+00:00\",\"author\":{\"@id\":\"https:\/\/www.fondazionepirelli.org\/it\/#\/schema\/person\/f47d097000832c4a6e54538c791fdf25\"},\"breadcrumb\":{\"@id\":\"https:\/\/127.0.0.1\/it\/cultura-dimpresa\/leuropa-degli-stati-uniti\/#breadcrumb\"},\"inLanguage\":\"it-IT\",\"potentialAction\":[{\"@type\":\"ReadAction\",\"target\":[\"https:\/\/127.0.0.1\/it\/cultura-dimpresa\/leuropa-degli-stati-uniti\/\"]}]},{\"@type\":\"ImageObject\",\"inLanguage\":\"it-IT\",\"@id\":\"https:\/\/127.0.0.1\/it\/cultura-dimpresa\/leuropa-degli-stati-uniti\/#primaryimage\",\"url\":\"https:\/\/wpsite-assets.fondazionepirelli.org\/wp-content\/uploads\/2024\/01\/23084823\/IMG_0049.jpeg\",\"contentUrl\":\"https:\/\/wpsite-assets.fondazionepirelli.org\/wp-content\/uploads\/2024\/01\/23084823\/IMG_0049.jpeg\",\"width\":974,\"height\":1500},{\"@type\":\"BreadcrumbList\",\"@id\":\"https:\/\/127.0.0.1\/it\/cultura-dimpresa\/leuropa-degli-stati-uniti\/#breadcrumb\",\"itemListElement\":[{\"@type\":\"ListItem\",\"position\":1,\"name\":\"Home\",\"item\":\"https:\/\/www.fondazionepirelli.org\/it\/\"},{\"@type\":\"ListItem\",\"position\":2,\"name\":\"L\u2019Europa degli \u201cstati uniti\u201d\"}]},{\"@type\":\"WebSite\",\"@id\":\"https:\/\/www.fondazionepirelli.org\/it\/#website\",\"url\":\"https:\/\/www.fondazionepirelli.org\/it\/\",\"name\":\"Fondazione Pirelli\",\"description\":\"\",\"potentialAction\":[{\"@type\":\"SearchAction\",\"target\":{\"@type\":\"EntryPoint\",\"urlTemplate\":\"https:\/\/www.fondazionepirelli.org\/it\/?s={search_term_string}\"},\"query-input\":{\"@type\":\"PropertyValueSpecification\",\"valueRequired\":true,\"valueName\":\"search_term_string\"}}],\"inLanguage\":\"it-IT\"},{\"@type\":\"Person\",\"@id\":\"https:\/\/www.fondazionepirelli.org\/it\/#\/schema\/person\/f47d097000832c4a6e54538c791fdf25\",\"name\":\"fondadmin\",\"image\":{\"@type\":\"ImageObject\",\"inLanguage\":\"it-IT\",\"@id\":\"https:\/\/www.fondazionepirelli.org\/it\/#\/schema\/person\/image\/\",\"url\":\"https:\/\/secure.gravatar.com\/avatar\/e69498a9175ca244966e51e53c88712c024fcebe41f9a05f75657f1bb25e489b?s=96&d=mm&r=g\",\"contentUrl\":\"https:\/\/secure.gravatar.com\/avatar\/e69498a9175ca244966e51e53c88712c024fcebe41f9a05f75657f1bb25e489b?s=96&d=mm&r=g\",\"caption\":\"fondadmin\"},\"url\":\"https:\/\/www.fondazionepirelli.org\/it\/author\/fondadmin\/\"}]}<\/script>\n<!-- \/ Yoast SEO plugin. -->","yoast_head_json":{"title":"L\u2019Europa degli \u201cstati uniti\u201d - Fondazione Pirelli","robots":{"index":"index","follow":"follow","max-snippet":"max-snippet:-1","max-image-preview":"max-image-preview:large","max-video-preview":"max-video-preview:-1"},"canonical":"https:\/\/www.fondazionepirelli.org\/it\/cultura-dimpresa\/leuropa-degli-stati-uniti\/","og_locale":"it_IT","og_type":"article","og_title":"L\u2019Europa degli \u201cstati uniti\u201d - Fondazione Pirelli","og_description":"Delineati in un libro appena pubblicato la storia, il presente e il futuro dell\u2019Ue Progetto e\u00a0ideale, speranza e (per alcuni) pericolo, opera di costruzione e\u00a0sfida: l\u2019Unione Europea\u00a0\u00e8 stata, ed \u00e8 tuttora, tante cose. E comunque qualcosa che, anche oggi (forse pi\u00f9 oggi che in passato) \u00e8 da proteggere e da tutelare. Anche per il suo [&hellip;]","og_url":"https:\/\/127.0.0.1\/it\/cultura-dimpresa\/leuropa-degli-stati-uniti\/","og_site_name":"Fondazione Pirelli","article_published_time":"2024-01-23T08:30:48+00:00","article_modified_time":"2024-02-06T15:08:49+00:00","og_image":[{"width":974,"height":1500,"url":"https:\/\/wpsite-assets.fondazionepirelli.org\/wp-content\/uploads\/2024\/01\/23084823\/IMG_0049.jpeg","type":"image\/jpeg"}],"author":"fondadmin","twitter_card":"summary_large_image","twitter_misc":{"Scritto da":"fondadmin","Tempo di lettura stimato":"2 minuti"},"schema":{"@context":"https:\/\/schema.org","@graph":[{"@type":"WebPage","@id":"https:\/\/127.0.0.1\/it\/cultura-dimpresa\/leuropa-degli-stati-uniti\/","url":"https:\/\/127.0.0.1\/it\/cultura-dimpresa\/leuropa-degli-stati-uniti\/","name":"L\u2019Europa degli \u201cstati uniti\u201d - Fondazione Pirelli","isPartOf":{"@id":"https:\/\/www.fondazionepirelli.org\/it\/#website"},"primaryImageOfPage":{"@id":"https:\/\/127.0.0.1\/it\/cultura-dimpresa\/leuropa-degli-stati-uniti\/#primaryimage"},"image":{"@id":"https:\/\/127.0.0.1\/it\/cultura-dimpresa\/leuropa-degli-stati-uniti\/#primaryimage"},"thumbnailUrl":"https:\/\/wpsite-assets.fondazionepirelli.org\/wp-content\/uploads\/2024\/01\/23084823\/IMG_0049.jpeg","datePublished":"2024-01-23T08:30:48+00:00","dateModified":"2024-02-06T15:08:49+00:00","author":{"@id":"https:\/\/www.fondazionepirelli.org\/it\/#\/schema\/person\/f47d097000832c4a6e54538c791fdf25"},"breadcrumb":{"@id":"https:\/\/127.0.0.1\/it\/cultura-dimpresa\/leuropa-degli-stati-uniti\/#breadcrumb"},"inLanguage":"it-IT","potentialAction":[{"@type":"ReadAction","target":["https:\/\/127.0.0.1\/it\/cultura-dimpresa\/leuropa-degli-stati-uniti\/"]}]},{"@type":"ImageObject","inLanguage":"it-IT","@id":"https:\/\/127.0.0.1\/it\/cultura-dimpresa\/leuropa-degli-stati-uniti\/#primaryimage","url":"https:\/\/wpsite-assets.fondazionepirelli.org\/wp-content\/uploads\/2024\/01\/23084823\/IMG_0049.jpeg","contentUrl":"https:\/\/wpsite-assets.fondazionepirelli.org\/wp-content\/uploads\/2024\/01\/23084823\/IMG_0049.jpeg","width":974,"height":1500},{"@type":"BreadcrumbList","@id":"https:\/\/127.0.0.1\/it\/cultura-dimpresa\/leuropa-degli-stati-uniti\/#breadcrumb","itemListElement":[{"@type":"ListItem","position":1,"name":"Home","item":"https:\/\/www.fondazionepirelli.org\/it\/"},{"@type":"ListItem","position":2,"name":"L\u2019Europa degli \u201cstati uniti\u201d"}]},{"@type":"WebSite","@id":"https:\/\/www.fondazionepirelli.org\/it\/#website","url":"https:\/\/www.fondazionepirelli.org\/it\/","name":"Fondazione Pirelli","description":"","potentialAction":[{"@type":"SearchAction","target":{"@type":"EntryPoint","urlTemplate":"https:\/\/www.fondazionepirelli.org\/it\/?s={search_term_string}"},"query-input":{"@type":"PropertyValueSpecification","valueRequired":true,"valueName":"search_term_string"}}],"inLanguage":"it-IT"},{"@type":"Person","@id":"https:\/\/www.fondazionepirelli.org\/it\/#\/schema\/person\/f47d097000832c4a6e54538c791fdf25","name":"fondadmin","image":{"@type":"ImageObject","inLanguage":"it-IT","@id":"https:\/\/www.fondazionepirelli.org\/it\/#\/schema\/person\/image\/","url":"https:\/\/secure.gravatar.com\/avatar\/e69498a9175ca244966e51e53c88712c024fcebe41f9a05f75657f1bb25e489b?s=96&d=mm&r=g","contentUrl":"https:\/\/secure.gravatar.com\/avatar\/e69498a9175ca244966e51e53c88712c024fcebe41f9a05f75657f1bb25e489b?s=96&d=mm&r=g","caption":"fondadmin"},"url":"https:\/\/www.fondazionepirelli.org\/it\/author\/fondadmin\/"}]}},"_links":{"self":[{"href":"https:\/\/www.fondazionepirelli.org\/it\/wp-json\/wp\/v2\/posts\/99180\/"}],"collection":[{"href":"https:\/\/www.fondazionepirelli.org\/it\/wp-json\/wp\/v2\/posts\/"}],"about":[{"href":"https:\/\/www.fondazionepirelli.org\/it\/wp-json\/wp\/v2\/types\/post\/"}],"author":[{"embeddable":true,"href":"https:\/\/www.fondazionepirelli.org\/it\/wp-json\/wp\/v2\/users\/1\/"}],"replies":[{"embeddable":true,"href":"https:\/\/www.fondazionepirelli.org\/it\/wp-json\/wp\/v2\/comments\/?post=99180"}],"version-history":[{"count":3,"href":"https:\/\/www.fondazionepirelli.org\/it\/wp-json\/wp\/v2\/posts\/99180\/revisions\/"}],"predecessor-version":[{"id":99297,"href":"https:\/\/www.fondazionepirelli.org\/it\/wp-json\/wp\/v2\/posts\/99180\/revisions\/99297\/"}],"wp:featuredmedia":[{"embeddable":true,"href":"https:\/\/www.fondazionepirelli.org\/it\/wp-json\/wp\/v2\/media\/99181\/"}],"wp:attachment":[{"href":"https:\/\/www.fondazionepirelli.org\/it\/wp-json\/wp\/v2\/media\/?parent=99180"}],"wp:term":[{"taxonomy":"category","embeddable":true,"href":"https:\/\/www.fondazionepirelli.org\/it\/wp-json\/wp\/v2\/categories\/?post=99180"},{"taxonomy":"post_tag","embeddable":true,"href":"https:\/\/www.fondazionepirelli.org\/it\/wp-json\/wp\/v2\/tags\/?post=99180"}],"curies":[{"name":"wp","href":"https:\/\/api.w.org\/{rel}","templated":true}]}}