{"id":99215,"date":"2024-01-30T10:26:44","date_gmt":"2024-01-30T09:26:44","guid":{"rendered":"https:\/\/www.fondazionepirelli.org\/?p=99215"},"modified":"2024-02-02T12:14:48","modified_gmt":"2024-02-02T11:14:48","slug":"dalla-moneta-alla-societa-e-allimpresa","status":"publish","type":"post","link":"https:\/\/www.fondazionepirelli.org\/it\/cultura-dimpresa\/dalla-moneta-alla-societa-e-allimpresa\/","title":{"rendered":"Dalla moneta alla societ\u00e0 e all\u2019impresa"},"content":{"rendered":"<p><em>Un intervento del Governatore della Banca d\u2019Italia indica il filo che unisce economia, vivere civile e produzione<\/em><\/p><p>Cultura d\u2019impresa che va oltre le fabbriche e gli uffici, che si allarga all\u2019economia in senso pi\u00f9 vasto e, a ben vedere, al mondo in tutte le sue espressioni. Consapevolezza di dove si \u00e8, da dove si \u00e8 arrivati e dove si andr\u00e0. Per questo, il buon imprenditore e il bravo <em>manager <\/em>devono avere capacit\u00e0 di osservare, conoscenza del passato oltre che del presente e, soprattutto, curiosit\u00e0 di affacciarsi fuori dalle finestre dei propri uffici. Allargare il proprio orizzonte. Leggere uno degli ultimi interventi del Governatore della Banca d\u2019Italia, Fabio Panetta, serve proprio a questo.<\/p>\n<p>\u201cOltre i confini della moneta: il ruolo strategico dell\u2019euro nell\u2019Europa del futuro\u201d \u2013 tema che Panetta ha affrontato il 26 gennaio 2024 a Riga nell\u2019ambito di <em>Ten years with The euro \u00a0\u00a0\u00a0 &#8211;<\/em> solo in apparenza \u00e8 lontano dagli argomenti propri delle organizzazioni della produzione e della cultura del produrre. Parlare di euro, e parlarne oltre il suo perimetro di moneta, significa invece parlare di una comunit\u00e0 che nel tempo si \u00e8 costruita e del suo significato forte per tutti gli aspetti del vivere civile. Anche, quindi, per quanto riguarda l\u2019economia e il benessere.<\/p>\n<p>Panetta parla di euro toccando tre aspetti: l\u2019importanza del suo ruolo internazionale oltre l\u2019economia in senso stretto, il mutamento di questo ruolo nel tempo e, infine, il percorso che \u00e8 necessario intraprendere per rafforzarlo.<\/p>\n<p>Il Governatore della Banca d\u2019Italia approfondisce ognuno di questi temi guardandoli soprattutto in termini di significato per la coesione e la sicurezza dell\u2019Europa, raccontandone l\u2019evoluzione e il rafforzamento, cercando di delineare quali possano essere gli strumenti per consolidare proprio la \u201cforza\u201d dell\u2019euro in quanto strumento di coesione e protezione.<\/p>\n<p>Scrive Panetta nelle sue conclusioni: \u201cIn una fase di tensioni geopolitiche, la UEM (Unione Economica Monetaria) rappresenta (\u2026) una sorta di clausola di difesa collettiva: ogni attacco rivolto a un suo membro colpisce la moneta unica, un elemento essenziale della nostra sovranit\u00e0 condivisa, ed equivale a un attacco a tutta l\u2019Unione\u201d. Bellissima \u00e8 poi l\u2019ultima affermazione del Governatore: l\u2019euro \u201cincarna il desiderio di progredire e lavorare insieme sulla scena mondiale\u201d.<\/p><p><a href=\"https:\/\/wpsite-assets.fondazionepirelli.org\/wp-content\/uploads\/2024\/01\/29163742\/PANETTA-26-gennaio-2024.pdf\"><strong>Oltre i confini della moneta: il ruolo strategico dell\u2019euro nell\u2019Europa del futuro<\/strong><\/a><\/p>\n<p>Fabio Panetta<\/p><p>Intervento alla conferenza <em>Ten years with the euro<\/em><\/p>\n<p>Riga, 26 gennaio 2026<\/p>\n","protected":false},"excerpt":{"rendered":"<p>Un intervento del Governatore della Banca d\u2019Italia indica il filo che unisce economia, vivere civile e produzioneCultura d\u2019impresa che va oltre le fabbriche e gli uffici, che si allarga all\u2019economia in senso pi\u00f9 vasto e, a ben vedere, al mondo in tutte le sue espressioni. Consapevolezza di dove si \u00e8, da dove si \u00e8 arrivati [&hellip;]<\/p>\n","protected":false},"author":1,"featured_media":0,"comment_status":"open","ping_status":"open","sticky":false,"template":"","format":"standard","meta":{"footnotes":""},"categories":[54,52],"tags":[],"class_list":["post-99215","post","type-post","status-publish","format-standard","hentry","category-approfondimenti","category-cultura-dimpresa"],"acf":[],"yoast_head":"<!-- This site is optimized with the Yoast SEO plugin v25.0 - https:\/\/yoast.com\/wordpress\/plugins\/seo\/ -->\n<title>Dalla moneta alla societ\u00e0 e all\u2019impresa - Fondazione Pirelli<\/title>\n<meta name=\"robots\" content=\"index, follow, max-snippet:-1, max-image-preview:large, max-video-preview:-1\" \/>\n<link rel=\"canonical\" href=\"https:\/\/www.fondazionepirelli.org\/it\/cultura-dimpresa\/dalla-moneta-alla-societa-e-allimpresa\/\" \/>\n<meta property=\"og:locale\" content=\"it_IT\" \/>\n<meta property=\"og:type\" content=\"article\" \/>\n<meta property=\"og:title\" content=\"Dalla moneta alla societ\u00e0 e all\u2019impresa - Fondazione Pirelli\" \/>\n<meta property=\"og:description\" content=\"Un intervento del Governatore della Banca d\u2019Italia indica il filo che unisce economia, vivere civile e produzioneCultura d\u2019impresa che va oltre le fabbriche e gli uffici, che si allarga all\u2019economia in senso pi\u00f9 vasto e, a ben vedere, al mondo in tutte le sue espressioni. Consapevolezza di dove si \u00e8, da dove si \u00e8 arrivati [&hellip;]\" \/>\n<meta property=\"og:url\" content=\"https:\/\/www.fondazionepirelli.org\/it\/cultura-dimpresa\/dalla-moneta-alla-societa-e-allimpresa\/\" \/>\n<meta property=\"og:site_name\" content=\"Fondazione Pirelli\" \/>\n<meta property=\"article:published_time\" content=\"2024-01-30T09:26:44+00:00\" \/>\n<meta property=\"article:modified_time\" content=\"2024-02-02T11:14:48+00:00\" \/>\n<meta name=\"author\" content=\"fondadmin\" \/>\n<meta name=\"twitter:card\" content=\"summary_large_image\" \/>\n<meta name=\"twitter:label1\" content=\"Scritto da\" \/>\n\t<meta name=\"twitter:data1\" content=\"fondadmin\" \/>\n\t<meta name=\"twitter:label2\" content=\"Tempo di lettura stimato\" \/>\n\t<meta name=\"twitter:data2\" content=\"2 minuti\" \/>\n<script type=\"application\/ld+json\" class=\"yoast-schema-graph\">{\"@context\":\"https:\/\/schema.org\",\"@graph\":[{\"@type\":\"WebPage\",\"@id\":\"https:\/\/www.fondazionepirelli.org\/it\/cultura-dimpresa\/dalla-moneta-alla-societa-e-allimpresa\/\",\"url\":\"https:\/\/www.fondazionepirelli.org\/it\/cultura-dimpresa\/dalla-moneta-alla-societa-e-allimpresa\/\",\"name\":\"Dalla moneta alla societ\u00e0 e all\u2019impresa - Fondazione Pirelli\",\"isPartOf\":{\"@id\":\"https:\/\/www.fondazionepirelli.org\/it\/#website\"},\"datePublished\":\"2024-01-30T09:26:44+00:00\",\"dateModified\":\"2024-02-02T11:14:48+00:00\",\"author\":{\"@id\":\"https:\/\/www.fondazionepirelli.org\/it\/#\/schema\/person\/f47d097000832c4a6e54538c791fdf25\"},\"breadcrumb\":{\"@id\":\"https:\/\/www.fondazionepirelli.org\/it\/cultura-dimpresa\/dalla-moneta-alla-societa-e-allimpresa\/#breadcrumb\"},\"inLanguage\":\"it-IT\",\"potentialAction\":[{\"@type\":\"ReadAction\",\"target\":[\"https:\/\/www.fondazionepirelli.org\/it\/cultura-dimpresa\/dalla-moneta-alla-societa-e-allimpresa\/\"]}]},{\"@type\":\"BreadcrumbList\",\"@id\":\"https:\/\/www.fondazionepirelli.org\/it\/cultura-dimpresa\/dalla-moneta-alla-societa-e-allimpresa\/#breadcrumb\",\"itemListElement\":[{\"@type\":\"ListItem\",\"position\":1,\"name\":\"Home\",\"item\":\"https:\/\/www.fondazionepirelli.org\/it\/\"},{\"@type\":\"ListItem\",\"position\":2,\"name\":\"Dalla moneta alla societ\u00e0 e all\u2019impresa\"}]},{\"@type\":\"WebSite\",\"@id\":\"https:\/\/www.fondazionepirelli.org\/it\/#website\",\"url\":\"https:\/\/www.fondazionepirelli.org\/it\/\",\"name\":\"Fondazione Pirelli\",\"description\":\"\",\"potentialAction\":[{\"@type\":\"SearchAction\",\"target\":{\"@type\":\"EntryPoint\",\"urlTemplate\":\"https:\/\/www.fondazionepirelli.org\/it\/?s={search_term_string}\"},\"query-input\":{\"@type\":\"PropertyValueSpecification\",\"valueRequired\":true,\"valueName\":\"search_term_string\"}}],\"inLanguage\":\"it-IT\"},{\"@type\":\"Person\",\"@id\":\"https:\/\/www.fondazionepirelli.org\/it\/#\/schema\/person\/f47d097000832c4a6e54538c791fdf25\",\"name\":\"fondadmin\",\"image\":{\"@type\":\"ImageObject\",\"inLanguage\":\"it-IT\",\"@id\":\"https:\/\/www.fondazionepirelli.org\/it\/#\/schema\/person\/image\/\",\"url\":\"https:\/\/secure.gravatar.com\/avatar\/e69498a9175ca244966e51e53c88712c024fcebe41f9a05f75657f1bb25e489b?s=96&d=mm&r=g\",\"contentUrl\":\"https:\/\/secure.gravatar.com\/avatar\/e69498a9175ca244966e51e53c88712c024fcebe41f9a05f75657f1bb25e489b?s=96&d=mm&r=g\",\"caption\":\"fondadmin\"},\"url\":\"https:\/\/www.fondazionepirelli.org\/it\/author\/fondadmin\/\"}]}<\/script>\n<!-- \/ Yoast SEO plugin. -->","yoast_head_json":{"title":"Dalla moneta alla societ\u00e0 e all\u2019impresa - Fondazione Pirelli","robots":{"index":"index","follow":"follow","max-snippet":"max-snippet:-1","max-image-preview":"max-image-preview:large","max-video-preview":"max-video-preview:-1"},"canonical":"https:\/\/www.fondazionepirelli.org\/it\/cultura-dimpresa\/dalla-moneta-alla-societa-e-allimpresa\/","og_locale":"it_IT","og_type":"article","og_title":"Dalla moneta alla societ\u00e0 e all\u2019impresa - Fondazione Pirelli","og_description":"Un intervento del Governatore della Banca d\u2019Italia indica il filo che unisce economia, vivere civile e produzioneCultura d\u2019impresa che va oltre le fabbriche e gli uffici, che si allarga all\u2019economia in senso pi\u00f9 vasto e, a ben vedere, al mondo in tutte le sue espressioni. Consapevolezza di dove si \u00e8, da dove si \u00e8 arrivati [&hellip;]","og_url":"https:\/\/www.fondazionepirelli.org\/it\/cultura-dimpresa\/dalla-moneta-alla-societa-e-allimpresa\/","og_site_name":"Fondazione Pirelli","article_published_time":"2024-01-30T09:26:44+00:00","article_modified_time":"2024-02-02T11:14:48+00:00","author":"fondadmin","twitter_card":"summary_large_image","twitter_misc":{"Scritto da":"fondadmin","Tempo di lettura stimato":"2 minuti"},"schema":{"@context":"https:\/\/schema.org","@graph":[{"@type":"WebPage","@id":"https:\/\/www.fondazionepirelli.org\/it\/cultura-dimpresa\/dalla-moneta-alla-societa-e-allimpresa\/","url":"https:\/\/www.fondazionepirelli.org\/it\/cultura-dimpresa\/dalla-moneta-alla-societa-e-allimpresa\/","name":"Dalla moneta alla societ\u00e0 e all\u2019impresa - Fondazione Pirelli","isPartOf":{"@id":"https:\/\/www.fondazionepirelli.org\/it\/#website"},"datePublished":"2024-01-30T09:26:44+00:00","dateModified":"2024-02-02T11:14:48+00:00","author":{"@id":"https:\/\/www.fondazionepirelli.org\/it\/#\/schema\/person\/f47d097000832c4a6e54538c791fdf25"},"breadcrumb":{"@id":"https:\/\/www.fondazionepirelli.org\/it\/cultura-dimpresa\/dalla-moneta-alla-societa-e-allimpresa\/#breadcrumb"},"inLanguage":"it-IT","potentialAction":[{"@type":"ReadAction","target":["https:\/\/www.fondazionepirelli.org\/it\/cultura-dimpresa\/dalla-moneta-alla-societa-e-allimpresa\/"]}]},{"@type":"BreadcrumbList","@id":"https:\/\/www.fondazionepirelli.org\/it\/cultura-dimpresa\/dalla-moneta-alla-societa-e-allimpresa\/#breadcrumb","itemListElement":[{"@type":"ListItem","position":1,"name":"Home","item":"https:\/\/www.fondazionepirelli.org\/it\/"},{"@type":"ListItem","position":2,"name":"Dalla moneta alla societ\u00e0 e all\u2019impresa"}]},{"@type":"WebSite","@id":"https:\/\/www.fondazionepirelli.org\/it\/#website","url":"https:\/\/www.fondazionepirelli.org\/it\/","name":"Fondazione Pirelli","description":"","potentialAction":[{"@type":"SearchAction","target":{"@type":"EntryPoint","urlTemplate":"https:\/\/www.fondazionepirelli.org\/it\/?s={search_term_string}"},"query-input":{"@type":"PropertyValueSpecification","valueRequired":true,"valueName":"search_term_string"}}],"inLanguage":"it-IT"},{"@type":"Person","@id":"https:\/\/www.fondazionepirelli.org\/it\/#\/schema\/person\/f47d097000832c4a6e54538c791fdf25","name":"fondadmin","image":{"@type":"ImageObject","inLanguage":"it-IT","@id":"https:\/\/www.fondazionepirelli.org\/it\/#\/schema\/person\/image\/","url":"https:\/\/secure.gravatar.com\/avatar\/e69498a9175ca244966e51e53c88712c024fcebe41f9a05f75657f1bb25e489b?s=96&d=mm&r=g","contentUrl":"https:\/\/secure.gravatar.com\/avatar\/e69498a9175ca244966e51e53c88712c024fcebe41f9a05f75657f1bb25e489b?s=96&d=mm&r=g","caption":"fondadmin"},"url":"https:\/\/www.fondazionepirelli.org\/it\/author\/fondadmin\/"}]}},"_links":{"self":[{"href":"https:\/\/www.fondazionepirelli.org\/it\/wp-json\/wp\/v2\/posts\/99215\/"}],"collection":[{"href":"https:\/\/www.fondazionepirelli.org\/it\/wp-json\/wp\/v2\/posts\/"}],"about":[{"href":"https:\/\/www.fondazionepirelli.org\/it\/wp-json\/wp\/v2\/types\/post\/"}],"author":[{"embeddable":true,"href":"https:\/\/www.fondazionepirelli.org\/it\/wp-json\/wp\/v2\/users\/1\/"}],"replies":[{"embeddable":true,"href":"https:\/\/www.fondazionepirelli.org\/it\/wp-json\/wp\/v2\/comments\/?post=99215"}],"version-history":[{"count":1,"href":"https:\/\/www.fondazionepirelli.org\/it\/wp-json\/wp\/v2\/posts\/99215\/revisions\/"}],"predecessor-version":[{"id":99218,"href":"https:\/\/www.fondazionepirelli.org\/it\/wp-json\/wp\/v2\/posts\/99215\/revisions\/99218\/"}],"wp:attachment":[{"href":"https:\/\/www.fondazionepirelli.org\/it\/wp-json\/wp\/v2\/media\/?parent=99215"}],"wp:term":[{"taxonomy":"category","embeddable":true,"href":"https:\/\/www.fondazionepirelli.org\/it\/wp-json\/wp\/v2\/categories\/?post=99215"},{"taxonomy":"post_tag","embeddable":true,"href":"https:\/\/www.fondazionepirelli.org\/it\/wp-json\/wp\/v2\/tags\/?post=99215"}],"curies":[{"name":"wp","href":"https:\/\/api.w.org\/{rel}","templated":true}]}}