{"id":99229,"date":"2024-01-31T17:39:52","date_gmt":"2024-01-31T16:39:52","guid":{"rendered":"https:\/\/www.fondazionepirelli.org\/?p=99229"},"modified":"2024-02-07T16:15:22","modified_gmt":"2024-02-07T15:15:22","slug":"obiettivo-milano-fondazione-pirelli-a-museocity-2024","status":"publish","type":"post","link":"https:\/\/www.fondazionepirelli.org\/it\/iniziative\/obiettivo-milano-fondazione-pirelli-a-museocity-2024\/","title":{"rendered":"Fondazione Pirelli a MuseoCity 2024 con &#8220;Obiettivo Milano&#8221;"},"content":{"rendered":"<p>Dall&#8217;<strong>1 al 5 marzo 2024<\/strong> torna <strong>MuseoCity,<\/strong> la manifestazione diffusa organizzata dall&#8217;<strong>Associazione MuseoCity ETS<\/strong> in collaborazione con il <strong>Comune di Milano<\/strong>\u00a0che promuove le realt\u00e0 museali e culturali della citt\u00e0 e del suo Hinterland. \u201cMondi a Milano\u201d \u00e8 il tema-guida dell\u2019edizione 2024. Fondazione Pirelli rinnova la sua partecipazione per l\u2019ottavo anno consecutivo con due iniziative che si svolgeranno <strong>venerd\u00ec 1 marzo 2024<\/strong>, di cui una dedicata ai ragazzi.<\/p><p><strong>Obiettivo Milano: Pirelli e la citt\u00e0 attraverso lo sguardo dei fotografi<\/strong><br \/>\n<strong>Ore 16.30 e 19.00 (due turni di visita &#8211; durata 60 minuti circa)<\/strong><\/p>\n<p>Una visita guidata che racconta la citt\u00e0 di Milano attraverso le fotografie e i documenti storici e contemporanei conservati nell\u2019Archivio aziendale. Si potranno scoprire i diversi volti del capoluogo lombardo: Milano citt\u00e0 in movimento, nei reportage della Rivista Pirelli con la trasformazione della mobilit\u00e0 dal Dopoguerra a oggi; Milano citt\u00e0 del lavoro e dell\u2019innovazione, nelle immagini dei luoghi della ricerca e della produzione, del Grattacielo Pirelli e delle Universit\u00e0; Milano citt\u00e0 delle arti, nelle attivit\u00e0 culturali di Fondazione Pirelli, dello spazio espositivo di arte contemporanea Pirelli HangarBicocca e delle numerose istituzioni del territorio; Milano citt\u00e0 del Made in Italy, nei servizi fotografici di moda e delle fiere ed esposizioni internazionali.<\/p>\n<p><em>Per la prenotazione utilizzare l\u2019apposito modulo disponibile a questo<a href=\"https:\/\/www.fondazionepirelli.org\/it\/prenotazione\/visite-guidate-fondazione-pirelli-per-museocity-2023-obiettivo-milano-pirelli-e-la-citta-attraverso-locchio-dei-fotografi\/\"> link<\/a>. La prenotazione all\u2019evento \u00e8 obbligatoria, ingresso libero fino a esaurimento posti. Le iscrizioni si chiuderanno mercoled\u00ec 28 febbraio 2024.<\/em><\/p>\n<p><strong>Un salto a Milano<\/strong><br \/>\n<strong>Laboratorio per ragazzi e ragazze dai 7 e agli 11 anni<\/strong><br \/>\n<strong>Ore 17.30 (durata 60 minuti circa)<\/strong><\/p>\n<p>Un viaggio tra passato e presente alla scoperta di alcuni dei luoghi pi\u00f9 iconici di Milano visti attraverso lo sguardo di grandi fotografi. Seguiamoli in cima al Grattacielo Pirelli che domina su piazza Duca d\u2019Aosta, scendiamo dove si sta scavando per la costruzione della metropolitana di Milano, raggiungiamoli in mezzo al traffico di piazza del Duomo e della Stazione Centrale, e ancora tra le opere della Triennale e di Pirelli HangarBicocca. Con carta, matite e una buona dose d\u2019immaginazione, coloriamo e animiamo uno dei loro scatti creando un \u201cpop up\u201d che ci render\u00e0 protagonisti. Nel frattempo, gli adulti accompagnatori avranno modo di visitare la Fondazione Pirelli e le sue mostre.<\/p>\n<p><em>Per la prenotazione utilizzare l\u2019apposito modulo disponibile a questo <a href=\"https:\/\/www.fondazionepirelli.org\/it\/prenotazione\/museocity-2024-un-salto-a-milano-laboratorio-didattico\/\">link<\/a>. La prenotazione all\u2019evento \u00e8 obbligatoria e fino a esaurimento posti. Le iscrizioni si chiuderanno mercoled\u00ec 28 febbraio 2024.<\/em><\/p>\n<p>Ingresso visitatori: Fondazione Pirelli, Viale Sarca 220, Milano.<\/p>\n<p>Per ulteriori informazioni \u00e8 possibile scrivere all\u2019indirizzo visite@fondazionepirelli.org<\/p>\n","protected":false},"excerpt":{"rendered":"<p>Dall&#8217;1 al 5 marzo 2024 torna MuseoCity, la manifestazione diffusa organizzata dall&#8217;Associazione MuseoCity ETS in collaborazione con il Comune di Milano\u00a0che promuove le realt\u00e0 museali e culturali della citt\u00e0 e del suo Hinterland. \u201cMondi a Milano\u201d \u00e8 il tema-guida dell\u2019edizione 2024. Fondazione Pirelli rinnova la sua partecipazione per l\u2019ottavo anno consecutivo con due iniziative che [&hellip;]<\/p>\n","protected":false},"author":1,"featured_media":99231,"comment_status":"open","ping_status":"open","sticky":false,"template":"","format":"standard","meta":{"footnotes":""},"categories":[78,60],"tags":[],"class_list":["post-99229","post","type-post","status-publish","format-standard","has-post-thumbnail","hentry","category-gli-eventi-e-i-percorsi-guidati","category-iniziative"],"acf":[],"yoast_head":"<!-- This site is optimized with the Yoast SEO plugin v25.0 - https:\/\/yoast.com\/wordpress\/plugins\/seo\/ -->\n<title>Fondazione Pirelli a MuseoCity 2024 con &quot;Obiettivo Milano&quot; - Fondazione Pirelli<\/title>\n<meta name=\"robots\" content=\"index, follow, max-snippet:-1, max-image-preview:large, max-video-preview:-1\" \/>\n<link rel=\"canonical\" href=\"https:\/\/www.fondazionepirelli.org\/it\/iniziative\/obiettivo-milano-fondazione-pirelli-a-museocity-2024\/\" \/>\n<meta property=\"og:locale\" content=\"it_IT\" \/>\n<meta property=\"og:type\" content=\"article\" \/>\n<meta property=\"og:title\" content=\"Fondazione Pirelli a MuseoCity 2024 con &quot;Obiettivo Milano&quot; - Fondazione Pirelli\" \/>\n<meta property=\"og:description\" content=\"Dall&#8217;1 al 5 marzo 2024 torna MuseoCity, la manifestazione diffusa organizzata dall&#8217;Associazione MuseoCity ETS in collaborazione con il Comune di Milano\u00a0che promuove le realt\u00e0 museali e culturali della citt\u00e0 e del suo Hinterland. \u201cMondi a Milano\u201d \u00e8 il tema-guida dell\u2019edizione 2024. Fondazione Pirelli rinnova la sua partecipazione per l\u2019ottavo anno consecutivo con due iniziative che [&hellip;]\" \/>\n<meta property=\"og:url\" content=\"https:\/\/www.fondazionepirelli.org\/it\/iniziative\/obiettivo-milano-fondazione-pirelli-a-museocity-2024\/\" \/>\n<meta property=\"og:site_name\" content=\"Fondazione Pirelli\" \/>\n<meta property=\"article:published_time\" content=\"2024-01-31T16:39:52+00:00\" \/>\n<meta property=\"article:modified_time\" content=\"2024-02-07T15:15:22+00:00\" \/>\n<meta property=\"og:image\" content=\"https:\/\/wpsite-assets.fondazionepirelli.org\/wp-content\/uploads\/2024\/01\/31173521\/RP_PP_1958_1_4_003-scaled-e1706719229420.jpg\" \/>\n\t<meta property=\"og:image:width\" content=\"500\" \/>\n\t<meta property=\"og:image:height\" content=\"371\" \/>\n\t<meta property=\"og:image:type\" content=\"image\/jpeg\" \/>\n<meta name=\"author\" content=\"fondadmin\" \/>\n<meta name=\"twitter:card\" content=\"summary_large_image\" \/>\n<meta name=\"twitter:label1\" content=\"Scritto da\" \/>\n\t<meta name=\"twitter:data1\" content=\"fondadmin\" \/>\n\t<meta name=\"twitter:label2\" content=\"Tempo di lettura stimato\" \/>\n\t<meta name=\"twitter:data2\" content=\"2 minuti\" \/>\n<script type=\"application\/ld+json\" class=\"yoast-schema-graph\">{\"@context\":\"https:\/\/schema.org\",\"@graph\":[{\"@type\":\"WebPage\",\"@id\":\"https:\/\/www.fondazionepirelli.org\/it\/iniziative\/obiettivo-milano-fondazione-pirelli-a-museocity-2024\/\",\"url\":\"https:\/\/www.fondazionepirelli.org\/it\/iniziative\/obiettivo-milano-fondazione-pirelli-a-museocity-2024\/\",\"name\":\"Fondazione Pirelli a MuseoCity 2024 con \\\"Obiettivo Milano\\\" - Fondazione Pirelli\",\"isPartOf\":{\"@id\":\"https:\/\/www.fondazionepirelli.org\/it\/#website\"},\"primaryImageOfPage\":{\"@id\":\"https:\/\/www.fondazionepirelli.org\/it\/iniziative\/obiettivo-milano-fondazione-pirelli-a-museocity-2024\/#primaryimage\"},\"image\":{\"@id\":\"https:\/\/www.fondazionepirelli.org\/it\/iniziative\/obiettivo-milano-fondazione-pirelli-a-museocity-2024\/#primaryimage\"},\"thumbnailUrl\":\"https:\/\/wpsite-assets.fondazionepirelli.org\/wp-content\/uploads\/2024\/01\/31173521\/RP_PP_1958_1_4_003-scaled-e1706719229420.jpg\",\"datePublished\":\"2024-01-31T16:39:52+00:00\",\"dateModified\":\"2024-02-07T15:15:22+00:00\",\"author\":{\"@id\":\"https:\/\/www.fondazionepirelli.org\/it\/#\/schema\/person\/f47d097000832c4a6e54538c791fdf25\"},\"breadcrumb\":{\"@id\":\"https:\/\/www.fondazionepirelli.org\/it\/iniziative\/obiettivo-milano-fondazione-pirelli-a-museocity-2024\/#breadcrumb\"},\"inLanguage\":\"it-IT\",\"potentialAction\":[{\"@type\":\"ReadAction\",\"target\":[\"https:\/\/www.fondazionepirelli.org\/it\/iniziative\/obiettivo-milano-fondazione-pirelli-a-museocity-2024\/\"]}]},{\"@type\":\"ImageObject\",\"inLanguage\":\"it-IT\",\"@id\":\"https:\/\/www.fondazionepirelli.org\/it\/iniziative\/obiettivo-milano-fondazione-pirelli-a-museocity-2024\/#primaryimage\",\"url\":\"https:\/\/wpsite-assets.fondazionepirelli.org\/wp-content\/uploads\/2024\/01\/31173521\/RP_PP_1958_1_4_003-scaled-e1706719229420.jpg\",\"contentUrl\":\"https:\/\/wpsite-assets.fondazionepirelli.org\/wp-content\/uploads\/2024\/01\/31173521\/RP_PP_1958_1_4_003-scaled-e1706719229420.jpg\",\"width\":500,\"height\":371},{\"@type\":\"BreadcrumbList\",\"@id\":\"https:\/\/www.fondazionepirelli.org\/it\/iniziative\/obiettivo-milano-fondazione-pirelli-a-museocity-2024\/#breadcrumb\",\"itemListElement\":[{\"@type\":\"ListItem\",\"position\":1,\"name\":\"Home\",\"item\":\"https:\/\/www.fondazionepirelli.org\/it\/\"},{\"@type\":\"ListItem\",\"position\":2,\"name\":\"Fondazione Pirelli a MuseoCity 2024 con &#8220;Obiettivo Milano&#8221;\"}]},{\"@type\":\"WebSite\",\"@id\":\"https:\/\/www.fondazionepirelli.org\/it\/#website\",\"url\":\"https:\/\/www.fondazionepirelli.org\/it\/\",\"name\":\"Fondazione Pirelli\",\"description\":\"\",\"potentialAction\":[{\"@type\":\"SearchAction\",\"target\":{\"@type\":\"EntryPoint\",\"urlTemplate\":\"https:\/\/www.fondazionepirelli.org\/it\/?s={search_term_string}\"},\"query-input\":{\"@type\":\"PropertyValueSpecification\",\"valueRequired\":true,\"valueName\":\"search_term_string\"}}],\"inLanguage\":\"it-IT\"},{\"@type\":\"Person\",\"@id\":\"https:\/\/www.fondazionepirelli.org\/it\/#\/schema\/person\/f47d097000832c4a6e54538c791fdf25\",\"name\":\"fondadmin\",\"image\":{\"@type\":\"ImageObject\",\"inLanguage\":\"it-IT\",\"@id\":\"https:\/\/www.fondazionepirelli.org\/it\/#\/schema\/person\/image\/\",\"url\":\"https:\/\/secure.gravatar.com\/avatar\/e69498a9175ca244966e51e53c88712c024fcebe41f9a05f75657f1bb25e489b?s=96&d=mm&r=g\",\"contentUrl\":\"https:\/\/secure.gravatar.com\/avatar\/e69498a9175ca244966e51e53c88712c024fcebe41f9a05f75657f1bb25e489b?s=96&d=mm&r=g\",\"caption\":\"fondadmin\"},\"url\":\"https:\/\/www.fondazionepirelli.org\/it\/author\/fondadmin\/\"}]}<\/script>\n<!-- \/ Yoast SEO plugin. -->","yoast_head_json":{"title":"Fondazione Pirelli a MuseoCity 2024 con \"Obiettivo Milano\" - Fondazione Pirelli","robots":{"index":"index","follow":"follow","max-snippet":"max-snippet:-1","max-image-preview":"max-image-preview:large","max-video-preview":"max-video-preview:-1"},"canonical":"https:\/\/www.fondazionepirelli.org\/it\/iniziative\/obiettivo-milano-fondazione-pirelli-a-museocity-2024\/","og_locale":"it_IT","og_type":"article","og_title":"Fondazione Pirelli a MuseoCity 2024 con \"Obiettivo Milano\" - Fondazione Pirelli","og_description":"Dall&#8217;1 al 5 marzo 2024 torna MuseoCity, la manifestazione diffusa organizzata dall&#8217;Associazione MuseoCity ETS in collaborazione con il Comune di Milano\u00a0che promuove le realt\u00e0 museali e culturali della citt\u00e0 e del suo Hinterland. \u201cMondi a Milano\u201d \u00e8 il tema-guida dell\u2019edizione 2024. Fondazione Pirelli rinnova la sua partecipazione per l\u2019ottavo anno consecutivo con due iniziative che [&hellip;]","og_url":"https:\/\/www.fondazionepirelli.org\/it\/iniziative\/obiettivo-milano-fondazione-pirelli-a-museocity-2024\/","og_site_name":"Fondazione Pirelli","article_published_time":"2024-01-31T16:39:52+00:00","article_modified_time":"2024-02-07T15:15:22+00:00","og_image":[{"width":500,"height":371,"url":"https:\/\/wpsite-assets.fondazionepirelli.org\/wp-content\/uploads\/2024\/01\/31173521\/RP_PP_1958_1_4_003-scaled-e1706719229420.jpg","type":"image\/jpeg"}],"author":"fondadmin","twitter_card":"summary_large_image","twitter_misc":{"Scritto da":"fondadmin","Tempo di lettura stimato":"2 minuti"},"schema":{"@context":"https:\/\/schema.org","@graph":[{"@type":"WebPage","@id":"https:\/\/www.fondazionepirelli.org\/it\/iniziative\/obiettivo-milano-fondazione-pirelli-a-museocity-2024\/","url":"https:\/\/www.fondazionepirelli.org\/it\/iniziative\/obiettivo-milano-fondazione-pirelli-a-museocity-2024\/","name":"Fondazione Pirelli a MuseoCity 2024 con \"Obiettivo Milano\" - Fondazione Pirelli","isPartOf":{"@id":"https:\/\/www.fondazionepirelli.org\/it\/#website"},"primaryImageOfPage":{"@id":"https:\/\/www.fondazionepirelli.org\/it\/iniziative\/obiettivo-milano-fondazione-pirelli-a-museocity-2024\/#primaryimage"},"image":{"@id":"https:\/\/www.fondazionepirelli.org\/it\/iniziative\/obiettivo-milano-fondazione-pirelli-a-museocity-2024\/#primaryimage"},"thumbnailUrl":"https:\/\/wpsite-assets.fondazionepirelli.org\/wp-content\/uploads\/2024\/01\/31173521\/RP_PP_1958_1_4_003-scaled-e1706719229420.jpg","datePublished":"2024-01-31T16:39:52+00:00","dateModified":"2024-02-07T15:15:22+00:00","author":{"@id":"https:\/\/www.fondazionepirelli.org\/it\/#\/schema\/person\/f47d097000832c4a6e54538c791fdf25"},"breadcrumb":{"@id":"https:\/\/www.fondazionepirelli.org\/it\/iniziative\/obiettivo-milano-fondazione-pirelli-a-museocity-2024\/#breadcrumb"},"inLanguage":"it-IT","potentialAction":[{"@type":"ReadAction","target":["https:\/\/www.fondazionepirelli.org\/it\/iniziative\/obiettivo-milano-fondazione-pirelli-a-museocity-2024\/"]}]},{"@type":"ImageObject","inLanguage":"it-IT","@id":"https:\/\/www.fondazionepirelli.org\/it\/iniziative\/obiettivo-milano-fondazione-pirelli-a-museocity-2024\/#primaryimage","url":"https:\/\/wpsite-assets.fondazionepirelli.org\/wp-content\/uploads\/2024\/01\/31173521\/RP_PP_1958_1_4_003-scaled-e1706719229420.jpg","contentUrl":"https:\/\/wpsite-assets.fondazionepirelli.org\/wp-content\/uploads\/2024\/01\/31173521\/RP_PP_1958_1_4_003-scaled-e1706719229420.jpg","width":500,"height":371},{"@type":"BreadcrumbList","@id":"https:\/\/www.fondazionepirelli.org\/it\/iniziative\/obiettivo-milano-fondazione-pirelli-a-museocity-2024\/#breadcrumb","itemListElement":[{"@type":"ListItem","position":1,"name":"Home","item":"https:\/\/www.fondazionepirelli.org\/it\/"},{"@type":"ListItem","position":2,"name":"Fondazione Pirelli a MuseoCity 2024 con &#8220;Obiettivo Milano&#8221;"}]},{"@type":"WebSite","@id":"https:\/\/www.fondazionepirelli.org\/it\/#website","url":"https:\/\/www.fondazionepirelli.org\/it\/","name":"Fondazione Pirelli","description":"","potentialAction":[{"@type":"SearchAction","target":{"@type":"EntryPoint","urlTemplate":"https:\/\/www.fondazionepirelli.org\/it\/?s={search_term_string}"},"query-input":{"@type":"PropertyValueSpecification","valueRequired":true,"valueName":"search_term_string"}}],"inLanguage":"it-IT"},{"@type":"Person","@id":"https:\/\/www.fondazionepirelli.org\/it\/#\/schema\/person\/f47d097000832c4a6e54538c791fdf25","name":"fondadmin","image":{"@type":"ImageObject","inLanguage":"it-IT","@id":"https:\/\/www.fondazionepirelli.org\/it\/#\/schema\/person\/image\/","url":"https:\/\/secure.gravatar.com\/avatar\/e69498a9175ca244966e51e53c88712c024fcebe41f9a05f75657f1bb25e489b?s=96&d=mm&r=g","contentUrl":"https:\/\/secure.gravatar.com\/avatar\/e69498a9175ca244966e51e53c88712c024fcebe41f9a05f75657f1bb25e489b?s=96&d=mm&r=g","caption":"fondadmin"},"url":"https:\/\/www.fondazionepirelli.org\/it\/author\/fondadmin\/"}]}},"_links":{"self":[{"href":"https:\/\/www.fondazionepirelli.org\/it\/wp-json\/wp\/v2\/posts\/99229\/"}],"collection":[{"href":"https:\/\/www.fondazionepirelli.org\/it\/wp-json\/wp\/v2\/posts\/"}],"about":[{"href":"https:\/\/www.fondazionepirelli.org\/it\/wp-json\/wp\/v2\/types\/post\/"}],"author":[{"embeddable":true,"href":"https:\/\/www.fondazionepirelli.org\/it\/wp-json\/wp\/v2\/users\/1\/"}],"replies":[{"embeddable":true,"href":"https:\/\/www.fondazionepirelli.org\/it\/wp-json\/wp\/v2\/comments\/?post=99229"}],"version-history":[{"count":8,"href":"https:\/\/www.fondazionepirelli.org\/it\/wp-json\/wp\/v2\/posts\/99229\/revisions\/"}],"predecessor-version":[{"id":99335,"href":"https:\/\/www.fondazionepirelli.org\/it\/wp-json\/wp\/v2\/posts\/99229\/revisions\/99335\/"}],"wp:featuredmedia":[{"embeddable":true,"href":"https:\/\/www.fondazionepirelli.org\/it\/wp-json\/wp\/v2\/media\/99231\/"}],"wp:attachment":[{"href":"https:\/\/www.fondazionepirelli.org\/it\/wp-json\/wp\/v2\/media\/?parent=99229"}],"wp:term":[{"taxonomy":"category","embeddable":true,"href":"https:\/\/www.fondazionepirelli.org\/it\/wp-json\/wp\/v2\/categories\/?post=99229"},{"taxonomy":"post_tag","embeddable":true,"href":"https:\/\/www.fondazionepirelli.org\/it\/wp-json\/wp\/v2\/tags\/?post=99229"}],"curies":[{"name":"wp","href":"https:\/\/api.w.org\/{rel}","templated":true}]}}