{"id":99379,"date":"2024-02-13T09:51:59","date_gmt":"2024-02-13T08:51:59","guid":{"rendered":"https:\/\/www.fondazionepirelli.org\/?p=99379"},"modified":"2024-02-16T17:50:57","modified_gmt":"2024-02-16T16:50:57","slug":"riparlare-di-umanesimo-ricerca-e-cultura-per-dare-senso-critico-allintelligenza-artificiale","status":"publish","type":"post","link":"https:\/\/www.fondazionepirelli.org\/it\/cultura-dimpresa\/riparlare-di-umanesimo-ricerca-e-cultura-per-dare-senso-critico-allintelligenza-artificiale\/","title":{"rendered":"Riparlare di umanesimo, ricerca e cultura, per dare senso critico all\u2019Intelligenza Artificiale \u00a0"},"content":{"rendered":"<p>\u201cUn<strong> umanesimo approfondito<\/strong> e rigenerato \u00e8 necessario se vogliamo anche riumanizzare e rigenerare i nostri paesi, i nostri continenti, il nostro pianeta\u201d, scrive <strong>Edgar Morin<\/strong> nelle pagine del suo ultimo libro, \u201cAncora un momento\u201d, pubblicato da Raffaello Cortina, una raccolta di \u201ctesti personali, politici, sociologici, filosofici e letterati\u201d scritti da una delle intelligenze europee pi\u00f9 longeve e comunque ancora lucida, spregiudicata e creativa.<\/p>\n<p>\u201cImpiantare l\u2019umanesimo nell\u2019Intelligenza Artificiale\u201d, sostiene il cardinale <strong>Gianfranco Ravasi<\/strong> (\u201cla Repubblica\u201d, 9 febbraio), spiegando che \u201cla differenza radicale forse non \u00e8 nella ragione, che l\u2019Intelligenza Artificiale pu\u00f2 avere pi\u00f9 sofisticata dell\u2019uomo, ma nell\u2019umanesimo, cio\u00e8 nella coscienza, nel sentimento, nella passione, nella tenerezza\u201d, seguendo i richiami \u201cantropologici\u201d di <strong>Papa Francesco<\/strong> sull\u2019etica e sul senso di responsabilit\u00e0 che devono ispirare anche chi lavora nel mondo della scienza e della tecnologia.<\/p>\n<p>Ecco la parola chiave su cui riflettere, dunque \u2013<strong> umanesimo<\/strong> &#8211; in tempi in cui gli straordinari e controversi sviluppi dell\u2019<strong>Intelligenza Artificiale<\/strong> generativa pongono a tutti noi domande di senso e di prospettiva sui vari campi coinvolti: la scienza e la conoscenza in generale, la politica, l\u2019informazione e la formazione, l\u2019economia e il lavoro, le stesse forme della convivenza civile che nel tempo abbiamo sviluppato. Umanesimo come visione del mondo che ha al centro la persona umana, con il complesso delle relazioni tra libert\u00e0 e responsabilit\u00e0, diritti e doveri (il richiamo di Morin va a una rilettura necessaria e a un rilancio della \u201ctrinit\u00e0 \u2018Libert\u00e0, Uguaglianza, Fraternit\u00e0\u2019 che diventi la nostra norma di vita personale e sociale e non la maschera che copre l\u2019aumento delle servit\u00f9, delle disuguaglianze e degli egoismi\u201d).<\/p>\n<p>Umanesimo come incrocio tra senso della bellezza e rigore scientifico. Umanesimo, ancora, come consapevolezza profonda della complessit\u00e0 dell\u2019essere umani, compreso lo sguardo verso l\u2019abisso del \u201ccuore di tenebra\u201d e come coscienza \u201cdel cielo stellato sopra di me e della legge morale dentro di me\u201d secondo la lezione sempre attuale di <strong>Immanuel Kant<\/strong>.<\/p>\n<p>Morin, che ha la \u201ccomplessit\u00e0\u201d come parola chiave del suo lessico filosofico (nota Massimiliano Panerari su \u201cLa Stampa\u201d, 10 febbraio) richiama gli scritti di <strong>Michel Eyquem de Montaigne<\/strong> e ricorda, appunto, che \u201cnella fondazione della <strong>razionalit\u00e0 scettica<\/strong> risiede il suo carattere di padre dell\u2019umanesimo\u201d, insistendo sulla necessit\u00e0 di espandere le capacit\u00e0 di pensiero critico per affrontare le questioni poste da una impetuosa e travolgente modernit\u00e0, Intelligenza Artificiale compresa.<\/p>\n<p>Il cardinale Ravasi, ragionando sull\u2019annuncio di Elon Musk sull\u2019impianto, da parte di Neuralink, di un microchip nel cervello di un paziente, ricorda che \u201cla tradizione classica distingue tra cervello e mente, mentre ora domina la visione fisicalista che riduce tutto a neuroni e sinapsi e considera il cervello come un computer straordinario\u201d e dunque si chiede: \u201cE l\u2019io, la coscienza, la libert\u00e0, l\u2019estetica, la volont\u00e0, l\u2019anima?\u201d.<\/p>\n<p>La risposta pu\u00f2 essere trovata anche nelle parole di un uomo di tecnologia e d\u2019impresa come <strong>Steve Jobs<\/strong>, citato da Ravasi per ricordarne l\u2019attenzione alla \u201cnecessit\u00e0 di un connubio tra la scienza e l\u2019umanesimo\u201d, secondo la lezione del suo modello, Leonardo da Vinci, \u201cperch\u00e9 \u2013 diceva Jobs &#8211; solo attraverso questo connubio siamo in grado di fare uscire un canto dal cuore\u201d. Commenta Ravasi: \u201cAl di l\u00e0 dell\u2019immagine un po\u2019 nazional-popolare, Jobs dice una cosa vera: la tecnica procede in modo binario, vedi il caso Oppenheimer, ma \u00e8 necessario che ci sia l\u2019umanit\u00e0. L\u2019umanesimo\u201d.<\/p>\n<p>Dalle grandi riflessioni alla cronaca delle iniziative imprenditoriali: ArtGlass, del gruppo Capitale Cultura, una sede a Monza e un\u2019altra negli Usa, prodotti high tech nel mondo della realt\u00e0 aumentata, racconta di essere alla ricerca di laureati in materie umanistiche (artisti, storici, archeologi), da fare lavorare con ingegneri e sofisticati tecnologi per creare \u201cesperienze interattive\u201d nei settori del turismo e della conoscenza (\u201cCorriere della Sera\u201d, 11 febbraio): \u201cPartendo da una nostra piattaforma tecnologica basata su cinque brevetti \u2013 spiega Antonio Scuderi, uno dei fondatori di ArtGlass \u2013 abbiamo creato un linguaggio che valorizza la cultura attraverso lo strumento della tecnologia\u201d. Cultura politecnica, potremmo aggiungere, come sintesi originale tra conoscenze scientifiche e saperi umanistici. Scrittura multidisciplinare degli algoritmi.<\/p>\n<p>Proprio perch\u00e9 l\u2019Intelligenza Artificiale sta radicalmente cambiando conoscenza e lavoro, meccanismi di socialit\u00e0, strumenti per l\u2019orientamento politico e sociale, \u00e8 indispensabile chiedersi come e perch\u00e9 tutto questo sta gi\u00e0 succedendo, come provare a governare i processi, come utilizzarne bene i vantaggi e reagire alle conseguenze che non ci piacciono, alle \u201cesternatit\u00e0 negative\u201d.<\/p>\n<p>\u00c8 una questione che chiama in causa l\u2019<strong>etica<\/strong>, il <strong>sistema di valori<\/strong>, i giudizi di fondo secondo cui indirizzare gli strumenti che abbiamo a disposizione. Ha senso profondo, adesso, che il presidente della Commissione italiana per l\u2019Intelligenza Artificiale per l\u2019informazione sia un teologo di grande sapienza, come <strong>padre Benanti,<\/strong> esperto di tecnologie, l\u2019unico membro italiano del Comitato sull\u2019AI delle Nazioni Unite e consigliere di Papa Francesco sui temi dell\u2019etica delle tecnologie. Cos\u00ec come ha un particolare valore che eccellenti giuristi come Giusella Finocchiaro, professoressa all\u2019universit\u00e0 di Bologna e fondatrice e partner di DigitalMediaLaws (una boutique legale specializzata in diritto delle nuove tecnologie), nelle pagine di \u201cIntelligenza artificiale. Quali regole?\u201d per la casa editrice Il Mulino, ragioni sulle norme nazionali e Ue che cercano di governare fenomeni di complessa regolazione internazionale.<\/p>\n<p>Etica, cultura critica, diritto, sono in primo piano, cercando una strada, impervia per quanto sia, che consenta alla scienza, alla ricerca tecnologica e all\u2019attivit\u00e0 di impresa di andare avanti in modo competitivo rispetto ad altre aree del mondo pi\u00f9 disinvolte, senza dimenticare la sfera dei diritti e degli interessi dei ceti sociali e delle persone pi\u00f9 in difficolt\u00e0 o comunque pi\u00f9 svantaggiate dalle evoluzioni di tecnologie e mercati.<\/p>\n<p>Ecco perch\u00e9 \u00e8 indispensabile ragionare a fondo di umanesimo. Di <strong>libert\u00e0 e responsabilit\u00e0<\/strong>. Di sviluppo. Di qualit\u00e0 della vita e dunque di libert\u00e0 critica di pensiero. Nel segno di Galileo, umanista scienziato. O, appunto, alla Steve Jobs, di Leonardo. E della sua intelligenza del cuore. Un\u2019intelligenza tutt\u2019altro che artificiale. Semmai, profondamente umana.<\/p><p><em>(Foto Getty Images)<\/em><\/p>\n","protected":false},"excerpt":{"rendered":"<p>\u201cUn umanesimo approfondito e rigenerato \u00e8 necessario se vogliamo anche riumanizzare e rigenerare i nostri paesi, i nostri continenti, il nostro pianeta\u201d, scrive Edgar Morin nelle pagine del suo ultimo libro, \u201cAncora un momento\u201d, pubblicato da Raffaello Cortina, una raccolta di \u201ctesti personali, politici, sociologici, filosofici e letterati\u201d scritti da una delle intelligenze europee pi\u00f9 [&hellip;]<\/p>\n","protected":false},"author":1,"featured_media":99395,"comment_status":"open","ping_status":"open","sticky":false,"template":"","format":"standard","meta":{"footnotes":""},"categories":[53,52],"tags":[],"class_list":["post-99379","post","type-post","status-publish","format-standard","has-post-thumbnail","hentry","category-blog","category-cultura-dimpresa"],"acf":[],"yoast_head":"<!-- This site is optimized with the Yoast SEO plugin v25.0 - https:\/\/yoast.com\/wordpress\/plugins\/seo\/ -->\n<title>Riparlare di umanesimo, ricerca e cultura, per dare senso critico all\u2019Intelligenza Artificiale \u00a0 - Fondazione Pirelli<\/title>\n<meta name=\"robots\" content=\"index, follow, max-snippet:-1, max-image-preview:large, max-video-preview:-1\" \/>\n<link rel=\"canonical\" href=\"https:\/\/www.fondazionepirelli.org\/it\/cultura-dimpresa\/riparlare-di-umanesimo-ricerca-e-cultura-per-dare-senso-critico-allintelligenza-artificiale\/\" \/>\n<meta property=\"og:locale\" content=\"it_IT\" \/>\n<meta property=\"og:type\" content=\"article\" \/>\n<meta property=\"og:title\" content=\"Riparlare di umanesimo, ricerca e cultura, per dare senso critico all\u2019Intelligenza Artificiale \u00a0 - Fondazione Pirelli\" \/>\n<meta property=\"og:description\" content=\"\u201cUn umanesimo approfondito e rigenerato \u00e8 necessario se vogliamo anche riumanizzare e rigenerare i nostri paesi, i nostri continenti, il nostro pianeta\u201d, scrive Edgar Morin nelle pagine del suo ultimo libro, \u201cAncora un momento\u201d, pubblicato da Raffaello Cortina, una raccolta di \u201ctesti personali, politici, sociologici, filosofici e letterati\u201d scritti da una delle intelligenze europee pi\u00f9 [&hellip;]\" \/>\n<meta property=\"og:url\" content=\"https:\/\/www.fondazionepirelli.org\/it\/cultura-dimpresa\/riparlare-di-umanesimo-ricerca-e-cultura-per-dare-senso-critico-allintelligenza-artificiale\/\" \/>\n<meta property=\"og:site_name\" content=\"Fondazione Pirelli\" \/>\n<meta property=\"article:published_time\" content=\"2024-02-13T08:51:59+00:00\" \/>\n<meta property=\"article:modified_time\" content=\"2024-02-16T16:50:57+00:00\" \/>\n<meta property=\"og:image\" content=\"https:\/\/wpsite-assets.fondazionepirelli.org\/wp-content\/uploads\/2024\/02\/13095116\/GettyImages-1206649586-scaled.jpg\" \/>\n\t<meta property=\"og:image:width\" content=\"2560\" \/>\n\t<meta property=\"og:image:height\" content=\"1920\" \/>\n\t<meta property=\"og:image:type\" content=\"image\/jpeg\" \/>\n<meta name=\"author\" content=\"fondadmin\" \/>\n<meta name=\"twitter:card\" content=\"summary_large_image\" \/>\n<meta name=\"twitter:label1\" content=\"Scritto da\" \/>\n\t<meta name=\"twitter:data1\" content=\"fondadmin\" \/>\n\t<meta name=\"twitter:label2\" content=\"Tempo di lettura stimato\" \/>\n\t<meta name=\"twitter:data2\" content=\"5 minuti\" \/>\n<script type=\"application\/ld+json\" class=\"yoast-schema-graph\">{\"@context\":\"https:\/\/schema.org\",\"@graph\":[{\"@type\":\"WebPage\",\"@id\":\"https:\/\/www.fondazionepirelli.org\/it\/cultura-dimpresa\/riparlare-di-umanesimo-ricerca-e-cultura-per-dare-senso-critico-allintelligenza-artificiale\/\",\"url\":\"https:\/\/www.fondazionepirelli.org\/it\/cultura-dimpresa\/riparlare-di-umanesimo-ricerca-e-cultura-per-dare-senso-critico-allintelligenza-artificiale\/\",\"name\":\"Riparlare di umanesimo, ricerca e cultura, per dare senso critico all\u2019Intelligenza Artificiale \u00a0 - Fondazione Pirelli\",\"isPartOf\":{\"@id\":\"https:\/\/www.fondazionepirelli.org\/it\/#website\"},\"primaryImageOfPage\":{\"@id\":\"https:\/\/www.fondazionepirelli.org\/it\/cultura-dimpresa\/riparlare-di-umanesimo-ricerca-e-cultura-per-dare-senso-critico-allintelligenza-artificiale\/#primaryimage\"},\"image\":{\"@id\":\"https:\/\/www.fondazionepirelli.org\/it\/cultura-dimpresa\/riparlare-di-umanesimo-ricerca-e-cultura-per-dare-senso-critico-allintelligenza-artificiale\/#primaryimage\"},\"thumbnailUrl\":\"https:\/\/wpsite-assets.fondazionepirelli.org\/wp-content\/uploads\/2024\/02\/13095116\/GettyImages-1206649586-scaled.jpg\",\"datePublished\":\"2024-02-13T08:51:59+00:00\",\"dateModified\":\"2024-02-16T16:50:57+00:00\",\"author\":{\"@id\":\"https:\/\/www.fondazionepirelli.org\/it\/#\/schema\/person\/f47d097000832c4a6e54538c791fdf25\"},\"breadcrumb\":{\"@id\":\"https:\/\/www.fondazionepirelli.org\/it\/cultura-dimpresa\/riparlare-di-umanesimo-ricerca-e-cultura-per-dare-senso-critico-allintelligenza-artificiale\/#breadcrumb\"},\"inLanguage\":\"it-IT\",\"potentialAction\":[{\"@type\":\"ReadAction\",\"target\":[\"https:\/\/www.fondazionepirelli.org\/it\/cultura-dimpresa\/riparlare-di-umanesimo-ricerca-e-cultura-per-dare-senso-critico-allintelligenza-artificiale\/\"]}]},{\"@type\":\"ImageObject\",\"inLanguage\":\"it-IT\",\"@id\":\"https:\/\/www.fondazionepirelli.org\/it\/cultura-dimpresa\/riparlare-di-umanesimo-ricerca-e-cultura-per-dare-senso-critico-allintelligenza-artificiale\/#primaryimage\",\"url\":\"https:\/\/wpsite-assets.fondazionepirelli.org\/wp-content\/uploads\/2024\/02\/13095116\/GettyImages-1206649586-scaled.jpg\",\"contentUrl\":\"https:\/\/wpsite-assets.fondazionepirelli.org\/wp-content\/uploads\/2024\/02\/13095116\/GettyImages-1206649586-scaled.jpg\",\"width\":2560,\"height\":1920,\"caption\":\"Virtual mind series. Human head integrated with CPU components on the subject of artificial intelligence, modern technologies and computer science.\"},{\"@type\":\"BreadcrumbList\",\"@id\":\"https:\/\/www.fondazionepirelli.org\/it\/cultura-dimpresa\/riparlare-di-umanesimo-ricerca-e-cultura-per-dare-senso-critico-allintelligenza-artificiale\/#breadcrumb\",\"itemListElement\":[{\"@type\":\"ListItem\",\"position\":1,\"name\":\"Home\",\"item\":\"https:\/\/www.fondazionepirelli.org\/it\/\"},{\"@type\":\"ListItem\",\"position\":2,\"name\":\"Riparlare di umanesimo, ricerca e cultura, per dare senso critico all\u2019Intelligenza Artificiale \u00a0\"}]},{\"@type\":\"WebSite\",\"@id\":\"https:\/\/www.fondazionepirelli.org\/it\/#website\",\"url\":\"https:\/\/www.fondazionepirelli.org\/it\/\",\"name\":\"Fondazione Pirelli\",\"description\":\"\",\"potentialAction\":[{\"@type\":\"SearchAction\",\"target\":{\"@type\":\"EntryPoint\",\"urlTemplate\":\"https:\/\/www.fondazionepirelli.org\/it\/?s={search_term_string}\"},\"query-input\":{\"@type\":\"PropertyValueSpecification\",\"valueRequired\":true,\"valueName\":\"search_term_string\"}}],\"inLanguage\":\"it-IT\"},{\"@type\":\"Person\",\"@id\":\"https:\/\/www.fondazionepirelli.org\/it\/#\/schema\/person\/f47d097000832c4a6e54538c791fdf25\",\"name\":\"fondadmin\",\"image\":{\"@type\":\"ImageObject\",\"inLanguage\":\"it-IT\",\"@id\":\"https:\/\/www.fondazionepirelli.org\/it\/#\/schema\/person\/image\/\",\"url\":\"https:\/\/secure.gravatar.com\/avatar\/e69498a9175ca244966e51e53c88712c024fcebe41f9a05f75657f1bb25e489b?s=96&d=mm&r=g\",\"contentUrl\":\"https:\/\/secure.gravatar.com\/avatar\/e69498a9175ca244966e51e53c88712c024fcebe41f9a05f75657f1bb25e489b?s=96&d=mm&r=g\",\"caption\":\"fondadmin\"},\"url\":\"https:\/\/www.fondazionepirelli.org\/it\/author\/fondadmin\/\"}]}<\/script>\n<!-- \/ Yoast SEO plugin. -->","yoast_head_json":{"title":"Riparlare di umanesimo, ricerca e cultura, per dare senso critico all\u2019Intelligenza Artificiale \u00a0 - Fondazione Pirelli","robots":{"index":"index","follow":"follow","max-snippet":"max-snippet:-1","max-image-preview":"max-image-preview:large","max-video-preview":"max-video-preview:-1"},"canonical":"https:\/\/www.fondazionepirelli.org\/it\/cultura-dimpresa\/riparlare-di-umanesimo-ricerca-e-cultura-per-dare-senso-critico-allintelligenza-artificiale\/","og_locale":"it_IT","og_type":"article","og_title":"Riparlare di umanesimo, ricerca e cultura, per dare senso critico all\u2019Intelligenza Artificiale \u00a0 - Fondazione Pirelli","og_description":"\u201cUn umanesimo approfondito e rigenerato \u00e8 necessario se vogliamo anche riumanizzare e rigenerare i nostri paesi, i nostri continenti, il nostro pianeta\u201d, scrive Edgar Morin nelle pagine del suo ultimo libro, \u201cAncora un momento\u201d, pubblicato da Raffaello Cortina, una raccolta di \u201ctesti personali, politici, sociologici, filosofici e letterati\u201d scritti da una delle intelligenze europee pi\u00f9 [&hellip;]","og_url":"https:\/\/www.fondazionepirelli.org\/it\/cultura-dimpresa\/riparlare-di-umanesimo-ricerca-e-cultura-per-dare-senso-critico-allintelligenza-artificiale\/","og_site_name":"Fondazione Pirelli","article_published_time":"2024-02-13T08:51:59+00:00","article_modified_time":"2024-02-16T16:50:57+00:00","og_image":[{"width":2560,"height":1920,"url":"https:\/\/wpsite-assets.fondazionepirelli.org\/wp-content\/uploads\/2024\/02\/13095116\/GettyImages-1206649586-scaled.jpg","type":"image\/jpeg"}],"author":"fondadmin","twitter_card":"summary_large_image","twitter_misc":{"Scritto da":"fondadmin","Tempo di lettura stimato":"5 minuti"},"schema":{"@context":"https:\/\/schema.org","@graph":[{"@type":"WebPage","@id":"https:\/\/www.fondazionepirelli.org\/it\/cultura-dimpresa\/riparlare-di-umanesimo-ricerca-e-cultura-per-dare-senso-critico-allintelligenza-artificiale\/","url":"https:\/\/www.fondazionepirelli.org\/it\/cultura-dimpresa\/riparlare-di-umanesimo-ricerca-e-cultura-per-dare-senso-critico-allintelligenza-artificiale\/","name":"Riparlare di umanesimo, ricerca e cultura, per dare senso critico all\u2019Intelligenza Artificiale \u00a0 - Fondazione Pirelli","isPartOf":{"@id":"https:\/\/www.fondazionepirelli.org\/it\/#website"},"primaryImageOfPage":{"@id":"https:\/\/www.fondazionepirelli.org\/it\/cultura-dimpresa\/riparlare-di-umanesimo-ricerca-e-cultura-per-dare-senso-critico-allintelligenza-artificiale\/#primaryimage"},"image":{"@id":"https:\/\/www.fondazionepirelli.org\/it\/cultura-dimpresa\/riparlare-di-umanesimo-ricerca-e-cultura-per-dare-senso-critico-allintelligenza-artificiale\/#primaryimage"},"thumbnailUrl":"https:\/\/wpsite-assets.fondazionepirelli.org\/wp-content\/uploads\/2024\/02\/13095116\/GettyImages-1206649586-scaled.jpg","datePublished":"2024-02-13T08:51:59+00:00","dateModified":"2024-02-16T16:50:57+00:00","author":{"@id":"https:\/\/www.fondazionepirelli.org\/it\/#\/schema\/person\/f47d097000832c4a6e54538c791fdf25"},"breadcrumb":{"@id":"https:\/\/www.fondazionepirelli.org\/it\/cultura-dimpresa\/riparlare-di-umanesimo-ricerca-e-cultura-per-dare-senso-critico-allintelligenza-artificiale\/#breadcrumb"},"inLanguage":"it-IT","potentialAction":[{"@type":"ReadAction","target":["https:\/\/www.fondazionepirelli.org\/it\/cultura-dimpresa\/riparlare-di-umanesimo-ricerca-e-cultura-per-dare-senso-critico-allintelligenza-artificiale\/"]}]},{"@type":"ImageObject","inLanguage":"it-IT","@id":"https:\/\/www.fondazionepirelli.org\/it\/cultura-dimpresa\/riparlare-di-umanesimo-ricerca-e-cultura-per-dare-senso-critico-allintelligenza-artificiale\/#primaryimage","url":"https:\/\/wpsite-assets.fondazionepirelli.org\/wp-content\/uploads\/2024\/02\/13095116\/GettyImages-1206649586-scaled.jpg","contentUrl":"https:\/\/wpsite-assets.fondazionepirelli.org\/wp-content\/uploads\/2024\/02\/13095116\/GettyImages-1206649586-scaled.jpg","width":2560,"height":1920,"caption":"Virtual mind series. Human head integrated with CPU components on the subject of artificial intelligence, modern technologies and computer science."},{"@type":"BreadcrumbList","@id":"https:\/\/www.fondazionepirelli.org\/it\/cultura-dimpresa\/riparlare-di-umanesimo-ricerca-e-cultura-per-dare-senso-critico-allintelligenza-artificiale\/#breadcrumb","itemListElement":[{"@type":"ListItem","position":1,"name":"Home","item":"https:\/\/www.fondazionepirelli.org\/it\/"},{"@type":"ListItem","position":2,"name":"Riparlare di umanesimo, ricerca e cultura, per dare senso critico all\u2019Intelligenza Artificiale \u00a0"}]},{"@type":"WebSite","@id":"https:\/\/www.fondazionepirelli.org\/it\/#website","url":"https:\/\/www.fondazionepirelli.org\/it\/","name":"Fondazione Pirelli","description":"","potentialAction":[{"@type":"SearchAction","target":{"@type":"EntryPoint","urlTemplate":"https:\/\/www.fondazionepirelli.org\/it\/?s={search_term_string}"},"query-input":{"@type":"PropertyValueSpecification","valueRequired":true,"valueName":"search_term_string"}}],"inLanguage":"it-IT"},{"@type":"Person","@id":"https:\/\/www.fondazionepirelli.org\/it\/#\/schema\/person\/f47d097000832c4a6e54538c791fdf25","name":"fondadmin","image":{"@type":"ImageObject","inLanguage":"it-IT","@id":"https:\/\/www.fondazionepirelli.org\/it\/#\/schema\/person\/image\/","url":"https:\/\/secure.gravatar.com\/avatar\/e69498a9175ca244966e51e53c88712c024fcebe41f9a05f75657f1bb25e489b?s=96&d=mm&r=g","contentUrl":"https:\/\/secure.gravatar.com\/avatar\/e69498a9175ca244966e51e53c88712c024fcebe41f9a05f75657f1bb25e489b?s=96&d=mm&r=g","caption":"fondadmin"},"url":"https:\/\/www.fondazionepirelli.org\/it\/author\/fondadmin\/"}]}},"_links":{"self":[{"href":"https:\/\/www.fondazionepirelli.org\/it\/wp-json\/wp\/v2\/posts\/99379\/"}],"collection":[{"href":"https:\/\/www.fondazionepirelli.org\/it\/wp-json\/wp\/v2\/posts\/"}],"about":[{"href":"https:\/\/www.fondazionepirelli.org\/it\/wp-json\/wp\/v2\/types\/post\/"}],"author":[{"embeddable":true,"href":"https:\/\/www.fondazionepirelli.org\/it\/wp-json\/wp\/v2\/users\/1\/"}],"replies":[{"embeddable":true,"href":"https:\/\/www.fondazionepirelli.org\/it\/wp-json\/wp\/v2\/comments\/?post=99379"}],"version-history":[{"count":6,"href":"https:\/\/www.fondazionepirelli.org\/it\/wp-json\/wp\/v2\/posts\/99379\/revisions\/"}],"predecessor-version":[{"id":99487,"href":"https:\/\/www.fondazionepirelli.org\/it\/wp-json\/wp\/v2\/posts\/99379\/revisions\/99487\/"}],"wp:featuredmedia":[{"embeddable":true,"href":"https:\/\/www.fondazionepirelli.org\/it\/wp-json\/wp\/v2\/media\/99395\/"}],"wp:attachment":[{"href":"https:\/\/www.fondazionepirelli.org\/it\/wp-json\/wp\/v2\/media\/?parent=99379"}],"wp:term":[{"taxonomy":"category","embeddable":true,"href":"https:\/\/www.fondazionepirelli.org\/it\/wp-json\/wp\/v2\/categories\/?post=99379"},{"taxonomy":"post_tag","embeddable":true,"href":"https:\/\/www.fondazionepirelli.org\/it\/wp-json\/wp\/v2\/tags\/?post=99379"}],"curies":[{"name":"wp","href":"https:\/\/api.w.org\/{rel}","templated":true}]}}