{"id":99511,"date":"2024-02-20T10:59:45","date_gmt":"2024-02-20T09:59:45","guid":{"rendered":"https:\/\/www.fondazionepirelli.org\/?p=99511"},"modified":"2024-02-26T15:28:58","modified_gmt":"2024-02-26T14:28:58","slug":"operosita-dimpresa","status":"publish","type":"post","link":"https:\/\/www.fondazionepirelli.org\/it\/cultura-dimpresa\/recensioni-libri\/operosita-dimpresa\/","title":{"rendered":"Operosit\u00e0 d\u2019impresa"},"content":{"rendered":"<p><em>Un libro pubblicato da poco racconta il \u201cquinto capitalismo\u201d italiano<\/em><\/p>\n<p><strong>\u00a0<\/strong><\/p>\n<p>Operosit\u00e0. E poi determinazione, lavoro e impegno. Possono essere molti i vocaboli in grado di indicare la natura dell\u2019essere imprenditori. Questione anche di visione e di progetti da realizzare. E anche di \u201csilenzio\u201d, cio\u00e8 di riservatezza, attenzione al proprio lavoro, cultura del fare e dell\u2019essere e non dell\u2019apparire. Gli esempi non mancano e sono raccontati da Roberto Mania nel suo \u201cCapitalisti sileziosi\u201d, libro appena pubblicato che ha un sottotitolo importante: \u201cLa rivincita delle imprese familiari\u201d. Perch\u00e9 quello \u00e8 il focus delle poco pi\u00f9 di 130 pagine che si leggono agevolmente: tornare a scoprire ruolo e significato delle famiglie imprenditoriali che, spesso senza apparire pi\u00f9 di tanto, hanno fatto la storia dell\u2019industria e dell\u2019economia italiane.<\/p>\n<p>E\u2019 infatti l\u2019Italia delle medie (e anche grandi) imprese perlopi\u00f9 familiari, quella che viene raccontata da Mania. Imprese che delineano un modello i cui protagonisti, quasi senza farsene accorgere, hanno cambiato il tessuto produttivo del Paese permettendogli di competere nelle acque (sempre pi\u00f9) agitate del mondo globalizzato. E\u2019 quello che alcuni chiamano \u201cquinto capitalismo italiano\u201d ci\u00f2 che viene raccontato: un sistema strutturato di medie-grandi imprese, innovative, globalizzate (per quanto radicate nel locale, nei piccoli centri pi\u00f9 che nelle grandi aree urbane), patrimonialmente solide, digitalizzate, tendenzialmente attente all\u2019ambiente, capaci di trascinare con s\u00e9 una larga fetta dei subfornitori di piccola dimensione. E soprattutto, nella stragrande maggioranza dei casi, a salda propriet\u00e0 familiare.<\/p>\n<p>Cultura d\u2019impresa che si fa cultura di famiglia, dunque, e dalla quale arriva complessivamente quasi la met\u00e0 della produzione industriale nazionale. E\u2019 da questo nucleo forte che, poi, deriva gran parte delle oltre quattromila medie-grandi imprese manifatturiere che di fronte alla crisi provocata dalla pandemia hanno dimostrato di saper reagire meglio delle altre, adattandosi pi\u00f9 rapidamente al nuovo scenario, salvaguardando l\u2019occupazione e mantenendo le fabbriche aperte nel segno della resilienza. Tutto \u201clavorando in silenzio\u201d, appunto.<\/p>\n<p>Roberto Mania di questo particolare capitalismo racconta storie e attualit\u00e0 e spiega: \u201cQuesto non \u00e8 il vecchio capitalismo familiare che ritorna. Questa \u00e8 un\u2019altra storia che merita di essere raccontata. Raccontata anche con la voce dei protagonisti\u201d. Ed \u00e8 quello che il libro fa coinvolgendo nomi come Bombassei, Illy, Squinzi, Rana, Marcegaglia, Nocivelli, Bauli, Lunelli, Barilla, Garrone, Scavolini, Vacchi, Ferrero, Bonfiglioli. Tutti caratterizzati da alcuni tratti: parlano poco, disdegnano la politica, non amano la finanza, si sono aperti ai manager esterni, competono con qualit\u00e0 nei mercati globali, concentrandosi sui loro settori tradizionali senza cercare improvvisate diversificazioni, reinvestono gli utili, sono europeisti e antipopulisti, ma non sono i nuovi poteri forti. Cos\u00ec \u2013 dice Mania -, sono riusciti a trasformare (da tempo) le proprie aziende in multinazionali tascabili, rafforzandole e passando finora indenni dalle guerre ereditarie.<\/p><p><strong>Capitalisti silenziosi. La rivincita delle imprese familiari<\/strong><\/p>\n<p>Roberto Mania<\/p>\n<p>Egea, 2024<\/p>","protected":false},"excerpt":{"rendered":"<p>Un libro pubblicato da poco racconta il \u201cquinto capitalismo\u201d italiano \u00a0 Operosit\u00e0. E poi determinazione, lavoro e impegno. Possono essere molti i vocaboli in grado di indicare la natura dell\u2019essere imprenditori. Questione anche di visione e di progetti da realizzare. E anche di \u201csilenzio\u201d, cio\u00e8 di riservatezza, attenzione al proprio lavoro, cultura del fare e [&hellip;]<\/p>\n","protected":false},"author":1,"featured_media":99513,"comment_status":"open","ping_status":"open","sticky":false,"template":"","format":"standard","meta":{"footnotes":""},"categories":[52,58],"tags":[],"class_list":["post-99511","post","type-post","status-publish","format-standard","has-post-thumbnail","hentry","category-cultura-dimpresa","category-recensioni-libri"],"acf":[],"yoast_head":"<!-- This site is optimized with the Yoast SEO plugin v25.0 - https:\/\/yoast.com\/wordpress\/plugins\/seo\/ -->\n<title>Operosit\u00e0 d\u2019impresa - Fondazione Pirelli<\/title>\n<meta name=\"robots\" content=\"index, follow, max-snippet:-1, max-image-preview:large, max-video-preview:-1\" \/>\n<link rel=\"canonical\" href=\"https:\/\/www.fondazionepirelli.org\/it\/cultura-dimpresa\/recensioni-libri\/operosita-dimpresa\/\" \/>\n<meta property=\"og:locale\" content=\"it_IT\" \/>\n<meta property=\"og:type\" content=\"article\" \/>\n<meta property=\"og:title\" content=\"Operosit\u00e0 d\u2019impresa - Fondazione Pirelli\" \/>\n<meta property=\"og:description\" content=\"Un libro pubblicato da poco racconta il \u201cquinto capitalismo\u201d italiano \u00a0 Operosit\u00e0. E poi determinazione, lavoro e impegno. Possono essere molti i vocaboli in grado di indicare la natura dell\u2019essere imprenditori. Questione anche di visione e di progetti da realizzare. E anche di \u201csilenzio\u201d, cio\u00e8 di riservatezza, attenzione al proprio lavoro, cultura del fare e [&hellip;]\" \/>\n<meta property=\"og:url\" content=\"https:\/\/www.fondazionepirelli.org\/it\/cultura-dimpresa\/recensioni-libri\/operosita-dimpresa\/\" \/>\n<meta property=\"og:site_name\" content=\"Fondazione Pirelli\" \/>\n<meta property=\"article:published_time\" content=\"2024-02-20T09:59:45+00:00\" \/>\n<meta property=\"article:modified_time\" content=\"2024-02-26T14:28:58+00:00\" \/>\n<meta property=\"og:image\" content=\"https:\/\/wpsite-assets.fondazionepirelli.org\/wp-content\/uploads\/2024\/02\/19175109\/Capitalisti-silenziosi-scaled.jpg\" \/>\n\t<meta property=\"og:image:width\" content=\"1675\" \/>\n\t<meta property=\"og:image:height\" content=\"2560\" \/>\n\t<meta property=\"og:image:type\" content=\"image\/jpeg\" \/>\n<meta name=\"author\" content=\"fondadmin\" \/>\n<meta name=\"twitter:card\" content=\"summary_large_image\" \/>\n<meta name=\"twitter:label1\" content=\"Scritto da\" \/>\n\t<meta name=\"twitter:data1\" content=\"fondadmin\" \/>\n\t<meta name=\"twitter:label2\" content=\"Tempo di lettura stimato\" \/>\n\t<meta name=\"twitter:data2\" content=\"2 minuti\" \/>\n<script type=\"application\/ld+json\" class=\"yoast-schema-graph\">{\"@context\":\"https:\/\/schema.org\",\"@graph\":[{\"@type\":\"WebPage\",\"@id\":\"https:\/\/www.fondazionepirelli.org\/it\/cultura-dimpresa\/recensioni-libri\/operosita-dimpresa\/\",\"url\":\"https:\/\/www.fondazionepirelli.org\/it\/cultura-dimpresa\/recensioni-libri\/operosita-dimpresa\/\",\"name\":\"Operosit\u00e0 d\u2019impresa - Fondazione Pirelli\",\"isPartOf\":{\"@id\":\"https:\/\/www.fondazionepirelli.org\/it\/#website\"},\"primaryImageOfPage\":{\"@id\":\"https:\/\/www.fondazionepirelli.org\/it\/cultura-dimpresa\/recensioni-libri\/operosita-dimpresa\/#primaryimage\"},\"image\":{\"@id\":\"https:\/\/www.fondazionepirelli.org\/it\/cultura-dimpresa\/recensioni-libri\/operosita-dimpresa\/#primaryimage\"},\"thumbnailUrl\":\"https:\/\/wpsite-assets.fondazionepirelli.org\/wp-content\/uploads\/2024\/02\/19175109\/Capitalisti-silenziosi-scaled.jpg\",\"datePublished\":\"2024-02-20T09:59:45+00:00\",\"dateModified\":\"2024-02-26T14:28:58+00:00\",\"author\":{\"@id\":\"https:\/\/www.fondazionepirelli.org\/it\/#\/schema\/person\/f47d097000832c4a6e54538c791fdf25\"},\"breadcrumb\":{\"@id\":\"https:\/\/www.fondazionepirelli.org\/it\/cultura-dimpresa\/recensioni-libri\/operosita-dimpresa\/#breadcrumb\"},\"inLanguage\":\"it-IT\",\"potentialAction\":[{\"@type\":\"ReadAction\",\"target\":[\"https:\/\/www.fondazionepirelli.org\/it\/cultura-dimpresa\/recensioni-libri\/operosita-dimpresa\/\"]}]},{\"@type\":\"ImageObject\",\"inLanguage\":\"it-IT\",\"@id\":\"https:\/\/www.fondazionepirelli.org\/it\/cultura-dimpresa\/recensioni-libri\/operosita-dimpresa\/#primaryimage\",\"url\":\"https:\/\/wpsite-assets.fondazionepirelli.org\/wp-content\/uploads\/2024\/02\/19175109\/Capitalisti-silenziosi-scaled.jpg\",\"contentUrl\":\"https:\/\/wpsite-assets.fondazionepirelli.org\/wp-content\/uploads\/2024\/02\/19175109\/Capitalisti-silenziosi-scaled.jpg\",\"width\":1675,\"height\":2560},{\"@type\":\"BreadcrumbList\",\"@id\":\"https:\/\/www.fondazionepirelli.org\/it\/cultura-dimpresa\/recensioni-libri\/operosita-dimpresa\/#breadcrumb\",\"itemListElement\":[{\"@type\":\"ListItem\",\"position\":1,\"name\":\"Home\",\"item\":\"https:\/\/www.fondazionepirelli.org\/it\/\"},{\"@type\":\"ListItem\",\"position\":2,\"name\":\"Operosit\u00e0 d\u2019impresa\"}]},{\"@type\":\"WebSite\",\"@id\":\"https:\/\/www.fondazionepirelli.org\/it\/#website\",\"url\":\"https:\/\/www.fondazionepirelli.org\/it\/\",\"name\":\"Fondazione Pirelli\",\"description\":\"\",\"potentialAction\":[{\"@type\":\"SearchAction\",\"target\":{\"@type\":\"EntryPoint\",\"urlTemplate\":\"https:\/\/www.fondazionepirelli.org\/it\/?s={search_term_string}\"},\"query-input\":{\"@type\":\"PropertyValueSpecification\",\"valueRequired\":true,\"valueName\":\"search_term_string\"}}],\"inLanguage\":\"it-IT\"},{\"@type\":\"Person\",\"@id\":\"https:\/\/www.fondazionepirelli.org\/it\/#\/schema\/person\/f47d097000832c4a6e54538c791fdf25\",\"name\":\"fondadmin\",\"image\":{\"@type\":\"ImageObject\",\"inLanguage\":\"it-IT\",\"@id\":\"https:\/\/www.fondazionepirelli.org\/it\/#\/schema\/person\/image\/\",\"url\":\"https:\/\/secure.gravatar.com\/avatar\/e69498a9175ca244966e51e53c88712c024fcebe41f9a05f75657f1bb25e489b?s=96&d=mm&r=g\",\"contentUrl\":\"https:\/\/secure.gravatar.com\/avatar\/e69498a9175ca244966e51e53c88712c024fcebe41f9a05f75657f1bb25e489b?s=96&d=mm&r=g\",\"caption\":\"fondadmin\"},\"url\":\"https:\/\/www.fondazionepirelli.org\/it\/author\/fondadmin\/\"}]}<\/script>\n<!-- \/ Yoast SEO plugin. -->","yoast_head_json":{"title":"Operosit\u00e0 d\u2019impresa - Fondazione Pirelli","robots":{"index":"index","follow":"follow","max-snippet":"max-snippet:-1","max-image-preview":"max-image-preview:large","max-video-preview":"max-video-preview:-1"},"canonical":"https:\/\/www.fondazionepirelli.org\/it\/cultura-dimpresa\/recensioni-libri\/operosita-dimpresa\/","og_locale":"it_IT","og_type":"article","og_title":"Operosit\u00e0 d\u2019impresa - Fondazione Pirelli","og_description":"Un libro pubblicato da poco racconta il \u201cquinto capitalismo\u201d italiano \u00a0 Operosit\u00e0. E poi determinazione, lavoro e impegno. Possono essere molti i vocaboli in grado di indicare la natura dell\u2019essere imprenditori. Questione anche di visione e di progetti da realizzare. E anche di \u201csilenzio\u201d, cio\u00e8 di riservatezza, attenzione al proprio lavoro, cultura del fare e [&hellip;]","og_url":"https:\/\/www.fondazionepirelli.org\/it\/cultura-dimpresa\/recensioni-libri\/operosita-dimpresa\/","og_site_name":"Fondazione Pirelli","article_published_time":"2024-02-20T09:59:45+00:00","article_modified_time":"2024-02-26T14:28:58+00:00","og_image":[{"width":1675,"height":2560,"url":"https:\/\/wpsite-assets.fondazionepirelli.org\/wp-content\/uploads\/2024\/02\/19175109\/Capitalisti-silenziosi-scaled.jpg","type":"image\/jpeg"}],"author":"fondadmin","twitter_card":"summary_large_image","twitter_misc":{"Scritto da":"fondadmin","Tempo di lettura stimato":"2 minuti"},"schema":{"@context":"https:\/\/schema.org","@graph":[{"@type":"WebPage","@id":"https:\/\/www.fondazionepirelli.org\/it\/cultura-dimpresa\/recensioni-libri\/operosita-dimpresa\/","url":"https:\/\/www.fondazionepirelli.org\/it\/cultura-dimpresa\/recensioni-libri\/operosita-dimpresa\/","name":"Operosit\u00e0 d\u2019impresa - Fondazione Pirelli","isPartOf":{"@id":"https:\/\/www.fondazionepirelli.org\/it\/#website"},"primaryImageOfPage":{"@id":"https:\/\/www.fondazionepirelli.org\/it\/cultura-dimpresa\/recensioni-libri\/operosita-dimpresa\/#primaryimage"},"image":{"@id":"https:\/\/www.fondazionepirelli.org\/it\/cultura-dimpresa\/recensioni-libri\/operosita-dimpresa\/#primaryimage"},"thumbnailUrl":"https:\/\/wpsite-assets.fondazionepirelli.org\/wp-content\/uploads\/2024\/02\/19175109\/Capitalisti-silenziosi-scaled.jpg","datePublished":"2024-02-20T09:59:45+00:00","dateModified":"2024-02-26T14:28:58+00:00","author":{"@id":"https:\/\/www.fondazionepirelli.org\/it\/#\/schema\/person\/f47d097000832c4a6e54538c791fdf25"},"breadcrumb":{"@id":"https:\/\/www.fondazionepirelli.org\/it\/cultura-dimpresa\/recensioni-libri\/operosita-dimpresa\/#breadcrumb"},"inLanguage":"it-IT","potentialAction":[{"@type":"ReadAction","target":["https:\/\/www.fondazionepirelli.org\/it\/cultura-dimpresa\/recensioni-libri\/operosita-dimpresa\/"]}]},{"@type":"ImageObject","inLanguage":"it-IT","@id":"https:\/\/www.fondazionepirelli.org\/it\/cultura-dimpresa\/recensioni-libri\/operosita-dimpresa\/#primaryimage","url":"https:\/\/wpsite-assets.fondazionepirelli.org\/wp-content\/uploads\/2024\/02\/19175109\/Capitalisti-silenziosi-scaled.jpg","contentUrl":"https:\/\/wpsite-assets.fondazionepirelli.org\/wp-content\/uploads\/2024\/02\/19175109\/Capitalisti-silenziosi-scaled.jpg","width":1675,"height":2560},{"@type":"BreadcrumbList","@id":"https:\/\/www.fondazionepirelli.org\/it\/cultura-dimpresa\/recensioni-libri\/operosita-dimpresa\/#breadcrumb","itemListElement":[{"@type":"ListItem","position":1,"name":"Home","item":"https:\/\/www.fondazionepirelli.org\/it\/"},{"@type":"ListItem","position":2,"name":"Operosit\u00e0 d\u2019impresa"}]},{"@type":"WebSite","@id":"https:\/\/www.fondazionepirelli.org\/it\/#website","url":"https:\/\/www.fondazionepirelli.org\/it\/","name":"Fondazione Pirelli","description":"","potentialAction":[{"@type":"SearchAction","target":{"@type":"EntryPoint","urlTemplate":"https:\/\/www.fondazionepirelli.org\/it\/?s={search_term_string}"},"query-input":{"@type":"PropertyValueSpecification","valueRequired":true,"valueName":"search_term_string"}}],"inLanguage":"it-IT"},{"@type":"Person","@id":"https:\/\/www.fondazionepirelli.org\/it\/#\/schema\/person\/f47d097000832c4a6e54538c791fdf25","name":"fondadmin","image":{"@type":"ImageObject","inLanguage":"it-IT","@id":"https:\/\/www.fondazionepirelli.org\/it\/#\/schema\/person\/image\/","url":"https:\/\/secure.gravatar.com\/avatar\/e69498a9175ca244966e51e53c88712c024fcebe41f9a05f75657f1bb25e489b?s=96&d=mm&r=g","contentUrl":"https:\/\/secure.gravatar.com\/avatar\/e69498a9175ca244966e51e53c88712c024fcebe41f9a05f75657f1bb25e489b?s=96&d=mm&r=g","caption":"fondadmin"},"url":"https:\/\/www.fondazionepirelli.org\/it\/author\/fondadmin\/"}]}},"_links":{"self":[{"href":"https:\/\/www.fondazionepirelli.org\/it\/wp-json\/wp\/v2\/posts\/99511\/"}],"collection":[{"href":"https:\/\/www.fondazionepirelli.org\/it\/wp-json\/wp\/v2\/posts\/"}],"about":[{"href":"https:\/\/www.fondazionepirelli.org\/it\/wp-json\/wp\/v2\/types\/post\/"}],"author":[{"embeddable":true,"href":"https:\/\/www.fondazionepirelli.org\/it\/wp-json\/wp\/v2\/users\/1\/"}],"replies":[{"embeddable":true,"href":"https:\/\/www.fondazionepirelli.org\/it\/wp-json\/wp\/v2\/comments\/?post=99511"}],"version-history":[{"count":1,"href":"https:\/\/www.fondazionepirelli.org\/it\/wp-json\/wp\/v2\/posts\/99511\/revisions\/"}],"predecessor-version":[{"id":99512,"href":"https:\/\/www.fondazionepirelli.org\/it\/wp-json\/wp\/v2\/posts\/99511\/revisions\/99512\/"}],"wp:featuredmedia":[{"embeddable":true,"href":"https:\/\/www.fondazionepirelli.org\/it\/wp-json\/wp\/v2\/media\/99513\/"}],"wp:attachment":[{"href":"https:\/\/www.fondazionepirelli.org\/it\/wp-json\/wp\/v2\/media\/?parent=99511"}],"wp:term":[{"taxonomy":"category","embeddable":true,"href":"https:\/\/www.fondazionepirelli.org\/it\/wp-json\/wp\/v2\/categories\/?post=99511"},{"taxonomy":"post_tag","embeddable":true,"href":"https:\/\/www.fondazionepirelli.org\/it\/wp-json\/wp\/v2\/tags\/?post=99511"}],"curies":[{"name":"wp","href":"https:\/\/api.w.org\/{rel}","templated":true}]}}