{"id":99551,"date":"2024-02-27T10:15:59","date_gmt":"2024-02-27T09:15:59","guid":{"rendered":"https:\/\/www.fondazionepirelli.org\/?p=99551"},"modified":"2024-02-27T10:16:00","modified_gmt":"2024-02-27T09:16:00","slug":"cultura-del-distretto-industriale","status":"publish","type":"post","link":"https:\/\/www.fondazionepirelli.org\/it\/cultura-dimpresa\/cultura-del-distretto-industriale\/","title":{"rendered":"Cultura del distretto industriale"},"content":{"rendered":"<p><em>Una ricerca condotta tra Ca\u2019 Foscari e Universit\u00e0 di Padova delinea l\u2019evoluzione di una forma di organizzazione della produzione e del territorio ancora oggi originale<\/em><\/p><p>Imprese e territori che arrivano ad essere un tutt\u2019uno produttivo e sociale. Esperimento di economia diventato realt\u00e0 in numerosi luoghi della Penisola, quello dei distretti industriali italiani \u00e8 diventato ormai un esempio di cultura d\u2019impresa diffusa, di costruzione economica e sociale che ha dato molti frutti. E che continua a svilupparsi, magari non in quantit\u00e0 ma in qualit\u00e0. E\u2019 attorno a questo tema che hanno ragionato Giancarlo Cor\u00f2 e Roberto Grandinetti (rispettivamente del dipartimento di economia di Ca\u2019 Foscari e del dipartimento di scienze economiche e aziendali dell\u2019Universit\u00e0 di Padova), con il loro intervento pubblicato da poco in Economia e Societ\u00e0 Regionale.<\/p>\n<p>\u201cI distretti industriali nelle trasformazioni dell\u2019economia italiana: dalla crescita estensiva alle sfide della nuova globalizzazione\u201d \u00e8 un\u2019analisi a tutto tondo del fenomeno dei distretti industriali in Italia, dallo loro crescita in termini \u201cestensivi\u201d allo loro sviluppo in termini \u201cqualitativi\u201d. Si tratta, in altre parole, di un\u2019indagine sui distretti industriali lungo un percorso storico ed economico che va dalla loro la nascita e crescita fino al loro sviluppo qualitativo alle prese con la globalizzazione.<\/p>\n<p>Dalla grande trasformazione dell\u2019economia italiana, Cor\u00f2 e Grandinetti arrivano quindi ai giorni nostri, sommando all\u2019esame degli elementi costitutivi dei distretti (imprese, territorio, persone, capacit\u00e0 di fare), anche le novit\u00e0 degli ultimi tempi: non solo gli effetti generali della globalizzazione, ma anche le nuove tecnologie e la necessit\u00e0 di una costante attenzione agli aspetti sociali compresi quelli legati alla formazione e alla conoscenza. Ed \u00e8 proprio dall\u2019attenzione posta sull\u2019unione delle caratteristiche originali dei distretti con i nuovi elementi che ne connotano l\u2019attivit\u00e0, che nasce l\u2019originalit\u00e0 della ricerca di Cor\u00f2 e Grandinetti.<\/p>\n<p>Si delinea cos\u00ec il profilo di un distretto industriale italiano capace non solo di resistere alle nuove spinte economiche e sociali, ma anche di innovarsi e svilupparsi dal punto di vista qualitativo e umano. Il distretto industriale italiano evolvendosi senza perdere le caratteristiche originali che gli sono proprie, delinea un cultura d\u2019impresa capace di aggiornarsi e migliorarsi.<\/p><p><a href=\"https:\/\/www.francoangeli.it\/riviste\/Scheda_rivista.aspx?IDArticolo=74630\"><strong>I distretti industriali nelle trasformazioni dell\u2019economia italiana: dalla crescita estensiva alle sfide della nuova globalizzazione\u00a0<\/strong><\/a><\/p>\n<p>Giancarlo Cor\u00f2, Roberto Grandinetti<br \/>\nEconomia e Societ\u00e0 Regionale, 2023\/2<\/p>","protected":false},"excerpt":{"rendered":"<p>Una ricerca condotta tra Ca\u2019 Foscari e Universit\u00e0 di Padova delinea l\u2019evoluzione di una forma di organizzazione della produzione e del territorio ancora oggi originaleImprese e territori che arrivano ad essere un tutt\u2019uno produttivo e sociale. Esperimento di economia diventato realt\u00e0 in numerosi luoghi della Penisola, quello dei distretti industriali italiani \u00e8 diventato ormai un [&hellip;]<\/p>\n","protected":false},"author":1,"featured_media":0,"comment_status":"open","ping_status":"open","sticky":false,"template":"","format":"standard","meta":{"footnotes":""},"categories":[54,52],"tags":[],"class_list":["post-99551","post","type-post","status-publish","format-standard","hentry","category-approfondimenti","category-cultura-dimpresa"],"acf":[],"yoast_head":"<!-- This site is optimized with the Yoast SEO plugin v25.0 - https:\/\/yoast.com\/wordpress\/plugins\/seo\/ -->\n<title>Cultura del distretto industriale - Fondazione Pirelli<\/title>\n<meta name=\"robots\" content=\"index, follow, max-snippet:-1, max-image-preview:large, max-video-preview:-1\" \/>\n<link rel=\"canonical\" href=\"https:\/\/www.fondazionepirelli.org\/it\/cultura-dimpresa\/cultura-del-distretto-industriale\/\" \/>\n<meta property=\"og:locale\" content=\"it_IT\" \/>\n<meta property=\"og:type\" content=\"article\" \/>\n<meta property=\"og:title\" content=\"Cultura del distretto industriale - Fondazione Pirelli\" \/>\n<meta property=\"og:description\" content=\"Una ricerca condotta tra Ca\u2019 Foscari e Universit\u00e0 di Padova delinea l\u2019evoluzione di una forma di organizzazione della produzione e del territorio ancora oggi originaleImprese e territori che arrivano ad essere un tutt\u2019uno produttivo e sociale. Esperimento di economia diventato realt\u00e0 in numerosi luoghi della Penisola, quello dei distretti industriali italiani \u00e8 diventato ormai un [&hellip;]\" \/>\n<meta property=\"og:url\" content=\"https:\/\/www.fondazionepirelli.org\/it\/cultura-dimpresa\/cultura-del-distretto-industriale\/\" \/>\n<meta property=\"og:site_name\" content=\"Fondazione Pirelli\" \/>\n<meta property=\"article:published_time\" content=\"2024-02-27T09:15:59+00:00\" \/>\n<meta property=\"article:modified_time\" content=\"2024-02-27T09:16:00+00:00\" \/>\n<meta name=\"author\" content=\"fondadmin\" \/>\n<meta name=\"twitter:card\" content=\"summary_large_image\" \/>\n<meta name=\"twitter:label1\" content=\"Scritto da\" \/>\n\t<meta name=\"twitter:data1\" content=\"fondadmin\" \/>\n\t<meta name=\"twitter:label2\" content=\"Tempo di lettura stimato\" \/>\n\t<meta name=\"twitter:data2\" content=\"2 minuti\" \/>\n<script type=\"application\/ld+json\" class=\"yoast-schema-graph\">{\"@context\":\"https:\/\/schema.org\",\"@graph\":[{\"@type\":\"WebPage\",\"@id\":\"https:\/\/www.fondazionepirelli.org\/it\/cultura-dimpresa\/cultura-del-distretto-industriale\/\",\"url\":\"https:\/\/www.fondazionepirelli.org\/it\/cultura-dimpresa\/cultura-del-distretto-industriale\/\",\"name\":\"Cultura del distretto industriale - Fondazione Pirelli\",\"isPartOf\":{\"@id\":\"https:\/\/www.fondazionepirelli.org\/it\/#website\"},\"datePublished\":\"2024-02-27T09:15:59+00:00\",\"dateModified\":\"2024-02-27T09:16:00+00:00\",\"author\":{\"@id\":\"https:\/\/www.fondazionepirelli.org\/it\/#\/schema\/person\/f47d097000832c4a6e54538c791fdf25\"},\"breadcrumb\":{\"@id\":\"https:\/\/www.fondazionepirelli.org\/it\/cultura-dimpresa\/cultura-del-distretto-industriale\/#breadcrumb\"},\"inLanguage\":\"it-IT\",\"potentialAction\":[{\"@type\":\"ReadAction\",\"target\":[\"https:\/\/www.fondazionepirelli.org\/it\/cultura-dimpresa\/cultura-del-distretto-industriale\/\"]}]},{\"@type\":\"BreadcrumbList\",\"@id\":\"https:\/\/www.fondazionepirelli.org\/it\/cultura-dimpresa\/cultura-del-distretto-industriale\/#breadcrumb\",\"itemListElement\":[{\"@type\":\"ListItem\",\"position\":1,\"name\":\"Home\",\"item\":\"https:\/\/www.fondazionepirelli.org\/it\/\"},{\"@type\":\"ListItem\",\"position\":2,\"name\":\"Cultura del distretto industriale\"}]},{\"@type\":\"WebSite\",\"@id\":\"https:\/\/www.fondazionepirelli.org\/it\/#website\",\"url\":\"https:\/\/www.fondazionepirelli.org\/it\/\",\"name\":\"Fondazione Pirelli\",\"description\":\"\",\"potentialAction\":[{\"@type\":\"SearchAction\",\"target\":{\"@type\":\"EntryPoint\",\"urlTemplate\":\"https:\/\/www.fondazionepirelli.org\/it\/?s={search_term_string}\"},\"query-input\":{\"@type\":\"PropertyValueSpecification\",\"valueRequired\":true,\"valueName\":\"search_term_string\"}}],\"inLanguage\":\"it-IT\"},{\"@type\":\"Person\",\"@id\":\"https:\/\/www.fondazionepirelli.org\/it\/#\/schema\/person\/f47d097000832c4a6e54538c791fdf25\",\"name\":\"fondadmin\",\"image\":{\"@type\":\"ImageObject\",\"inLanguage\":\"it-IT\",\"@id\":\"https:\/\/www.fondazionepirelli.org\/it\/#\/schema\/person\/image\/\",\"url\":\"https:\/\/secure.gravatar.com\/avatar\/e69498a9175ca244966e51e53c88712c024fcebe41f9a05f75657f1bb25e489b?s=96&d=mm&r=g\",\"contentUrl\":\"https:\/\/secure.gravatar.com\/avatar\/e69498a9175ca244966e51e53c88712c024fcebe41f9a05f75657f1bb25e489b?s=96&d=mm&r=g\",\"caption\":\"fondadmin\"},\"url\":\"https:\/\/www.fondazionepirelli.org\/it\/author\/fondadmin\/\"}]}<\/script>\n<!-- \/ Yoast SEO plugin. -->","yoast_head_json":{"title":"Cultura del distretto industriale - Fondazione Pirelli","robots":{"index":"index","follow":"follow","max-snippet":"max-snippet:-1","max-image-preview":"max-image-preview:large","max-video-preview":"max-video-preview:-1"},"canonical":"https:\/\/www.fondazionepirelli.org\/it\/cultura-dimpresa\/cultura-del-distretto-industriale\/","og_locale":"it_IT","og_type":"article","og_title":"Cultura del distretto industriale - Fondazione Pirelli","og_description":"Una ricerca condotta tra Ca\u2019 Foscari e Universit\u00e0 di Padova delinea l\u2019evoluzione di una forma di organizzazione della produzione e del territorio ancora oggi originaleImprese e territori che arrivano ad essere un tutt\u2019uno produttivo e sociale. Esperimento di economia diventato realt\u00e0 in numerosi luoghi della Penisola, quello dei distretti industriali italiani \u00e8 diventato ormai un [&hellip;]","og_url":"https:\/\/www.fondazionepirelli.org\/it\/cultura-dimpresa\/cultura-del-distretto-industriale\/","og_site_name":"Fondazione Pirelli","article_published_time":"2024-02-27T09:15:59+00:00","article_modified_time":"2024-02-27T09:16:00+00:00","author":"fondadmin","twitter_card":"summary_large_image","twitter_misc":{"Scritto da":"fondadmin","Tempo di lettura stimato":"2 minuti"},"schema":{"@context":"https:\/\/schema.org","@graph":[{"@type":"WebPage","@id":"https:\/\/www.fondazionepirelli.org\/it\/cultura-dimpresa\/cultura-del-distretto-industriale\/","url":"https:\/\/www.fondazionepirelli.org\/it\/cultura-dimpresa\/cultura-del-distretto-industriale\/","name":"Cultura del distretto industriale - Fondazione Pirelli","isPartOf":{"@id":"https:\/\/www.fondazionepirelli.org\/it\/#website"},"datePublished":"2024-02-27T09:15:59+00:00","dateModified":"2024-02-27T09:16:00+00:00","author":{"@id":"https:\/\/www.fondazionepirelli.org\/it\/#\/schema\/person\/f47d097000832c4a6e54538c791fdf25"},"breadcrumb":{"@id":"https:\/\/www.fondazionepirelli.org\/it\/cultura-dimpresa\/cultura-del-distretto-industriale\/#breadcrumb"},"inLanguage":"it-IT","potentialAction":[{"@type":"ReadAction","target":["https:\/\/www.fondazionepirelli.org\/it\/cultura-dimpresa\/cultura-del-distretto-industriale\/"]}]},{"@type":"BreadcrumbList","@id":"https:\/\/www.fondazionepirelli.org\/it\/cultura-dimpresa\/cultura-del-distretto-industriale\/#breadcrumb","itemListElement":[{"@type":"ListItem","position":1,"name":"Home","item":"https:\/\/www.fondazionepirelli.org\/it\/"},{"@type":"ListItem","position":2,"name":"Cultura del distretto industriale"}]},{"@type":"WebSite","@id":"https:\/\/www.fondazionepirelli.org\/it\/#website","url":"https:\/\/www.fondazionepirelli.org\/it\/","name":"Fondazione Pirelli","description":"","potentialAction":[{"@type":"SearchAction","target":{"@type":"EntryPoint","urlTemplate":"https:\/\/www.fondazionepirelli.org\/it\/?s={search_term_string}"},"query-input":{"@type":"PropertyValueSpecification","valueRequired":true,"valueName":"search_term_string"}}],"inLanguage":"it-IT"},{"@type":"Person","@id":"https:\/\/www.fondazionepirelli.org\/it\/#\/schema\/person\/f47d097000832c4a6e54538c791fdf25","name":"fondadmin","image":{"@type":"ImageObject","inLanguage":"it-IT","@id":"https:\/\/www.fondazionepirelli.org\/it\/#\/schema\/person\/image\/","url":"https:\/\/secure.gravatar.com\/avatar\/e69498a9175ca244966e51e53c88712c024fcebe41f9a05f75657f1bb25e489b?s=96&d=mm&r=g","contentUrl":"https:\/\/secure.gravatar.com\/avatar\/e69498a9175ca244966e51e53c88712c024fcebe41f9a05f75657f1bb25e489b?s=96&d=mm&r=g","caption":"fondadmin"},"url":"https:\/\/www.fondazionepirelli.org\/it\/author\/fondadmin\/"}]}},"_links":{"self":[{"href":"https:\/\/www.fondazionepirelli.org\/it\/wp-json\/wp\/v2\/posts\/99551\/"}],"collection":[{"href":"https:\/\/www.fondazionepirelli.org\/it\/wp-json\/wp\/v2\/posts\/"}],"about":[{"href":"https:\/\/www.fondazionepirelli.org\/it\/wp-json\/wp\/v2\/types\/post\/"}],"author":[{"embeddable":true,"href":"https:\/\/www.fondazionepirelli.org\/it\/wp-json\/wp\/v2\/users\/1\/"}],"replies":[{"embeddable":true,"href":"https:\/\/www.fondazionepirelli.org\/it\/wp-json\/wp\/v2\/comments\/?post=99551"}],"version-history":[{"count":1,"href":"https:\/\/www.fondazionepirelli.org\/it\/wp-json\/wp\/v2\/posts\/99551\/revisions\/"}],"predecessor-version":[{"id":99552,"href":"https:\/\/www.fondazionepirelli.org\/it\/wp-json\/wp\/v2\/posts\/99551\/revisions\/99552\/"}],"wp:attachment":[{"href":"https:\/\/www.fondazionepirelli.org\/it\/wp-json\/wp\/v2\/media\/?parent=99551"}],"wp:term":[{"taxonomy":"category","embeddable":true,"href":"https:\/\/www.fondazionepirelli.org\/it\/wp-json\/wp\/v2\/categories\/?post=99551"},{"taxonomy":"post_tag","embeddable":true,"href":"https:\/\/www.fondazionepirelli.org\/it\/wp-json\/wp\/v2\/tags\/?post=99551"}],"curies":[{"name":"wp","href":"https:\/\/api.w.org\/{rel}","templated":true}]}}