{"id":99766,"date":"2024-03-12T10:01:30","date_gmt":"2024-03-12T09:01:30","guid":{"rendered":"https:\/\/www.fondazionepirelli.org\/?p=99766"},"modified":"2024-03-12T10:01:30","modified_gmt":"2024-03-12T09:01:30","slug":"machina-sapiens-vs-homo-sapiens","status":"publish","type":"post","link":"https:\/\/www.fondazionepirelli.org\/it\/cultura-dimpresa\/machina-sapiens-vs-homo-sapiens\/","title":{"rendered":"Machina sapiens vs Homo sapiens?"},"content":{"rendered":"<p><em>Appena pubblicato un libro che fa ragionare sui grandi temi posti dall\u2019Intelligenza Artificiale e il nostro futuro<\/em><\/p><p>Macchine che pensano davvero. E\u2019 questo il punto al quale alcuni sono convinti manchi davvero pochissimo (mentre altri continuano ad avere notevoli dubbi). Macchine, comunque, create dall\u2019uomo che presto potrebbero non solo sostituirlo in numerose mansioni ma porsi come creature alternative. Mai come oggi, sul tema dell\u2019Intelligenza Artificiale il mondo \u2013 dell\u2019economia e non \u2013 si divide, pone numerosi dubbi ai quali affianca altrettanti sogni. Mai come adesso \u00e8 necessario capire. Leggere \u201cMachina sapiens. L\u2019algoritmo che ci ha rubato il segreto della conoscenza\u201d scritto da Nello Cristianini (che insegna Intelligenza Artificiale all\u2019Universit\u00e0 di Bath), aiuta certamente a comprendere, a farsi pi\u00f9 di un\u2019idea (precisa) e, soprattutto, a ragionare forti di un solido bagaglio di conoscenze.<\/p>\n<p>Cristianini in poche pagine riesce a fornire l\u2019intera cassetta degli attrezzi di base che serve per affrontare con avvedutezza un tema complesso e in continuo cambiamento. A partire da una considerazione: l\u2019intelligenza delle macchine nasce dall\u2019interazione di un meccanismo matematico con una quantit\u00e0 straordinaria di testi \u201cche nessuno ha mai provato a connettere e distillare prima\u201d. La conseguenza di tutto questo non \u00e8 solo un linguaggio ma un \u201cmodello del mondo le cui abilit\u00e0 sono ancora inesplorate e inspiegate\u201d. Da qui nascono tutte le incognite. Da qui nasce il grande fascino delle macchine intelligenti ma anche tutto l\u2019apparato di dubbi che queste determinano. E che il libro cerca quanto meno di ordinare se non di risolvere.<\/p>\n<p>Per affrontare il tema Cristianini parte (giustamente) da Alan Turing, di fatto il padre dell\u2019informatica che negli anni Cinquanta dello scorso secolo si \u00e8 chiesto se le macchine potessero pensare. Da l\u00ec l\u2019autore del libro arriva a considerare quanto accade oggi e cio\u00e8 che i nuovi agenti intelligenti come ChatGPT si sono rivelati capaci di svolgere compiti che vanno molto oltre le intenzioni iniziali dei loro creatori. Perch\u00e9, sottolinea Cristianini, se queste macchine sono state addestrate per alcune abilit\u00e0, altre sono emerse spontaneamente mentre leggevano migliaia di libri e milioni di pagine web.<br \/>\nLa narrazione si basa su una triade di attori: gli scienziati (e cio\u00e8 chi ha progettato e creato le macchine), le persone (e quindi chi nella quotidianit\u00e0 sta iniziando a confrontarsi con queste macchine), le macchine stesse (che sempre di pi\u00f9 si palesano come esseri intelligenti). Nell\u2019epilogo al libro Cristianini non pone delle conclusioni ma delle domande e delle suggestioni. Come quella relativa al raggiungimento della cosiddetta \u201cmassa critica\u201d e cio\u00e8 \u201cla possibilit\u00e0 che ci sia una soglia di dimensioni oltre cui le prestazioni della macchina intelligente iniziano ad accelerare\u201d. Oppure , quella relativa al fatto che, una volta avviato, il percorso che le macchine intelligenti sono in grado di compiere le porterebbe rapidamente a \u201csuperare le nostre deboli capacit\u00e0\u201d. Cristianini parla poi di \u201cabilit\u00e0 emergenti\u201d che pongono l\u2019uomo di fronte alla domanda su cosa potr\u00e0 accadergli domani (anche in termini economici e lavorativi oltre che sociali). Sempre nell\u2019epilogo, l\u2019autore ricorda il ruolo determinante delle regole e quindi della politica saggia anche di fronte alle macchine in grado di pensare.<\/p>\n<p>Il libro di Nello Cristianini non fornisce certezze e nemmeno risposte definitive. Ed \u00e8 proprio questo il suo gran pregio: aiuta chi legge a pensare (nonostante le macchine intelligenti).<\/p><p><strong>Machina sapiens. L\u2019algoritmo che ci ha rubato il segreto della conoscenza<\/strong><\/p>\n<p>Nello Cristianini<\/p>\n<p>il Mulino, 2024<\/p>","protected":false},"excerpt":{"rendered":"<p>Appena pubblicato un libro che fa ragionare sui grandi temi posti dall\u2019Intelligenza Artificiale e il nostro futuroMacchine che pensano davvero. E\u2019 questo il punto al quale alcuni sono convinti manchi davvero pochissimo (mentre altri continuano ad avere notevoli dubbi). Macchine, comunque, create dall\u2019uomo che presto potrebbero non solo sostituirlo in numerose mansioni ma porsi come [&hellip;]<\/p>\n","protected":false},"author":1,"featured_media":99768,"comment_status":"open","ping_status":"open","sticky":false,"template":"","format":"standard","meta":{"footnotes":""},"categories":[52,58],"tags":[],"class_list":["post-99766","post","type-post","status-publish","format-standard","has-post-thumbnail","hentry","category-cultura-dimpresa","category-recensioni-libri"],"acf":[],"yoast_head":"<!-- This site is optimized with the Yoast SEO plugin v25.0 - https:\/\/yoast.com\/wordpress\/plugins\/seo\/ -->\n<title>Machina sapiens vs Homo sapiens? - Fondazione Pirelli<\/title>\n<meta name=\"robots\" content=\"index, follow, max-snippet:-1, max-image-preview:large, max-video-preview:-1\" \/>\n<link rel=\"canonical\" href=\"https:\/\/www.fondazionepirelli.org\/it\/cultura-dimpresa\/machina-sapiens-vs-homo-sapiens\/\" \/>\n<meta property=\"og:locale\" content=\"it_IT\" \/>\n<meta property=\"og:type\" content=\"article\" \/>\n<meta property=\"og:title\" content=\"Machina sapiens vs Homo sapiens? - Fondazione Pirelli\" \/>\n<meta property=\"og:description\" content=\"Appena pubblicato un libro che fa ragionare sui grandi temi posti dall\u2019Intelligenza Artificiale e il nostro futuroMacchine che pensano davvero. E\u2019 questo il punto al quale alcuni sono convinti manchi davvero pochissimo (mentre altri continuano ad avere notevoli dubbi). Macchine, comunque, create dall\u2019uomo che presto potrebbero non solo sostituirlo in numerose mansioni ma porsi come [&hellip;]\" \/>\n<meta property=\"og:url\" content=\"https:\/\/www.fondazionepirelli.org\/it\/cultura-dimpresa\/machina-sapiens-vs-homo-sapiens\/\" \/>\n<meta property=\"og:site_name\" content=\"Fondazione Pirelli\" \/>\n<meta property=\"article:published_time\" content=\"2024-03-12T09:01:30+00:00\" \/>\n<meta property=\"og:image\" content=\"https:\/\/wpsite-assets.fondazionepirelli.org\/wp-content\/uploads\/2024\/03\/11153412\/IMG_0059.jpeg\" \/>\n\t<meta property=\"og:image:width\" content=\"956\" \/>\n\t<meta property=\"og:image:height\" content=\"1500\" \/>\n\t<meta property=\"og:image:type\" content=\"image\/jpeg\" \/>\n<meta name=\"author\" content=\"fondadmin\" \/>\n<meta name=\"twitter:card\" content=\"summary_large_image\" \/>\n<meta name=\"twitter:label1\" content=\"Scritto da\" \/>\n\t<meta name=\"twitter:data1\" content=\"fondadmin\" \/>\n\t<meta name=\"twitter:label2\" content=\"Tempo di lettura stimato\" \/>\n\t<meta name=\"twitter:data2\" content=\"3 minuti\" \/>\n<script type=\"application\/ld+json\" class=\"yoast-schema-graph\">{\"@context\":\"https:\/\/schema.org\",\"@graph\":[{\"@type\":\"WebPage\",\"@id\":\"https:\/\/www.fondazionepirelli.org\/it\/cultura-dimpresa\/machina-sapiens-vs-homo-sapiens\/\",\"url\":\"https:\/\/www.fondazionepirelli.org\/it\/cultura-dimpresa\/machina-sapiens-vs-homo-sapiens\/\",\"name\":\"Machina sapiens vs Homo sapiens? - Fondazione Pirelli\",\"isPartOf\":{\"@id\":\"https:\/\/www.fondazionepirelli.org\/it\/#website\"},\"primaryImageOfPage\":{\"@id\":\"https:\/\/www.fondazionepirelli.org\/it\/cultura-dimpresa\/machina-sapiens-vs-homo-sapiens\/#primaryimage\"},\"image\":{\"@id\":\"https:\/\/www.fondazionepirelli.org\/it\/cultura-dimpresa\/machina-sapiens-vs-homo-sapiens\/#primaryimage\"},\"thumbnailUrl\":\"https:\/\/wpsite-assets.fondazionepirelli.org\/wp-content\/uploads\/2024\/03\/11153412\/IMG_0059.jpeg\",\"datePublished\":\"2024-03-12T09:01:30+00:00\",\"author\":{\"@id\":\"https:\/\/www.fondazionepirelli.org\/it\/#\/schema\/person\/f47d097000832c4a6e54538c791fdf25\"},\"breadcrumb\":{\"@id\":\"https:\/\/www.fondazionepirelli.org\/it\/cultura-dimpresa\/machina-sapiens-vs-homo-sapiens\/#breadcrumb\"},\"inLanguage\":\"it-IT\",\"potentialAction\":[{\"@type\":\"ReadAction\",\"target\":[\"https:\/\/www.fondazionepirelli.org\/it\/cultura-dimpresa\/machina-sapiens-vs-homo-sapiens\/\"]}]},{\"@type\":\"ImageObject\",\"inLanguage\":\"it-IT\",\"@id\":\"https:\/\/www.fondazionepirelli.org\/it\/cultura-dimpresa\/machina-sapiens-vs-homo-sapiens\/#primaryimage\",\"url\":\"https:\/\/wpsite-assets.fondazionepirelli.org\/wp-content\/uploads\/2024\/03\/11153412\/IMG_0059.jpeg\",\"contentUrl\":\"https:\/\/wpsite-assets.fondazionepirelli.org\/wp-content\/uploads\/2024\/03\/11153412\/IMG_0059.jpeg\",\"width\":956,\"height\":1500},{\"@type\":\"BreadcrumbList\",\"@id\":\"https:\/\/www.fondazionepirelli.org\/it\/cultura-dimpresa\/machina-sapiens-vs-homo-sapiens\/#breadcrumb\",\"itemListElement\":[{\"@type\":\"ListItem\",\"position\":1,\"name\":\"Home\",\"item\":\"https:\/\/www.fondazionepirelli.org\/it\/\"},{\"@type\":\"ListItem\",\"position\":2,\"name\":\"Machina sapiens vs Homo sapiens?\"}]},{\"@type\":\"WebSite\",\"@id\":\"https:\/\/www.fondazionepirelli.org\/it\/#website\",\"url\":\"https:\/\/www.fondazionepirelli.org\/it\/\",\"name\":\"Fondazione Pirelli\",\"description\":\"\",\"potentialAction\":[{\"@type\":\"SearchAction\",\"target\":{\"@type\":\"EntryPoint\",\"urlTemplate\":\"https:\/\/www.fondazionepirelli.org\/it\/?s={search_term_string}\"},\"query-input\":{\"@type\":\"PropertyValueSpecification\",\"valueRequired\":true,\"valueName\":\"search_term_string\"}}],\"inLanguage\":\"it-IT\"},{\"@type\":\"Person\",\"@id\":\"https:\/\/www.fondazionepirelli.org\/it\/#\/schema\/person\/f47d097000832c4a6e54538c791fdf25\",\"name\":\"fondadmin\",\"image\":{\"@type\":\"ImageObject\",\"inLanguage\":\"it-IT\",\"@id\":\"https:\/\/www.fondazionepirelli.org\/it\/#\/schema\/person\/image\/\",\"url\":\"https:\/\/secure.gravatar.com\/avatar\/e69498a9175ca244966e51e53c88712c024fcebe41f9a05f75657f1bb25e489b?s=96&d=mm&r=g\",\"contentUrl\":\"https:\/\/secure.gravatar.com\/avatar\/e69498a9175ca244966e51e53c88712c024fcebe41f9a05f75657f1bb25e489b?s=96&d=mm&r=g\",\"caption\":\"fondadmin\"},\"url\":\"https:\/\/www.fondazionepirelli.org\/it\/author\/fondadmin\/\"}]}<\/script>\n<!-- \/ Yoast SEO plugin. -->","yoast_head_json":{"title":"Machina sapiens vs Homo sapiens? - Fondazione Pirelli","robots":{"index":"index","follow":"follow","max-snippet":"max-snippet:-1","max-image-preview":"max-image-preview:large","max-video-preview":"max-video-preview:-1"},"canonical":"https:\/\/www.fondazionepirelli.org\/it\/cultura-dimpresa\/machina-sapiens-vs-homo-sapiens\/","og_locale":"it_IT","og_type":"article","og_title":"Machina sapiens vs Homo sapiens? - Fondazione Pirelli","og_description":"Appena pubblicato un libro che fa ragionare sui grandi temi posti dall\u2019Intelligenza Artificiale e il nostro futuroMacchine che pensano davvero. E\u2019 questo il punto al quale alcuni sono convinti manchi davvero pochissimo (mentre altri continuano ad avere notevoli dubbi). Macchine, comunque, create dall\u2019uomo che presto potrebbero non solo sostituirlo in numerose mansioni ma porsi come [&hellip;]","og_url":"https:\/\/www.fondazionepirelli.org\/it\/cultura-dimpresa\/machina-sapiens-vs-homo-sapiens\/","og_site_name":"Fondazione Pirelli","article_published_time":"2024-03-12T09:01:30+00:00","og_image":[{"width":956,"height":1500,"url":"https:\/\/wpsite-assets.fondazionepirelli.org\/wp-content\/uploads\/2024\/03\/11153412\/IMG_0059.jpeg","type":"image\/jpeg"}],"author":"fondadmin","twitter_card":"summary_large_image","twitter_misc":{"Scritto da":"fondadmin","Tempo di lettura stimato":"3 minuti"},"schema":{"@context":"https:\/\/schema.org","@graph":[{"@type":"WebPage","@id":"https:\/\/www.fondazionepirelli.org\/it\/cultura-dimpresa\/machina-sapiens-vs-homo-sapiens\/","url":"https:\/\/www.fondazionepirelli.org\/it\/cultura-dimpresa\/machina-sapiens-vs-homo-sapiens\/","name":"Machina sapiens vs Homo sapiens? - Fondazione Pirelli","isPartOf":{"@id":"https:\/\/www.fondazionepirelli.org\/it\/#website"},"primaryImageOfPage":{"@id":"https:\/\/www.fondazionepirelli.org\/it\/cultura-dimpresa\/machina-sapiens-vs-homo-sapiens\/#primaryimage"},"image":{"@id":"https:\/\/www.fondazionepirelli.org\/it\/cultura-dimpresa\/machina-sapiens-vs-homo-sapiens\/#primaryimage"},"thumbnailUrl":"https:\/\/wpsite-assets.fondazionepirelli.org\/wp-content\/uploads\/2024\/03\/11153412\/IMG_0059.jpeg","datePublished":"2024-03-12T09:01:30+00:00","author":{"@id":"https:\/\/www.fondazionepirelli.org\/it\/#\/schema\/person\/f47d097000832c4a6e54538c791fdf25"},"breadcrumb":{"@id":"https:\/\/www.fondazionepirelli.org\/it\/cultura-dimpresa\/machina-sapiens-vs-homo-sapiens\/#breadcrumb"},"inLanguage":"it-IT","potentialAction":[{"@type":"ReadAction","target":["https:\/\/www.fondazionepirelli.org\/it\/cultura-dimpresa\/machina-sapiens-vs-homo-sapiens\/"]}]},{"@type":"ImageObject","inLanguage":"it-IT","@id":"https:\/\/www.fondazionepirelli.org\/it\/cultura-dimpresa\/machina-sapiens-vs-homo-sapiens\/#primaryimage","url":"https:\/\/wpsite-assets.fondazionepirelli.org\/wp-content\/uploads\/2024\/03\/11153412\/IMG_0059.jpeg","contentUrl":"https:\/\/wpsite-assets.fondazionepirelli.org\/wp-content\/uploads\/2024\/03\/11153412\/IMG_0059.jpeg","width":956,"height":1500},{"@type":"BreadcrumbList","@id":"https:\/\/www.fondazionepirelli.org\/it\/cultura-dimpresa\/machina-sapiens-vs-homo-sapiens\/#breadcrumb","itemListElement":[{"@type":"ListItem","position":1,"name":"Home","item":"https:\/\/www.fondazionepirelli.org\/it\/"},{"@type":"ListItem","position":2,"name":"Machina sapiens vs Homo sapiens?"}]},{"@type":"WebSite","@id":"https:\/\/www.fondazionepirelli.org\/it\/#website","url":"https:\/\/www.fondazionepirelli.org\/it\/","name":"Fondazione Pirelli","description":"","potentialAction":[{"@type":"SearchAction","target":{"@type":"EntryPoint","urlTemplate":"https:\/\/www.fondazionepirelli.org\/it\/?s={search_term_string}"},"query-input":{"@type":"PropertyValueSpecification","valueRequired":true,"valueName":"search_term_string"}}],"inLanguage":"it-IT"},{"@type":"Person","@id":"https:\/\/www.fondazionepirelli.org\/it\/#\/schema\/person\/f47d097000832c4a6e54538c791fdf25","name":"fondadmin","image":{"@type":"ImageObject","inLanguage":"it-IT","@id":"https:\/\/www.fondazionepirelli.org\/it\/#\/schema\/person\/image\/","url":"https:\/\/secure.gravatar.com\/avatar\/e69498a9175ca244966e51e53c88712c024fcebe41f9a05f75657f1bb25e489b?s=96&d=mm&r=g","contentUrl":"https:\/\/secure.gravatar.com\/avatar\/e69498a9175ca244966e51e53c88712c024fcebe41f9a05f75657f1bb25e489b?s=96&d=mm&r=g","caption":"fondadmin"},"url":"https:\/\/www.fondazionepirelli.org\/it\/author\/fondadmin\/"}]}},"_links":{"self":[{"href":"https:\/\/www.fondazionepirelli.org\/it\/wp-json\/wp\/v2\/posts\/99766\/"}],"collection":[{"href":"https:\/\/www.fondazionepirelli.org\/it\/wp-json\/wp\/v2\/posts\/"}],"about":[{"href":"https:\/\/www.fondazionepirelli.org\/it\/wp-json\/wp\/v2\/types\/post\/"}],"author":[{"embeddable":true,"href":"https:\/\/www.fondazionepirelli.org\/it\/wp-json\/wp\/v2\/users\/1\/"}],"replies":[{"embeddable":true,"href":"https:\/\/www.fondazionepirelli.org\/it\/wp-json\/wp\/v2\/comments\/?post=99766"}],"version-history":[{"count":1,"href":"https:\/\/www.fondazionepirelli.org\/it\/wp-json\/wp\/v2\/posts\/99766\/revisions\/"}],"predecessor-version":[{"id":99767,"href":"https:\/\/www.fondazionepirelli.org\/it\/wp-json\/wp\/v2\/posts\/99766\/revisions\/99767\/"}],"wp:featuredmedia":[{"embeddable":true,"href":"https:\/\/www.fondazionepirelli.org\/it\/wp-json\/wp\/v2\/media\/99768\/"}],"wp:attachment":[{"href":"https:\/\/www.fondazionepirelli.org\/it\/wp-json\/wp\/v2\/media\/?parent=99766"}],"wp:term":[{"taxonomy":"category","embeddable":true,"href":"https:\/\/www.fondazionepirelli.org\/it\/wp-json\/wp\/v2\/categories\/?post=99766"},{"taxonomy":"post_tag","embeddable":true,"href":"https:\/\/www.fondazionepirelli.org\/it\/wp-json\/wp\/v2\/tags\/?post=99766"}],"curies":[{"name":"wp","href":"https:\/\/api.w.org\/{rel}","templated":true}]}}