{"id":99812,"date":"2024-03-19T09:44:38","date_gmt":"2024-03-19T08:44:38","guid":{"rendered":"https:\/\/www.fondazionepirelli.org\/?p=99812"},"modified":"2024-03-19T09:44:38","modified_gmt":"2024-03-19T08:44:38","slug":"votare-con-i-piedi-i-giovani-in-fuga-dallitalia-e-le-politiche-necessarie-contro-il-declino","status":"publish","type":"post","link":"https:\/\/www.fondazionepirelli.org\/it\/cultura-dimpresa\/votare-con-i-piedi-i-giovani-in-fuga-dallitalia-e-le-politiche-necessarie-contro-il-declino\/","title":{"rendered":"Votare con i piedi: i giovani in fuga dall\u2019Italia e le politiche necessarie contro il declino"},"content":{"rendered":"<p>\u201cVotare con i piedi\u201d, si dice nel gergo della politica economica. Non per stigmatizzare una scelta elettorale mal definita. Semmai, per indicare il fenomeno secondo cui un<strong> cittadino insoddisfatto<\/strong> della politica adottata da una certa amministrazione pubblica pu\u00f2 dimostrare il proprio disaccordo, cio\u00e8 le proprie preferenze, <strong>emigrando altrove<\/strong>. La frase, centrale negli studi dell\u2019economista americano<strong> Charles Thiebaut<\/strong>, era stata spesso usata dal presidente Usa Ronald Reagan negli anni Ottanta del secolo scorso, per raccomandare la competizione sulle politiche fiscali tra gli stati americani, nella corsa a ridurre le tasse e attrarre cos\u00ec persone e investimenti. Ne avevano scritto autorevoli economisti come Friedrich von Hayek e Milton Friedman. E anche il dibattito contemporaneo italiano sull\u2019autonomia differenziata per le regioni risente di quell\u2019impostazione culturale liberal-liberista.<\/p>\n<p>\u201c<strong>Votano con i piedi<\/strong>\u201d, per esempio, gli italiani delle citt\u00e0 meridionali che scelgono di farsi curarsi a Milano, ma anche a Torino o a Bologna, in cerca di migliori prestazioni negli ospedali pubblici e privati del Nord (ma con costi a carico delle regioni del Sud, con una sanit\u00e0 malandata e comunque costosa). Votano con i piedi tutti i milanesi che preferiscono andare a vivere a Pavia o a Magenta, a Corbetta o a Monza, piuttosto che subire un<strong> intollerabile aumento del costo della vita.<\/strong> Votano con i piedi i pensionati che hanno preferito trasferire la residenza in Tunisia e in Portogallo (e adesso, dopo le riforme portoghesi, guardano alla Grecia o perfino a San Marino) per avere un robusto abbattimento del carico fiscale sui loro redditi. Votano con i piedi, e con profonda fatica e grande dolore nel distacco, quelli che abbandonano i loro comuni privi di servizi e scelgono altri paesi e citt\u00e0 meglio serviti: sono il 49,3% i comuni italiani con variazione della popolazione negativa, con punte dell\u201989,3% in Basilicata, rispetto all\u2019appena 15,2% del Trentino, provincia autonoma ben governata in termini di qualit\u00e0 della vita (\u201cL\u2019Italia spopolata dei comuni interni: gli abitanti fuggono, restano gli over 80\u201d, titola IlSole24Ore, 17 marzo).<\/p>\n<p>E votano con i piedi anche le imprese che lasciano l\u2019Italia e scelgono altri territori per i loro investimenti (le cronache economiche ne offrono ampie testimonianze).<\/p>\n<p>Hanno votato con i piedi, soprattutto, quel milione e ottocentomila giovani italiani (il 32% della fascia d\u2019et\u00e0 tra i 25 e i 34 anni) che, secondo il <strong>Censis<\/strong>, hanno lasciato negli ultimi vent\u2019anni l\u2019Italia per cercare altrove migliori condizioni di lavoro e di vita. E quegli altri loro coetanei che continuano a farlo. Come testimonia, tra l\u2019altro, anche un report condotto da Astraricerche per ManagerItalia e Kilpatrick e pubblicato da \u201cIl Sole24Ore\u201d (13 marzo), secondo cui tra i dirigenti d\u2019azienda espatriati, solo il 22,8% vuole tornare in Italia (erano il 43,6% in una analoga rilevazione di dieci anni fa) e tutti gli altri restano volentieri all\u2019estero (il 33,7% con particolare convinzione) perch\u00e9 nel nostro paese \u201cmancano opportunit\u00e0 professionali valide rispetto alle mine esigenze\u201d oppure \u201cperch\u00e9 l\u2019Italia \u00e8 in declino e non potr\u00e0 mai riprendersi\u201d oppure \u201cperch\u00e9 non c\u2019\u00e8 meritocrazia\u201d.<\/p>\n<p>Tanti \u201cvoti con i piedi\u201d, per la <strong>qualit\u00e0 della sanit\u00e0<\/strong>, il peso fiscale, la qualit\u00e0 della vita o le opportunit\u00e0 personali e familiari di crescita, dovrebbero essere altrettanti sonori campanelli d\u2019allarme sui rischi di declino da evitare, gli squilibri da sanare e le riforme da avviare. Ma nel nostro discorso pubblico ce n\u2019\u00e8 scarsa traccia. Irresponsabilmente.<\/p>\n<p>Guardando al futuro, il dato che impressiona di pi\u00f9 \u00e8 quello dei giovani.<\/p>\n<p>L\u2019Italia, infatti, \u00e8 in pieno <strong>inverno demografico<\/strong>, e il tasso di fertilit\u00e0 di ogni donna \u00e8 appena 1,24, tra i pi\u00f9 bassi del mondo e comunque ben lontano dal tasso di sostituzione del 2,1% (servirebbero cio\u00e8 2,1 figli per ogni donna per non fare regredire numericamente la popolazione). Nel \u201823, per la prima volta, sono nati meno di 400mila bambini (nel 2008 erano 600mila, nel 1964, subito dopo il culmine del boom economico, erano 1 milione).<\/p>\n<p>Da oltre trent\u2019anni, insomma, nel paese che invecchia, si registrano pi\u00f9 morti che nascite (746mila, nel 2020). \u201cUn\u2019Italia senza bambini\u201d, sintetizza \u201cIl Foglio\u201d (11 marzo).<\/p>\n<p>Ecco, non solo diminuisce demograficamente il peso delle nuove generazioni, ma in tanti se ne vanno via, aggravando il quadro generale. E meno giovani, in prospettiva, significa minore produttivit\u00e0, minore innovazione, maggiore carico sulle casse pubbliche (sulle nostre tasse, di conseguenza o sul nostro debito) per oneri del sistema previdenziale e di quello sanitario.<\/p>\n<p>E\u2019 vero che l\u2019ingegnosit\u00e0 degli italiani tiene comunque in piedi la macchina produttiva, come documenta Marco Fortis, mostrando, dati alla mano, come \u201cl\u2019Italia sia prima in Europa per la crescita del Pil pro capite, nonostante il calo delle nascite\u201d (IlSole24Ore, 12 marzo) e dunque abbia ancora energie innovative e produttive. Ma si tratta di situazioni che non possono andare avanti nel lungo periodo.<\/p>\n<p>E dunque?<\/p>\n<p>Occorrono scelte politiche con lo sguardo ambizioso, <strong>orientate alla crescita<\/strong>. Per rendere finalmente il nostro Paese attrattivo non solo per i nostri giovani, ma anche per tutti coloro che possono guardare all\u2019Italia come il posto in cui trovare migliori occasioni di lavoro, vita, intraprendenza, inclusione, sviluppo sostenibile.<\/p>\n<p>Politiche per la famiglia, con tutte le conseguenze in termini di servizi e di stimoli a conciliare il lavoro con paternit\u00e0 e maternit\u00e0. <strong>Politiche dell\u2019immigrazione<\/strong> ben governata. E un generale impegno, trasversale a tutte le forze politiche, per ricostruire un solido capitale sociale di fiducia, per sollecitare una cultura positiva sullo sviluppo. E\u2019 la fiducia, la chiave della scelta demografica positiva. E\u2019 la fiducia, su cui si costruiscono famiglie e figli.<\/p>\n<p>Senza giocare irresponsabilmente sulle paure. Ma testimoniando, soprattutto al mondo delle ragazze e dei ragazzi, che si lavora per un loro futuro migliore.<\/p>\n<p>Era il clima diffuso nell\u2019Italia del dopoguerra, l\u2019Italia della Ricostruzione e della Ripresa. In cui, nonostante le preoccupazioni per i rischi della Guerra Fredda tra l\u2019Occidente e il mondo sovietico, i problemi sociali e le tensioni politiche, si investiva, si lavorava, si costruivano famiglie e case in cui farle vivere, si migliorava la scuola e, nel tempo, si varava la sanit\u00e0 pubblica. Tutti consapevoli, pur con diversit\u00e0 di accenti e posizioni culturali, economiche e politiche, del fatto che lo sviluppo di un Paese dipende dalla risorse investite, dall\u2019innovazione, dalla diffusione di nuove tecnologie, ma soprattutto dal ruolo e dalle volont\u00e0 dei cittadini che vanno, restano, arrivano. Progettano. Fanno.<\/p>\n<p>Si votava con i piedi anche allora, insomma. Verso quei cantieri in cui si costruiva un\u2019Italia migliore.<\/p><p><em>(foto Getty Images)<\/em><\/p>","protected":false},"excerpt":{"rendered":"<p>\u201cVotare con i piedi\u201d, si dice nel gergo della politica economica. Non per stigmatizzare una scelta elettorale mal definita. Semmai, per indicare il fenomeno secondo cui un cittadino insoddisfatto della politica adottata da una certa amministrazione pubblica pu\u00f2 dimostrare il proprio disaccordo, cio\u00e8 le proprie preferenze, emigrando altrove. La frase, centrale negli studi dell\u2019economista americano [&hellip;]<\/p>\n","protected":false},"author":1,"featured_media":99826,"comment_status":"open","ping_status":"open","sticky":false,"template":"","format":"standard","meta":{"footnotes":""},"categories":[53,52],"tags":[],"class_list":["post-99812","post","type-post","status-publish","format-standard","has-post-thumbnail","hentry","category-blog","category-cultura-dimpresa"],"acf":[],"yoast_head":"<!-- This site is optimized with the Yoast SEO plugin v25.0 - https:\/\/yoast.com\/wordpress\/plugins\/seo\/ -->\n<title>Votare con i piedi: i giovani in fuga dall\u2019Italia e le politiche necessarie contro il declino - Fondazione Pirelli<\/title>\n<meta name=\"robots\" content=\"index, follow, max-snippet:-1, max-image-preview:large, max-video-preview:-1\" \/>\n<link rel=\"canonical\" href=\"https:\/\/www.fondazionepirelli.org\/it\/cultura-dimpresa\/votare-con-i-piedi-i-giovani-in-fuga-dallitalia-e-le-politiche-necessarie-contro-il-declino\/\" \/>\n<meta property=\"og:locale\" content=\"it_IT\" \/>\n<meta property=\"og:type\" content=\"article\" \/>\n<meta property=\"og:title\" content=\"Votare con i piedi: i giovani in fuga dall\u2019Italia e le politiche necessarie contro il declino - Fondazione Pirelli\" \/>\n<meta property=\"og:description\" content=\"\u201cVotare con i piedi\u201d, si dice nel gergo della politica economica. Non per stigmatizzare una scelta elettorale mal definita. Semmai, per indicare il fenomeno secondo cui un cittadino insoddisfatto della politica adottata da una certa amministrazione pubblica pu\u00f2 dimostrare il proprio disaccordo, cio\u00e8 le proprie preferenze, emigrando altrove. La frase, centrale negli studi dell\u2019economista americano [&hellip;]\" \/>\n<meta property=\"og:url\" content=\"https:\/\/127.0.0.1\/it\/cultura-dimpresa\/votare-con-i-piedi-i-giovani-in-fuga-dallitalia-e-le-politiche-necessarie-contro-il-declino\/\" \/>\n<meta property=\"og:site_name\" content=\"Fondazione Pirelli\" \/>\n<meta property=\"article:published_time\" content=\"2024-03-19T08:44:38+00:00\" \/>\n<meta property=\"og:image\" content=\"https:\/\/wpsite-assets.fondazionepirelli.org\/wp-content\/uploads\/2024\/03\/19094347\/GettyImages-1036594924-scaled.jpg\" \/>\n\t<meta property=\"og:image:width\" content=\"2560\" \/>\n\t<meta property=\"og:image:height\" content=\"1696\" \/>\n\t<meta property=\"og:image:type\" content=\"image\/jpeg\" \/>\n<meta name=\"author\" content=\"fondadmin\" \/>\n<meta name=\"twitter:card\" content=\"summary_large_image\" \/>\n<meta name=\"twitter:label1\" content=\"Scritto da\" \/>\n\t<meta name=\"twitter:data1\" content=\"fondadmin\" \/>\n\t<meta name=\"twitter:label2\" content=\"Tempo di lettura stimato\" \/>\n\t<meta name=\"twitter:data2\" content=\"5 minuti\" \/>\n<script type=\"application\/ld+json\" class=\"yoast-schema-graph\">{\"@context\":\"https:\/\/schema.org\",\"@graph\":[{\"@type\":\"WebPage\",\"@id\":\"https:\/\/127.0.0.1\/it\/cultura-dimpresa\/votare-con-i-piedi-i-giovani-in-fuga-dallitalia-e-le-politiche-necessarie-contro-il-declino\/\",\"url\":\"https:\/\/127.0.0.1\/it\/cultura-dimpresa\/votare-con-i-piedi-i-giovani-in-fuga-dallitalia-e-le-politiche-necessarie-contro-il-declino\/\",\"name\":\"Votare con i piedi: i giovani in fuga dall\u2019Italia e le politiche necessarie contro il declino - Fondazione Pirelli\",\"isPartOf\":{\"@id\":\"https:\/\/www.fondazionepirelli.org\/it\/#website\"},\"primaryImageOfPage\":{\"@id\":\"https:\/\/127.0.0.1\/it\/cultura-dimpresa\/votare-con-i-piedi-i-giovani-in-fuga-dallitalia-e-le-politiche-necessarie-contro-il-declino\/#primaryimage\"},\"image\":{\"@id\":\"https:\/\/127.0.0.1\/it\/cultura-dimpresa\/votare-con-i-piedi-i-giovani-in-fuga-dallitalia-e-le-politiche-necessarie-contro-il-declino\/#primaryimage\"},\"thumbnailUrl\":\"https:\/\/wpsite-assets.fondazionepirelli.org\/wp-content\/uploads\/2024\/03\/19094347\/GettyImages-1036594924-scaled.jpg\",\"datePublished\":\"2024-03-19T08:44:38+00:00\",\"author\":{\"@id\":\"https:\/\/www.fondazionepirelli.org\/it\/#\/schema\/person\/f47d097000832c4a6e54538c791fdf25\"},\"breadcrumb\":{\"@id\":\"https:\/\/127.0.0.1\/it\/cultura-dimpresa\/votare-con-i-piedi-i-giovani-in-fuga-dallitalia-e-le-politiche-necessarie-contro-il-declino\/#breadcrumb\"},\"inLanguage\":\"it-IT\",\"potentialAction\":[{\"@type\":\"ReadAction\",\"target\":[\"https:\/\/127.0.0.1\/it\/cultura-dimpresa\/votare-con-i-piedi-i-giovani-in-fuga-dallitalia-e-le-politiche-necessarie-contro-il-declino\/\"]}]},{\"@type\":\"ImageObject\",\"inLanguage\":\"it-IT\",\"@id\":\"https:\/\/127.0.0.1\/it\/cultura-dimpresa\/votare-con-i-piedi-i-giovani-in-fuga-dallitalia-e-le-politiche-necessarie-contro-il-declino\/#primaryimage\",\"url\":\"https:\/\/wpsite-assets.fondazionepirelli.org\/wp-content\/uploads\/2024\/03\/19094347\/GettyImages-1036594924-scaled.jpg\",\"contentUrl\":\"https:\/\/wpsite-assets.fondazionepirelli.org\/wp-content\/uploads\/2024\/03\/19094347\/GettyImages-1036594924-scaled.jpg\",\"width\":2560,\"height\":1696,\"caption\":\"World map on an asphalt road\"},{\"@type\":\"BreadcrumbList\",\"@id\":\"https:\/\/127.0.0.1\/it\/cultura-dimpresa\/votare-con-i-piedi-i-giovani-in-fuga-dallitalia-e-le-politiche-necessarie-contro-il-declino\/#breadcrumb\",\"itemListElement\":[{\"@type\":\"ListItem\",\"position\":1,\"name\":\"Home\",\"item\":\"https:\/\/www.fondazionepirelli.org\/it\/\"},{\"@type\":\"ListItem\",\"position\":2,\"name\":\"Votare con i piedi: i giovani in fuga dall\u2019Italia e le politiche necessarie contro il declino\"}]},{\"@type\":\"WebSite\",\"@id\":\"https:\/\/www.fondazionepirelli.org\/it\/#website\",\"url\":\"https:\/\/www.fondazionepirelli.org\/it\/\",\"name\":\"Fondazione Pirelli\",\"description\":\"\",\"potentialAction\":[{\"@type\":\"SearchAction\",\"target\":{\"@type\":\"EntryPoint\",\"urlTemplate\":\"https:\/\/www.fondazionepirelli.org\/it\/?s={search_term_string}\"},\"query-input\":{\"@type\":\"PropertyValueSpecification\",\"valueRequired\":true,\"valueName\":\"search_term_string\"}}],\"inLanguage\":\"it-IT\"},{\"@type\":\"Person\",\"@id\":\"https:\/\/www.fondazionepirelli.org\/it\/#\/schema\/person\/f47d097000832c4a6e54538c791fdf25\",\"name\":\"fondadmin\",\"image\":{\"@type\":\"ImageObject\",\"inLanguage\":\"it-IT\",\"@id\":\"https:\/\/www.fondazionepirelli.org\/it\/#\/schema\/person\/image\/\",\"url\":\"https:\/\/secure.gravatar.com\/avatar\/e69498a9175ca244966e51e53c88712c024fcebe41f9a05f75657f1bb25e489b?s=96&d=mm&r=g\",\"contentUrl\":\"https:\/\/secure.gravatar.com\/avatar\/e69498a9175ca244966e51e53c88712c024fcebe41f9a05f75657f1bb25e489b?s=96&d=mm&r=g\",\"caption\":\"fondadmin\"},\"url\":\"https:\/\/www.fondazionepirelli.org\/it\/author\/fondadmin\/\"}]}<\/script>\n<!-- \/ Yoast SEO plugin. -->","yoast_head_json":{"title":"Votare con i piedi: i giovani in fuga dall\u2019Italia e le politiche necessarie contro il declino - Fondazione Pirelli","robots":{"index":"index","follow":"follow","max-snippet":"max-snippet:-1","max-image-preview":"max-image-preview:large","max-video-preview":"max-video-preview:-1"},"canonical":"https:\/\/www.fondazionepirelli.org\/it\/cultura-dimpresa\/votare-con-i-piedi-i-giovani-in-fuga-dallitalia-e-le-politiche-necessarie-contro-il-declino\/","og_locale":"it_IT","og_type":"article","og_title":"Votare con i piedi: i giovani in fuga dall\u2019Italia e le politiche necessarie contro il declino - Fondazione Pirelli","og_description":"\u201cVotare con i piedi\u201d, si dice nel gergo della politica economica. Non per stigmatizzare una scelta elettorale mal definita. Semmai, per indicare il fenomeno secondo cui un cittadino insoddisfatto della politica adottata da una certa amministrazione pubblica pu\u00f2 dimostrare il proprio disaccordo, cio\u00e8 le proprie preferenze, emigrando altrove. La frase, centrale negli studi dell\u2019economista americano [&hellip;]","og_url":"https:\/\/127.0.0.1\/it\/cultura-dimpresa\/votare-con-i-piedi-i-giovani-in-fuga-dallitalia-e-le-politiche-necessarie-contro-il-declino\/","og_site_name":"Fondazione Pirelli","article_published_time":"2024-03-19T08:44:38+00:00","og_image":[{"width":2560,"height":1696,"url":"https:\/\/wpsite-assets.fondazionepirelli.org\/wp-content\/uploads\/2024\/03\/19094347\/GettyImages-1036594924-scaled.jpg","type":"image\/jpeg"}],"author":"fondadmin","twitter_card":"summary_large_image","twitter_misc":{"Scritto da":"fondadmin","Tempo di lettura stimato":"5 minuti"},"schema":{"@context":"https:\/\/schema.org","@graph":[{"@type":"WebPage","@id":"https:\/\/127.0.0.1\/it\/cultura-dimpresa\/votare-con-i-piedi-i-giovani-in-fuga-dallitalia-e-le-politiche-necessarie-contro-il-declino\/","url":"https:\/\/127.0.0.1\/it\/cultura-dimpresa\/votare-con-i-piedi-i-giovani-in-fuga-dallitalia-e-le-politiche-necessarie-contro-il-declino\/","name":"Votare con i piedi: i giovani in fuga dall\u2019Italia e le politiche necessarie contro il declino - Fondazione Pirelli","isPartOf":{"@id":"https:\/\/www.fondazionepirelli.org\/it\/#website"},"primaryImageOfPage":{"@id":"https:\/\/127.0.0.1\/it\/cultura-dimpresa\/votare-con-i-piedi-i-giovani-in-fuga-dallitalia-e-le-politiche-necessarie-contro-il-declino\/#primaryimage"},"image":{"@id":"https:\/\/127.0.0.1\/it\/cultura-dimpresa\/votare-con-i-piedi-i-giovani-in-fuga-dallitalia-e-le-politiche-necessarie-contro-il-declino\/#primaryimage"},"thumbnailUrl":"https:\/\/wpsite-assets.fondazionepirelli.org\/wp-content\/uploads\/2024\/03\/19094347\/GettyImages-1036594924-scaled.jpg","datePublished":"2024-03-19T08:44:38+00:00","author":{"@id":"https:\/\/www.fondazionepirelli.org\/it\/#\/schema\/person\/f47d097000832c4a6e54538c791fdf25"},"breadcrumb":{"@id":"https:\/\/127.0.0.1\/it\/cultura-dimpresa\/votare-con-i-piedi-i-giovani-in-fuga-dallitalia-e-le-politiche-necessarie-contro-il-declino\/#breadcrumb"},"inLanguage":"it-IT","potentialAction":[{"@type":"ReadAction","target":["https:\/\/127.0.0.1\/it\/cultura-dimpresa\/votare-con-i-piedi-i-giovani-in-fuga-dallitalia-e-le-politiche-necessarie-contro-il-declino\/"]}]},{"@type":"ImageObject","inLanguage":"it-IT","@id":"https:\/\/127.0.0.1\/it\/cultura-dimpresa\/votare-con-i-piedi-i-giovani-in-fuga-dallitalia-e-le-politiche-necessarie-contro-il-declino\/#primaryimage","url":"https:\/\/wpsite-assets.fondazionepirelli.org\/wp-content\/uploads\/2024\/03\/19094347\/GettyImages-1036594924-scaled.jpg","contentUrl":"https:\/\/wpsite-assets.fondazionepirelli.org\/wp-content\/uploads\/2024\/03\/19094347\/GettyImages-1036594924-scaled.jpg","width":2560,"height":1696,"caption":"World map on an asphalt road"},{"@type":"BreadcrumbList","@id":"https:\/\/127.0.0.1\/it\/cultura-dimpresa\/votare-con-i-piedi-i-giovani-in-fuga-dallitalia-e-le-politiche-necessarie-contro-il-declino\/#breadcrumb","itemListElement":[{"@type":"ListItem","position":1,"name":"Home","item":"https:\/\/www.fondazionepirelli.org\/it\/"},{"@type":"ListItem","position":2,"name":"Votare con i piedi: i giovani in fuga dall\u2019Italia e le politiche necessarie contro il declino"}]},{"@type":"WebSite","@id":"https:\/\/www.fondazionepirelli.org\/it\/#website","url":"https:\/\/www.fondazionepirelli.org\/it\/","name":"Fondazione Pirelli","description":"","potentialAction":[{"@type":"SearchAction","target":{"@type":"EntryPoint","urlTemplate":"https:\/\/www.fondazionepirelli.org\/it\/?s={search_term_string}"},"query-input":{"@type":"PropertyValueSpecification","valueRequired":true,"valueName":"search_term_string"}}],"inLanguage":"it-IT"},{"@type":"Person","@id":"https:\/\/www.fondazionepirelli.org\/it\/#\/schema\/person\/f47d097000832c4a6e54538c791fdf25","name":"fondadmin","image":{"@type":"ImageObject","inLanguage":"it-IT","@id":"https:\/\/www.fondazionepirelli.org\/it\/#\/schema\/person\/image\/","url":"https:\/\/secure.gravatar.com\/avatar\/e69498a9175ca244966e51e53c88712c024fcebe41f9a05f75657f1bb25e489b?s=96&d=mm&r=g","contentUrl":"https:\/\/secure.gravatar.com\/avatar\/e69498a9175ca244966e51e53c88712c024fcebe41f9a05f75657f1bb25e489b?s=96&d=mm&r=g","caption":"fondadmin"},"url":"https:\/\/www.fondazionepirelli.org\/it\/author\/fondadmin\/"}]}},"_links":{"self":[{"href":"https:\/\/www.fondazionepirelli.org\/it\/wp-json\/wp\/v2\/posts\/99812\/"}],"collection":[{"href":"https:\/\/www.fondazionepirelli.org\/it\/wp-json\/wp\/v2\/posts\/"}],"about":[{"href":"https:\/\/www.fondazionepirelli.org\/it\/wp-json\/wp\/v2\/types\/post\/"}],"author":[{"embeddable":true,"href":"https:\/\/www.fondazionepirelli.org\/it\/wp-json\/wp\/v2\/users\/1\/"}],"replies":[{"embeddable":true,"href":"https:\/\/www.fondazionepirelli.org\/it\/wp-json\/wp\/v2\/comments\/?post=99812"}],"version-history":[{"count":6,"href":"https:\/\/www.fondazionepirelli.org\/it\/wp-json\/wp\/v2\/posts\/99812\/revisions\/"}],"predecessor-version":[{"id":99828,"href":"https:\/\/www.fondazionepirelli.org\/it\/wp-json\/wp\/v2\/posts\/99812\/revisions\/99828\/"}],"wp:featuredmedia":[{"embeddable":true,"href":"https:\/\/www.fondazionepirelli.org\/it\/wp-json\/wp\/v2\/media\/99826\/"}],"wp:attachment":[{"href":"https:\/\/www.fondazionepirelli.org\/it\/wp-json\/wp\/v2\/media\/?parent=99812"}],"wp:term":[{"taxonomy":"category","embeddable":true,"href":"https:\/\/www.fondazionepirelli.org\/it\/wp-json\/wp\/v2\/categories\/?post=99812"},{"taxonomy":"post_tag","embeddable":true,"href":"https:\/\/www.fondazionepirelli.org\/it\/wp-json\/wp\/v2\/tags\/?post=99812"}],"curies":[{"name":"wp","href":"https:\/\/api.w.org\/{rel}","templated":true}]}}