{"id":99924,"date":"2024-03-27T09:14:55","date_gmt":"2024-03-27T08:14:55","guid":{"rendered":"https:\/\/www.fondazionepirelli.org\/?p=99924"},"modified":"2024-03-27T09:43:03","modified_gmt":"2024-03-27T08:43:03","slug":"un-viaggio-nello-spazio-e-ritorno-si-e-conclusa-ledizione-2024-di-cinema-storia","status":"publish","type":"post","link":"https:\/\/www.fondazionepirelli.org\/it\/education\/un-viaggio-nello-spazio-e-ritorno-si-e-conclusa-ledizione-2024-di-cinema-storia\/","title":{"rendered":"Un viaggio nello Spazio e ritorno. Si \u00e8 conclusa l\u2019edizione 2024 di \u201cCinema &#038; Storia\u201d"},"content":{"rendered":"<p>Giunge al termine la XII edizione di \u201c<strong>Cinema &amp; Storia<\/strong>\u201d, il corso di formazione gratuito per docenti\u00a0delle scuole secondarie, promosso da\u00a0Fondazione Pirelli e Fondazione ISEC in collaborazione con il\u00a0Cinema Beltrade\u00a0di Milano. \u201c<strong>Il cosmo: la prossima frontiera<\/strong>\u201d \u00e8 stata la proposta che, articolata in sei appuntamenti online, ha coinvolto circa 200 docenti da tutta Italia sul tema dello Spazio cosmico: alle cinque lezioni storiche condotte da docenti universitari sono stati affiancati, a cura del Cinema Beltrade, un laboratorio sui linguaggi cinematografici e una selezione di film resi disponibili in modalit\u00e0 streaming.<\/p>\n<p>Il corso \u00e8 stato inaugurato dall\u2019intervento di <strong>David Burigana<\/strong>, professore associato di Storia delle Relazioni Internazionali all\u2019<strong>Universit\u00e0 degli Studi di Padova<\/strong>, che ha approfondito le implicazioni geopolitiche della <em>moon race<\/em> dalla Guerra Fredda al lancio della Stazione Spaziale Internazionale, concentrandosi in particolare sull\u2019importanza della <em>Space Diplomacy<\/em>.<br \/>\nUn delicato equilibrio intergalattico, un regime pacifico di condivisione del sapere e un pericolo che ne minaccia il crollo sono gli elementi principali del film <strong><em>Valerian: la citt\u00e0 dei mille pianeti<\/em><\/strong> di Luc Besson, selezionato per affiancare la prima lezione. Un viaggio cinematografico ai confini dell\u2019Universo tra culture aliene e terre incontaminate.<\/p>\n<p>Durante l\u2019incontro di <strong>Massimo Sideri<\/strong>, professore aggiunto di Storia socio-economica dell\u2019Innovazione all\u2019<strong>Universit\u00e0 Luiss Guido Carli di Roma <\/strong>ed editorialista del \u00abCorriere della Sera\u00bb, sono state esaminate le conseguenze del lancio in orbita nel 1957 del primo satellite artificiale da parte dell\u2019Unione Sovietica: la nascita di una moderna forma di divulgazione scientifica \u00e8 stata tra i pi\u00f9 importanti risultati del cosiddetto \u201ceffetto Sputnik\u201d.<br \/>\nIl documentario <strong><em>Star Stuff<\/em><\/strong> di Milad Tangshir ha idealmente condotto i corsisti in Cile, Sud Africa e sulle Isole Canarie alla scoperta di tre degli osservatori astronomici pi\u00f9 tecnologicamente avanzati al mondo; comunit\u00e0 indigene e piccoli villaggi convivono con questi luoghi privilegiati di ricerca, grazie ai quali la comunit\u00e0 scientifica internazionale ha raggiunto importanti scoperte sulle origini dell\u2019Universo e della vita sulla Terra.<\/p>\n<p>La terza lezione tenuta da<strong> Silvia Cavalli<\/strong>, docente di Letteratura italiana moderna e contemporanea all\u2019<strong>Universit\u00e0 Cattolica del Sacro Cuore di Milano<\/strong>, ha permesso di riflettere sull\u2019influenza della corsa allo Spazio rispetto all\u2019immaginario letterario; nuove tematiche si impongono all\u2019attenzione di autori come Italo Calvino e Primo Levi.<br \/>\nL\u2019importanza della letteratura fantascientifica \u00e8 stata indagata anche nel film <strong><em>Jodorowsky\u2019s Dune<\/em><\/strong> di Frank Pavich, che documenta uno dei progetti pi\u00f9 visionari dell\u2019intera storia del cinema: la trasposizione mai realizzata sul grande schermo dei romanzi della saga di \u201cDune\u201d da parte di Alejandro Jodorowsky. Un\u2019idea rivoluzionaria raccontata attraverso interviste e un\u2019intima conversazione con il celebre regista filmata nel corso di 3 anni.<\/p>\n<p>Il professor <strong>Matteo Landoni<\/strong>, del Dipartimento di Economia e Management dell\u2019<strong>Universit\u00e0 degli Studi di Brescia<\/strong>, ha messo in luce il contributo dell\u2019industria aerospaziale italiana alle pi\u00f9 importanti missioni spaziali internazionali, ripercorrendo la storia economica e lo sviluppo tecnologico del nostro paese, oggi terzo contribuente dell\u2019Agenzia Spaziale Europea (ESA).<br \/>\nProtagonista del film <strong><em>Tito e gli alieni<\/em><\/strong> di Paola Randi \u00e8 infatti un professore e scienziato italiano, isolato dal mondo in una casa mobile nel deserto del Nevada, accanto all\u2019Area 51. Coinvolto in un progetto segreto per il Governo degli Stati Uniti, \u201cil Professore\u201d vede la propria vita solitaria stravolta da un evento improvviso. Un delicato racconto sulla solitudine, la forza dell\u2019amore e l\u2019elaborazione del lutto.<\/p>\n<p>Con la quinta lezione del corso, condotta da <strong>Miriam Focaccia<\/strong>, ricercatrice presso il <strong>Centro Studi e Ricerche Enrico Fermi di Roma<\/strong>, si \u00e8 analizzato il ruolo della figura femminile nell\u2019ambito astronomico, tracciando le biografie di alcune delle pi\u00f9 grandi scienziate della storia: dalle sorelle Manfredi, attive a Bologna nel Settecento, fino a Margherita Hack e Samantha Cristoforetti.<br \/>\nLa prima astronauta italiana a volare nello Spazio \u00e8 anche la protagonista del documentario <strong><em>Astrosamantha, <\/em><\/strong>di Gianluca Cerasola, che ha accompagnato i corsisti lungo tre anni della vita della Cristoforetti: dalle fasi di preparazione della missione all\u2019avventura in orbita vissuta con il suo team, fino all\u2019emozionante rientro a casa.<\/p>\n<p>L\u2019ultimo appuntamento del corso \u00e8 stato dedicato al laboratorio <strong><em>Universi immaginati: scienza e realt\u00e0 nel mirino del cinema<\/em><\/strong>, curato dal <strong>Cinema Beltrade<\/strong> con l\u2019obiettivo di supportare gli insegnanti nell\u2019utilizzo del testo filmico in classe. <strong>Monica Naldi<\/strong> ha tracciato un articolato excursus del genere fantascientifico, capace da oltre un secolo di dar forma alle paure e alle speranze sociali e politiche di tutte le generazioni, esaminandone in particolare le potenzialit\u00e0 didattiche.<\/p>\n","protected":false},"excerpt":{"rendered":"<p>Giunge al termine la XII edizione di \u201cCinema &amp; Storia\u201d, il corso di formazione gratuito per docenti\u00a0delle scuole secondarie, promosso da\u00a0Fondazione Pirelli e Fondazione ISEC in collaborazione con il\u00a0Cinema Beltrade\u00a0di Milano. \u201cIl cosmo: la prossima frontiera\u201d \u00e8 stata la proposta che, articolata in sei appuntamenti online, ha coinvolto circa 200 docenti da tutta Italia sul [&hellip;]<\/p>\n","protected":false},"author":9,"featured_media":99930,"comment_status":"open","ping_status":"open","sticky":false,"template":"","format":"standard","meta":{"footnotes":""},"categories":[59,121],"tags":[217],"class_list":["post-99924","post","type-post","status-publish","format-standard","has-post-thumbnail","hentry","category-education","category-per-gli-insegnanti","tag-cinema-e-storia"],"acf":[],"yoast_head":"<!-- This site is optimized with the Yoast SEO plugin v25.0 - https:\/\/yoast.com\/wordpress\/plugins\/seo\/ -->\n<title>Un viaggio nello Spazio e ritorno. Si \u00e8 conclusa l\u2019edizione 2024 di \u201cCinema &amp; Storia\u201d - Fondazione Pirelli<\/title>\n<meta name=\"robots\" content=\"index, follow, max-snippet:-1, max-image-preview:large, max-video-preview:-1\" \/>\n<link rel=\"canonical\" href=\"https:\/\/www.fondazionepirelli.org\/it\/education\/un-viaggio-nello-spazio-e-ritorno-si-e-conclusa-ledizione-2024-di-cinema-storia\/\" \/>\n<meta property=\"og:locale\" content=\"it_IT\" \/>\n<meta property=\"og:type\" content=\"article\" \/>\n<meta property=\"og:title\" content=\"Un viaggio nello Spazio e ritorno. Si \u00e8 conclusa l\u2019edizione 2024 di \u201cCinema &amp; Storia\u201d - Fondazione Pirelli\" \/>\n<meta property=\"og:description\" content=\"Giunge al termine la XII edizione di \u201cCinema &amp; Storia\u201d, il corso di formazione gratuito per docenti\u00a0delle scuole secondarie, promosso da\u00a0Fondazione Pirelli e Fondazione ISEC in collaborazione con il\u00a0Cinema Beltrade\u00a0di Milano. \u201cIl cosmo: la prossima frontiera\u201d \u00e8 stata la proposta che, articolata in sei appuntamenti online, ha coinvolto circa 200 docenti da tutta Italia sul [&hellip;]\" \/>\n<meta property=\"og:url\" content=\"https:\/\/www.fondazionepirelli.org\/it\/education\/un-viaggio-nello-spazio-e-ritorno-si-e-conclusa-ledizione-2024-di-cinema-storia\/\" \/>\n<meta property=\"og:site_name\" content=\"Fondazione Pirelli\" \/>\n<meta property=\"article:published_time\" content=\"2024-03-27T08:14:55+00:00\" \/>\n<meta property=\"article:modified_time\" content=\"2024-03-27T08:43:03+00:00\" \/>\n<meta property=\"og:image\" content=\"https:\/\/wpsite-assets.fondazionepirelli.org\/wp-content\/uploads\/2024\/03\/27091658\/Proposta-3-collage-1-scaled-e1711528650327.jpg\" \/>\n\t<meta property=\"og:image:width\" content=\"1698\" \/>\n\t<meta property=\"og:image:height\" content=\"2355\" \/>\n\t<meta property=\"og:image:type\" content=\"image\/jpeg\" \/>\n<meta name=\"author\" content=\"fondazionepirelli\" \/>\n<meta name=\"twitter:card\" content=\"summary_large_image\" \/>\n<meta name=\"twitter:label1\" content=\"Scritto da\" \/>\n\t<meta name=\"twitter:data1\" content=\"fondazionepirelli\" \/>\n\t<meta name=\"twitter:label2\" content=\"Tempo di lettura stimato\" \/>\n\t<meta name=\"twitter:data2\" content=\"4 minuti\" \/>\n<script type=\"application\/ld+json\" class=\"yoast-schema-graph\">{\"@context\":\"https:\/\/schema.org\",\"@graph\":[{\"@type\":\"WebPage\",\"@id\":\"https:\/\/www.fondazionepirelli.org\/it\/education\/un-viaggio-nello-spazio-e-ritorno-si-e-conclusa-ledizione-2024-di-cinema-storia\/\",\"url\":\"https:\/\/www.fondazionepirelli.org\/it\/education\/un-viaggio-nello-spazio-e-ritorno-si-e-conclusa-ledizione-2024-di-cinema-storia\/\",\"name\":\"Un viaggio nello Spazio e ritorno. Si \u00e8 conclusa l\u2019edizione 2024 di \u201cCinema & Storia\u201d - Fondazione Pirelli\",\"isPartOf\":{\"@id\":\"https:\/\/www.fondazionepirelli.org\/it\/#website\"},\"primaryImageOfPage\":{\"@id\":\"https:\/\/www.fondazionepirelli.org\/it\/education\/un-viaggio-nello-spazio-e-ritorno-si-e-conclusa-ledizione-2024-di-cinema-storia\/#primaryimage\"},\"image\":{\"@id\":\"https:\/\/www.fondazionepirelli.org\/it\/education\/un-viaggio-nello-spazio-e-ritorno-si-e-conclusa-ledizione-2024-di-cinema-storia\/#primaryimage\"},\"thumbnailUrl\":\"https:\/\/wpsite-assets.fondazionepirelli.org\/wp-content\/uploads\/2024\/03\/27091658\/Proposta-3-collage-1-scaled-e1711528650327.jpg\",\"datePublished\":\"2024-03-27T08:14:55+00:00\",\"dateModified\":\"2024-03-27T08:43:03+00:00\",\"author\":{\"@id\":\"https:\/\/www.fondazionepirelli.org\/it\/#\/schema\/person\/c31fcf5937a0e6afa45497f3f8b6d7a0\"},\"breadcrumb\":{\"@id\":\"https:\/\/www.fondazionepirelli.org\/it\/education\/un-viaggio-nello-spazio-e-ritorno-si-e-conclusa-ledizione-2024-di-cinema-storia\/#breadcrumb\"},\"inLanguage\":\"it-IT\",\"potentialAction\":[{\"@type\":\"ReadAction\",\"target\":[\"https:\/\/www.fondazionepirelli.org\/it\/education\/un-viaggio-nello-spazio-e-ritorno-si-e-conclusa-ledizione-2024-di-cinema-storia\/\"]}]},{\"@type\":\"ImageObject\",\"inLanguage\":\"it-IT\",\"@id\":\"https:\/\/www.fondazionepirelli.org\/it\/education\/un-viaggio-nello-spazio-e-ritorno-si-e-conclusa-ledizione-2024-di-cinema-storia\/#primaryimage\",\"url\":\"https:\/\/wpsite-assets.fondazionepirelli.org\/wp-content\/uploads\/2024\/03\/27091658\/Proposta-3-collage-1-scaled-e1711528650327.jpg\",\"contentUrl\":\"https:\/\/wpsite-assets.fondazionepirelli.org\/wp-content\/uploads\/2024\/03\/27091658\/Proposta-3-collage-1-scaled-e1711528650327.jpg\",\"width\":1698,\"height\":2355},{\"@type\":\"BreadcrumbList\",\"@id\":\"https:\/\/www.fondazionepirelli.org\/it\/education\/un-viaggio-nello-spazio-e-ritorno-si-e-conclusa-ledizione-2024-di-cinema-storia\/#breadcrumb\",\"itemListElement\":[{\"@type\":\"ListItem\",\"position\":1,\"name\":\"Home\",\"item\":\"https:\/\/www.fondazionepirelli.org\/it\/\"},{\"@type\":\"ListItem\",\"position\":2,\"name\":\"Un viaggio nello Spazio e ritorno. Si \u00e8 conclusa l\u2019edizione 2024 di \u201cCinema &#038; Storia\u201d\"}]},{\"@type\":\"WebSite\",\"@id\":\"https:\/\/www.fondazionepirelli.org\/it\/#website\",\"url\":\"https:\/\/www.fondazionepirelli.org\/it\/\",\"name\":\"Fondazione Pirelli\",\"description\":\"\",\"potentialAction\":[{\"@type\":\"SearchAction\",\"target\":{\"@type\":\"EntryPoint\",\"urlTemplate\":\"https:\/\/www.fondazionepirelli.org\/it\/?s={search_term_string}\"},\"query-input\":{\"@type\":\"PropertyValueSpecification\",\"valueRequired\":true,\"valueName\":\"search_term_string\"}}],\"inLanguage\":\"it-IT\"},{\"@type\":\"Person\",\"@id\":\"https:\/\/www.fondazionepirelli.org\/it\/#\/schema\/person\/c31fcf5937a0e6afa45497f3f8b6d7a0\",\"name\":\"fondazionepirelli\",\"image\":{\"@type\":\"ImageObject\",\"inLanguage\":\"it-IT\",\"@id\":\"https:\/\/www.fondazionepirelli.org\/it\/#\/schema\/person\/image\/\",\"url\":\"https:\/\/secure.gravatar.com\/avatar\/9cb486421ce1d6eddbf6c4fb66841b4325b786695f7aedf1dde2222428218696?s=96&d=mm&r=g\",\"contentUrl\":\"https:\/\/secure.gravatar.com\/avatar\/9cb486421ce1d6eddbf6c4fb66841b4325b786695f7aedf1dde2222428218696?s=96&d=mm&r=g\",\"caption\":\"fondazionepirelli\"},\"url\":\"https:\/\/www.fondazionepirelli.org\/it\/author\/fondazionepirelli\/\"}]}<\/script>\n<!-- \/ Yoast SEO plugin. -->","yoast_head_json":{"title":"Un viaggio nello Spazio e ritorno. Si \u00e8 conclusa l\u2019edizione 2024 di \u201cCinema & Storia\u201d - Fondazione Pirelli","robots":{"index":"index","follow":"follow","max-snippet":"max-snippet:-1","max-image-preview":"max-image-preview:large","max-video-preview":"max-video-preview:-1"},"canonical":"https:\/\/www.fondazionepirelli.org\/it\/education\/un-viaggio-nello-spazio-e-ritorno-si-e-conclusa-ledizione-2024-di-cinema-storia\/","og_locale":"it_IT","og_type":"article","og_title":"Un viaggio nello Spazio e ritorno. Si \u00e8 conclusa l\u2019edizione 2024 di \u201cCinema & Storia\u201d - Fondazione Pirelli","og_description":"Giunge al termine la XII edizione di \u201cCinema &amp; Storia\u201d, il corso di formazione gratuito per docenti\u00a0delle scuole secondarie, promosso da\u00a0Fondazione Pirelli e Fondazione ISEC in collaborazione con il\u00a0Cinema Beltrade\u00a0di Milano. \u201cIl cosmo: la prossima frontiera\u201d \u00e8 stata la proposta che, articolata in sei appuntamenti online, ha coinvolto circa 200 docenti da tutta Italia sul [&hellip;]","og_url":"https:\/\/www.fondazionepirelli.org\/it\/education\/un-viaggio-nello-spazio-e-ritorno-si-e-conclusa-ledizione-2024-di-cinema-storia\/","og_site_name":"Fondazione Pirelli","article_published_time":"2024-03-27T08:14:55+00:00","article_modified_time":"2024-03-27T08:43:03+00:00","og_image":[{"width":1698,"height":2355,"url":"https:\/\/wpsite-assets.fondazionepirelli.org\/wp-content\/uploads\/2024\/03\/27091658\/Proposta-3-collage-1-scaled-e1711528650327.jpg","type":"image\/jpeg"}],"author":"fondazionepirelli","twitter_card":"summary_large_image","twitter_misc":{"Scritto da":"fondazionepirelli","Tempo di lettura stimato":"4 minuti"},"schema":{"@context":"https:\/\/schema.org","@graph":[{"@type":"WebPage","@id":"https:\/\/www.fondazionepirelli.org\/it\/education\/un-viaggio-nello-spazio-e-ritorno-si-e-conclusa-ledizione-2024-di-cinema-storia\/","url":"https:\/\/www.fondazionepirelli.org\/it\/education\/un-viaggio-nello-spazio-e-ritorno-si-e-conclusa-ledizione-2024-di-cinema-storia\/","name":"Un viaggio nello Spazio e ritorno. Si \u00e8 conclusa l\u2019edizione 2024 di \u201cCinema & Storia\u201d - Fondazione Pirelli","isPartOf":{"@id":"https:\/\/www.fondazionepirelli.org\/it\/#website"},"primaryImageOfPage":{"@id":"https:\/\/www.fondazionepirelli.org\/it\/education\/un-viaggio-nello-spazio-e-ritorno-si-e-conclusa-ledizione-2024-di-cinema-storia\/#primaryimage"},"image":{"@id":"https:\/\/www.fondazionepirelli.org\/it\/education\/un-viaggio-nello-spazio-e-ritorno-si-e-conclusa-ledizione-2024-di-cinema-storia\/#primaryimage"},"thumbnailUrl":"https:\/\/wpsite-assets.fondazionepirelli.org\/wp-content\/uploads\/2024\/03\/27091658\/Proposta-3-collage-1-scaled-e1711528650327.jpg","datePublished":"2024-03-27T08:14:55+00:00","dateModified":"2024-03-27T08:43:03+00:00","author":{"@id":"https:\/\/www.fondazionepirelli.org\/it\/#\/schema\/person\/c31fcf5937a0e6afa45497f3f8b6d7a0"},"breadcrumb":{"@id":"https:\/\/www.fondazionepirelli.org\/it\/education\/un-viaggio-nello-spazio-e-ritorno-si-e-conclusa-ledizione-2024-di-cinema-storia\/#breadcrumb"},"inLanguage":"it-IT","potentialAction":[{"@type":"ReadAction","target":["https:\/\/www.fondazionepirelli.org\/it\/education\/un-viaggio-nello-spazio-e-ritorno-si-e-conclusa-ledizione-2024-di-cinema-storia\/"]}]},{"@type":"ImageObject","inLanguage":"it-IT","@id":"https:\/\/www.fondazionepirelli.org\/it\/education\/un-viaggio-nello-spazio-e-ritorno-si-e-conclusa-ledizione-2024-di-cinema-storia\/#primaryimage","url":"https:\/\/wpsite-assets.fondazionepirelli.org\/wp-content\/uploads\/2024\/03\/27091658\/Proposta-3-collage-1-scaled-e1711528650327.jpg","contentUrl":"https:\/\/wpsite-assets.fondazionepirelli.org\/wp-content\/uploads\/2024\/03\/27091658\/Proposta-3-collage-1-scaled-e1711528650327.jpg","width":1698,"height":2355},{"@type":"BreadcrumbList","@id":"https:\/\/www.fondazionepirelli.org\/it\/education\/un-viaggio-nello-spazio-e-ritorno-si-e-conclusa-ledizione-2024-di-cinema-storia\/#breadcrumb","itemListElement":[{"@type":"ListItem","position":1,"name":"Home","item":"https:\/\/www.fondazionepirelli.org\/it\/"},{"@type":"ListItem","position":2,"name":"Un viaggio nello Spazio e ritorno. Si \u00e8 conclusa l\u2019edizione 2024 di \u201cCinema &#038; Storia\u201d"}]},{"@type":"WebSite","@id":"https:\/\/www.fondazionepirelli.org\/it\/#website","url":"https:\/\/www.fondazionepirelli.org\/it\/","name":"Fondazione Pirelli","description":"","potentialAction":[{"@type":"SearchAction","target":{"@type":"EntryPoint","urlTemplate":"https:\/\/www.fondazionepirelli.org\/it\/?s={search_term_string}"},"query-input":{"@type":"PropertyValueSpecification","valueRequired":true,"valueName":"search_term_string"}}],"inLanguage":"it-IT"},{"@type":"Person","@id":"https:\/\/www.fondazionepirelli.org\/it\/#\/schema\/person\/c31fcf5937a0e6afa45497f3f8b6d7a0","name":"fondazionepirelli","image":{"@type":"ImageObject","inLanguage":"it-IT","@id":"https:\/\/www.fondazionepirelli.org\/it\/#\/schema\/person\/image\/","url":"https:\/\/secure.gravatar.com\/avatar\/9cb486421ce1d6eddbf6c4fb66841b4325b786695f7aedf1dde2222428218696?s=96&d=mm&r=g","contentUrl":"https:\/\/secure.gravatar.com\/avatar\/9cb486421ce1d6eddbf6c4fb66841b4325b786695f7aedf1dde2222428218696?s=96&d=mm&r=g","caption":"fondazionepirelli"},"url":"https:\/\/www.fondazionepirelli.org\/it\/author\/fondazionepirelli\/"}]}},"_links":{"self":[{"href":"https:\/\/www.fondazionepirelli.org\/it\/wp-json\/wp\/v2\/posts\/99924\/"}],"collection":[{"href":"https:\/\/www.fondazionepirelli.org\/it\/wp-json\/wp\/v2\/posts\/"}],"about":[{"href":"https:\/\/www.fondazionepirelli.org\/it\/wp-json\/wp\/v2\/types\/post\/"}],"author":[{"embeddable":true,"href":"https:\/\/www.fondazionepirelli.org\/it\/wp-json\/wp\/v2\/users\/9\/"}],"replies":[{"embeddable":true,"href":"https:\/\/www.fondazionepirelli.org\/it\/wp-json\/wp\/v2\/comments\/?post=99924"}],"version-history":[{"count":5,"href":"https:\/\/www.fondazionepirelli.org\/it\/wp-json\/wp\/v2\/posts\/99924\/revisions\/"}],"predecessor-version":[{"id":99935,"href":"https:\/\/www.fondazionepirelli.org\/it\/wp-json\/wp\/v2\/posts\/99924\/revisions\/99935\/"}],"wp:featuredmedia":[{"embeddable":true,"href":"https:\/\/www.fondazionepirelli.org\/it\/wp-json\/wp\/v2\/media\/99930\/"}],"wp:attachment":[{"href":"https:\/\/www.fondazionepirelli.org\/it\/wp-json\/wp\/v2\/media\/?parent=99924"}],"wp:term":[{"taxonomy":"category","embeddable":true,"href":"https:\/\/www.fondazionepirelli.org\/it\/wp-json\/wp\/v2\/categories\/?post=99924"},{"taxonomy":"post_tag","embeddable":true,"href":"https:\/\/www.fondazionepirelli.org\/it\/wp-json\/wp\/v2\/tags\/?post=99924"}],"curies":[{"name":"wp","href":"https:\/\/api.w.org\/{rel}","templated":true}]}}